{"id":30248,"date":"2024-02-16T15:22:51","date_gmt":"2024-02-16T15:22:51","guid":{"rendered":"https:\/\/kibrisdakik.com\/index.php\/2024\/02\/16\/tore-baf-turk-birligi-yonetim-kurulunu-kabul-etti\/"},"modified":"2024-02-16T15:22:51","modified_gmt":"2024-02-16T15:22:51","slug":"tore-baf-turk-birligi-yonetim-kurulunu-kabul-etti","status":"publish","type":"post","link":"https:\/\/kibrisdakik.com\/?p=30248","title":{"rendered":"T\u00f6re, Baf T\u00fcrk Birli\u011fi Y\u00f6netim Kurulu\u2019nu kabul etti"},"content":{"rendered":"<p><img decoding=\"async\" src=\"https:\/\/www.kibristurk.com\/images\/haberler\/2024\/02\/tore-baf-turk-birligi-yonetim-kurulunu-kabul-etti-1708096283.webp\" \/><\/p>\n<p style=\"text-align:left\"><span style=\"font-size:16px\"><span style=\"background-color:#ffffff\"><span style=\"font-family:Merriweather,serif !important\"><span style=\"color:#000000\">-T\u00f6re<\/span><\/span><\/span><\/span><\/p>\n<p style=\"text-align:left\"><span style=\"font-size:16px\"><span style=\"background-color:#ffffff\"><span style=\"font-family:Merriweather,serif !important\"><span style=\"color:#000000\">Cumhuriyet Meclisi Ba\u015fkan\u0131 Zorlu T\u00f6re de konu\u015fmas\u0131nda Baf\u2019ta g\u00f6sterilen direni\u015fin K\u0131br\u0131s T\u00fcrk tarihinde \u00f6nemli bir yer tuttu\u011funa de\u011finerek g\u00f6sterilen kahramanl\u0131\u011f\u0131n hi\u00e7bir zaman unutulmamas\u0131 gerekti\u011fini s\u00f6yledi.<\/span><\/span><\/span><\/span><\/p>\n<p style=\"text-align:left\"><span style=\"font-size:16px\"><span style=\"background-color:#ffffff\"><span style=\"font-family:Merriweather,serif !important\"><span style=\"color:#000000\">Tarihin unutulmas\u0131 durumunda gelece\u011fe g\u00fcvenle bak\u0131lamayaca\u011f\u0131na vurgu yapan T\u00f6re, tarihi iyi anlayarak vatan kurulabilece\u011fini kaydetti.<\/span><\/span><\/span><\/span><\/p>\n<p style=\"text-align:left\"><span style=\"font-size:16px\"><span style=\"background-color:#ffffff\"><span style=\"font-family:Merriweather,serif !important\"><span style=\"color:#000000\">Baf\u2019a gazilik \u00fcnvan\u0131 da verildi\u011fini an\u0131msatan T\u00f6re, kendisinin konu\u015fmalar\u0131ndan bahsederken s\u00fcrekli olarak \u201cGazi Baf\u201d s\u00f6yleminde bulundu\u011funu, gazili\u011fin neden verildi\u011fini ve direni\u015fin her zaman yeni nesillere aktar\u0131lmas\u0131 gerekti\u011fini ifade etti.<\/span><\/span><\/span><\/span><\/p>\n<p style=\"text-align:left\"><span style=\"font-size:16px\"><span style=\"background-color:#ffffff\"><span style=\"font-family:Merriweather,serif !important\"><span style=\"color:#000000\">T\u00f6re, Meclis Ba\u015fkanl\u0131\u011f\u0131 d\u00f6neminde \u015fehitlere, gazilere ve m\u00fccadele tarihine sahip \u00e7\u0131kan bir duru\u015f sergileyece\u011fini vurgulad\u0131\u011f\u0131 konu\u015fmas\u0131nda bug\u00fcn g\u00fcven i\u00e7erisinde ya\u015fad\u0131klar\u0131n\u0131 ve bir devlet sahibi olduklar\u0131n\u0131 belirtti.<\/span><\/span><\/span><\/span><\/p>\n<p style=\"text-align:left\"><span style=\"font-size:16px\"><span style=\"background-color:#ffffff\"><span style=\"font-family:Merriweather,serif !important\"><span style=\"color:#000000\">\u015eehitler ve gazilerden devrald\u0131klar\u0131 KKTC\u2019yi asla terk etmeyeceklerini s\u00f6yleyen T\u00f6re, T\u00fcrkiye ve T\u00fcrk ordusundan vazge\u00e7meyerek T\u00fcrk Mukavemet Te\u015fkilat\u0131 ruhunu ya\u015fatmaya devam edeceklerini kaydetti.<\/span><\/span><\/span><\/span><\/p>\n","protected":false},"excerpt":{"rendered":"<p>-T\u00f6re Cumhuriyet Meclisi Ba\u015fkan\u0131 Zorlu T\u00f6re de konu\u015fmas\u0131nda Baf\u2019ta g\u00f6sterilen direni\u015fin K\u0131br\u0131s T\u00fcrk tarihinde \u00f6nemli bir yer tuttu\u011funa de\u011finerek g\u00f6sterilen kahramanl\u0131\u011f\u0131n hi\u00e7bir zaman unutulmamas\u0131 gerekti\u011fini s\u00f6yledi. Tarihin unutulmas\u0131 durumunda gelece\u011fe g\u00fcvenle bak\u0131lamayaca\u011f\u0131na vurgu yapan T\u00f6re, tarihi iyi anlayarak vatan kurulabilece\u011fini kaydetti. Baf\u2019a gazilik \u00fcnvan\u0131 da verildi\u011fini an\u0131msatan T\u00f6re, kendisinin konu\u015fmalar\u0131ndan bahsederken s\u00fcrekli olarak \u201cGazi Baf\u201d<\/p>\n","protected":false},"author":1,"featured_media":30249,"comment_status":"open","ping_status":"open","sticky":false,"template":"","format":"standard","meta":{"footnotes":""},"categories":[1],"tags":[],"class_list":["post-30248","post","type-post","status-publish","format-standard","has-post-thumbnail","hentry","category-gundem"],"yoast_head":"<!-- This site is optimized with the Yoast SEO plugin v27.5 - https:\/\/yoast.com\/product\/yoast-seo-wordpress\/ -->\n<title>T\u00f6re, Baf T\u00fcrk Birli\u011fi Y\u00f6netim Kurulu\u2019nu kabul etti -<\/title>\n<meta name=\"robots\" content=\"index, follow, max-snippet:-1, max-image-preview:large, max-video-preview:-1\" \/>\n<link rel=\"canonical\" href=\"https:\/\/kibrisdakik.com\/?p=30248\" \/>\n<meta property=\"og:locale\" content=\"tr_TR\" \/>\n<meta property=\"og:type\" content=\"article\" \/>\n<meta property=\"og:title\" content=\"T\u00f6re, Baf T\u00fcrk Birli\u011fi Y\u00f6netim Kurulu\u2019nu kabul etti -\" \/>\n<meta property=\"og:description\" content=\"-T\u00f6re Cumhuriyet Meclisi Ba\u015fkan\u0131 Zorlu T\u00f6re de konu\u015fmas\u0131nda Baf\u2019ta g\u00f6sterilen direni\u015fin K\u0131br\u0131s T\u00fcrk tarihinde \u00f6nemli bir yer tuttu\u011funa de\u011finerek g\u00f6sterilen kahramanl\u0131\u011f\u0131n hi\u00e7bir zaman unutulmamas\u0131 gerekti\u011fini s\u00f6yledi. Tarihin unutulmas\u0131 durumunda gelece\u011fe g\u00fcvenle bak\u0131lamayaca\u011f\u0131na vurgu yapan T\u00f6re, tarihi iyi anlayarak vatan kurulabilece\u011fini kaydetti. Baf\u2019a gazilik \u00fcnvan\u0131 da verildi\u011fini an\u0131msatan T\u00f6re, kendisinin konu\u015fmalar\u0131ndan bahsederken s\u00fcrekli olarak \u201cGazi Baf\u201d\" \/>\n<meta property=\"og:url\" content=\"https:\/\/kibrisdakik.com\/?p=30248\" \/>\n<meta property=\"article:published_time\" content=\"2024-02-16T15:22:51+00:00\" \/>\n<meta property=\"og:image\" content=\"https:\/\/kibrisdakik.com\/wp-content\/uploads\/2024\/02\/tore-baf-turk-birligi-yonetim-kurulunu-kabul-etti-1708096283.webp.webp\" \/>\n\t<meta property=\"og:image:width\" content=\"710\" \/>\n\t<meta property=\"og:image:height\" content=\"370\" \/>\n\t<meta property=\"og:image:type\" content=\"image\/webp\" \/>\n<meta name=\"author\" content=\"admin\" \/>\n<meta name=\"twitter:card\" content=\"summary_large_image\" \/>\n<meta name=\"twitter:label1\" content=\"Yazan:\" \/>\n\t<meta name=\"twitter:data1\" content=\"admin\" \/>\n\t<meta name=\"twitter:label2\" content=\"Tahmini okuma s\u00fcresi\" \/>\n\t<meta name=\"twitter:data2\" content=\"1 dakika\" \/>\n<script type=\"application\/ld+json\" class=\"yoast-schema-graph\">{\"@context\":\"https:\\\/\\\/schema.org\",\"@graph\":[{\"@type\":\"Article\",\"@id\":\"https:\\\/\\\/kibrisdakik.com\\\/?p=30248#article\",\"isPartOf\":{\"@id\":\"https:\\\/\\\/kibrisdakik.com\\\/?p=30248\"},\"author\":{\"name\":\"admin\",\"@id\":\"https:\\\/\\\/kibrisdakik.com\\\/#\\\/schema\\\/person\\\/9cd9d437bbb44f72b73ba127e06d8e79\"},\"headline\":\"T\u00f6re, Baf T\u00fcrk Birli\u011fi Y\u00f6netim Kurulu\u2019nu kabul etti\",\"datePublished\":\"2024-02-16T15:22:51+00:00\",\"mainEntityOfPage\":{\"@id\":\"https:\\\/\\\/kibrisdakik.com\\\/?p=30248\"},\"wordCount\":194,\"commentCount\":0,\"image\":{\"@id\":\"https:\\\/\\\/kibrisdakik.com\\\/?p=30248#primaryimage\"},\"thumbnailUrl\":\"https:\\\/\\\/kibrisdakik.com\\\/wp-content\\\/uploads\\\/2024\\\/02\\\/tore-baf-turk-birligi-yonetim-kurulunu-kabul-etti-1708096283.webp.webp\",\"articleSection\":[\"G\u00fcndem\"],\"inLanguage\":\"tr\",\"potentialAction\":[{\"@type\":\"CommentAction\",\"name\":\"Comment\",\"target\":[\"https:\\\/\\\/kibrisdakik.com\\\/?p=30248#respond\"]}]},{\"@type\":\"WebPage\",\"@id\":\"https:\\\/\\\/kibrisdakik.com\\\/?p=30248\",\"url\":\"https:\\\/\\\/kibrisdakik.com\\\/?p=30248\",\"name\":\"T\u00f6re, Baf T\u00fcrk Birli\u011fi Y\u00f6netim Kurulu\u2019nu kabul etti -\",\"isPartOf\":{\"@id\":\"https:\\\/\\\/kibrisdakik.com\\\/#website\"},\"primaryImageOfPage\":{\"@id\":\"https:\\\/\\\/kibrisdakik.com\\\/?p=30248#primaryimage\"},\"image\":{\"@id\":\"https:\\\/\\\/kibrisdakik.com\\\/?p=30248#primaryimage\"},\"thumbnailUrl\":\"https:\\\/\\\/kibrisdakik.com\\\/wp-content\\\/uploads\\\/2024\\\/02\\\/tore-baf-turk-birligi-yonetim-kurulunu-kabul-etti-1708096283.webp.webp\",\"datePublished\":\"2024-02-16T15:22:51+00:00\",\"author\":{\"@id\":\"https:\\\/\\\/kibrisdakik.com\\\/#\\\/schema\\\/person\\\/9cd9d437bbb44f72b73ba127e06d8e79\"},\"breadcrumb\":{\"@id\":\"https:\\\/\\\/kibrisdakik.com\\\/?p=30248#breadcrumb\"},\"inLanguage\":\"tr\",\"potentialAction\":[{\"@type\":\"ReadAction\",\"target\":[\"https:\\\/\\\/kibrisdakik.com\\\/?p=30248\"]}]},{\"@type\":\"ImageObject\",\"inLanguage\":\"tr\",\"@id\":\"https:\\\/\\\/kibrisdakik.com\\\/?p=30248#primaryimage\",\"url\":\"https:\\\/\\\/kibrisdakik.com\\\/wp-content\\\/uploads\\\/2024\\\/02\\\/tore-baf-turk-birligi-yonetim-kurulunu-kabul-etti-1708096283.webp.webp\",\"contentUrl\":\"https:\\\/\\\/kibrisdakik.com\\\/wp-content\\\/uploads\\\/2024\\\/02\\\/tore-baf-turk-birligi-yonetim-kurulunu-kabul-etti-1708096283.webp.webp\",\"width\":710,\"height\":370},{\"@type\":\"BreadcrumbList\",\"@id\":\"https:\\\/\\\/kibrisdakik.com\\\/?p=30248#breadcrumb\",\"itemListElement\":[{\"@type\":\"ListItem\",\"position\":1,\"name\":\"Home\",\"item\":\"https:\\\/\\\/kibrisdakik.com\\\/\"},{\"@type\":\"ListItem\",\"position\":2,\"name\":\"T\u00f6re, Baf T\u00fcrk Birli\u011fi Y\u00f6netim Kurulu\u2019nu kabul etti\"}]},{\"@type\":\"WebSite\",\"@id\":\"https:\\\/\\\/kibrisdakik.com\\\/#website\",\"url\":\"https:\\\/\\\/kibrisdakik.com\\\/\",\"name\":\"\",\"description\":\"Tam vaktinde haber\",\"potentialAction\":[{\"@type\":\"SearchAction\",\"target\":{\"@type\":\"EntryPoint\",\"urlTemplate\":\"https:\\\/\\\/kibrisdakik.com\\\/?s={search_term_string}\"},\"query-input\":{\"@type\":\"PropertyValueSpecification\",\"valueRequired\":true,\"valueName\":\"search_term_string\"}}],\"inLanguage\":\"tr\"},{\"@type\":\"Person\",\"@id\":\"https:\\\/\\\/kibrisdakik.com\\\/#\\\/schema\\\/person\\\/9cd9d437bbb44f72b73ba127e06d8e79\",\"name\":\"admin\",\"image\":{\"@type\":\"ImageObject\",\"inLanguage\":\"tr\",\"@id\":\"https:\\\/\\\/secure.gravatar.com\\\/avatar\\\/ccc17943b9d660506c869530f897617f7cb1c21a4bf30023f252596d83e1f007?s=96&d=mm&r=g\",\"url\":\"https:\\\/\\\/secure.gravatar.com\\\/avatar\\\/ccc17943b9d660506c869530f897617f7cb1c21a4bf30023f252596d83e1f007?s=96&d=mm&r=g\",\"contentUrl\":\"https:\\\/\\\/secure.gravatar.com\\\/avatar\\\/ccc17943b9d660506c869530f897617f7cb1c21a4bf30023f252596d83e1f007?s=96&d=mm&r=g\",\"caption\":\"admin\"},\"sameAs\":[\"https:\\\/\\\/kibrisdakik.com\"],\"url\":\"https:\\\/\\\/kibrisdakik.com\\\/?author=1\"}]}<\/script>\n<!-- \/ Yoast SEO plugin. -->","yoast_head_json":{"title":"T\u00f6re, Baf T\u00fcrk Birli\u011fi Y\u00f6netim Kurulu\u2019nu kabul etti -","robots":{"index":"index","follow":"follow","max-snippet":"max-snippet:-1","max-image-preview":"max-image-preview:large","max-video-preview":"max-video-preview:-1"},"canonical":"https:\/\/kibrisdakik.com\/?p=30248","og_locale":"tr_TR","og_type":"article","og_title":"T\u00f6re, Baf T\u00fcrk Birli\u011fi Y\u00f6netim Kurulu\u2019nu kabul etti -","og_description":"-T\u00f6re Cumhuriyet Meclisi Ba\u015fkan\u0131 Zorlu T\u00f6re de konu\u015fmas\u0131nda Baf\u2019ta g\u00f6sterilen direni\u015fin K\u0131br\u0131s T\u00fcrk tarihinde \u00f6nemli bir yer tuttu\u011funa de\u011finerek g\u00f6sterilen kahramanl\u0131\u011f\u0131n hi\u00e7bir zaman unutulmamas\u0131 gerekti\u011fini s\u00f6yledi. Tarihin unutulmas\u0131 durumunda gelece\u011fe g\u00fcvenle bak\u0131lamayaca\u011f\u0131na vurgu yapan T\u00f6re, tarihi iyi anlayarak vatan kurulabilece\u011fini kaydetti. Baf\u2019a gazilik \u00fcnvan\u0131 da verildi\u011fini an\u0131msatan T\u00f6re, kendisinin konu\u015fmalar\u0131ndan bahsederken s\u00fcrekli olarak \u201cGazi Baf\u201d","og_url":"https:\/\/kibrisdakik.com\/?p=30248","article_published_time":"2024-02-16T15:22:51+00:00","og_image":[{"width":710,"height":370,"url":"https:\/\/kibrisdakik.com\/wp-content\/uploads\/2024\/02\/tore-baf-turk-birligi-yonetim-kurulunu-kabul-etti-1708096283.webp.webp","type":"image\/webp"}],"author":"admin","twitter_card":"summary_large_image","twitter_misc":{"Yazan:":"admin","Tahmini okuma s\u00fcresi":"1 dakika"},"schema":{"@context":"https:\/\/schema.org","@graph":[{"@type":"Article","@id":"https:\/\/kibrisdakik.com\/?p=30248#article","isPartOf":{"@id":"https:\/\/kibrisdakik.com\/?p=30248"},"author":{"name":"admin","@id":"https:\/\/kibrisdakik.com\/#\/schema\/person\/9cd9d437bbb44f72b73ba127e06d8e79"},"headline":"T\u00f6re, Baf T\u00fcrk Birli\u011fi Y\u00f6netim Kurulu\u2019nu kabul etti","datePublished":"2024-02-16T15:22:51+00:00","mainEntityOfPage":{"@id":"https:\/\/kibrisdakik.com\/?p=30248"},"wordCount":194,"commentCount":0,"image":{"@id":"https:\/\/kibrisdakik.com\/?p=30248#primaryimage"},"thumbnailUrl":"https:\/\/kibrisdakik.com\/wp-content\/uploads\/2024\/02\/tore-baf-turk-birligi-yonetim-kurulunu-kabul-etti-1708096283.webp.webp","articleSection":["G\u00fcndem"],"inLanguage":"tr","potentialAction":[{"@type":"CommentAction","name":"Comment","target":["https:\/\/kibrisdakik.com\/?p=30248#respond"]}]},{"@type":"WebPage","@id":"https:\/\/kibrisdakik.com\/?p=30248","url":"https:\/\/kibrisdakik.com\/?p=30248","name":"T\u00f6re, Baf T\u00fcrk Birli\u011fi Y\u00f6netim Kurulu\u2019nu kabul etti -","isPartOf":{"@id":"https:\/\/kibrisdakik.com\/#website"},"primaryImageOfPage":{"@id":"https:\/\/kibrisdakik.com\/?p=30248#primaryimage"},"image":{"@id":"https:\/\/kibrisdakik.com\/?p=30248#primaryimage"},"thumbnailUrl":"https:\/\/kibrisdakik.com\/wp-content\/uploads\/2024\/02\/tore-baf-turk-birligi-yonetim-kurulunu-kabul-etti-1708096283.webp.webp","datePublished":"2024-02-16T15:22:51+00:00","author":{"@id":"https:\/\/kibrisdakik.com\/#\/schema\/person\/9cd9d437bbb44f72b73ba127e06d8e79"},"breadcrumb":{"@id":"https:\/\/kibrisdakik.com\/?p=30248#breadcrumb"},"inLanguage":"tr","potentialAction":[{"@type":"ReadAction","target":["https:\/\/kibrisdakik.com\/?p=30248"]}]},{"@type":"ImageObject","inLanguage":"tr","@id":"https:\/\/kibrisdakik.com\/?p=30248#primaryimage","url":"https:\/\/kibrisdakik.com\/wp-content\/uploads\/2024\/02\/tore-baf-turk-birligi-yonetim-kurulunu-kabul-etti-1708096283.webp.webp","contentUrl":"https:\/\/kibrisdakik.com\/wp-content\/uploads\/2024\/02\/tore-baf-turk-birligi-yonetim-kurulunu-kabul-etti-1708096283.webp.webp","width":710,"height":370},{"@type":"BreadcrumbList","@id":"https:\/\/kibrisdakik.com\/?p=30248#breadcrumb","itemListElement":[{"@type":"ListItem","position":1,"name":"Home","item":"https:\/\/kibrisdakik.com\/"},{"@type":"ListItem","position":2,"name":"T\u00f6re, Baf T\u00fcrk Birli\u011fi Y\u00f6netim Kurulu\u2019nu kabul etti"}]},{"@type":"WebSite","@id":"https:\/\/kibrisdakik.com\/#website","url":"https:\/\/kibrisdakik.com\/","name":"","description":"Tam vaktinde haber","potentialAction":[{"@type":"SearchAction","target":{"@type":"EntryPoint","urlTemplate":"https:\/\/kibrisdakik.com\/?s={search_term_string}"},"query-input":{"@type":"PropertyValueSpecification","valueRequired":true,"valueName":"search_term_string"}}],"inLanguage":"tr"},{"@type":"Person","@id":"https:\/\/kibrisdakik.com\/#\/schema\/person\/9cd9d437bbb44f72b73ba127e06d8e79","name":"admin","image":{"@type":"ImageObject","inLanguage":"tr","@id":"https:\/\/secure.gravatar.com\/avatar\/ccc17943b9d660506c869530f897617f7cb1c21a4bf30023f252596d83e1f007?s=96&d=mm&r=g","url":"https:\/\/secure.gravatar.com\/avatar\/ccc17943b9d660506c869530f897617f7cb1c21a4bf30023f252596d83e1f007?s=96&d=mm&r=g","contentUrl":"https:\/\/secure.gravatar.com\/avatar\/ccc17943b9d660506c869530f897617f7cb1c21a4bf30023f252596d83e1f007?s=96&d=mm&r=g","caption":"admin"},"sameAs":["https:\/\/kibrisdakik.com"],"url":"https:\/\/kibrisdakik.com\/?author=1"}]}},"_links":{"self":[{"href":"https:\/\/kibrisdakik.com\/index.php?rest_route=\/wp\/v2\/posts\/30248","targetHints":{"allow":["GET"]}}],"collection":[{"href":"https:\/\/kibrisdakik.com\/index.php?rest_route=\/wp\/v2\/posts"}],"about":[{"href":"https:\/\/kibrisdakik.com\/index.php?rest_route=\/wp\/v2\/types\/post"}],"author":[{"embeddable":true,"href":"https:\/\/kibrisdakik.com\/index.php?rest_route=\/wp\/v2\/users\/1"}],"replies":[{"embeddable":true,"href":"https:\/\/kibrisdakik.com\/index.php?rest_route=%2Fwp%2Fv2%2Fcomments&post=30248"}],"version-history":[{"count":0,"href":"https:\/\/kibrisdakik.com\/index.php?rest_route=\/wp\/v2\/posts\/30248\/revisions"}],"wp:featuredmedia":[{"embeddable":true,"href":"https:\/\/kibrisdakik.com\/index.php?rest_route=\/wp\/v2\/media\/30249"}],"wp:attachment":[{"href":"https:\/\/kibrisdakik.com\/index.php?rest_route=%2Fwp%2Fv2%2Fmedia&parent=30248"}],"wp:term":[{"taxonomy":"category","embeddable":true,"href":"https:\/\/kibrisdakik.com\/index.php?rest_route=%2Fwp%2Fv2%2Fcategories&post=30248"},{"taxonomy":"post_tag","embeddable":true,"href":"https:\/\/kibrisdakik.com\/index.php?rest_route=%2Fwp%2Fv2%2Ftags&post=30248"}],"curies":[{"name":"wp","href":"https:\/\/api.w.org\/{rel}","templated":true}]}}