{"id":30272,"date":"2024-02-16T17:19:42","date_gmt":"2024-02-16T17:19:42","guid":{"rendered":"https:\/\/kibrisdakik.com\/index.php\/2024\/02\/16\/emekliler-dernegi-uyelerine-yonelik-etkinlikler-duzenledi\/"},"modified":"2024-02-16T17:19:42","modified_gmt":"2024-02-16T17:19:42","slug":"emekliler-dernegi-uyelerine-yonelik-etkinlikler-duzenledi","status":"publish","type":"post","link":"https:\/\/kibrisdakik.com\/?p=30272","title":{"rendered":"Emekliler Derne\u011fi \u00fcyelerine y\u00f6nelik etkinlikler d\u00fczenledi"},"content":{"rendered":"<p><img decoding=\"async\" src=\"https:\/\/www.kibristurk.com\/images\/haberler\/2024\/02\/emekliler-dernegi-uyelerine-yonelik-etkinlikler-duzenledi-1708094457.webp\" \/><\/p>\n<p style=\"text-align:left\"><span style=\"font-size:16px\"><span style=\"font-family:Merriweather,serif !important\"><span style=\"color:#000000\"><span style=\"background-color:#ffffff\">Dernekten yap\u0131lan a\u00e7\u0131klamaya g\u00f6re, etkinlikte, merkezde g\u00f6rev alan uzmanlar e\u015fli\u011finde fiziksel aktiviteler, m\u00fczik terapisi, beslenme ve ruh sa\u011fl\u0131\u011f\u0131yla ilgili sunumlar gibi \u00e7e\u015fitli aktiviteler yer ald\u0131. Ayr\u0131ca kat\u0131l\u0131mc\u0131lar, sanat\u00e7\u0131 Turan Kamer\u2019in canl\u0131 m\u00fczik performans\u0131yla geleneksel \u015fark\u0131lar dinleyip dans etti.<\/span><\/span><\/span><\/span><\/p>\n<p style=\"text-align:left\"><span style=\"font-size:16px\"><span style=\"font-family:Merriweather,serif !important\"><span style=\"color:#000000\"><span style=\"background-color:#ffffff\">Kat\u0131l\u0131mc\u0131lara te\u015fekk\u00fcr belgeleri ve kat\u0131l\u0131m sertifikalar\u0131n\u0131n da da\u011f\u0131t\u0131ld\u0131\u011f\u0131 kaydedildi.<\/span><\/span><\/span><\/span><\/p>\n<p style=\"text-align:left\"><span style=\"font-size:16px\"><span style=\"font-family:Merriweather,serif !important\"><span style=\"color:#000000\"><span style=\"background-color:#ffffff\">60 Ya\u015f \u00dcst\u00fc G\u00fcnd\u00fcz Aktivite Merkezi\u2019de, m\u00fczik terapisi, diyetisyen takibi, fizyoterapist e\u015fli\u011finde egzersizler, psikososyal destek uygulamalar\u0131, kuaf\u00f6r\/berber deste\u011fi verilmekte, sanal ger\u00e7eklik g\u00f6zl\u00fckleri ile el-g\u00f6z-haf\u0131zay\u0131 destekleyen uygulamalar\u0131n\u0131n yer ald\u0131\u011f\u0131 belirtildi.<\/span><\/span><\/span><\/span><\/p>\n<p style=\"text-align:left\"><span style=\"font-size:16px\"><span style=\"font-family:Merriweather,serif !important\"><span style=\"color:#000000\"><span style=\"background-color:#ffffff\">Kat\u0131l\u0131mc\u0131lar\u0131n haf\u0131za ve ya\u015fam kalitesini \u00f6l\u00e7en anketlerin de yap\u0131ld\u0131\u011f\u0131 ifade edilirken, merkezin faaliyetlerine kat\u0131lmak isteyenler i\u00e7in \u00f6n kay\u0131tlar\u0131n ba\u015flad\u0131\u011f\u0131; kay\u0131t formunun https:\/\/forms.gle\/Z9iQeDsyLfCKiohu9 adresinden doldurulabilece\u011fi; 0548 889 5005 veya 0548 840 2353 (Whatsapp veya GSM) numaralar\u0131n\u0131n aranabilece\u011fi kaydedildi.<\/span><\/span><\/span><\/span><\/p>\n","protected":false},"excerpt":{"rendered":"<p>Dernekten yap\u0131lan a\u00e7\u0131klamaya g\u00f6re, etkinlikte, merkezde g\u00f6rev alan uzmanlar e\u015fli\u011finde fiziksel aktiviteler, m\u00fczik terapisi, beslenme ve ruh sa\u011fl\u0131\u011f\u0131yla ilgili sunumlar gibi \u00e7e\u015fitli aktiviteler yer ald\u0131. Ayr\u0131ca kat\u0131l\u0131mc\u0131lar, sanat\u00e7\u0131 Turan Kamer\u2019in canl\u0131 m\u00fczik performans\u0131yla geleneksel \u015fark\u0131lar dinleyip dans etti. Kat\u0131l\u0131mc\u0131lara te\u015fekk\u00fcr belgeleri ve kat\u0131l\u0131m sertifikalar\u0131n\u0131n da da\u011f\u0131t\u0131ld\u0131\u011f\u0131 kaydedildi. 60 Ya\u015f \u00dcst\u00fc G\u00fcnd\u00fcz Aktivite Merkezi\u2019de, m\u00fczik terapisi,<\/p>\n","protected":false},"author":1,"featured_media":30273,"comment_status":"open","ping_status":"open","sticky":false,"template":"","format":"standard","meta":{"footnotes":""},"categories":[86],"tags":[],"class_list":["post-30272","post","type-post","status-publish","format-standard","has-post-thumbnail","hentry","category-turkiye"],"yoast_head":"<!-- This site is optimized with the Yoast SEO plugin v27.5 - https:\/\/yoast.com\/product\/yoast-seo-wordpress\/ -->\n<title>Emekliler Derne\u011fi \u00fcyelerine y\u00f6nelik etkinlikler d\u00fczenledi -<\/title>\n<meta name=\"robots\" content=\"index, follow, max-snippet:-1, max-image-preview:large, max-video-preview:-1\" \/>\n<link rel=\"canonical\" href=\"https:\/\/kibrisdakik.com\/?p=30272\" \/>\n<meta property=\"og:locale\" content=\"tr_TR\" \/>\n<meta property=\"og:type\" content=\"article\" \/>\n<meta property=\"og:title\" content=\"Emekliler Derne\u011fi \u00fcyelerine y\u00f6nelik etkinlikler d\u00fczenledi -\" \/>\n<meta property=\"og:description\" content=\"Dernekten yap\u0131lan a\u00e7\u0131klamaya g\u00f6re, etkinlikte, merkezde g\u00f6rev alan uzmanlar e\u015fli\u011finde fiziksel aktiviteler, m\u00fczik terapisi, beslenme ve ruh sa\u011fl\u0131\u011f\u0131yla ilgili sunumlar gibi \u00e7e\u015fitli aktiviteler yer ald\u0131. Ayr\u0131ca kat\u0131l\u0131mc\u0131lar, sanat\u00e7\u0131 Turan Kamer\u2019in canl\u0131 m\u00fczik performans\u0131yla geleneksel \u015fark\u0131lar dinleyip dans etti. Kat\u0131l\u0131mc\u0131lara te\u015fekk\u00fcr belgeleri ve kat\u0131l\u0131m sertifikalar\u0131n\u0131n da da\u011f\u0131t\u0131ld\u0131\u011f\u0131 kaydedildi. 60 Ya\u015f \u00dcst\u00fc G\u00fcnd\u00fcz Aktivite Merkezi\u2019de, m\u00fczik terapisi,\" \/>\n<meta property=\"og:url\" content=\"https:\/\/kibrisdakik.com\/?p=30272\" \/>\n<meta property=\"article:published_time\" content=\"2024-02-16T17:19:42+00:00\" \/>\n<meta property=\"og:image\" content=\"https:\/\/kibrisdakik.com\/wp-content\/uploads\/2024\/02\/emekliler-dernegi-uyelerine-yonelik-etkinlikler-duzenledi-1708094457.webp.webp\" \/>\n\t<meta property=\"og:image:width\" content=\"710\" \/>\n\t<meta property=\"og:image:height\" content=\"370\" \/>\n\t<meta property=\"og:image:type\" content=\"image\/webp\" \/>\n<meta name=\"author\" content=\"admin\" \/>\n<meta name=\"twitter:card\" content=\"summary_large_image\" \/>\n<meta name=\"twitter:label1\" content=\"Yazan:\" \/>\n\t<meta name=\"twitter:data1\" content=\"admin\" \/>\n\t<meta name=\"twitter:label2\" content=\"Tahmini okuma s\u00fcresi\" \/>\n\t<meta name=\"twitter:data2\" content=\"1 dakika\" \/>\n<script type=\"application\/ld+json\" class=\"yoast-schema-graph\">{\"@context\":\"https:\\\/\\\/schema.org\",\"@graph\":[{\"@type\":\"Article\",\"@id\":\"https:\\\/\\\/kibrisdakik.com\\\/?p=30272#article\",\"isPartOf\":{\"@id\":\"https:\\\/\\\/kibrisdakik.com\\\/?p=30272\"},\"author\":{\"name\":\"admin\",\"@id\":\"https:\\\/\\\/kibrisdakik.com\\\/#\\\/schema\\\/person\\\/9cd9d437bbb44f72b73ba127e06d8e79\"},\"headline\":\"Emekliler Derne\u011fi \u00fcyelerine y\u00f6nelik etkinlikler d\u00fczenledi\",\"datePublished\":\"2024-02-16T17:19:42+00:00\",\"mainEntityOfPage\":{\"@id\":\"https:\\\/\\\/kibrisdakik.com\\\/?p=30272\"},\"wordCount\":182,\"commentCount\":0,\"image\":{\"@id\":\"https:\\\/\\\/kibrisdakik.com\\\/?p=30272#primaryimage\"},\"thumbnailUrl\":\"https:\\\/\\\/kibrisdakik.com\\\/wp-content\\\/uploads\\\/2024\\\/02\\\/emekliler-dernegi-uyelerine-yonelik-etkinlikler-duzenledi-1708094457.webp.webp\",\"articleSection\":[\"T\u00fcrkiye\"],\"inLanguage\":\"tr\",\"potentialAction\":[{\"@type\":\"CommentAction\",\"name\":\"Comment\",\"target\":[\"https:\\\/\\\/kibrisdakik.com\\\/?p=30272#respond\"]}]},{\"@type\":\"WebPage\",\"@id\":\"https:\\\/\\\/kibrisdakik.com\\\/?p=30272\",\"url\":\"https:\\\/\\\/kibrisdakik.com\\\/?p=30272\",\"name\":\"Emekliler Derne\u011fi \u00fcyelerine y\u00f6nelik etkinlikler d\u00fczenledi -\",\"isPartOf\":{\"@id\":\"https:\\\/\\\/kibrisdakik.com\\\/#website\"},\"primaryImageOfPage\":{\"@id\":\"https:\\\/\\\/kibrisdakik.com\\\/?p=30272#primaryimage\"},\"image\":{\"@id\":\"https:\\\/\\\/kibrisdakik.com\\\/?p=30272#primaryimage\"},\"thumbnailUrl\":\"https:\\\/\\\/kibrisdakik.com\\\/wp-content\\\/uploads\\\/2024\\\/02\\\/emekliler-dernegi-uyelerine-yonelik-etkinlikler-duzenledi-1708094457.webp.webp\",\"datePublished\":\"2024-02-16T17:19:42+00:00\",\"author\":{\"@id\":\"https:\\\/\\\/kibrisdakik.com\\\/#\\\/schema\\\/person\\\/9cd9d437bbb44f72b73ba127e06d8e79\"},\"breadcrumb\":{\"@id\":\"https:\\\/\\\/kibrisdakik.com\\\/?p=30272#breadcrumb\"},\"inLanguage\":\"tr\",\"potentialAction\":[{\"@type\":\"ReadAction\",\"target\":[\"https:\\\/\\\/kibrisdakik.com\\\/?p=30272\"]}]},{\"@type\":\"ImageObject\",\"inLanguage\":\"tr\",\"@id\":\"https:\\\/\\\/kibrisdakik.com\\\/?p=30272#primaryimage\",\"url\":\"https:\\\/\\\/kibrisdakik.com\\\/wp-content\\\/uploads\\\/2024\\\/02\\\/emekliler-dernegi-uyelerine-yonelik-etkinlikler-duzenledi-1708094457.webp.webp\",\"contentUrl\":\"https:\\\/\\\/kibrisdakik.com\\\/wp-content\\\/uploads\\\/2024\\\/02\\\/emekliler-dernegi-uyelerine-yonelik-etkinlikler-duzenledi-1708094457.webp.webp\",\"width\":710,\"height\":370},{\"@type\":\"BreadcrumbList\",\"@id\":\"https:\\\/\\\/kibrisdakik.com\\\/?p=30272#breadcrumb\",\"itemListElement\":[{\"@type\":\"ListItem\",\"position\":1,\"name\":\"Home\",\"item\":\"https:\\\/\\\/kibrisdakik.com\\\/\"},{\"@type\":\"ListItem\",\"position\":2,\"name\":\"Emekliler Derne\u011fi \u00fcyelerine y\u00f6nelik etkinlikler d\u00fczenledi\"}]},{\"@type\":\"WebSite\",\"@id\":\"https:\\\/\\\/kibrisdakik.com\\\/#website\",\"url\":\"https:\\\/\\\/kibrisdakik.com\\\/\",\"name\":\"\",\"description\":\"Tam vaktinde haber\",\"potentialAction\":[{\"@type\":\"SearchAction\",\"target\":{\"@type\":\"EntryPoint\",\"urlTemplate\":\"https:\\\/\\\/kibrisdakik.com\\\/?s={search_term_string}\"},\"query-input\":{\"@type\":\"PropertyValueSpecification\",\"valueRequired\":true,\"valueName\":\"search_term_string\"}}],\"inLanguage\":\"tr\"},{\"@type\":\"Person\",\"@id\":\"https:\\\/\\\/kibrisdakik.com\\\/#\\\/schema\\\/person\\\/9cd9d437bbb44f72b73ba127e06d8e79\",\"name\":\"admin\",\"image\":{\"@type\":\"ImageObject\",\"inLanguage\":\"tr\",\"@id\":\"https:\\\/\\\/secure.gravatar.com\\\/avatar\\\/ccc17943b9d660506c869530f897617f7cb1c21a4bf30023f252596d83e1f007?s=96&d=mm&r=g\",\"url\":\"https:\\\/\\\/secure.gravatar.com\\\/avatar\\\/ccc17943b9d660506c869530f897617f7cb1c21a4bf30023f252596d83e1f007?s=96&d=mm&r=g\",\"contentUrl\":\"https:\\\/\\\/secure.gravatar.com\\\/avatar\\\/ccc17943b9d660506c869530f897617f7cb1c21a4bf30023f252596d83e1f007?s=96&d=mm&r=g\",\"caption\":\"admin\"},\"sameAs\":[\"https:\\\/\\\/kibrisdakik.com\"],\"url\":\"https:\\\/\\\/kibrisdakik.com\\\/?author=1\"}]}<\/script>\n<!-- \/ Yoast SEO plugin. -->","yoast_head_json":{"title":"Emekliler Derne\u011fi \u00fcyelerine y\u00f6nelik etkinlikler d\u00fczenledi -","robots":{"index":"index","follow":"follow","max-snippet":"max-snippet:-1","max-image-preview":"max-image-preview:large","max-video-preview":"max-video-preview:-1"},"canonical":"https:\/\/kibrisdakik.com\/?p=30272","og_locale":"tr_TR","og_type":"article","og_title":"Emekliler Derne\u011fi \u00fcyelerine y\u00f6nelik etkinlikler d\u00fczenledi -","og_description":"Dernekten yap\u0131lan a\u00e7\u0131klamaya g\u00f6re, etkinlikte, merkezde g\u00f6rev alan uzmanlar e\u015fli\u011finde fiziksel aktiviteler, m\u00fczik terapisi, beslenme ve ruh sa\u011fl\u0131\u011f\u0131yla ilgili sunumlar gibi \u00e7e\u015fitli aktiviteler yer ald\u0131. Ayr\u0131ca kat\u0131l\u0131mc\u0131lar, sanat\u00e7\u0131 Turan Kamer\u2019in canl\u0131 m\u00fczik performans\u0131yla geleneksel \u015fark\u0131lar dinleyip dans etti. Kat\u0131l\u0131mc\u0131lara te\u015fekk\u00fcr belgeleri ve kat\u0131l\u0131m sertifikalar\u0131n\u0131n da da\u011f\u0131t\u0131ld\u0131\u011f\u0131 kaydedildi. 60 Ya\u015f \u00dcst\u00fc G\u00fcnd\u00fcz Aktivite Merkezi\u2019de, m\u00fczik terapisi,","og_url":"https:\/\/kibrisdakik.com\/?p=30272","article_published_time":"2024-02-16T17:19:42+00:00","og_image":[{"width":710,"height":370,"url":"https:\/\/kibrisdakik.com\/wp-content\/uploads\/2024\/02\/emekliler-dernegi-uyelerine-yonelik-etkinlikler-duzenledi-1708094457.webp.webp","type":"image\/webp"}],"author":"admin","twitter_card":"summary_large_image","twitter_misc":{"Yazan:":"admin","Tahmini okuma s\u00fcresi":"1 dakika"},"schema":{"@context":"https:\/\/schema.org","@graph":[{"@type":"Article","@id":"https:\/\/kibrisdakik.com\/?p=30272#article","isPartOf":{"@id":"https:\/\/kibrisdakik.com\/?p=30272"},"author":{"name":"admin","@id":"https:\/\/kibrisdakik.com\/#\/schema\/person\/9cd9d437bbb44f72b73ba127e06d8e79"},"headline":"Emekliler Derne\u011fi \u00fcyelerine y\u00f6nelik etkinlikler d\u00fczenledi","datePublished":"2024-02-16T17:19:42+00:00","mainEntityOfPage":{"@id":"https:\/\/kibrisdakik.com\/?p=30272"},"wordCount":182,"commentCount":0,"image":{"@id":"https:\/\/kibrisdakik.com\/?p=30272#primaryimage"},"thumbnailUrl":"https:\/\/kibrisdakik.com\/wp-content\/uploads\/2024\/02\/emekliler-dernegi-uyelerine-yonelik-etkinlikler-duzenledi-1708094457.webp.webp","articleSection":["T\u00fcrkiye"],"inLanguage":"tr","potentialAction":[{"@type":"CommentAction","name":"Comment","target":["https:\/\/kibrisdakik.com\/?p=30272#respond"]}]},{"@type":"WebPage","@id":"https:\/\/kibrisdakik.com\/?p=30272","url":"https:\/\/kibrisdakik.com\/?p=30272","name":"Emekliler Derne\u011fi \u00fcyelerine y\u00f6nelik etkinlikler d\u00fczenledi -","isPartOf":{"@id":"https:\/\/kibrisdakik.com\/#website"},"primaryImageOfPage":{"@id":"https:\/\/kibrisdakik.com\/?p=30272#primaryimage"},"image":{"@id":"https:\/\/kibrisdakik.com\/?p=30272#primaryimage"},"thumbnailUrl":"https:\/\/kibrisdakik.com\/wp-content\/uploads\/2024\/02\/emekliler-dernegi-uyelerine-yonelik-etkinlikler-duzenledi-1708094457.webp.webp","datePublished":"2024-02-16T17:19:42+00:00","author":{"@id":"https:\/\/kibrisdakik.com\/#\/schema\/person\/9cd9d437bbb44f72b73ba127e06d8e79"},"breadcrumb":{"@id":"https:\/\/kibrisdakik.com\/?p=30272#breadcrumb"},"inLanguage":"tr","potentialAction":[{"@type":"ReadAction","target":["https:\/\/kibrisdakik.com\/?p=30272"]}]},{"@type":"ImageObject","inLanguage":"tr","@id":"https:\/\/kibrisdakik.com\/?p=30272#primaryimage","url":"https:\/\/kibrisdakik.com\/wp-content\/uploads\/2024\/02\/emekliler-dernegi-uyelerine-yonelik-etkinlikler-duzenledi-1708094457.webp.webp","contentUrl":"https:\/\/kibrisdakik.com\/wp-content\/uploads\/2024\/02\/emekliler-dernegi-uyelerine-yonelik-etkinlikler-duzenledi-1708094457.webp.webp","width":710,"height":370},{"@type":"BreadcrumbList","@id":"https:\/\/kibrisdakik.com\/?p=30272#breadcrumb","itemListElement":[{"@type":"ListItem","position":1,"name":"Home","item":"https:\/\/kibrisdakik.com\/"},{"@type":"ListItem","position":2,"name":"Emekliler Derne\u011fi \u00fcyelerine y\u00f6nelik etkinlikler d\u00fczenledi"}]},{"@type":"WebSite","@id":"https:\/\/kibrisdakik.com\/#website","url":"https:\/\/kibrisdakik.com\/","name":"","description":"Tam vaktinde haber","potentialAction":[{"@type":"SearchAction","target":{"@type":"EntryPoint","urlTemplate":"https:\/\/kibrisdakik.com\/?s={search_term_string}"},"query-input":{"@type":"PropertyValueSpecification","valueRequired":true,"valueName":"search_term_string"}}],"inLanguage":"tr"},{"@type":"Person","@id":"https:\/\/kibrisdakik.com\/#\/schema\/person\/9cd9d437bbb44f72b73ba127e06d8e79","name":"admin","image":{"@type":"ImageObject","inLanguage":"tr","@id":"https:\/\/secure.gravatar.com\/avatar\/ccc17943b9d660506c869530f897617f7cb1c21a4bf30023f252596d83e1f007?s=96&d=mm&r=g","url":"https:\/\/secure.gravatar.com\/avatar\/ccc17943b9d660506c869530f897617f7cb1c21a4bf30023f252596d83e1f007?s=96&d=mm&r=g","contentUrl":"https:\/\/secure.gravatar.com\/avatar\/ccc17943b9d660506c869530f897617f7cb1c21a4bf30023f252596d83e1f007?s=96&d=mm&r=g","caption":"admin"},"sameAs":["https:\/\/kibrisdakik.com"],"url":"https:\/\/kibrisdakik.com\/?author=1"}]}},"_links":{"self":[{"href":"https:\/\/kibrisdakik.com\/index.php?rest_route=\/wp\/v2\/posts\/30272","targetHints":{"allow":["GET"]}}],"collection":[{"href":"https:\/\/kibrisdakik.com\/index.php?rest_route=\/wp\/v2\/posts"}],"about":[{"href":"https:\/\/kibrisdakik.com\/index.php?rest_route=\/wp\/v2\/types\/post"}],"author":[{"embeddable":true,"href":"https:\/\/kibrisdakik.com\/index.php?rest_route=\/wp\/v2\/users\/1"}],"replies":[{"embeddable":true,"href":"https:\/\/kibrisdakik.com\/index.php?rest_route=%2Fwp%2Fv2%2Fcomments&post=30272"}],"version-history":[{"count":0,"href":"https:\/\/kibrisdakik.com\/index.php?rest_route=\/wp\/v2\/posts\/30272\/revisions"}],"wp:featuredmedia":[{"embeddable":true,"href":"https:\/\/kibrisdakik.com\/index.php?rest_route=\/wp\/v2\/media\/30273"}],"wp:attachment":[{"href":"https:\/\/kibrisdakik.com\/index.php?rest_route=%2Fwp%2Fv2%2Fmedia&parent=30272"}],"wp:term":[{"taxonomy":"category","embeddable":true,"href":"https:\/\/kibrisdakik.com\/index.php?rest_route=%2Fwp%2Fv2%2Fcategories&post=30272"},{"taxonomy":"post_tag","embeddable":true,"href":"https:\/\/kibrisdakik.com\/index.php?rest_route=%2Fwp%2Fv2%2Ftags&post=30272"}],"curies":[{"name":"wp","href":"https:\/\/api.w.org\/{rel}","templated":true}]}}