{"id":30314,"date":"2024-02-17T10:21:04","date_gmt":"2024-02-17T10:21:04","guid":{"rendered":"https:\/\/kibrisdakik.com\/index.php\/2024\/02\/17\/birlik-ve-beraberlik-icinde-halkimizi-gelecege-milli-iradeyle-tasiyabiliriz\/"},"modified":"2024-02-17T10:21:04","modified_gmt":"2024-02-17T10:21:04","slug":"birlik-ve-beraberlik-icinde-halkimizi-gelecege-milli-iradeyle-tasiyabiliriz","status":"publish","type":"post","link":"https:\/\/kibrisdakik.com\/?p=30314","title":{"rendered":"\u201cBirlik ve beraberlik i\u00e7inde halk\u0131m\u0131z\u0131 gelece\u011fe milli iradeyle ta\u015f\u0131yabiliriz\u201d"},"content":{"rendered":"<p><img decoding=\"async\" src=\"https:\/\/www.kibristurk.com\/images\/haberler\/2024\/02\/birlik-ve-beraberlik-icinde-halkimizi-gelecege-milli-iradeyle-tasiyabiliriz-1708164207.webp\" \/><\/p>\n<p style=\"text-align:left\"><span style=\"font-size:16px\"><span style=\"font-family:Merriweather,serif !important\"><span style=\"color:#000000\"><span style=\"background-color:#ffffff\">Tatar, Milli \u0130radeye Sayg\u0131 Platformu taraf\u0131ndan d\u00fczenlenen Vatanseverlik \u00d6d\u00fcl T\u00f6reni\u2019ne kat\u0131ld\u0131. Cumhurba\u015fkanl\u0131\u011f\u0131ndan verilen bilgiye g\u00f6re, Tatar, \u00f6d\u00fcl t\u00f6reninde yapt\u0131\u011f\u0131 konu\u015fmada, Milli \u0130radeye Sayg\u0131 Platformu\u2019nun y\u0131llard\u0131r Ramazan ay\u0131nda iftar sofralar\u0131 ve di\u011fer etkinliklerle insanlar\u0131 bulu\u015fturmas\u0131n\u0131n yan\u0131 s\u0131ra 6 \u015eubat depreminde de insanlar\u0131 bir araya getirdi\u011fini kaydetti.<\/span><\/span><\/span><\/span><\/p>\n<p style=\"text-align:left\"><span style=\"font-size:16px\"><span style=\"font-family:Merriweather,serif !important\"><span style=\"color:#000000\"><span style=\"background-color:#ffffff\"><span style=\"font-size:16px !important\"><span style=\"font-family:Merriweather,serif !important\"><span style=\"color:#000000 !important\">Milli \u0130radeye Sayg\u0131 Platformu\u2019nun \u00e7al\u0131\u015fmalar\u0131n\u0131 takdirle izlediklerini ifade eden Cumhurba\u015fkan\u0131 Tatar, \u00f6zellikle ya\u015fanan deprem felaketinde ortaya konan \u00e7abalar\u0131n \u00e7ok k\u0131ymetli oldu\u011funu dile getirdi.<\/span><\/span><\/span><\/span><\/span><\/span><\/span><\/p>\n<p style=\"text-align:left\"><span style=\"font-size:16px\"><span style=\"font-family:Merriweather,serif !important\"><span style=\"color:#000000\"><span style=\"background-color:#ffffff\"><span style=\"font-size:16px !important\"><span style=\"font-family:Merriweather,serif !important\"><span style=\"color:#000000 !important\">Cumhurba\u015fkan\u0131 Tatar, 6 \u015eubat depreminde b\u00fcy\u00fck ac\u0131lar \u00e7ekildi\u011fini ifade ederek, ge\u00e7en g\u00fcn Ad\u0131yaman\u2019da \u015eampiyon TMK Voleybol Tak\u0131m\u0131&#8217;n\u0131n da ya\u015fam\u0131n\u0131 yitirdi\u011fi \u0130sias Otel enkaz\u0131n\u0131 ziyaret etti\u011fini dile getirdi.<\/span><\/span><\/span><\/span><\/span><\/span><\/span><\/p>\n<p style=\"text-align:left\"><span style=\"font-size:16px\"><span style=\"font-family:Merriweather,serif !important\"><span style=\"color:#000000\"><span style=\"background-color:#ffffff\"><span style=\"font-size:16px !important\"><span style=\"font-family:Merriweather,serif !important\"><span style=\"color:#000000 !important\">Ad\u0131yaman ve Kahramanmara\u015f\u2019ta depremde ya\u015famlar\u0131n\u0131 yitirenlerin mezarlar\u0131n\u0131 ziyaret etti\u011fini anlatan Cumhurba\u015fkan\u0131 Tatar, depremde hayat\u0131n\u0131 kaybedenlere Allah\u2019tan rahmet diledi.<\/span><\/span><\/span><\/span><\/span><\/span><\/span><\/p>\n<p style=\"text-align:left\"><span style=\"font-size:16px\"><span style=\"font-family:Merriweather,serif !important\"><span style=\"color:#000000\"><span style=\"background-color:#ffffff\"><span style=\"font-size:16px !important\"><span style=\"font-family:Merriweather,serif !important\"><span style=\"color:#000000 !important\">\u0130sias Davas\u0131&#8217;n\u0131n takip\u00e7isi olduklar\u0131n\u0131 belirten Cumhurba\u015fkan\u0131 Tatar, \u201cTek y\u00fcrek olduk, ac\u0131lar bizi birle\u015ftirdi. Kaybetti\u011fimiz insanlar\u0131m\u0131z\u0131 unutmam\u0131z m\u00fcmk\u00fcn de\u011fil\u201d diye konu\u015ftu.<\/span><\/span><\/span><\/span><\/span><\/span><\/span><\/p>\n<p style=\"text-align:left\"><span style=\"font-size:16px\"><span style=\"font-family:Merriweather,serif !important\"><span style=\"color:#000000\"><span style=\"background-color:#ffffff\"><span style=\"font-size:16px !important\"><span style=\"font-family:Merriweather,serif !important\"><span style=\"color:#000000 !important\">T\u00fcrkiye Cumhuriyeti kurulurken, d\u00fc\u015fmandan kurtulmak i\u00e7in verilen m\u00fccadelede y\u00fczbinlerce \u015fehit verildi\u011fini aktaran Cumhurba\u015fkan\u0131 Tatar, depremde de 53 bini a\u015fk\u0131n ki\u015finin ya\u015fam\u0131n\u0131 kaybetti\u011fini vurgulad\u0131.<\/span><\/span><\/span><\/span><\/span><\/span><\/span><\/p>\n<p style=\"text-align:left\"><span style=\"font-size:16px\"><span style=\"font-family:Merriweather,serif !important\"><span style=\"color:#000000\"><span style=\"background-color:#ffffff\"><span style=\"font-size:16px !important\"><span style=\"font-family:Merriweather,serif !important\"><span style=\"color:#000000 !important\">K\u0131br\u0131s T\u00fcrk\u00fc\u2019n\u00fcn her zaman arkas\u0131nda T\u00fcrkiye Cumhuriyeti oldu\u011funu dile getiren Cumhurba\u015fkan\u0131 Tatar, \u201cBirlik ve beraberlik i\u00e7inde halk\u0131m\u0131z\u0131 gelece\u011fe milli iradeyle ta\u015f\u0131yabiliriz\u201d dedi.<\/span><\/span><\/span><\/span><\/span><\/span><\/span><\/p>\n<p style=\"text-align:left\"><span style=\"font-size:16px\"><span style=\"font-family:Merriweather,serif !important\"><span style=\"color:#000000\"><span style=\"background-color:#ffffff\"><span style=\"font-size:16px !important\"><span style=\"font-family:Merriweather,serif !important\"><span style=\"color:#000000 !important\">Cumhurba\u015fkan\u0131 Tatar, Milli \u0130radeye Sayg\u0131 Platformu Ba\u015fkan\u0131 Talip Sancar\u2019\u0131n yan\u0131 s\u0131ra platformda yer alanlara ve depremdeki \u00e7al\u0131\u015fmalar\u0131ndan dolay\u0131 \u00f6d\u00fcl alanlara te\u015fekk\u00fcr etti.<\/span><\/span><\/span><\/span><\/span><\/span><\/span><\/p>\n<p style=\"text-align:left\"><span style=\"font-size:16px\"><span style=\"font-family:Merriweather,serif !important\"><span style=\"color:#000000\"><span style=\"background-color:#ffffff\"><span style=\"font-size:16px !important\"><span style=\"font-family:Merriweather,serif !important\"><span style=\"color:#000000 !important\">Cumhurba\u015fkan\u0131 Tatar, gecede \u00f6d\u00fcl alanlara plaketlerini de verdi.<\/span><\/span><\/span><\/span><\/span><\/span><\/span><\/p>\n","protected":false},"excerpt":{"rendered":"<p>Tatar, Milli \u0130radeye Sayg\u0131 Platformu taraf\u0131ndan d\u00fczenlenen Vatanseverlik \u00d6d\u00fcl T\u00f6reni\u2019ne kat\u0131ld\u0131. Cumhurba\u015fkanl\u0131\u011f\u0131ndan verilen bilgiye g\u00f6re, Tatar, \u00f6d\u00fcl t\u00f6reninde yapt\u0131\u011f\u0131 konu\u015fmada, Milli \u0130radeye Sayg\u0131 Platformu\u2019nun y\u0131llard\u0131r Ramazan ay\u0131nda iftar sofralar\u0131 ve di\u011fer etkinliklerle insanlar\u0131 bulu\u015fturmas\u0131n\u0131n yan\u0131 s\u0131ra 6 \u015eubat depreminde de insanlar\u0131 bir araya getirdi\u011fini kaydetti. Milli \u0130radeye Sayg\u0131 Platformu\u2019nun \u00e7al\u0131\u015fmalar\u0131n\u0131 takdirle izlediklerini ifade eden Cumhurba\u015fkan\u0131<\/p>\n","protected":false},"author":1,"featured_media":30315,"comment_status":"open","ping_status":"open","sticky":false,"template":"","format":"standard","meta":{"footnotes":""},"categories":[1],"tags":[],"class_list":["post-30314","post","type-post","status-publish","format-standard","has-post-thumbnail","hentry","category-gundem"],"yoast_head":"<!-- This site is optimized with the Yoast SEO plugin v27.4 - https:\/\/yoast.com\/product\/yoast-seo-wordpress\/ -->\n<title>\u201cBirlik ve beraberlik i\u00e7inde halk\u0131m\u0131z\u0131 gelece\u011fe milli iradeyle ta\u015f\u0131yabiliriz\u201d -<\/title>\n<meta name=\"robots\" content=\"index, follow, max-snippet:-1, max-image-preview:large, max-video-preview:-1\" \/>\n<link rel=\"canonical\" href=\"https:\/\/kibrisdakik.com\/?p=30314\" \/>\n<meta property=\"og:locale\" content=\"tr_TR\" \/>\n<meta property=\"og:type\" content=\"article\" \/>\n<meta property=\"og:title\" content=\"\u201cBirlik ve beraberlik i\u00e7inde halk\u0131m\u0131z\u0131 gelece\u011fe milli iradeyle ta\u015f\u0131yabiliriz\u201d -\" \/>\n<meta property=\"og:description\" content=\"Tatar, Milli \u0130radeye Sayg\u0131 Platformu taraf\u0131ndan d\u00fczenlenen Vatanseverlik \u00d6d\u00fcl T\u00f6reni\u2019ne kat\u0131ld\u0131. Cumhurba\u015fkanl\u0131\u011f\u0131ndan verilen bilgiye g\u00f6re, Tatar, \u00f6d\u00fcl t\u00f6reninde yapt\u0131\u011f\u0131 konu\u015fmada, Milli \u0130radeye Sayg\u0131 Platformu\u2019nun y\u0131llard\u0131r Ramazan ay\u0131nda iftar sofralar\u0131 ve di\u011fer etkinliklerle insanlar\u0131 bulu\u015fturmas\u0131n\u0131n yan\u0131 s\u0131ra 6 \u015eubat depreminde de insanlar\u0131 bir araya getirdi\u011fini kaydetti. Milli \u0130radeye Sayg\u0131 Platformu\u2019nun \u00e7al\u0131\u015fmalar\u0131n\u0131 takdirle izlediklerini ifade eden Cumhurba\u015fkan\u0131\" \/>\n<meta property=\"og:url\" content=\"https:\/\/kibrisdakik.com\/?p=30314\" \/>\n<meta property=\"article:published_time\" content=\"2024-02-17T10:21:04+00:00\" \/>\n<meta property=\"og:image\" content=\"https:\/\/kibrisdakik.com\/wp-content\/uploads\/2024\/02\/birlik-ve-beraberlik-icinde-halkimizi-gelecege-milli-iradeyle-tasiyabiliriz-1708164207.webp.webp\" \/>\n\t<meta property=\"og:image:width\" content=\"710\" \/>\n\t<meta property=\"og:image:height\" content=\"370\" \/>\n\t<meta property=\"og:image:type\" content=\"image\/webp\" \/>\n<meta name=\"author\" content=\"admin\" \/>\n<meta name=\"twitter:card\" content=\"summary_large_image\" \/>\n<meta name=\"twitter:label1\" content=\"Yazan:\" \/>\n\t<meta name=\"twitter:data1\" content=\"admin\" \/>\n\t<meta name=\"twitter:label2\" content=\"Tahmini okuma s\u00fcresi\" \/>\n\t<meta name=\"twitter:data2\" content=\"2 dakika\" \/>\n<script type=\"application\/ld+json\" class=\"yoast-schema-graph\">{\"@context\":\"https:\\\/\\\/schema.org\",\"@graph\":[{\"@type\":\"Article\",\"@id\":\"https:\\\/\\\/kibrisdakik.com\\\/?p=30314#article\",\"isPartOf\":{\"@id\":\"https:\\\/\\\/kibrisdakik.com\\\/?p=30314\"},\"author\":{\"name\":\"admin\",\"@id\":\"https:\\\/\\\/kibrisdakik.com\\\/#\\\/schema\\\/person\\\/9cd9d437bbb44f72b73ba127e06d8e79\"},\"headline\":\"\u201cBirlik ve beraberlik i\u00e7inde halk\u0131m\u0131z\u0131 gelece\u011fe milli iradeyle ta\u015f\u0131yabiliriz\u201d\",\"datePublished\":\"2024-02-17T10:21:04+00:00\",\"mainEntityOfPage\":{\"@id\":\"https:\\\/\\\/kibrisdakik.com\\\/?p=30314\"},\"wordCount\":329,\"commentCount\":0,\"image\":{\"@id\":\"https:\\\/\\\/kibrisdakik.com\\\/?p=30314#primaryimage\"},\"thumbnailUrl\":\"https:\\\/\\\/kibrisdakik.com\\\/wp-content\\\/uploads\\\/2024\\\/02\\\/birlik-ve-beraberlik-icinde-halkimizi-gelecege-milli-iradeyle-tasiyabiliriz-1708164207.webp.webp\",\"articleSection\":[\"G\u00fcndem\"],\"inLanguage\":\"tr\",\"potentialAction\":[{\"@type\":\"CommentAction\",\"name\":\"Comment\",\"target\":[\"https:\\\/\\\/kibrisdakik.com\\\/?p=30314#respond\"]}]},{\"@type\":\"WebPage\",\"@id\":\"https:\\\/\\\/kibrisdakik.com\\\/?p=30314\",\"url\":\"https:\\\/\\\/kibrisdakik.com\\\/?p=30314\",\"name\":\"\u201cBirlik ve beraberlik i\u00e7inde halk\u0131m\u0131z\u0131 gelece\u011fe milli iradeyle ta\u015f\u0131yabiliriz\u201d -\",\"isPartOf\":{\"@id\":\"https:\\\/\\\/kibrisdakik.com\\\/#website\"},\"primaryImageOfPage\":{\"@id\":\"https:\\\/\\\/kibrisdakik.com\\\/?p=30314#primaryimage\"},\"image\":{\"@id\":\"https:\\\/\\\/kibrisdakik.com\\\/?p=30314#primaryimage\"},\"thumbnailUrl\":\"https:\\\/\\\/kibrisdakik.com\\\/wp-content\\\/uploads\\\/2024\\\/02\\\/birlik-ve-beraberlik-icinde-halkimizi-gelecege-milli-iradeyle-tasiyabiliriz-1708164207.webp.webp\",\"datePublished\":\"2024-02-17T10:21:04+00:00\",\"author\":{\"@id\":\"https:\\\/\\\/kibrisdakik.com\\\/#\\\/schema\\\/person\\\/9cd9d437bbb44f72b73ba127e06d8e79\"},\"breadcrumb\":{\"@id\":\"https:\\\/\\\/kibrisdakik.com\\\/?p=30314#breadcrumb\"},\"inLanguage\":\"tr\",\"potentialAction\":[{\"@type\":\"ReadAction\",\"target\":[\"https:\\\/\\\/kibrisdakik.com\\\/?p=30314\"]}]},{\"@type\":\"ImageObject\",\"inLanguage\":\"tr\",\"@id\":\"https:\\\/\\\/kibrisdakik.com\\\/?p=30314#primaryimage\",\"url\":\"https:\\\/\\\/kibrisdakik.com\\\/wp-content\\\/uploads\\\/2024\\\/02\\\/birlik-ve-beraberlik-icinde-halkimizi-gelecege-milli-iradeyle-tasiyabiliriz-1708164207.webp.webp\",\"contentUrl\":\"https:\\\/\\\/kibrisdakik.com\\\/wp-content\\\/uploads\\\/2024\\\/02\\\/birlik-ve-beraberlik-icinde-halkimizi-gelecege-milli-iradeyle-tasiyabiliriz-1708164207.webp.webp\",\"width\":710,\"height\":370},{\"@type\":\"BreadcrumbList\",\"@id\":\"https:\\\/\\\/kibrisdakik.com\\\/?p=30314#breadcrumb\",\"itemListElement\":[{\"@type\":\"ListItem\",\"position\":1,\"name\":\"Home\",\"item\":\"https:\\\/\\\/kibrisdakik.com\\\/\"},{\"@type\":\"ListItem\",\"position\":2,\"name\":\"\u201cBirlik ve beraberlik i\u00e7inde halk\u0131m\u0131z\u0131 gelece\u011fe milli iradeyle ta\u015f\u0131yabiliriz\u201d\"}]},{\"@type\":\"WebSite\",\"@id\":\"https:\\\/\\\/kibrisdakik.com\\\/#website\",\"url\":\"https:\\\/\\\/kibrisdakik.com\\\/\",\"name\":\"\",\"description\":\"Tam vaktinde haber\",\"potentialAction\":[{\"@type\":\"SearchAction\",\"target\":{\"@type\":\"EntryPoint\",\"urlTemplate\":\"https:\\\/\\\/kibrisdakik.com\\\/?s={search_term_string}\"},\"query-input\":{\"@type\":\"PropertyValueSpecification\",\"valueRequired\":true,\"valueName\":\"search_term_string\"}}],\"inLanguage\":\"tr\"},{\"@type\":\"Person\",\"@id\":\"https:\\\/\\\/kibrisdakik.com\\\/#\\\/schema\\\/person\\\/9cd9d437bbb44f72b73ba127e06d8e79\",\"name\":\"admin\",\"image\":{\"@type\":\"ImageObject\",\"inLanguage\":\"tr\",\"@id\":\"https:\\\/\\\/secure.gravatar.com\\\/avatar\\\/ccc17943b9d660506c869530f897617f7cb1c21a4bf30023f252596d83e1f007?s=96&d=mm&r=g\",\"url\":\"https:\\\/\\\/secure.gravatar.com\\\/avatar\\\/ccc17943b9d660506c869530f897617f7cb1c21a4bf30023f252596d83e1f007?s=96&d=mm&r=g\",\"contentUrl\":\"https:\\\/\\\/secure.gravatar.com\\\/avatar\\\/ccc17943b9d660506c869530f897617f7cb1c21a4bf30023f252596d83e1f007?s=96&d=mm&r=g\",\"caption\":\"admin\"},\"sameAs\":[\"https:\\\/\\\/kibrisdakik.com\"],\"url\":\"https:\\\/\\\/kibrisdakik.com\\\/?author=1\"}]}<\/script>\n<!-- \/ Yoast SEO plugin. -->","yoast_head_json":{"title":"\u201cBirlik ve beraberlik i\u00e7inde halk\u0131m\u0131z\u0131 gelece\u011fe milli iradeyle ta\u015f\u0131yabiliriz\u201d -","robots":{"index":"index","follow":"follow","max-snippet":"max-snippet:-1","max-image-preview":"max-image-preview:large","max-video-preview":"max-video-preview:-1"},"canonical":"https:\/\/kibrisdakik.com\/?p=30314","og_locale":"tr_TR","og_type":"article","og_title":"\u201cBirlik ve beraberlik i\u00e7inde halk\u0131m\u0131z\u0131 gelece\u011fe milli iradeyle ta\u015f\u0131yabiliriz\u201d -","og_description":"Tatar, Milli \u0130radeye Sayg\u0131 Platformu taraf\u0131ndan d\u00fczenlenen Vatanseverlik \u00d6d\u00fcl T\u00f6reni\u2019ne kat\u0131ld\u0131. Cumhurba\u015fkanl\u0131\u011f\u0131ndan verilen bilgiye g\u00f6re, Tatar, \u00f6d\u00fcl t\u00f6reninde yapt\u0131\u011f\u0131 konu\u015fmada, Milli \u0130radeye Sayg\u0131 Platformu\u2019nun y\u0131llard\u0131r Ramazan ay\u0131nda iftar sofralar\u0131 ve di\u011fer etkinliklerle insanlar\u0131 bulu\u015fturmas\u0131n\u0131n yan\u0131 s\u0131ra 6 \u015eubat depreminde de insanlar\u0131 bir araya getirdi\u011fini kaydetti. Milli \u0130radeye Sayg\u0131 Platformu\u2019nun \u00e7al\u0131\u015fmalar\u0131n\u0131 takdirle izlediklerini ifade eden Cumhurba\u015fkan\u0131","og_url":"https:\/\/kibrisdakik.com\/?p=30314","article_published_time":"2024-02-17T10:21:04+00:00","og_image":[{"width":710,"height":370,"url":"https:\/\/kibrisdakik.com\/wp-content\/uploads\/2024\/02\/birlik-ve-beraberlik-icinde-halkimizi-gelecege-milli-iradeyle-tasiyabiliriz-1708164207.webp.webp","type":"image\/webp"}],"author":"admin","twitter_card":"summary_large_image","twitter_misc":{"Yazan:":"admin","Tahmini okuma s\u00fcresi":"2 dakika"},"schema":{"@context":"https:\/\/schema.org","@graph":[{"@type":"Article","@id":"https:\/\/kibrisdakik.com\/?p=30314#article","isPartOf":{"@id":"https:\/\/kibrisdakik.com\/?p=30314"},"author":{"name":"admin","@id":"https:\/\/kibrisdakik.com\/#\/schema\/person\/9cd9d437bbb44f72b73ba127e06d8e79"},"headline":"\u201cBirlik ve beraberlik i\u00e7inde halk\u0131m\u0131z\u0131 gelece\u011fe milli iradeyle ta\u015f\u0131yabiliriz\u201d","datePublished":"2024-02-17T10:21:04+00:00","mainEntityOfPage":{"@id":"https:\/\/kibrisdakik.com\/?p=30314"},"wordCount":329,"commentCount":0,"image":{"@id":"https:\/\/kibrisdakik.com\/?p=30314#primaryimage"},"thumbnailUrl":"https:\/\/kibrisdakik.com\/wp-content\/uploads\/2024\/02\/birlik-ve-beraberlik-icinde-halkimizi-gelecege-milli-iradeyle-tasiyabiliriz-1708164207.webp.webp","articleSection":["G\u00fcndem"],"inLanguage":"tr","potentialAction":[{"@type":"CommentAction","name":"Comment","target":["https:\/\/kibrisdakik.com\/?p=30314#respond"]}]},{"@type":"WebPage","@id":"https:\/\/kibrisdakik.com\/?p=30314","url":"https:\/\/kibrisdakik.com\/?p=30314","name":"\u201cBirlik ve beraberlik i\u00e7inde halk\u0131m\u0131z\u0131 gelece\u011fe milli iradeyle ta\u015f\u0131yabiliriz\u201d -","isPartOf":{"@id":"https:\/\/kibrisdakik.com\/#website"},"primaryImageOfPage":{"@id":"https:\/\/kibrisdakik.com\/?p=30314#primaryimage"},"image":{"@id":"https:\/\/kibrisdakik.com\/?p=30314#primaryimage"},"thumbnailUrl":"https:\/\/kibrisdakik.com\/wp-content\/uploads\/2024\/02\/birlik-ve-beraberlik-icinde-halkimizi-gelecege-milli-iradeyle-tasiyabiliriz-1708164207.webp.webp","datePublished":"2024-02-17T10:21:04+00:00","author":{"@id":"https:\/\/kibrisdakik.com\/#\/schema\/person\/9cd9d437bbb44f72b73ba127e06d8e79"},"breadcrumb":{"@id":"https:\/\/kibrisdakik.com\/?p=30314#breadcrumb"},"inLanguage":"tr","potentialAction":[{"@type":"ReadAction","target":["https:\/\/kibrisdakik.com\/?p=30314"]}]},{"@type":"ImageObject","inLanguage":"tr","@id":"https:\/\/kibrisdakik.com\/?p=30314#primaryimage","url":"https:\/\/kibrisdakik.com\/wp-content\/uploads\/2024\/02\/birlik-ve-beraberlik-icinde-halkimizi-gelecege-milli-iradeyle-tasiyabiliriz-1708164207.webp.webp","contentUrl":"https:\/\/kibrisdakik.com\/wp-content\/uploads\/2024\/02\/birlik-ve-beraberlik-icinde-halkimizi-gelecege-milli-iradeyle-tasiyabiliriz-1708164207.webp.webp","width":710,"height":370},{"@type":"BreadcrumbList","@id":"https:\/\/kibrisdakik.com\/?p=30314#breadcrumb","itemListElement":[{"@type":"ListItem","position":1,"name":"Home","item":"https:\/\/kibrisdakik.com\/"},{"@type":"ListItem","position":2,"name":"\u201cBirlik ve beraberlik i\u00e7inde halk\u0131m\u0131z\u0131 gelece\u011fe milli iradeyle ta\u015f\u0131yabiliriz\u201d"}]},{"@type":"WebSite","@id":"https:\/\/kibrisdakik.com\/#website","url":"https:\/\/kibrisdakik.com\/","name":"","description":"Tam vaktinde haber","potentialAction":[{"@type":"SearchAction","target":{"@type":"EntryPoint","urlTemplate":"https:\/\/kibrisdakik.com\/?s={search_term_string}"},"query-input":{"@type":"PropertyValueSpecification","valueRequired":true,"valueName":"search_term_string"}}],"inLanguage":"tr"},{"@type":"Person","@id":"https:\/\/kibrisdakik.com\/#\/schema\/person\/9cd9d437bbb44f72b73ba127e06d8e79","name":"admin","image":{"@type":"ImageObject","inLanguage":"tr","@id":"https:\/\/secure.gravatar.com\/avatar\/ccc17943b9d660506c869530f897617f7cb1c21a4bf30023f252596d83e1f007?s=96&d=mm&r=g","url":"https:\/\/secure.gravatar.com\/avatar\/ccc17943b9d660506c869530f897617f7cb1c21a4bf30023f252596d83e1f007?s=96&d=mm&r=g","contentUrl":"https:\/\/secure.gravatar.com\/avatar\/ccc17943b9d660506c869530f897617f7cb1c21a4bf30023f252596d83e1f007?s=96&d=mm&r=g","caption":"admin"},"sameAs":["https:\/\/kibrisdakik.com"],"url":"https:\/\/kibrisdakik.com\/?author=1"}]}},"_links":{"self":[{"href":"https:\/\/kibrisdakik.com\/index.php?rest_route=\/wp\/v2\/posts\/30314","targetHints":{"allow":["GET"]}}],"collection":[{"href":"https:\/\/kibrisdakik.com\/index.php?rest_route=\/wp\/v2\/posts"}],"about":[{"href":"https:\/\/kibrisdakik.com\/index.php?rest_route=\/wp\/v2\/types\/post"}],"author":[{"embeddable":true,"href":"https:\/\/kibrisdakik.com\/index.php?rest_route=\/wp\/v2\/users\/1"}],"replies":[{"embeddable":true,"href":"https:\/\/kibrisdakik.com\/index.php?rest_route=%2Fwp%2Fv2%2Fcomments&post=30314"}],"version-history":[{"count":0,"href":"https:\/\/kibrisdakik.com\/index.php?rest_route=\/wp\/v2\/posts\/30314\/revisions"}],"wp:featuredmedia":[{"embeddable":true,"href":"https:\/\/kibrisdakik.com\/index.php?rest_route=\/wp\/v2\/media\/30315"}],"wp:attachment":[{"href":"https:\/\/kibrisdakik.com\/index.php?rest_route=%2Fwp%2Fv2%2Fmedia&parent=30314"}],"wp:term":[{"taxonomy":"category","embeddable":true,"href":"https:\/\/kibrisdakik.com\/index.php?rest_route=%2Fwp%2Fv2%2Fcategories&post=30314"},{"taxonomy":"post_tag","embeddable":true,"href":"https:\/\/kibrisdakik.com\/index.php?rest_route=%2Fwp%2Fv2%2Ftags&post=30314"}],"curies":[{"name":"wp","href":"https:\/\/api.w.org\/{rel}","templated":true}]}}