{"id":30340,"date":"2024-02-17T16:37:54","date_gmt":"2024-02-17T16:37:54","guid":{"rendered":"https:\/\/kibrisdakik.com\/index.php\/2024\/02\/17\/zelenskiy-hak-ediyoruz-diyerek-yineledi-hedefimiz-natoya-uye-olmak\/"},"modified":"2024-02-17T16:37:54","modified_gmt":"2024-02-17T16:37:54","slug":"zelenskiy-hak-ediyoruz-diyerek-yineledi-hedefimiz-natoya-uye-olmak","status":"publish","type":"post","link":"https:\/\/kibrisdakik.com\/?p=30340","title":{"rendered":"Zelenskiy &#039;hak ediyoruz&#039; diyerek yineledi: Hedefimiz NATO&#039;ya \u00fcye olmak"},"content":{"rendered":"<p><\/p>\n<p>Ukrayna-Rusya sava\u015f\u0131 devam ederken, Zelenskiy NATO hedefinde \u0131srarl\u0131. Ukrayna Devlet Ba\u015fkanl\u0131\u011f\u0131 Ofisinden yap\u0131lan yaz\u0131l\u0131 a\u00e7\u0131klamaya g\u00f6re, Zelenskiy, Almanya&#8217;da d\u00fczenlenen 60&#8217;\u0131nc\u0131 M\u00fcnih G\u00fcvenlik Konferans\u0131&#8217;nda (MSC 2024) bir konu\u015fma yapt\u0131. Ukrayna birliklerinin Donetsk b\u00f6lgesindeki Avdiyivka kentinden \u00e7ekilme karar\u0131n\u0131n mant\u0131kl\u0131 ve adil oldu\u011funu, \u00e7\u00fcnk\u00fc bunun gerekli silah gelene kadar Ukraynal\u0131lar\u0131n hayatlar\u0131n\u0131 korudu\u011funu aktaran Zelenskiy, &#8220;\u0130nsanlar\u0131m\u0131z\u0131, askerlerimizi koruyoruz, \u00e7\u00fcnk\u00fc savunman\u0131n anlam\u0131 budur.&#8221; ifadesini kulland\u0131.<\/p>\n<p><img decoding=\"async\" alt=\"Zelenskiy 'hak ediyoruz' diyerek yineledi: Hedefimiz NATO'ya \u00fcye olmak - 1. Resim\" src=\"https:\/\/icdn.tgrthaber.com.tr\/images\/haberler\/24-02\/17\/zelenskiy-hak-ediyoruz-diyerek-yineledi-hedefimiz-natoya-uye-olmak-17081864594971_1.jpg\" style=\"height:100%;width:850px\" \/><\/p>\n<h3>\u201cHAYATIMIZI YOK ETT\u0130\u201d<\/h3>\n<p>Zelenskiy, Avdiyivka&#8217;daki Ukraynal\u0131 birliklerin ku\u015fat\u0131lmamak i\u00e7in di\u011fer s\u0131n\u0131rlara \u00e7ekildi\u011fini hat\u0131rlatarak, &#8220;Bu, insanlar\u0131n kilometrelerce \u00e7ekildi\u011fi ve Rusya&#8217;n\u0131n bir \u015fey ele ge\u00e7irdi\u011fi anlam\u0131na gelmiyor. (Rusya) Hi\u00e7bir \u015fey ele ge\u00e7irmedi. Rusya 2 y\u0131ll\u0131k sava\u015fta do\u011fuda bir \u015feyler yapmaya \u00e7al\u0131\u015ft\u0131. Onlar, birka\u00e7 k\u00f6y ve kasabay\u0131 yok etti, ama her \u015feyden daha \u00e7ok onlar hayat\u0131m\u0131z\u0131 yok etti.&#8221; de\u011ferlendirmesini yapt\u0131.<\/p>\n<h3>\u201cANA S\u0130LAHIMIZ ASKERLER\u0130M\u0130Z, \u0130NSANIMIZ\u201d<\/h3>\n<p>Zelenskiy, ellerindeki silahlar\u0131n yeterli olmad\u0131\u011f\u0131na i\u015faret ederek, &#8220;Uygun silahlar\u0131 bekleyece\u011fiz. Uzun menzilli silahlar yok. Rusya&#8217;da var ama bizde \u00e7ok az. B\u00fct\u00fcn ger\u00e7ek bu. Bu nedenle bug\u00fcn ana silah\u0131m\u0131z askerlerimiz, insanlar\u0131m\u0131z ve ortaklar\u0131m\u0131z\u0131n deste\u011fine g\u00fcveniyoruz.&#8221; dedi.<\/p>\n<p>Ukrayna&#8217;n\u0131n top\u00e7u ve uzun menzilli silahlara ihtiyac\u0131 oldu\u011funu aktaran Zelenskiy, bu konuda ortaklar\u0131ndan destek beklediklerini bildirdi.<\/p>\n<p>Rusya&#8217;ya kar\u015f\u0131 havada avantaj elde ettiklerini ileri s\u00fcren Zelenskiy, hava savunma sistemleri tedarikinin Ukraynal\u0131 askerlerin ilerlemesine yard\u0131mc\u0131 olaca\u011f\u0131n\u0131 savundu.<\/p>\n<p>Zelenskiy, &#8220;Ortaklar\u0131m\u0131za minnettar\u0131z. Patirot, IRIS-T, NASAMS hava savunma sistemlerini almaya ba\u015flad\u0131k. Ama h\u0131zl\u0131 bir \u015fekilde ilerlemek i\u00e7in bunlar yeterli de\u011fil. \u00c7\u00f6z\u00fcm \u00e7ok basit, hava savunma sistemlerimizin yerle\u015ftirildi\u011fi yerlere insanlar geri d\u00f6n\u00fcyor, \u015fehrin ekonomisini y\u00fckseltiyor.&#8221; diye konu\u015ftu.<\/p>\n<p>Ukrayna&#8217;n\u0131n NATO&#8217;ya \u00fcyelik s\u00fcrecine de de\u011finen Zelenskiy, &#8220;Hedefimiz NATO&#8217;ya \u00fcye olmak. Bunu hak etti\u011fimize inan\u0131yorum. Ukrayna&#8217;y\u0131 \u0130ttifaka yak\u0131nla\u015ft\u0131rmak i\u00e7in elimizden gelen her \u015feyi yapaca\u011f\u0131z.&#8221; de\u011ferlendirmesinde bulundu.<\/p>\n<p>Zelenskiy, Ukrayna&#8217;n\u0131n NATO&#8217;ya kat\u0131lmas\u0131 davetinin m\u00fcttefik bir karar oldu\u011funu ve hen\u00fcz t\u00fcm liderlerin bunu desteklemedi\u011fini, dolay\u0131s\u0131yla bu y\u00f6ndeki \u00e7abalar\u0131n devam edece\u011fini aktard\u0131.<\/p>\n","protected":false},"excerpt":{"rendered":"<p>Ukrayna-Rusya sava\u015f\u0131 devam ederken, Zelenskiy NATO hedefinde \u0131srarl\u0131. Ukrayna Devlet Ba\u015fkanl\u0131\u011f\u0131 Ofisinden yap\u0131lan yaz\u0131l\u0131 a\u00e7\u0131klamaya g\u00f6re, Zelenskiy, Almanya&#8217;da d\u00fczenlenen 60&#8217;\u0131nc\u0131 M\u00fcnih G\u00fcvenlik Konferans\u0131&#8217;nda (MSC 2024) bir konu\u015fma yapt\u0131. Ukrayna birliklerinin Donetsk b\u00f6lgesindeki Avdiyivka kentinden \u00e7ekilme karar\u0131n\u0131n mant\u0131kl\u0131 ve adil oldu\u011funu, \u00e7\u00fcnk\u00fc bunun gerekli silah gelene kadar Ukraynal\u0131lar\u0131n hayatlar\u0131n\u0131 korudu\u011funu aktaran Zelenskiy, &#8220;\u0130nsanlar\u0131m\u0131z\u0131, askerlerimizi koruyoruz, \u00e7\u00fcnk\u00fc<\/p>\n","protected":false},"author":1,"featured_media":30341,"comment_status":"open","ping_status":"open","sticky":false,"template":"","format":"standard","meta":{"footnotes":""},"categories":[85],"tags":[],"class_list":["post-30340","post","type-post","status-publish","format-standard","has-post-thumbnail","hentry","category-spor"],"yoast_head":"<!-- This site is optimized with the Yoast SEO plugin v27.4 - https:\/\/yoast.com\/product\/yoast-seo-wordpress\/ -->\n<title>Zelenskiy &#039;hak ediyoruz&#039; diyerek yineledi: Hedefimiz NATO&#039;ya \u00fcye olmak -<\/title>\n<meta name=\"robots\" content=\"index, follow, max-snippet:-1, max-image-preview:large, max-video-preview:-1\" \/>\n<link rel=\"canonical\" href=\"https:\/\/kibrisdakik.com\/?p=30340\" \/>\n<meta property=\"og:locale\" content=\"tr_TR\" \/>\n<meta property=\"og:type\" content=\"article\" \/>\n<meta property=\"og:title\" content=\"Zelenskiy &#039;hak ediyoruz&#039; diyerek yineledi: Hedefimiz NATO&#039;ya \u00fcye olmak -\" \/>\n<meta property=\"og:description\" content=\"Ukrayna-Rusya sava\u015f\u0131 devam ederken, Zelenskiy NATO hedefinde \u0131srarl\u0131. Ukrayna Devlet Ba\u015fkanl\u0131\u011f\u0131 Ofisinden yap\u0131lan yaz\u0131l\u0131 a\u00e7\u0131klamaya g\u00f6re, Zelenskiy, Almanya&#8217;da d\u00fczenlenen 60&#8217;\u0131nc\u0131 M\u00fcnih G\u00fcvenlik Konferans\u0131&#8217;nda (MSC 2024) bir konu\u015fma yapt\u0131. Ukrayna birliklerinin Donetsk b\u00f6lgesindeki Avdiyivka kentinden \u00e7ekilme karar\u0131n\u0131n mant\u0131kl\u0131 ve adil oldu\u011funu, \u00e7\u00fcnk\u00fc bunun gerekli silah gelene kadar Ukraynal\u0131lar\u0131n hayatlar\u0131n\u0131 korudu\u011funu aktaran Zelenskiy, &#8220;\u0130nsanlar\u0131m\u0131z\u0131, askerlerimizi koruyoruz, \u00e7\u00fcnk\u00fc\" \/>\n<meta property=\"og:url\" content=\"https:\/\/kibrisdakik.com\/?p=30340\" \/>\n<meta property=\"article:published_time\" content=\"2024-02-17T16:37:54+00:00\" \/>\n<meta property=\"og:image\" content=\"https:\/\/kibrisdakik.com\/wp-content\/uploads\/2024\/02\/zelenskiy-hak-ediyoruz-diyerek-yineledi-hedefimiz-natoya-uye-olmak-17081864594971_1-740x420.jpg\" \/>\n\t<meta property=\"og:image:width\" content=\"822\" \/>\n\t<meta property=\"og:image:height\" content=\"532\" \/>\n\t<meta property=\"og:image:type\" content=\"image\/jpeg\" \/>\n<meta name=\"author\" content=\"admin\" \/>\n<meta name=\"twitter:card\" content=\"summary_large_image\" \/>\n<meta name=\"twitter:label1\" content=\"Yazan:\" \/>\n\t<meta name=\"twitter:data1\" content=\"admin\" \/>\n\t<meta name=\"twitter:label2\" content=\"Tahmini okuma s\u00fcresi\" \/>\n\t<meta name=\"twitter:data2\" content=\"2 dakika\" \/>\n<script type=\"application\/ld+json\" class=\"yoast-schema-graph\">{\"@context\":\"https:\\\/\\\/schema.org\",\"@graph\":[{\"@type\":\"Article\",\"@id\":\"https:\\\/\\\/kibrisdakik.com\\\/?p=30340#article\",\"isPartOf\":{\"@id\":\"https:\\\/\\\/kibrisdakik.com\\\/?p=30340\"},\"author\":{\"name\":\"admin\",\"@id\":\"https:\\\/\\\/kibrisdakik.com\\\/#\\\/schema\\\/person\\\/9cd9d437bbb44f72b73ba127e06d8e79\"},\"headline\":\"Zelenskiy &#039;hak ediyoruz&#039; diyerek yineledi: Hedefimiz NATO&#039;ya \u00fcye olmak\",\"datePublished\":\"2024-02-17T16:37:54+00:00\",\"mainEntityOfPage\":{\"@id\":\"https:\\\/\\\/kibrisdakik.com\\\/?p=30340\"},\"wordCount\":396,\"commentCount\":0,\"image\":{\"@id\":\"https:\\\/\\\/kibrisdakik.com\\\/?p=30340#primaryimage\"},\"thumbnailUrl\":\"https:\\\/\\\/kibrisdakik.com\\\/wp-content\\\/uploads\\\/2024\\\/02\\\/zelenskiy-hak-ediyoruz-diyerek-yineledi-hedefimiz-natoya-uye-olmak-17081864594971_1-740x420.jpg\",\"articleSection\":[\"Spor\"],\"inLanguage\":\"tr\",\"potentialAction\":[{\"@type\":\"CommentAction\",\"name\":\"Comment\",\"target\":[\"https:\\\/\\\/kibrisdakik.com\\\/?p=30340#respond\"]}]},{\"@type\":\"WebPage\",\"@id\":\"https:\\\/\\\/kibrisdakik.com\\\/?p=30340\",\"url\":\"https:\\\/\\\/kibrisdakik.com\\\/?p=30340\",\"name\":\"Zelenskiy &#039;hak ediyoruz&#039; diyerek yineledi: Hedefimiz NATO&#039;ya \u00fcye olmak -\",\"isPartOf\":{\"@id\":\"https:\\\/\\\/kibrisdakik.com\\\/#website\"},\"primaryImageOfPage\":{\"@id\":\"https:\\\/\\\/kibrisdakik.com\\\/?p=30340#primaryimage\"},\"image\":{\"@id\":\"https:\\\/\\\/kibrisdakik.com\\\/?p=30340#primaryimage\"},\"thumbnailUrl\":\"https:\\\/\\\/kibrisdakik.com\\\/wp-content\\\/uploads\\\/2024\\\/02\\\/zelenskiy-hak-ediyoruz-diyerek-yineledi-hedefimiz-natoya-uye-olmak-17081864594971_1-740x420.jpg\",\"datePublished\":\"2024-02-17T16:37:54+00:00\",\"author\":{\"@id\":\"https:\\\/\\\/kibrisdakik.com\\\/#\\\/schema\\\/person\\\/9cd9d437bbb44f72b73ba127e06d8e79\"},\"breadcrumb\":{\"@id\":\"https:\\\/\\\/kibrisdakik.com\\\/?p=30340#breadcrumb\"},\"inLanguage\":\"tr\",\"potentialAction\":[{\"@type\":\"ReadAction\",\"target\":[\"https:\\\/\\\/kibrisdakik.com\\\/?p=30340\"]}]},{\"@type\":\"ImageObject\",\"inLanguage\":\"tr\",\"@id\":\"https:\\\/\\\/kibrisdakik.com\\\/?p=30340#primaryimage\",\"url\":\"https:\\\/\\\/kibrisdakik.com\\\/wp-content\\\/uploads\\\/2024\\\/02\\\/zelenskiy-hak-ediyoruz-diyerek-yineledi-hedefimiz-natoya-uye-olmak-17081864594971_1-740x420.jpg\",\"contentUrl\":\"https:\\\/\\\/kibrisdakik.com\\\/wp-content\\\/uploads\\\/2024\\\/02\\\/zelenskiy-hak-ediyoruz-diyerek-yineledi-hedefimiz-natoya-uye-olmak-17081864594971_1-740x420.jpg\",\"width\":822,\"height\":532},{\"@type\":\"BreadcrumbList\",\"@id\":\"https:\\\/\\\/kibrisdakik.com\\\/?p=30340#breadcrumb\",\"itemListElement\":[{\"@type\":\"ListItem\",\"position\":1,\"name\":\"Home\",\"item\":\"https:\\\/\\\/kibrisdakik.com\\\/\"},{\"@type\":\"ListItem\",\"position\":2,\"name\":\"Zelenskiy &#039;hak ediyoruz&#039; diyerek yineledi: Hedefimiz NATO&#039;ya \u00fcye olmak\"}]},{\"@type\":\"WebSite\",\"@id\":\"https:\\\/\\\/kibrisdakik.com\\\/#website\",\"url\":\"https:\\\/\\\/kibrisdakik.com\\\/\",\"name\":\"\",\"description\":\"Tam vaktinde haber\",\"potentialAction\":[{\"@type\":\"SearchAction\",\"target\":{\"@type\":\"EntryPoint\",\"urlTemplate\":\"https:\\\/\\\/kibrisdakik.com\\\/?s={search_term_string}\"},\"query-input\":{\"@type\":\"PropertyValueSpecification\",\"valueRequired\":true,\"valueName\":\"search_term_string\"}}],\"inLanguage\":\"tr\"},{\"@type\":\"Person\",\"@id\":\"https:\\\/\\\/kibrisdakik.com\\\/#\\\/schema\\\/person\\\/9cd9d437bbb44f72b73ba127e06d8e79\",\"name\":\"admin\",\"image\":{\"@type\":\"ImageObject\",\"inLanguage\":\"tr\",\"@id\":\"https:\\\/\\\/secure.gravatar.com\\\/avatar\\\/ccc17943b9d660506c869530f897617f7cb1c21a4bf30023f252596d83e1f007?s=96&d=mm&r=g\",\"url\":\"https:\\\/\\\/secure.gravatar.com\\\/avatar\\\/ccc17943b9d660506c869530f897617f7cb1c21a4bf30023f252596d83e1f007?s=96&d=mm&r=g\",\"contentUrl\":\"https:\\\/\\\/secure.gravatar.com\\\/avatar\\\/ccc17943b9d660506c869530f897617f7cb1c21a4bf30023f252596d83e1f007?s=96&d=mm&r=g\",\"caption\":\"admin\"},\"sameAs\":[\"https:\\\/\\\/kibrisdakik.com\"],\"url\":\"https:\\\/\\\/kibrisdakik.com\\\/?author=1\"}]}<\/script>\n<!-- \/ Yoast SEO plugin. -->","yoast_head_json":{"title":"Zelenskiy &#039;hak ediyoruz&#039; diyerek yineledi: Hedefimiz NATO&#039;ya \u00fcye olmak -","robots":{"index":"index","follow":"follow","max-snippet":"max-snippet:-1","max-image-preview":"max-image-preview:large","max-video-preview":"max-video-preview:-1"},"canonical":"https:\/\/kibrisdakik.com\/?p=30340","og_locale":"tr_TR","og_type":"article","og_title":"Zelenskiy &#039;hak ediyoruz&#039; diyerek yineledi: Hedefimiz NATO&#039;ya \u00fcye olmak -","og_description":"Ukrayna-Rusya sava\u015f\u0131 devam ederken, Zelenskiy NATO hedefinde \u0131srarl\u0131. Ukrayna Devlet Ba\u015fkanl\u0131\u011f\u0131 Ofisinden yap\u0131lan yaz\u0131l\u0131 a\u00e7\u0131klamaya g\u00f6re, Zelenskiy, Almanya&#8217;da d\u00fczenlenen 60&#8217;\u0131nc\u0131 M\u00fcnih G\u00fcvenlik Konferans\u0131&#8217;nda (MSC 2024) bir konu\u015fma yapt\u0131. Ukrayna birliklerinin Donetsk b\u00f6lgesindeki Avdiyivka kentinden \u00e7ekilme karar\u0131n\u0131n mant\u0131kl\u0131 ve adil oldu\u011funu, \u00e7\u00fcnk\u00fc bunun gerekli silah gelene kadar Ukraynal\u0131lar\u0131n hayatlar\u0131n\u0131 korudu\u011funu aktaran Zelenskiy, &#8220;\u0130nsanlar\u0131m\u0131z\u0131, askerlerimizi koruyoruz, \u00e7\u00fcnk\u00fc","og_url":"https:\/\/kibrisdakik.com\/?p=30340","article_published_time":"2024-02-17T16:37:54+00:00","og_image":[{"width":822,"height":532,"url":"https:\/\/kibrisdakik.com\/wp-content\/uploads\/2024\/02\/zelenskiy-hak-ediyoruz-diyerek-yineledi-hedefimiz-natoya-uye-olmak-17081864594971_1-740x420.jpg","type":"image\/jpeg"}],"author":"admin","twitter_card":"summary_large_image","twitter_misc":{"Yazan:":"admin","Tahmini okuma s\u00fcresi":"2 dakika"},"schema":{"@context":"https:\/\/schema.org","@graph":[{"@type":"Article","@id":"https:\/\/kibrisdakik.com\/?p=30340#article","isPartOf":{"@id":"https:\/\/kibrisdakik.com\/?p=30340"},"author":{"name":"admin","@id":"https:\/\/kibrisdakik.com\/#\/schema\/person\/9cd9d437bbb44f72b73ba127e06d8e79"},"headline":"Zelenskiy &#039;hak ediyoruz&#039; diyerek yineledi: Hedefimiz NATO&#039;ya \u00fcye olmak","datePublished":"2024-02-17T16:37:54+00:00","mainEntityOfPage":{"@id":"https:\/\/kibrisdakik.com\/?p=30340"},"wordCount":396,"commentCount":0,"image":{"@id":"https:\/\/kibrisdakik.com\/?p=30340#primaryimage"},"thumbnailUrl":"https:\/\/kibrisdakik.com\/wp-content\/uploads\/2024\/02\/zelenskiy-hak-ediyoruz-diyerek-yineledi-hedefimiz-natoya-uye-olmak-17081864594971_1-740x420.jpg","articleSection":["Spor"],"inLanguage":"tr","potentialAction":[{"@type":"CommentAction","name":"Comment","target":["https:\/\/kibrisdakik.com\/?p=30340#respond"]}]},{"@type":"WebPage","@id":"https:\/\/kibrisdakik.com\/?p=30340","url":"https:\/\/kibrisdakik.com\/?p=30340","name":"Zelenskiy &#039;hak ediyoruz&#039; diyerek yineledi: Hedefimiz NATO&#039;ya \u00fcye olmak -","isPartOf":{"@id":"https:\/\/kibrisdakik.com\/#website"},"primaryImageOfPage":{"@id":"https:\/\/kibrisdakik.com\/?p=30340#primaryimage"},"image":{"@id":"https:\/\/kibrisdakik.com\/?p=30340#primaryimage"},"thumbnailUrl":"https:\/\/kibrisdakik.com\/wp-content\/uploads\/2024\/02\/zelenskiy-hak-ediyoruz-diyerek-yineledi-hedefimiz-natoya-uye-olmak-17081864594971_1-740x420.jpg","datePublished":"2024-02-17T16:37:54+00:00","author":{"@id":"https:\/\/kibrisdakik.com\/#\/schema\/person\/9cd9d437bbb44f72b73ba127e06d8e79"},"breadcrumb":{"@id":"https:\/\/kibrisdakik.com\/?p=30340#breadcrumb"},"inLanguage":"tr","potentialAction":[{"@type":"ReadAction","target":["https:\/\/kibrisdakik.com\/?p=30340"]}]},{"@type":"ImageObject","inLanguage":"tr","@id":"https:\/\/kibrisdakik.com\/?p=30340#primaryimage","url":"https:\/\/kibrisdakik.com\/wp-content\/uploads\/2024\/02\/zelenskiy-hak-ediyoruz-diyerek-yineledi-hedefimiz-natoya-uye-olmak-17081864594971_1-740x420.jpg","contentUrl":"https:\/\/kibrisdakik.com\/wp-content\/uploads\/2024\/02\/zelenskiy-hak-ediyoruz-diyerek-yineledi-hedefimiz-natoya-uye-olmak-17081864594971_1-740x420.jpg","width":822,"height":532},{"@type":"BreadcrumbList","@id":"https:\/\/kibrisdakik.com\/?p=30340#breadcrumb","itemListElement":[{"@type":"ListItem","position":1,"name":"Home","item":"https:\/\/kibrisdakik.com\/"},{"@type":"ListItem","position":2,"name":"Zelenskiy &#039;hak ediyoruz&#039; diyerek yineledi: Hedefimiz NATO&#039;ya \u00fcye olmak"}]},{"@type":"WebSite","@id":"https:\/\/kibrisdakik.com\/#website","url":"https:\/\/kibrisdakik.com\/","name":"","description":"Tam vaktinde haber","potentialAction":[{"@type":"SearchAction","target":{"@type":"EntryPoint","urlTemplate":"https:\/\/kibrisdakik.com\/?s={search_term_string}"},"query-input":{"@type":"PropertyValueSpecification","valueRequired":true,"valueName":"search_term_string"}}],"inLanguage":"tr"},{"@type":"Person","@id":"https:\/\/kibrisdakik.com\/#\/schema\/person\/9cd9d437bbb44f72b73ba127e06d8e79","name":"admin","image":{"@type":"ImageObject","inLanguage":"tr","@id":"https:\/\/secure.gravatar.com\/avatar\/ccc17943b9d660506c869530f897617f7cb1c21a4bf30023f252596d83e1f007?s=96&d=mm&r=g","url":"https:\/\/secure.gravatar.com\/avatar\/ccc17943b9d660506c869530f897617f7cb1c21a4bf30023f252596d83e1f007?s=96&d=mm&r=g","contentUrl":"https:\/\/secure.gravatar.com\/avatar\/ccc17943b9d660506c869530f897617f7cb1c21a4bf30023f252596d83e1f007?s=96&d=mm&r=g","caption":"admin"},"sameAs":["https:\/\/kibrisdakik.com"],"url":"https:\/\/kibrisdakik.com\/?author=1"}]}},"_links":{"self":[{"href":"https:\/\/kibrisdakik.com\/index.php?rest_route=\/wp\/v2\/posts\/30340","targetHints":{"allow":["GET"]}}],"collection":[{"href":"https:\/\/kibrisdakik.com\/index.php?rest_route=\/wp\/v2\/posts"}],"about":[{"href":"https:\/\/kibrisdakik.com\/index.php?rest_route=\/wp\/v2\/types\/post"}],"author":[{"embeddable":true,"href":"https:\/\/kibrisdakik.com\/index.php?rest_route=\/wp\/v2\/users\/1"}],"replies":[{"embeddable":true,"href":"https:\/\/kibrisdakik.com\/index.php?rest_route=%2Fwp%2Fv2%2Fcomments&post=30340"}],"version-history":[{"count":0,"href":"https:\/\/kibrisdakik.com\/index.php?rest_route=\/wp\/v2\/posts\/30340\/revisions"}],"wp:featuredmedia":[{"embeddable":true,"href":"https:\/\/kibrisdakik.com\/index.php?rest_route=\/wp\/v2\/media\/30341"}],"wp:attachment":[{"href":"https:\/\/kibrisdakik.com\/index.php?rest_route=%2Fwp%2Fv2%2Fmedia&parent=30340"}],"wp:term":[{"taxonomy":"category","embeddable":true,"href":"https:\/\/kibrisdakik.com\/index.php?rest_route=%2Fwp%2Fv2%2Fcategories&post=30340"},{"taxonomy":"post_tag","embeddable":true,"href":"https:\/\/kibrisdakik.com\/index.php?rest_route=%2Fwp%2Fv2%2Ftags&post=30340"}],"curies":[{"name":"wp","href":"https:\/\/api.w.org\/{rel}","templated":true}]}}