{"id":30364,"date":"2024-02-17T21:32:50","date_gmt":"2024-02-17T21:32:50","guid":{"rendered":"https:\/\/kibrisdakik.com\/index.php\/2024\/02\/17\/kayganlasan-yolda-otomobil-takla-atti-1-yarali\/"},"modified":"2024-02-17T21:32:50","modified_gmt":"2024-02-17T21:32:50","slug":"kayganlasan-yolda-otomobil-takla-atti-1-yarali","status":"publish","type":"post","link":"https:\/\/kibrisdakik.com\/?p=30364","title":{"rendered":"Kayganla\u015fan yolda otomobil takla att\u0131: 1 yaral\u0131"},"content":{"rendered":"<p><img decoding=\"async\" src=\"https:\/\/www.kibristurk.com\/images\/haberler\/2024\/02\/kayganlasan-yolda-otomobil-takla-atti-1-yarali-1708204706.webp\" \/><\/p>\n<p>Edinilen bilgiye g\u00f6re kaza, d\u00fcn saat 21.30 s\u0131ralar\u0131nda&nbsp;Bursa-Ankara kara yolu \u00fczeri \u0130neg\u00f6l giri\u015finde meydana geldi.<\/p>\n<p>\u0130neg\u00f6l&#8217;den Eski\u015fehir istikametine seyir halinde olan E\u015fref A. (22) y\u00f6netimindeki otomobil, ya\u011f\u0131\u015f nedeniyle kayganla\u015fan yolda direksiyon hakimiyetinin kaybolmas\u0131 sonucu kald\u0131r\u0131ma \u00e7arparak takla att\u0131.<\/p>\n<p>Kaza sonucu yaralanan s\u00fcr\u00fcc\u00fcye ilk m\u00fcdahaleyi haber verilmesi \u00fczerine kaza yerine gelen 112 Acil Servis ekibi yapt\u0131.<\/p>\n<p>Yaral\u0131 s\u00fcr\u00fcc\u00fc, ambulansla \u0130neg\u00f6l Devlet Hastanesine kald\u0131r\u0131larak tedavi alt\u0131na al\u0131nd\u0131.<\/p>\n<p>Polis kazayla ilgili inceleme ba\u015flatt\u0131.<\/p>\n","protected":false},"excerpt":{"rendered":"<p>Edinilen bilgiye g\u00f6re kaza, d\u00fcn saat 21.30 s\u0131ralar\u0131nda&nbsp;Bursa-Ankara kara yolu \u00fczeri \u0130neg\u00f6l giri\u015finde meydana geldi. \u0130neg\u00f6l&#8217;den Eski\u015fehir istikametine seyir halinde olan E\u015fref A. (22) y\u00f6netimindeki otomobil, ya\u011f\u0131\u015f nedeniyle kayganla\u015fan yolda direksiyon hakimiyetinin kaybolmas\u0131 sonucu kald\u0131r\u0131ma \u00e7arparak takla att\u0131. Kaza sonucu yaralanan s\u00fcr\u00fcc\u00fcye ilk m\u00fcdahaleyi haber verilmesi \u00fczerine kaza yerine gelen 112 Acil Servis ekibi yapt\u0131.<\/p>\n","protected":false},"author":1,"featured_media":30365,"comment_status":"open","ping_status":"open","sticky":false,"template":"","format":"standard","meta":{"footnotes":""},"categories":[1],"tags":[],"class_list":["post-30364","post","type-post","status-publish","format-standard","has-post-thumbnail","hentry","category-gundem"],"yoast_head":"<!-- This site is optimized with the Yoast SEO plugin v27.5 - https:\/\/yoast.com\/product\/yoast-seo-wordpress\/ -->\n<title>Kayganla\u015fan yolda otomobil takla att\u0131: 1 yaral\u0131 -<\/title>\n<meta name=\"robots\" content=\"index, follow, max-snippet:-1, max-image-preview:large, max-video-preview:-1\" \/>\n<link rel=\"canonical\" href=\"https:\/\/kibrisdakik.com\/?p=30364\" \/>\n<meta property=\"og:locale\" content=\"tr_TR\" \/>\n<meta property=\"og:type\" content=\"article\" \/>\n<meta property=\"og:title\" content=\"Kayganla\u015fan yolda otomobil takla att\u0131: 1 yaral\u0131 -\" \/>\n<meta property=\"og:description\" content=\"Edinilen bilgiye g\u00f6re kaza, d\u00fcn saat 21.30 s\u0131ralar\u0131nda&nbsp;Bursa-Ankara kara yolu \u00fczeri \u0130neg\u00f6l giri\u015finde meydana geldi. \u0130neg\u00f6l&#8217;den Eski\u015fehir istikametine seyir halinde olan E\u015fref A. (22) y\u00f6netimindeki otomobil, ya\u011f\u0131\u015f nedeniyle kayganla\u015fan yolda direksiyon hakimiyetinin kaybolmas\u0131 sonucu kald\u0131r\u0131ma \u00e7arparak takla att\u0131. Kaza sonucu yaralanan s\u00fcr\u00fcc\u00fcye ilk m\u00fcdahaleyi haber verilmesi \u00fczerine kaza yerine gelen 112 Acil Servis ekibi yapt\u0131.\" \/>\n<meta property=\"og:url\" content=\"https:\/\/kibrisdakik.com\/?p=30364\" \/>\n<meta property=\"article:published_time\" content=\"2024-02-17T21:32:50+00:00\" \/>\n<meta property=\"og:image\" content=\"https:\/\/kibrisdakik.com\/wp-content\/uploads\/2024\/02\/kayganlasan-yolda-otomobil-takla-atti-1-yarali-1708204706.webp.webp\" \/>\n\t<meta property=\"og:image:width\" content=\"710\" \/>\n\t<meta property=\"og:image:height\" content=\"370\" \/>\n\t<meta property=\"og:image:type\" content=\"image\/webp\" \/>\n<meta name=\"author\" content=\"admin\" \/>\n<meta name=\"twitter:card\" content=\"summary_large_image\" \/>\n<meta name=\"twitter:label1\" content=\"Yazan:\" \/>\n\t<meta name=\"twitter:data1\" content=\"admin\" \/>\n<script type=\"application\/ld+json\" class=\"yoast-schema-graph\">{\"@context\":\"https:\\\/\\\/schema.org\",\"@graph\":[{\"@type\":\"Article\",\"@id\":\"https:\\\/\\\/kibrisdakik.com\\\/?p=30364#article\",\"isPartOf\":{\"@id\":\"https:\\\/\\\/kibrisdakik.com\\\/?p=30364\"},\"author\":{\"name\":\"admin\",\"@id\":\"https:\\\/\\\/kibrisdakik.com\\\/#\\\/schema\\\/person\\\/9cd9d437bbb44f72b73ba127e06d8e79\"},\"headline\":\"Kayganla\u015fan yolda otomobil takla att\u0131: 1 yaral\u0131\",\"datePublished\":\"2024-02-17T21:32:50+00:00\",\"mainEntityOfPage\":{\"@id\":\"https:\\\/\\\/kibrisdakik.com\\\/?p=30364\"},\"wordCount\":101,\"commentCount\":0,\"image\":{\"@id\":\"https:\\\/\\\/kibrisdakik.com\\\/?p=30364#primaryimage\"},\"thumbnailUrl\":\"https:\\\/\\\/kibrisdakik.com\\\/wp-content\\\/uploads\\\/2024\\\/02\\\/kayganlasan-yolda-otomobil-takla-atti-1-yarali-1708204706.webp.webp\",\"articleSection\":[\"G\u00fcndem\"],\"inLanguage\":\"tr\",\"potentialAction\":[{\"@type\":\"CommentAction\",\"name\":\"Comment\",\"target\":[\"https:\\\/\\\/kibrisdakik.com\\\/?p=30364#respond\"]}]},{\"@type\":\"WebPage\",\"@id\":\"https:\\\/\\\/kibrisdakik.com\\\/?p=30364\",\"url\":\"https:\\\/\\\/kibrisdakik.com\\\/?p=30364\",\"name\":\"Kayganla\u015fan yolda otomobil takla att\u0131: 1 yaral\u0131 -\",\"isPartOf\":{\"@id\":\"https:\\\/\\\/kibrisdakik.com\\\/#website\"},\"primaryImageOfPage\":{\"@id\":\"https:\\\/\\\/kibrisdakik.com\\\/?p=30364#primaryimage\"},\"image\":{\"@id\":\"https:\\\/\\\/kibrisdakik.com\\\/?p=30364#primaryimage\"},\"thumbnailUrl\":\"https:\\\/\\\/kibrisdakik.com\\\/wp-content\\\/uploads\\\/2024\\\/02\\\/kayganlasan-yolda-otomobil-takla-atti-1-yarali-1708204706.webp.webp\",\"datePublished\":\"2024-02-17T21:32:50+00:00\",\"author\":{\"@id\":\"https:\\\/\\\/kibrisdakik.com\\\/#\\\/schema\\\/person\\\/9cd9d437bbb44f72b73ba127e06d8e79\"},\"breadcrumb\":{\"@id\":\"https:\\\/\\\/kibrisdakik.com\\\/?p=30364#breadcrumb\"},\"inLanguage\":\"tr\",\"potentialAction\":[{\"@type\":\"ReadAction\",\"target\":[\"https:\\\/\\\/kibrisdakik.com\\\/?p=30364\"]}]},{\"@type\":\"ImageObject\",\"inLanguage\":\"tr\",\"@id\":\"https:\\\/\\\/kibrisdakik.com\\\/?p=30364#primaryimage\",\"url\":\"https:\\\/\\\/kibrisdakik.com\\\/wp-content\\\/uploads\\\/2024\\\/02\\\/kayganlasan-yolda-otomobil-takla-atti-1-yarali-1708204706.webp.webp\",\"contentUrl\":\"https:\\\/\\\/kibrisdakik.com\\\/wp-content\\\/uploads\\\/2024\\\/02\\\/kayganlasan-yolda-otomobil-takla-atti-1-yarali-1708204706.webp.webp\",\"width\":710,\"height\":370},{\"@type\":\"BreadcrumbList\",\"@id\":\"https:\\\/\\\/kibrisdakik.com\\\/?p=30364#breadcrumb\",\"itemListElement\":[{\"@type\":\"ListItem\",\"position\":1,\"name\":\"Home\",\"item\":\"https:\\\/\\\/kibrisdakik.com\\\/\"},{\"@type\":\"ListItem\",\"position\":2,\"name\":\"Kayganla\u015fan yolda otomobil takla att\u0131: 1 yaral\u0131\"}]},{\"@type\":\"WebSite\",\"@id\":\"https:\\\/\\\/kibrisdakik.com\\\/#website\",\"url\":\"https:\\\/\\\/kibrisdakik.com\\\/\",\"name\":\"\",\"description\":\"Tam vaktinde haber\",\"potentialAction\":[{\"@type\":\"SearchAction\",\"target\":{\"@type\":\"EntryPoint\",\"urlTemplate\":\"https:\\\/\\\/kibrisdakik.com\\\/?s={search_term_string}\"},\"query-input\":{\"@type\":\"PropertyValueSpecification\",\"valueRequired\":true,\"valueName\":\"search_term_string\"}}],\"inLanguage\":\"tr\"},{\"@type\":\"Person\",\"@id\":\"https:\\\/\\\/kibrisdakik.com\\\/#\\\/schema\\\/person\\\/9cd9d437bbb44f72b73ba127e06d8e79\",\"name\":\"admin\",\"image\":{\"@type\":\"ImageObject\",\"inLanguage\":\"tr\",\"@id\":\"https:\\\/\\\/secure.gravatar.com\\\/avatar\\\/ccc17943b9d660506c869530f897617f7cb1c21a4bf30023f252596d83e1f007?s=96&d=mm&r=g\",\"url\":\"https:\\\/\\\/secure.gravatar.com\\\/avatar\\\/ccc17943b9d660506c869530f897617f7cb1c21a4bf30023f252596d83e1f007?s=96&d=mm&r=g\",\"contentUrl\":\"https:\\\/\\\/secure.gravatar.com\\\/avatar\\\/ccc17943b9d660506c869530f897617f7cb1c21a4bf30023f252596d83e1f007?s=96&d=mm&r=g\",\"caption\":\"admin\"},\"sameAs\":[\"https:\\\/\\\/kibrisdakik.com\"],\"url\":\"https:\\\/\\\/kibrisdakik.com\\\/?author=1\"}]}<\/script>\n<!-- \/ Yoast SEO plugin. -->","yoast_head_json":{"title":"Kayganla\u015fan yolda otomobil takla att\u0131: 1 yaral\u0131 -","robots":{"index":"index","follow":"follow","max-snippet":"max-snippet:-1","max-image-preview":"max-image-preview:large","max-video-preview":"max-video-preview:-1"},"canonical":"https:\/\/kibrisdakik.com\/?p=30364","og_locale":"tr_TR","og_type":"article","og_title":"Kayganla\u015fan yolda otomobil takla att\u0131: 1 yaral\u0131 -","og_description":"Edinilen bilgiye g\u00f6re kaza, d\u00fcn saat 21.30 s\u0131ralar\u0131nda&nbsp;Bursa-Ankara kara yolu \u00fczeri \u0130neg\u00f6l giri\u015finde meydana geldi. \u0130neg\u00f6l&#8217;den Eski\u015fehir istikametine seyir halinde olan E\u015fref A. (22) y\u00f6netimindeki otomobil, ya\u011f\u0131\u015f nedeniyle kayganla\u015fan yolda direksiyon hakimiyetinin kaybolmas\u0131 sonucu kald\u0131r\u0131ma \u00e7arparak takla att\u0131. Kaza sonucu yaralanan s\u00fcr\u00fcc\u00fcye ilk m\u00fcdahaleyi haber verilmesi \u00fczerine kaza yerine gelen 112 Acil Servis ekibi yapt\u0131.","og_url":"https:\/\/kibrisdakik.com\/?p=30364","article_published_time":"2024-02-17T21:32:50+00:00","og_image":[{"width":710,"height":370,"url":"https:\/\/kibrisdakik.com\/wp-content\/uploads\/2024\/02\/kayganlasan-yolda-otomobil-takla-atti-1-yarali-1708204706.webp.webp","type":"image\/webp"}],"author":"admin","twitter_card":"summary_large_image","twitter_misc":{"Yazan:":"admin"},"schema":{"@context":"https:\/\/schema.org","@graph":[{"@type":"Article","@id":"https:\/\/kibrisdakik.com\/?p=30364#article","isPartOf":{"@id":"https:\/\/kibrisdakik.com\/?p=30364"},"author":{"name":"admin","@id":"https:\/\/kibrisdakik.com\/#\/schema\/person\/9cd9d437bbb44f72b73ba127e06d8e79"},"headline":"Kayganla\u015fan yolda otomobil takla att\u0131: 1 yaral\u0131","datePublished":"2024-02-17T21:32:50+00:00","mainEntityOfPage":{"@id":"https:\/\/kibrisdakik.com\/?p=30364"},"wordCount":101,"commentCount":0,"image":{"@id":"https:\/\/kibrisdakik.com\/?p=30364#primaryimage"},"thumbnailUrl":"https:\/\/kibrisdakik.com\/wp-content\/uploads\/2024\/02\/kayganlasan-yolda-otomobil-takla-atti-1-yarali-1708204706.webp.webp","articleSection":["G\u00fcndem"],"inLanguage":"tr","potentialAction":[{"@type":"CommentAction","name":"Comment","target":["https:\/\/kibrisdakik.com\/?p=30364#respond"]}]},{"@type":"WebPage","@id":"https:\/\/kibrisdakik.com\/?p=30364","url":"https:\/\/kibrisdakik.com\/?p=30364","name":"Kayganla\u015fan yolda otomobil takla att\u0131: 1 yaral\u0131 -","isPartOf":{"@id":"https:\/\/kibrisdakik.com\/#website"},"primaryImageOfPage":{"@id":"https:\/\/kibrisdakik.com\/?p=30364#primaryimage"},"image":{"@id":"https:\/\/kibrisdakik.com\/?p=30364#primaryimage"},"thumbnailUrl":"https:\/\/kibrisdakik.com\/wp-content\/uploads\/2024\/02\/kayganlasan-yolda-otomobil-takla-atti-1-yarali-1708204706.webp.webp","datePublished":"2024-02-17T21:32:50+00:00","author":{"@id":"https:\/\/kibrisdakik.com\/#\/schema\/person\/9cd9d437bbb44f72b73ba127e06d8e79"},"breadcrumb":{"@id":"https:\/\/kibrisdakik.com\/?p=30364#breadcrumb"},"inLanguage":"tr","potentialAction":[{"@type":"ReadAction","target":["https:\/\/kibrisdakik.com\/?p=30364"]}]},{"@type":"ImageObject","inLanguage":"tr","@id":"https:\/\/kibrisdakik.com\/?p=30364#primaryimage","url":"https:\/\/kibrisdakik.com\/wp-content\/uploads\/2024\/02\/kayganlasan-yolda-otomobil-takla-atti-1-yarali-1708204706.webp.webp","contentUrl":"https:\/\/kibrisdakik.com\/wp-content\/uploads\/2024\/02\/kayganlasan-yolda-otomobil-takla-atti-1-yarali-1708204706.webp.webp","width":710,"height":370},{"@type":"BreadcrumbList","@id":"https:\/\/kibrisdakik.com\/?p=30364#breadcrumb","itemListElement":[{"@type":"ListItem","position":1,"name":"Home","item":"https:\/\/kibrisdakik.com\/"},{"@type":"ListItem","position":2,"name":"Kayganla\u015fan yolda otomobil takla att\u0131: 1 yaral\u0131"}]},{"@type":"WebSite","@id":"https:\/\/kibrisdakik.com\/#website","url":"https:\/\/kibrisdakik.com\/","name":"","description":"Tam vaktinde haber","potentialAction":[{"@type":"SearchAction","target":{"@type":"EntryPoint","urlTemplate":"https:\/\/kibrisdakik.com\/?s={search_term_string}"},"query-input":{"@type":"PropertyValueSpecification","valueRequired":true,"valueName":"search_term_string"}}],"inLanguage":"tr"},{"@type":"Person","@id":"https:\/\/kibrisdakik.com\/#\/schema\/person\/9cd9d437bbb44f72b73ba127e06d8e79","name":"admin","image":{"@type":"ImageObject","inLanguage":"tr","@id":"https:\/\/secure.gravatar.com\/avatar\/ccc17943b9d660506c869530f897617f7cb1c21a4bf30023f252596d83e1f007?s=96&d=mm&r=g","url":"https:\/\/secure.gravatar.com\/avatar\/ccc17943b9d660506c869530f897617f7cb1c21a4bf30023f252596d83e1f007?s=96&d=mm&r=g","contentUrl":"https:\/\/secure.gravatar.com\/avatar\/ccc17943b9d660506c869530f897617f7cb1c21a4bf30023f252596d83e1f007?s=96&d=mm&r=g","caption":"admin"},"sameAs":["https:\/\/kibrisdakik.com"],"url":"https:\/\/kibrisdakik.com\/?author=1"}]}},"_links":{"self":[{"href":"https:\/\/kibrisdakik.com\/index.php?rest_route=\/wp\/v2\/posts\/30364","targetHints":{"allow":["GET"]}}],"collection":[{"href":"https:\/\/kibrisdakik.com\/index.php?rest_route=\/wp\/v2\/posts"}],"about":[{"href":"https:\/\/kibrisdakik.com\/index.php?rest_route=\/wp\/v2\/types\/post"}],"author":[{"embeddable":true,"href":"https:\/\/kibrisdakik.com\/index.php?rest_route=\/wp\/v2\/users\/1"}],"replies":[{"embeddable":true,"href":"https:\/\/kibrisdakik.com\/index.php?rest_route=%2Fwp%2Fv2%2Fcomments&post=30364"}],"version-history":[{"count":0,"href":"https:\/\/kibrisdakik.com\/index.php?rest_route=\/wp\/v2\/posts\/30364\/revisions"}],"wp:featuredmedia":[{"embeddable":true,"href":"https:\/\/kibrisdakik.com\/index.php?rest_route=\/wp\/v2\/media\/30365"}],"wp:attachment":[{"href":"https:\/\/kibrisdakik.com\/index.php?rest_route=%2Fwp%2Fv2%2Fmedia&parent=30364"}],"wp:term":[{"taxonomy":"category","embeddable":true,"href":"https:\/\/kibrisdakik.com\/index.php?rest_route=%2Fwp%2Fv2%2Fcategories&post=30364"},{"taxonomy":"post_tag","embeddable":true,"href":"https:\/\/kibrisdakik.com\/index.php?rest_route=%2Fwp%2Fv2%2Ftags&post=30364"}],"curies":[{"name":"wp","href":"https:\/\/api.w.org\/{rel}","templated":true}]}}