{"id":30386,"date":"2024-02-18T10:46:32","date_gmt":"2024-02-18T10:46:32","guid":{"rendered":"https:\/\/kibrisdakik.com\/index.php\/2024\/02\/18\/yitip-giden-kulturel-miras-sempozyumunun-ikinci-atolyesi-yapildi\/"},"modified":"2024-02-18T10:46:32","modified_gmt":"2024-02-18T10:46:32","slug":"yitip-giden-kulturel-miras-sempozyumunun-ikinci-atolyesi-yapildi","status":"publish","type":"post","link":"https:\/\/kibrisdakik.com\/?p=30386","title":{"rendered":"\u201cYitip Giden K\u00fclt\u00fcrel Miras Sempozyumu\u201dnun ikinci at\u00f6lyesi yap\u0131ld\u0131"},"content":{"rendered":"<p><img decoding=\"async\" src=\"https:\/\/www.kibristurk.com\/images\/haberler\/2024\/02\/yitip-giden-kulturel-miras-sempozyumunun-ikinci-atolyesi-yapildi-1708247998.webp\" \/><\/p>\n<p>Milli Ar\u015fiv ve Ara\u015ft\u0131rma Dairesi, K\u00fclt\u00fcrel Miras\u0131 Koruma ve Ara\u015ft\u0131rma Derne\u011fi (K\u00dcMAD) ve Alashia Terracotta Sanat Toplulu\u011fu taraf\u0131ndan 22-23 \u015eubat\u2019ta d\u00fczenlenecek \u201cYitip Giden K\u00fclt\u00fcrel Miras Sempozyumu\u201d kapsam\u0131nda ikinci at\u00f6lye \u00e7al\u0131\u015fmas\u0131 yap\u0131ld\u0131.<\/p>\n<p>Sempozyumun k\u00fcrat\u00f6r\u00fc sanat\u00e7\u0131 Ayhatun Ate\u015fin At\u00f6lyesi\u2019nde yer alan ikinci at\u00f6lyeye, Kemal Beh\u00e7et Caymaz, Birg\u00fcl Feyzio\u011flu, Fahimeh Heydari ve Ayhatun Ate\u015fin kat\u0131ld\u0131.<\/p>\n<p>Alashia Terracotta Sanat Toplulu\u011fu\u2019nun a\u00e7\u0131klamas\u0131na g\u00f6re at\u00f6lye \u00e7al\u0131\u015fmalar\u0131nda, k\u00fclt\u00fcrel miras\u0131 koruma alg\u0131s\u0131n\u0131 g\u00fc\u00e7lendirmek, tahrip edilen ve yok olup gitmekte olan k\u00fclt\u00fcrel mirasa dikkat \u00e7ekmek hedefleniyor.<\/p>\n<p>K\u00fclt\u00fcrel miras\u0131 koruma alg\u0131s\u0131n\u0131 g\u00fc\u00e7lendirme, tahrip edilen, yok olan k\u00fclt\u00fcrel mirasa dikkat \u00e7ekmeyi ama\u00e7layan sempozyum, Per\u015fembe g\u00fcn\u00fc Acapulco Hotel\u2019de saat 10.00\u2019da ba\u015flayacak ve iki g\u00fcn boyunca, 36 bildiri sunulacak.&nbsp;<\/p>\n","protected":false},"excerpt":{"rendered":"<p>Milli Ar\u015fiv ve Ara\u015ft\u0131rma Dairesi, K\u00fclt\u00fcrel Miras\u0131 Koruma ve Ara\u015ft\u0131rma Derne\u011fi (K\u00dcMAD) ve Alashia Terracotta Sanat Toplulu\u011fu taraf\u0131ndan 22-23 \u015eubat\u2019ta d\u00fczenlenecek \u201cYitip Giden K\u00fclt\u00fcrel Miras Sempozyumu\u201d kapsam\u0131nda ikinci at\u00f6lye \u00e7al\u0131\u015fmas\u0131 yap\u0131ld\u0131. Sempozyumun k\u00fcrat\u00f6r\u00fc sanat\u00e7\u0131 Ayhatun Ate\u015fin At\u00f6lyesi\u2019nde yer alan ikinci at\u00f6lyeye, Kemal Beh\u00e7et Caymaz, Birg\u00fcl Feyzio\u011flu, Fahimeh Heydari ve Ayhatun Ate\u015fin kat\u0131ld\u0131. Alashia Terracotta Sanat<\/p>\n","protected":false},"author":1,"featured_media":30387,"comment_status":"open","ping_status":"open","sticky":false,"template":"","format":"standard","meta":{"footnotes":""},"categories":[1],"tags":[],"class_list":["post-30386","post","type-post","status-publish","format-standard","has-post-thumbnail","hentry","category-gundem"],"yoast_head":"<!-- This site is optimized with the Yoast SEO plugin v27.5 - https:\/\/yoast.com\/product\/yoast-seo-wordpress\/ -->\n<title>\u201cYitip Giden K\u00fclt\u00fcrel Miras Sempozyumu\u201dnun ikinci at\u00f6lyesi yap\u0131ld\u0131 -<\/title>\n<meta name=\"robots\" content=\"index, follow, max-snippet:-1, max-image-preview:large, max-video-preview:-1\" \/>\n<link rel=\"canonical\" href=\"https:\/\/kibrisdakik.com\/?p=30386\" \/>\n<meta property=\"og:locale\" content=\"tr_TR\" \/>\n<meta property=\"og:type\" content=\"article\" \/>\n<meta property=\"og:title\" content=\"\u201cYitip Giden K\u00fclt\u00fcrel Miras Sempozyumu\u201dnun ikinci at\u00f6lyesi yap\u0131ld\u0131 -\" \/>\n<meta property=\"og:description\" content=\"Milli Ar\u015fiv ve Ara\u015ft\u0131rma Dairesi, K\u00fclt\u00fcrel Miras\u0131 Koruma ve Ara\u015ft\u0131rma Derne\u011fi (K\u00dcMAD) ve Alashia Terracotta Sanat Toplulu\u011fu taraf\u0131ndan 22-23 \u015eubat\u2019ta d\u00fczenlenecek \u201cYitip Giden K\u00fclt\u00fcrel Miras Sempozyumu\u201d kapsam\u0131nda ikinci at\u00f6lye \u00e7al\u0131\u015fmas\u0131 yap\u0131ld\u0131. Sempozyumun k\u00fcrat\u00f6r\u00fc sanat\u00e7\u0131 Ayhatun Ate\u015fin At\u00f6lyesi\u2019nde yer alan ikinci at\u00f6lyeye, Kemal Beh\u00e7et Caymaz, Birg\u00fcl Feyzio\u011flu, Fahimeh Heydari ve Ayhatun Ate\u015fin kat\u0131ld\u0131. Alashia Terracotta Sanat\" \/>\n<meta property=\"og:url\" content=\"https:\/\/kibrisdakik.com\/?p=30386\" \/>\n<meta property=\"article:published_time\" content=\"2024-02-18T10:46:32+00:00\" \/>\n<meta property=\"og:image\" content=\"https:\/\/kibrisdakik.com\/wp-content\/uploads\/2024\/02\/yitip-giden-kulturel-miras-sempozyumunun-ikinci-atolyesi-yapildi-1708247998.webp.webp\" \/>\n\t<meta property=\"og:image:width\" content=\"710\" \/>\n\t<meta property=\"og:image:height\" content=\"370\" \/>\n\t<meta property=\"og:image:type\" content=\"image\/webp\" \/>\n<meta name=\"author\" content=\"admin\" \/>\n<meta name=\"twitter:card\" content=\"summary_large_image\" \/>\n<meta name=\"twitter:label1\" content=\"Yazan:\" \/>\n\t<meta name=\"twitter:data1\" content=\"admin\" \/>\n\t<meta name=\"twitter:label2\" content=\"Tahmini okuma s\u00fcresi\" \/>\n\t<meta name=\"twitter:data2\" content=\"1 dakika\" \/>\n<script type=\"application\/ld+json\" class=\"yoast-schema-graph\">{\"@context\":\"https:\\\/\\\/schema.org\",\"@graph\":[{\"@type\":\"Article\",\"@id\":\"https:\\\/\\\/kibrisdakik.com\\\/?p=30386#article\",\"isPartOf\":{\"@id\":\"https:\\\/\\\/kibrisdakik.com\\\/?p=30386\"},\"author\":{\"name\":\"admin\",\"@id\":\"https:\\\/\\\/kibrisdakik.com\\\/#\\\/schema\\\/person\\\/9cd9d437bbb44f72b73ba127e06d8e79\"},\"headline\":\"\u201cYitip Giden K\u00fclt\u00fcrel Miras Sempozyumu\u201dnun ikinci at\u00f6lyesi yap\u0131ld\u0131\",\"datePublished\":\"2024-02-18T10:46:32+00:00\",\"mainEntityOfPage\":{\"@id\":\"https:\\\/\\\/kibrisdakik.com\\\/?p=30386\"},\"wordCount\":177,\"commentCount\":0,\"image\":{\"@id\":\"https:\\\/\\\/kibrisdakik.com\\\/?p=30386#primaryimage\"},\"thumbnailUrl\":\"https:\\\/\\\/kibrisdakik.com\\\/wp-content\\\/uploads\\\/2024\\\/02\\\/yitip-giden-kulturel-miras-sempozyumunun-ikinci-atolyesi-yapildi-1708247998.webp.webp\",\"articleSection\":[\"G\u00fcndem\"],\"inLanguage\":\"tr\",\"potentialAction\":[{\"@type\":\"CommentAction\",\"name\":\"Comment\",\"target\":[\"https:\\\/\\\/kibrisdakik.com\\\/?p=30386#respond\"]}]},{\"@type\":\"WebPage\",\"@id\":\"https:\\\/\\\/kibrisdakik.com\\\/?p=30386\",\"url\":\"https:\\\/\\\/kibrisdakik.com\\\/?p=30386\",\"name\":\"\u201cYitip Giden K\u00fclt\u00fcrel Miras Sempozyumu\u201dnun ikinci at\u00f6lyesi yap\u0131ld\u0131 -\",\"isPartOf\":{\"@id\":\"https:\\\/\\\/kibrisdakik.com\\\/#website\"},\"primaryImageOfPage\":{\"@id\":\"https:\\\/\\\/kibrisdakik.com\\\/?p=30386#primaryimage\"},\"image\":{\"@id\":\"https:\\\/\\\/kibrisdakik.com\\\/?p=30386#primaryimage\"},\"thumbnailUrl\":\"https:\\\/\\\/kibrisdakik.com\\\/wp-content\\\/uploads\\\/2024\\\/02\\\/yitip-giden-kulturel-miras-sempozyumunun-ikinci-atolyesi-yapildi-1708247998.webp.webp\",\"datePublished\":\"2024-02-18T10:46:32+00:00\",\"author\":{\"@id\":\"https:\\\/\\\/kibrisdakik.com\\\/#\\\/schema\\\/person\\\/9cd9d437bbb44f72b73ba127e06d8e79\"},\"breadcrumb\":{\"@id\":\"https:\\\/\\\/kibrisdakik.com\\\/?p=30386#breadcrumb\"},\"inLanguage\":\"tr\",\"potentialAction\":[{\"@type\":\"ReadAction\",\"target\":[\"https:\\\/\\\/kibrisdakik.com\\\/?p=30386\"]}]},{\"@type\":\"ImageObject\",\"inLanguage\":\"tr\",\"@id\":\"https:\\\/\\\/kibrisdakik.com\\\/?p=30386#primaryimage\",\"url\":\"https:\\\/\\\/kibrisdakik.com\\\/wp-content\\\/uploads\\\/2024\\\/02\\\/yitip-giden-kulturel-miras-sempozyumunun-ikinci-atolyesi-yapildi-1708247998.webp.webp\",\"contentUrl\":\"https:\\\/\\\/kibrisdakik.com\\\/wp-content\\\/uploads\\\/2024\\\/02\\\/yitip-giden-kulturel-miras-sempozyumunun-ikinci-atolyesi-yapildi-1708247998.webp.webp\",\"width\":710,\"height\":370},{\"@type\":\"BreadcrumbList\",\"@id\":\"https:\\\/\\\/kibrisdakik.com\\\/?p=30386#breadcrumb\",\"itemListElement\":[{\"@type\":\"ListItem\",\"position\":1,\"name\":\"Home\",\"item\":\"https:\\\/\\\/kibrisdakik.com\\\/\"},{\"@type\":\"ListItem\",\"position\":2,\"name\":\"\u201cYitip Giden K\u00fclt\u00fcrel Miras Sempozyumu\u201dnun ikinci at\u00f6lyesi yap\u0131ld\u0131\"}]},{\"@type\":\"WebSite\",\"@id\":\"https:\\\/\\\/kibrisdakik.com\\\/#website\",\"url\":\"https:\\\/\\\/kibrisdakik.com\\\/\",\"name\":\"\",\"description\":\"Tam vaktinde haber\",\"potentialAction\":[{\"@type\":\"SearchAction\",\"target\":{\"@type\":\"EntryPoint\",\"urlTemplate\":\"https:\\\/\\\/kibrisdakik.com\\\/?s={search_term_string}\"},\"query-input\":{\"@type\":\"PropertyValueSpecification\",\"valueRequired\":true,\"valueName\":\"search_term_string\"}}],\"inLanguage\":\"tr\"},{\"@type\":\"Person\",\"@id\":\"https:\\\/\\\/kibrisdakik.com\\\/#\\\/schema\\\/person\\\/9cd9d437bbb44f72b73ba127e06d8e79\",\"name\":\"admin\",\"image\":{\"@type\":\"ImageObject\",\"inLanguage\":\"tr\",\"@id\":\"https:\\\/\\\/secure.gravatar.com\\\/avatar\\\/ccc17943b9d660506c869530f897617f7cb1c21a4bf30023f252596d83e1f007?s=96&d=mm&r=g\",\"url\":\"https:\\\/\\\/secure.gravatar.com\\\/avatar\\\/ccc17943b9d660506c869530f897617f7cb1c21a4bf30023f252596d83e1f007?s=96&d=mm&r=g\",\"contentUrl\":\"https:\\\/\\\/secure.gravatar.com\\\/avatar\\\/ccc17943b9d660506c869530f897617f7cb1c21a4bf30023f252596d83e1f007?s=96&d=mm&r=g\",\"caption\":\"admin\"},\"sameAs\":[\"https:\\\/\\\/kibrisdakik.com\"],\"url\":\"https:\\\/\\\/kibrisdakik.com\\\/?author=1\"}]}<\/script>\n<!-- \/ Yoast SEO plugin. -->","yoast_head_json":{"title":"\u201cYitip Giden K\u00fclt\u00fcrel Miras Sempozyumu\u201dnun ikinci at\u00f6lyesi yap\u0131ld\u0131 -","robots":{"index":"index","follow":"follow","max-snippet":"max-snippet:-1","max-image-preview":"max-image-preview:large","max-video-preview":"max-video-preview:-1"},"canonical":"https:\/\/kibrisdakik.com\/?p=30386","og_locale":"tr_TR","og_type":"article","og_title":"\u201cYitip Giden K\u00fclt\u00fcrel Miras Sempozyumu\u201dnun ikinci at\u00f6lyesi yap\u0131ld\u0131 -","og_description":"Milli Ar\u015fiv ve Ara\u015ft\u0131rma Dairesi, K\u00fclt\u00fcrel Miras\u0131 Koruma ve Ara\u015ft\u0131rma Derne\u011fi (K\u00dcMAD) ve Alashia Terracotta Sanat Toplulu\u011fu taraf\u0131ndan 22-23 \u015eubat\u2019ta d\u00fczenlenecek \u201cYitip Giden K\u00fclt\u00fcrel Miras Sempozyumu\u201d kapsam\u0131nda ikinci at\u00f6lye \u00e7al\u0131\u015fmas\u0131 yap\u0131ld\u0131. Sempozyumun k\u00fcrat\u00f6r\u00fc sanat\u00e7\u0131 Ayhatun Ate\u015fin At\u00f6lyesi\u2019nde yer alan ikinci at\u00f6lyeye, Kemal Beh\u00e7et Caymaz, Birg\u00fcl Feyzio\u011flu, Fahimeh Heydari ve Ayhatun Ate\u015fin kat\u0131ld\u0131. Alashia Terracotta Sanat","og_url":"https:\/\/kibrisdakik.com\/?p=30386","article_published_time":"2024-02-18T10:46:32+00:00","og_image":[{"width":710,"height":370,"url":"https:\/\/kibrisdakik.com\/wp-content\/uploads\/2024\/02\/yitip-giden-kulturel-miras-sempozyumunun-ikinci-atolyesi-yapildi-1708247998.webp.webp","type":"image\/webp"}],"author":"admin","twitter_card":"summary_large_image","twitter_misc":{"Yazan:":"admin","Tahmini okuma s\u00fcresi":"1 dakika"},"schema":{"@context":"https:\/\/schema.org","@graph":[{"@type":"Article","@id":"https:\/\/kibrisdakik.com\/?p=30386#article","isPartOf":{"@id":"https:\/\/kibrisdakik.com\/?p=30386"},"author":{"name":"admin","@id":"https:\/\/kibrisdakik.com\/#\/schema\/person\/9cd9d437bbb44f72b73ba127e06d8e79"},"headline":"\u201cYitip Giden K\u00fclt\u00fcrel Miras Sempozyumu\u201dnun ikinci at\u00f6lyesi yap\u0131ld\u0131","datePublished":"2024-02-18T10:46:32+00:00","mainEntityOfPage":{"@id":"https:\/\/kibrisdakik.com\/?p=30386"},"wordCount":177,"commentCount":0,"image":{"@id":"https:\/\/kibrisdakik.com\/?p=30386#primaryimage"},"thumbnailUrl":"https:\/\/kibrisdakik.com\/wp-content\/uploads\/2024\/02\/yitip-giden-kulturel-miras-sempozyumunun-ikinci-atolyesi-yapildi-1708247998.webp.webp","articleSection":["G\u00fcndem"],"inLanguage":"tr","potentialAction":[{"@type":"CommentAction","name":"Comment","target":["https:\/\/kibrisdakik.com\/?p=30386#respond"]}]},{"@type":"WebPage","@id":"https:\/\/kibrisdakik.com\/?p=30386","url":"https:\/\/kibrisdakik.com\/?p=30386","name":"\u201cYitip Giden K\u00fclt\u00fcrel Miras Sempozyumu\u201dnun ikinci at\u00f6lyesi yap\u0131ld\u0131 -","isPartOf":{"@id":"https:\/\/kibrisdakik.com\/#website"},"primaryImageOfPage":{"@id":"https:\/\/kibrisdakik.com\/?p=30386#primaryimage"},"image":{"@id":"https:\/\/kibrisdakik.com\/?p=30386#primaryimage"},"thumbnailUrl":"https:\/\/kibrisdakik.com\/wp-content\/uploads\/2024\/02\/yitip-giden-kulturel-miras-sempozyumunun-ikinci-atolyesi-yapildi-1708247998.webp.webp","datePublished":"2024-02-18T10:46:32+00:00","author":{"@id":"https:\/\/kibrisdakik.com\/#\/schema\/person\/9cd9d437bbb44f72b73ba127e06d8e79"},"breadcrumb":{"@id":"https:\/\/kibrisdakik.com\/?p=30386#breadcrumb"},"inLanguage":"tr","potentialAction":[{"@type":"ReadAction","target":["https:\/\/kibrisdakik.com\/?p=30386"]}]},{"@type":"ImageObject","inLanguage":"tr","@id":"https:\/\/kibrisdakik.com\/?p=30386#primaryimage","url":"https:\/\/kibrisdakik.com\/wp-content\/uploads\/2024\/02\/yitip-giden-kulturel-miras-sempozyumunun-ikinci-atolyesi-yapildi-1708247998.webp.webp","contentUrl":"https:\/\/kibrisdakik.com\/wp-content\/uploads\/2024\/02\/yitip-giden-kulturel-miras-sempozyumunun-ikinci-atolyesi-yapildi-1708247998.webp.webp","width":710,"height":370},{"@type":"BreadcrumbList","@id":"https:\/\/kibrisdakik.com\/?p=30386#breadcrumb","itemListElement":[{"@type":"ListItem","position":1,"name":"Home","item":"https:\/\/kibrisdakik.com\/"},{"@type":"ListItem","position":2,"name":"\u201cYitip Giden K\u00fclt\u00fcrel Miras Sempozyumu\u201dnun ikinci at\u00f6lyesi yap\u0131ld\u0131"}]},{"@type":"WebSite","@id":"https:\/\/kibrisdakik.com\/#website","url":"https:\/\/kibrisdakik.com\/","name":"","description":"Tam vaktinde haber","potentialAction":[{"@type":"SearchAction","target":{"@type":"EntryPoint","urlTemplate":"https:\/\/kibrisdakik.com\/?s={search_term_string}"},"query-input":{"@type":"PropertyValueSpecification","valueRequired":true,"valueName":"search_term_string"}}],"inLanguage":"tr"},{"@type":"Person","@id":"https:\/\/kibrisdakik.com\/#\/schema\/person\/9cd9d437bbb44f72b73ba127e06d8e79","name":"admin","image":{"@type":"ImageObject","inLanguage":"tr","@id":"https:\/\/secure.gravatar.com\/avatar\/ccc17943b9d660506c869530f897617f7cb1c21a4bf30023f252596d83e1f007?s=96&d=mm&r=g","url":"https:\/\/secure.gravatar.com\/avatar\/ccc17943b9d660506c869530f897617f7cb1c21a4bf30023f252596d83e1f007?s=96&d=mm&r=g","contentUrl":"https:\/\/secure.gravatar.com\/avatar\/ccc17943b9d660506c869530f897617f7cb1c21a4bf30023f252596d83e1f007?s=96&d=mm&r=g","caption":"admin"},"sameAs":["https:\/\/kibrisdakik.com"],"url":"https:\/\/kibrisdakik.com\/?author=1"}]}},"_links":{"self":[{"href":"https:\/\/kibrisdakik.com\/index.php?rest_route=\/wp\/v2\/posts\/30386","targetHints":{"allow":["GET"]}}],"collection":[{"href":"https:\/\/kibrisdakik.com\/index.php?rest_route=\/wp\/v2\/posts"}],"about":[{"href":"https:\/\/kibrisdakik.com\/index.php?rest_route=\/wp\/v2\/types\/post"}],"author":[{"embeddable":true,"href":"https:\/\/kibrisdakik.com\/index.php?rest_route=\/wp\/v2\/users\/1"}],"replies":[{"embeddable":true,"href":"https:\/\/kibrisdakik.com\/index.php?rest_route=%2Fwp%2Fv2%2Fcomments&post=30386"}],"version-history":[{"count":0,"href":"https:\/\/kibrisdakik.com\/index.php?rest_route=\/wp\/v2\/posts\/30386\/revisions"}],"wp:featuredmedia":[{"embeddable":true,"href":"https:\/\/kibrisdakik.com\/index.php?rest_route=\/wp\/v2\/media\/30387"}],"wp:attachment":[{"href":"https:\/\/kibrisdakik.com\/index.php?rest_route=%2Fwp%2Fv2%2Fmedia&parent=30386"}],"wp:term":[{"taxonomy":"category","embeddable":true,"href":"https:\/\/kibrisdakik.com\/index.php?rest_route=%2Fwp%2Fv2%2Fcategories&post=30386"},{"taxonomy":"post_tag","embeddable":true,"href":"https:\/\/kibrisdakik.com\/index.php?rest_route=%2Fwp%2Fv2%2Ftags&post=30386"}],"curies":[{"name":"wp","href":"https:\/\/api.w.org\/{rel}","templated":true}]}}