{"id":30396,"date":"2024-02-18T15:14:50","date_gmt":"2024-02-18T15:14:50","guid":{"rendered":"https:\/\/kibrisdakik.com\/index.php\/2024\/02\/18\/2023te-kayip-kacak-su-bedeli-150-milyon-tlnin-uzerinde\/"},"modified":"2024-02-18T15:14:50","modified_gmt":"2024-02-18T15:14:50","slug":"2023te-kayip-kacak-su-bedeli-150-milyon-tlnin-uzerinde","status":"publish","type":"post","link":"https:\/\/kibrisdakik.com\/?p=30396","title":{"rendered":"\u201c2023&#039;te kay\u0131p ka\u00e7ak su bedeli 150 milyon TL\u2019nin \u00fczerinde\u201d"},"content":{"rendered":"<p><img decoding=\"async\" src=\"https:\/\/www.kibristurk.com\/images\/haberler\/2024\/02\/2023te-kayip-kacak-su-bedeli-150-milyon-tlnin-uzerinde-1708265274.webp\" \/><\/p>\n<p><span style=\"font-size:12pt\"><span style=\"font-family:Calibri,sans-serif\">Oda Ba\u015fkan\u0131 Erkut Ulu\u00e7am taraf\u0131ndan yap\u0131lan yaz\u0131l\u0131 a\u00e7\u0131klamada, tar\u0131mdaki ana maliyetin y\u00fczde 50\u2019sinden 80\u2019ine varan oranlardaki k\u0131sm\u0131n\u0131 sulama giderlerinin olu\u015fturdu\u011fu kaydedilerek, uygun \u00fcretim ko\u015fullar\u0131na sahip \u00fclkede bir\u00e7ok \u00fcr\u00fcn\u00fcn k\u0131s\u0131tl\u0131 su imk\u00e2n\u0131 ve \u00fcretim maliyetleri nedeniyle \u00fcretilemedi\u011fi ve ithal edildi\u011fi aktar\u0131ld\u0131.<\/span><\/span><\/p>\n<p>&nbsp;<\/p>\n<p><span style=\"font-size:12pt\"><span style=\"font-family:Calibri,sans-serif\">A\u00e7\u0131klamada, T\u00fcrkiye\u2019den gelen su ile birlikte yakla\u015f\u0131k 40 bin d\u00f6n\u00fcm alanda bir\u00e7ok bitkisel \u00fcr\u00fcn\u00fcn yeti\u015ftirilebilece\u011fi ancak sulama suyunun en etkin ve verimli \u015fekilde nas\u0131l kullan\u0131labilece\u011fi konusunun g\u00fcndeme geldi\u011fi belirtildi. Sulama suyunun kullan\u0131m\u0131, \u00fcreticilere b\u00f6l\u00fc\u015ft\u00fcr\u00fclmesi ve fiyatland\u0131r\u0131lmas\u0131n\u0131n sulama birlikleri ve derneklerinin idaresinde oldu\u011funun ve denetimsizlik ile kay\u0131p ka\u00e7ak su oran\u0131n\u0131n \u201canormal\u201d boyutlara ula\u015ft\u0131\u011f\u0131n\u0131n ifade edildi\u011fi a\u00e7\u0131klamada, \u015f\u00f6yle denildi:<\/span><\/span><\/p>\n<p>&nbsp;<\/p>\n<p><span style=\"font-size:12pt\"><span style=\"font-family:Calibri,sans-serif\">\u201cTar\u0131msal sulama suyunun \u00fccretlendirilmesi ve kullan\u0131m\u0131 en hayati konudur ve bir\u00e7ok sulama birli\u011finde bu konu suistimal edilmekte ve B\u00f6lge Sular Komitesi taraf\u0131ndan da gerekti\u011fi gibi denetlenememektedir. Bir\u00e7ok sulama birli\u011finde, \u00fcreticinin \u00f6denmemi\u015f borcu bulunmamas\u0131na ra\u011fmen ge\u00e7mi\u015ften gelen bor\u00e7 bahane edilerek fahi\u015f fiyatlara su sat\u0131lmas\u0131 bu durumun en b\u00fcy\u00fck kan\u0131t\u0131d\u0131r. Ge\u00e7mi\u015ften gelen borcun ne oldu\u011fu, hangi \u00fcretici taraf\u0131ndan \u00f6denmedi\u011fi, g\u00fcnl\u00fck su t\u00fcketim-elektrik maliyet oran\u0131 bilinmemekte ve belgelenememektedir.\u201d <\/span><\/span><\/p>\n<p>&nbsp;<\/p>\n<p>&nbsp;<\/p>\n<p>&nbsp;<\/p>\n<p><span style=\"font-size:12pt\"><span style=\"font-family:Calibri,sans-serif\">-&#8220;Maliye Tefti\u015f Kurulu sulama birliklerini, B\u00f6lge Sular Komitesini ve Kaymakaml\u0131klar\u0131 soru\u015fturmaya almal\u0131 ve denetlemeli\u201d<\/span><\/span><\/p>\n<p>&nbsp;<\/p>\n<p><span style=\"font-size:12pt\"><span style=\"font-family:Calibri,sans-serif\">Tar\u0131m\u0131n \u00fclke i\u00e7in \u00f6nemine vurgu yap\u0131lan a\u00e7\u0131klamada, T\u00fcrkiye\u2019den gelen su ile at\u0131l\u0131m yapmas\u0131 beklenen tar\u0131msal \u00fcretimin \u201csu y\u00f6netimsizli\u011fi\u201d nedeniyle hi\u00e7bir siyasi, ekonomik ve\/veya \u00e7\u0131kar grubuna kurban edilmemesi istendi ve su y\u00f6netimi konusunun \u201cba\u015f\u0131bo\u015f\u201d kald\u0131\u011f\u0131 ifade edildi.<\/span><\/span><\/p>\n<p>&nbsp;<\/p>\n<p><span style=\"font-size:12pt\"><span style=\"font-family:Calibri,sans-serif\">\u201cT\u00fcrkiye\u2019den gelen suyun, sulama birlikleri taraf\u0131ndan 3,7 TL\/ton fiyatla al\u0131narak hi\u00e7bir ek maliyet harcamadan 10 TL\/ton fiyatla \u00fcreticiye sat\u0131lmas\u0131 matematiksel olarak izah edilemez ve aradaki fark\u0131n birilerinin cebine girdi\u011finden ba\u015fka mant\u0131kl\u0131 izah\u0131 olamaz\u201d ifadelerinin kullan\u0131ld\u0131\u011f\u0131 a\u00e7\u0131klamada, yap\u0131lan hesaplamalarda denetimsizlik sonucu 2023 y\u0131l\u0131nda kay\u0131p ka\u00e7ak su bedelinin 150 milyon TL\u2019nin \u00fczerinde oldu\u011fu tahmini ortaya konuldu. A\u00e7\u0131klamada, Maliye Tefti\u015f Kurulu\u2019nun acilen sulama birliklerini, B\u00f6lge Sular Komitesini ve Kaymakaml\u0131klar\u0131 soru\u015fturmaya almas\u0131 ve denetlemesi de istendi.<\/span><\/span><\/p>\n<p>&nbsp;<\/p>\n<p>&nbsp;<\/p>\n<p>&nbsp;<\/p>\n<p><span style=\"font-size:12pt\"><span style=\"font-family:Calibri,sans-serif\">-Tar\u0131mda kullan\u0131lacak su i\u00e7in \u00f6neriler<\/span><\/span><\/p>\n<p>&nbsp;<\/p>\n<p><span style=\"font-size:12pt\"><span style=\"font-family:Calibri,sans-serif\">Su y\u00f6netiminin mevcut ilgili yasayla kontrol edilemeyece\u011finin a\u00e7\u0131k oldu\u011funun, su kullan\u0131m\u0131 ve \u00fccretlendirilmesi konusunda acilen yap\u0131sal olarak d\u00fczenlemeye ihtiya\u00e7 duyuldu\u011funun kaydedildi\u011fi a\u00e7\u0131klamada, \u201cTar\u0131msal ama\u00e7la kullan\u0131lan sulama sular\u0131 kazan\u00e7 kap\u0131s\u0131 olarak g\u00f6r\u00fclmekten \u00e7\u0131kar\u0131lmal\u0131 ve en uygun maliyetle \u00fcreticinin kullan\u0131m\u0131na verilmelidir. Aksi takdirde yak\u0131n gelecekte \u00fcreten toplum olmaktan \u00e7\u0131karak sadece t\u00fcketici konumuna gelece\u011fimiz a\u015fik\u00e2rd\u0131r. ZMO olarak \u00f6nerimiz \u015fudur ki, tar\u0131mda kulland\u0131r\u0131lacak suyun idaresi, \u00fccretlendirilmesi ve payla\u015f\u0131m\u0131 yasal olarak yeniden d\u00fczenlenmelidir\u201d ifadeleri yer ald\u0131.<\/span><\/span><\/p>\n<p>&nbsp;<\/p>\n<p><span style=\"font-size:12pt\"><span style=\"font-family:Calibri,sans-serif\">A\u00e7\u0131klamada, \u201cTar\u0131msal suyun y\u00f6netim ve idaresinin B\u00f6lge Sular Komitesi ve Kaymakaml\u0131klar\u0131n elinden al\u0131narak yeni olu\u015fturulacak \u2018Tar\u0131msal Sular Y\u00f6netim Kuruluna\u2019 devredilmesi; tar\u0131msal suyun kullan\u0131m\u0131 (kuyu suyu, baraj, g\u00f6let ve\/veya T\u00fcrkiye\u2019den gelen su dahil) ile ilgili yasan\u0131n yeniden haz\u0131rlanmas\u0131 ve \u00f6zellikle suyun fiyatland\u0131r\u0131lmas\u0131nda olu\u015fabilecek maliyetlerin kalem kalem rayi\u00e7 bedeller \u00fczerinden belirlenerek olas\u0131 suistimallerin ortadan kald\u0131r\u0131lmas\u0131 ve tar\u0131msal suyun kulland\u0131r\u0131laca\u011f\u0131 alanlar ve kullan\u0131lacak su miktarlar\u0131n\u0131n \u00f6ncelikle ithalat\u0131 yap\u0131lan \u00fcr\u00fcnlerin ikamesi ve ihracat de\u011feri y\u00fcksek olan \u00fcr\u00fcnlerin \u00fcretilmesinin sa\u011flanmas\u0131\u201d istendi.<\/span><\/span><\/p>\n","protected":false},"excerpt":{"rendered":"<p>Oda Ba\u015fkan\u0131 Erkut Ulu\u00e7am taraf\u0131ndan yap\u0131lan yaz\u0131l\u0131 a\u00e7\u0131klamada, tar\u0131mdaki ana maliyetin y\u00fczde 50\u2019sinden 80\u2019ine varan oranlardaki k\u0131sm\u0131n\u0131 sulama giderlerinin olu\u015fturdu\u011fu kaydedilerek, uygun \u00fcretim ko\u015fullar\u0131na sahip \u00fclkede bir\u00e7ok \u00fcr\u00fcn\u00fcn k\u0131s\u0131tl\u0131 su imk\u00e2n\u0131 ve \u00fcretim maliyetleri nedeniyle \u00fcretilemedi\u011fi ve ithal edildi\u011fi aktar\u0131ld\u0131. &nbsp; A\u00e7\u0131klamada, T\u00fcrkiye\u2019den gelen su ile birlikte yakla\u015f\u0131k 40 bin d\u00f6n\u00fcm alanda bir\u00e7ok bitkisel \u00fcr\u00fcn\u00fcn<\/p>\n","protected":false},"author":1,"featured_media":30397,"comment_status":"open","ping_status":"open","sticky":false,"template":"","format":"standard","meta":{"footnotes":""},"categories":[86],"tags":[],"class_list":["post-30396","post","type-post","status-publish","format-standard","has-post-thumbnail","hentry","category-turkiye"],"yoast_head":"<!-- This site is optimized with the Yoast SEO plugin v28.4 - https:\/\/yoast.com\/product\/yoast-seo-wordpress\/ -->\n<title>\u201c2023&#039;te kay\u0131p ka\u00e7ak su bedeli 150 milyon TL\u2019nin \u00fczerinde\u201d -<\/title>\n<meta name=\"robots\" content=\"index, follow, max-snippet:-1, max-image-preview:large, max-video-preview:-1\" \/>\n<link rel=\"canonical\" href=\"https:\/\/kibrisdakik.com\/?p=30396\" \/>\n<meta property=\"og:locale\" content=\"tr_TR\" \/>\n<meta property=\"og:type\" content=\"article\" \/>\n<meta property=\"og:title\" content=\"\u201c2023&#039;te kay\u0131p ka\u00e7ak su bedeli 150 milyon TL\u2019nin \u00fczerinde\u201d -\" \/>\n<meta property=\"og:description\" content=\"Oda Ba\u015fkan\u0131 Erkut Ulu\u00e7am taraf\u0131ndan yap\u0131lan yaz\u0131l\u0131 a\u00e7\u0131klamada, tar\u0131mdaki ana maliyetin y\u00fczde 50\u2019sinden 80\u2019ine varan oranlardaki k\u0131sm\u0131n\u0131 sulama giderlerinin olu\u015fturdu\u011fu kaydedilerek, uygun \u00fcretim ko\u015fullar\u0131na sahip \u00fclkede bir\u00e7ok \u00fcr\u00fcn\u00fcn k\u0131s\u0131tl\u0131 su imk\u00e2n\u0131 ve \u00fcretim maliyetleri nedeniyle \u00fcretilemedi\u011fi ve ithal edildi\u011fi aktar\u0131ld\u0131. &nbsp; A\u00e7\u0131klamada, T\u00fcrkiye\u2019den gelen su ile birlikte yakla\u015f\u0131k 40 bin d\u00f6n\u00fcm alanda bir\u00e7ok bitkisel \u00fcr\u00fcn\u00fcn\" \/>\n<meta property=\"og:url\" content=\"https:\/\/kibrisdakik.com\/?p=30396\" \/>\n<meta property=\"article:published_time\" content=\"2024-02-18T15:14:50+00:00\" \/>\n<meta property=\"og:image\" content=\"https:\/\/kibrisdakik.com\/wp-content\/uploads\/2024\/02\/2023te-kayip-kacak-su-bedeli-150-milyon-tlnin-uzerinde-1708265274.webp.webp\" \/>\n\t<meta property=\"og:image:width\" content=\"710\" \/>\n\t<meta property=\"og:image:height\" content=\"370\" \/>\n\t<meta property=\"og:image:type\" content=\"image\/webp\" \/>\n<meta name=\"author\" content=\"admin\" \/>\n<meta name=\"twitter:card\" content=\"summary_large_image\" \/>\n<meta name=\"twitter:label1\" content=\"Yazan:\" \/>\n\t<meta name=\"twitter:data1\" content=\"admin\" \/>\n\t<meta name=\"twitter:label2\" content=\"Tahmini okuma s\u00fcresi\" \/>\n\t<meta name=\"twitter:data2\" content=\"3 dakika\" \/>\n<script type=\"application\/ld+json\" class=\"yoast-schema-graph\">{\"@context\":\"https:\\\/\\\/schema.org\",\"@graph\":[{\"@type\":\"Article\",\"@id\":\"https:\\\/\\\/kibrisdakik.com\\\/?p=30396#article\",\"isPartOf\":{\"@id\":\"https:\\\/\\\/kibrisdakik.com\\\/?p=30396\"},\"author\":{\"name\":\"admin\",\"@id\":\"https:\\\/\\\/kibrisdakik.com\\\/#\\\/schema\\\/person\\\/9cd9d437bbb44f72b73ba127e06d8e79\"},\"headline\":\"\u201c2023&#039;te kay\u0131p ka\u00e7ak su bedeli 150 milyon TL\u2019nin \u00fczerinde\u201d\",\"datePublished\":\"2024-02-18T15:14:50+00:00\",\"mainEntityOfPage\":{\"@id\":\"https:\\\/\\\/kibrisdakik.com\\\/?p=30396\"},\"wordCount\":654,\"commentCount\":0,\"publisher\":{\"@id\":\"https:\\\/\\\/kibrisdakik.com\\\/#organization\"},\"image\":{\"@id\":\"https:\\\/\\\/kibrisdakik.com\\\/?p=30396#primaryimage\"},\"thumbnailUrl\":\"https:\\\/\\\/kibrisdakik.com\\\/wp-content\\\/uploads\\\/2024\\\/02\\\/2023te-kayip-kacak-su-bedeli-150-milyon-tlnin-uzerinde-1708265274.webp.webp\",\"articleSection\":[\"T\u00fcrkiye\"],\"inLanguage\":\"tr\",\"potentialAction\":[{\"@type\":\"CommentAction\",\"name\":\"Comment\",\"target\":[\"https:\\\/\\\/kibrisdakik.com\\\/?p=30396#respond\"]}]},{\"@type\":\"WebPage\",\"@id\":\"https:\\\/\\\/kibrisdakik.com\\\/?p=30396\",\"url\":\"https:\\\/\\\/kibrisdakik.com\\\/?p=30396\",\"name\":\"\u201c2023&#039;te kay\u0131p ka\u00e7ak su bedeli 150 milyon TL\u2019nin \u00fczerinde\u201d -\",\"isPartOf\":{\"@id\":\"https:\\\/\\\/kibrisdakik.com\\\/#website\"},\"primaryImageOfPage\":{\"@id\":\"https:\\\/\\\/kibrisdakik.com\\\/?p=30396#primaryimage\"},\"image\":{\"@id\":\"https:\\\/\\\/kibrisdakik.com\\\/?p=30396#primaryimage\"},\"thumbnailUrl\":\"https:\\\/\\\/kibrisdakik.com\\\/wp-content\\\/uploads\\\/2024\\\/02\\\/2023te-kayip-kacak-su-bedeli-150-milyon-tlnin-uzerinde-1708265274.webp.webp\",\"datePublished\":\"2024-02-18T15:14:50+00:00\",\"breadcrumb\":{\"@id\":\"https:\\\/\\\/kibrisdakik.com\\\/?p=30396#breadcrumb\"},\"inLanguage\":\"tr\",\"potentialAction\":[{\"@type\":\"ReadAction\",\"target\":[\"https:\\\/\\\/kibrisdakik.com\\\/?p=30396\"]}]},{\"@type\":\"ImageObject\",\"inLanguage\":\"tr\",\"@id\":\"https:\\\/\\\/kibrisdakik.com\\\/?p=30396#primaryimage\",\"url\":\"https:\\\/\\\/kibrisdakik.com\\\/wp-content\\\/uploads\\\/2024\\\/02\\\/2023te-kayip-kacak-su-bedeli-150-milyon-tlnin-uzerinde-1708265274.webp.webp\",\"contentUrl\":\"https:\\\/\\\/kibrisdakik.com\\\/wp-content\\\/uploads\\\/2024\\\/02\\\/2023te-kayip-kacak-su-bedeli-150-milyon-tlnin-uzerinde-1708265274.webp.webp\",\"width\":710,\"height\":370},{\"@type\":\"BreadcrumbList\",\"@id\":\"https:\\\/\\\/kibrisdakik.com\\\/?p=30396#breadcrumb\",\"itemListElement\":[{\"@type\":\"ListItem\",\"position\":1,\"name\":\"Home\",\"item\":\"https:\\\/\\\/kibrisdakik.com\\\/\"},{\"@type\":\"ListItem\",\"position\":2,\"name\":\"\u201c2023&#039;te kay\u0131p ka\u00e7ak su bedeli 150 milyon TL\u2019nin \u00fczerinde\u201d\"}]},{\"@type\":\"WebSite\",\"@id\":\"https:\\\/\\\/kibrisdakik.com\\\/#website\",\"url\":\"https:\\\/\\\/kibrisdakik.com\\\/\",\"name\":\"K\u0131br\u0131s Dakik\",\"description\":\"Tam vaktinde haber\",\"publisher\":{\"@id\":\"https:\\\/\\\/kibrisdakik.com\\\/#organization\"},\"potentialAction\":[{\"@type\":\"SearchAction\",\"target\":{\"@type\":\"EntryPoint\",\"urlTemplate\":\"https:\\\/\\\/kibrisdakik.com\\\/?s={search_term_string}\"},\"query-input\":{\"@type\":\"PropertyValueSpecification\",\"valueRequired\":true,\"valueName\":\"search_term_string\"}}],\"inLanguage\":\"tr\"},{\"@type\":\"Organization\",\"@id\":\"https:\\\/\\\/kibrisdakik.com\\\/#organization\",\"name\":\"K\u0131br\u0131s Dakik\",\"url\":\"https:\\\/\\\/kibrisdakik.com\\\/\",\"logo\":{\"@type\":\"ImageObject\",\"inLanguage\":\"tr\",\"@id\":\"https:\\\/\\\/kibrisdakik.com\\\/#\\\/schema\\\/logo\\\/image\\\/\",\"url\":\"https:\\\/\\\/kibrisdakik.com\\\/wp-content\\\/uploads\\\/2025\\\/10\\\/cropped-WhatsApp-Image-2025-10-02-at-12.58.31.jpeg\",\"contentUrl\":\"https:\\\/\\\/kibrisdakik.com\\\/wp-content\\\/uploads\\\/2025\\\/10\\\/cropped-WhatsApp-Image-2025-10-02-at-12.58.31.jpeg\",\"width\":1237,\"height\":190,\"caption\":\"K\u0131br\u0131s Dakik\"},\"image\":{\"@id\":\"https:\\\/\\\/kibrisdakik.com\\\/#\\\/schema\\\/logo\\\/image\\\/\"}},{\"@type\":\"Person\",\"@id\":\"https:\\\/\\\/kibrisdakik.com\\\/#\\\/schema\\\/person\\\/9cd9d437bbb44f72b73ba127e06d8e79\",\"name\":\"admin\",\"image\":{\"@type\":\"ImageObject\",\"inLanguage\":\"tr\",\"@id\":\"https:\\\/\\\/secure.gravatar.com\\\/avatar\\\/ccc17943b9d660506c869530f897617f7cb1c21a4bf30023f252596d83e1f007?s=96&d=mm&r=g\",\"url\":\"https:\\\/\\\/secure.gravatar.com\\\/avatar\\\/ccc17943b9d660506c869530f897617f7cb1c21a4bf30023f252596d83e1f007?s=96&d=mm&r=g\",\"contentUrl\":\"https:\\\/\\\/secure.gravatar.com\\\/avatar\\\/ccc17943b9d660506c869530f897617f7cb1c21a4bf30023f252596d83e1f007?s=96&d=mm&r=g\",\"caption\":\"admin\"},\"sameAs\":[\"https:\\\/\\\/kibrisdakik.com\"],\"url\":\"https:\\\/\\\/kibrisdakik.com\\\/?author=1\"}]}<\/script>\n<!-- \/ Yoast SEO plugin. -->","yoast_head_json":{"title":"\u201c2023&#039;te kay\u0131p ka\u00e7ak su bedeli 150 milyon TL\u2019nin \u00fczerinde\u201d -","robots":{"index":"index","follow":"follow","max-snippet":"max-snippet:-1","max-image-preview":"max-image-preview:large","max-video-preview":"max-video-preview:-1"},"canonical":"https:\/\/kibrisdakik.com\/?p=30396","og_locale":"tr_TR","og_type":"article","og_title":"\u201c2023&#039;te kay\u0131p ka\u00e7ak su bedeli 150 milyon TL\u2019nin \u00fczerinde\u201d -","og_description":"Oda Ba\u015fkan\u0131 Erkut Ulu\u00e7am taraf\u0131ndan yap\u0131lan yaz\u0131l\u0131 a\u00e7\u0131klamada, tar\u0131mdaki ana maliyetin y\u00fczde 50\u2019sinden 80\u2019ine varan oranlardaki k\u0131sm\u0131n\u0131 sulama giderlerinin olu\u015fturdu\u011fu kaydedilerek, uygun \u00fcretim ko\u015fullar\u0131na sahip \u00fclkede bir\u00e7ok \u00fcr\u00fcn\u00fcn k\u0131s\u0131tl\u0131 su imk\u00e2n\u0131 ve \u00fcretim maliyetleri nedeniyle \u00fcretilemedi\u011fi ve ithal edildi\u011fi aktar\u0131ld\u0131. &nbsp; A\u00e7\u0131klamada, T\u00fcrkiye\u2019den gelen su ile birlikte yakla\u015f\u0131k 40 bin d\u00f6n\u00fcm alanda bir\u00e7ok bitkisel \u00fcr\u00fcn\u00fcn","og_url":"https:\/\/kibrisdakik.com\/?p=30396","article_published_time":"2024-02-18T15:14:50+00:00","og_image":[{"width":710,"height":370,"url":"https:\/\/kibrisdakik.com\/wp-content\/uploads\/2024\/02\/2023te-kayip-kacak-su-bedeli-150-milyon-tlnin-uzerinde-1708265274.webp.webp","type":"image\/webp"}],"author":"admin","twitter_card":"summary_large_image","twitter_misc":{"Yazan:":"admin","Tahmini okuma s\u00fcresi":"3 dakika"},"schema":{"@context":"https:\/\/schema.org","@graph":[{"@type":"Article","@id":"https:\/\/kibrisdakik.com\/?p=30396#article","isPartOf":{"@id":"https:\/\/kibrisdakik.com\/?p=30396"},"author":{"name":"admin","@id":"https:\/\/kibrisdakik.com\/#\/schema\/person\/9cd9d437bbb44f72b73ba127e06d8e79"},"headline":"\u201c2023&#039;te kay\u0131p ka\u00e7ak su bedeli 150 milyon TL\u2019nin \u00fczerinde\u201d","datePublished":"2024-02-18T15:14:50+00:00","mainEntityOfPage":{"@id":"https:\/\/kibrisdakik.com\/?p=30396"},"wordCount":654,"commentCount":0,"publisher":{"@id":"https:\/\/kibrisdakik.com\/#organization"},"image":{"@id":"https:\/\/kibrisdakik.com\/?p=30396#primaryimage"},"thumbnailUrl":"https:\/\/kibrisdakik.com\/wp-content\/uploads\/2024\/02\/2023te-kayip-kacak-su-bedeli-150-milyon-tlnin-uzerinde-1708265274.webp.webp","articleSection":["T\u00fcrkiye"],"inLanguage":"tr","potentialAction":[{"@type":"CommentAction","name":"Comment","target":["https:\/\/kibrisdakik.com\/?p=30396#respond"]}]},{"@type":"WebPage","@id":"https:\/\/kibrisdakik.com\/?p=30396","url":"https:\/\/kibrisdakik.com\/?p=30396","name":"\u201c2023&#039;te kay\u0131p ka\u00e7ak su bedeli 150 milyon TL\u2019nin \u00fczerinde\u201d -","isPartOf":{"@id":"https:\/\/kibrisdakik.com\/#website"},"primaryImageOfPage":{"@id":"https:\/\/kibrisdakik.com\/?p=30396#primaryimage"},"image":{"@id":"https:\/\/kibrisdakik.com\/?p=30396#primaryimage"},"thumbnailUrl":"https:\/\/kibrisdakik.com\/wp-content\/uploads\/2024\/02\/2023te-kayip-kacak-su-bedeli-150-milyon-tlnin-uzerinde-1708265274.webp.webp","datePublished":"2024-02-18T15:14:50+00:00","breadcrumb":{"@id":"https:\/\/kibrisdakik.com\/?p=30396#breadcrumb"},"inLanguage":"tr","potentialAction":[{"@type":"ReadAction","target":["https:\/\/kibrisdakik.com\/?p=30396"]}]},{"@type":"ImageObject","inLanguage":"tr","@id":"https:\/\/kibrisdakik.com\/?p=30396#primaryimage","url":"https:\/\/kibrisdakik.com\/wp-content\/uploads\/2024\/02\/2023te-kayip-kacak-su-bedeli-150-milyon-tlnin-uzerinde-1708265274.webp.webp","contentUrl":"https:\/\/kibrisdakik.com\/wp-content\/uploads\/2024\/02\/2023te-kayip-kacak-su-bedeli-150-milyon-tlnin-uzerinde-1708265274.webp.webp","width":710,"height":370},{"@type":"BreadcrumbList","@id":"https:\/\/kibrisdakik.com\/?p=30396#breadcrumb","itemListElement":[{"@type":"ListItem","position":1,"name":"Home","item":"https:\/\/kibrisdakik.com\/"},{"@type":"ListItem","position":2,"name":"\u201c2023&#039;te kay\u0131p ka\u00e7ak su bedeli 150 milyon TL\u2019nin \u00fczerinde\u201d"}]},{"@type":"WebSite","@id":"https:\/\/kibrisdakik.com\/#website","url":"https:\/\/kibrisdakik.com\/","name":"K\u0131br\u0131s Dakik","description":"Tam vaktinde haber","publisher":{"@id":"https:\/\/kibrisdakik.com\/#organization"},"potentialAction":[{"@type":"SearchAction","target":{"@type":"EntryPoint","urlTemplate":"https:\/\/kibrisdakik.com\/?s={search_term_string}"},"query-input":{"@type":"PropertyValueSpecification","valueRequired":true,"valueName":"search_term_string"}}],"inLanguage":"tr"},{"@type":"Organization","@id":"https:\/\/kibrisdakik.com\/#organization","name":"K\u0131br\u0131s Dakik","url":"https:\/\/kibrisdakik.com\/","logo":{"@type":"ImageObject","inLanguage":"tr","@id":"https:\/\/kibrisdakik.com\/#\/schema\/logo\/image\/","url":"https:\/\/kibrisdakik.com\/wp-content\/uploads\/2025\/10\/cropped-WhatsApp-Image-2025-10-02-at-12.58.31.jpeg","contentUrl":"https:\/\/kibrisdakik.com\/wp-content\/uploads\/2025\/10\/cropped-WhatsApp-Image-2025-10-02-at-12.58.31.jpeg","width":1237,"height":190,"caption":"K\u0131br\u0131s Dakik"},"image":{"@id":"https:\/\/kibrisdakik.com\/#\/schema\/logo\/image\/"}},{"@type":"Person","@id":"https:\/\/kibrisdakik.com\/#\/schema\/person\/9cd9d437bbb44f72b73ba127e06d8e79","name":"admin","image":{"@type":"ImageObject","inLanguage":"tr","@id":"https:\/\/secure.gravatar.com\/avatar\/ccc17943b9d660506c869530f897617f7cb1c21a4bf30023f252596d83e1f007?s=96&d=mm&r=g","url":"https:\/\/secure.gravatar.com\/avatar\/ccc17943b9d660506c869530f897617f7cb1c21a4bf30023f252596d83e1f007?s=96&d=mm&r=g","contentUrl":"https:\/\/secure.gravatar.com\/avatar\/ccc17943b9d660506c869530f897617f7cb1c21a4bf30023f252596d83e1f007?s=96&d=mm&r=g","caption":"admin"},"sameAs":["https:\/\/kibrisdakik.com"],"url":"https:\/\/kibrisdakik.com\/?author=1"}]}},"_links":{"self":[{"href":"https:\/\/kibrisdakik.com\/index.php?rest_route=\/wp\/v2\/posts\/30396","targetHints":{"allow":["GET"]}}],"collection":[{"href":"https:\/\/kibrisdakik.com\/index.php?rest_route=\/wp\/v2\/posts"}],"about":[{"href":"https:\/\/kibrisdakik.com\/index.php?rest_route=\/wp\/v2\/types\/post"}],"author":[{"embeddable":true,"href":"https:\/\/kibrisdakik.com\/index.php?rest_route=\/wp\/v2\/users\/1"}],"replies":[{"embeddable":true,"href":"https:\/\/kibrisdakik.com\/index.php?rest_route=%2Fwp%2Fv2%2Fcomments&post=30396"}],"version-history":[{"count":0,"href":"https:\/\/kibrisdakik.com\/index.php?rest_route=\/wp\/v2\/posts\/30396\/revisions"}],"wp:featuredmedia":[{"embeddable":true,"href":"https:\/\/kibrisdakik.com\/index.php?rest_route=\/wp\/v2\/media\/30397"}],"wp:attachment":[{"href":"https:\/\/kibrisdakik.com\/index.php?rest_route=%2Fwp%2Fv2%2Fmedia&parent=30396"}],"wp:term":[{"taxonomy":"category","embeddable":true,"href":"https:\/\/kibrisdakik.com\/index.php?rest_route=%2Fwp%2Fv2%2Fcategories&post=30396"},{"taxonomy":"post_tag","embeddable":true,"href":"https:\/\/kibrisdakik.com\/index.php?rest_route=%2Fwp%2Fv2%2Ftags&post=30396"}],"curies":[{"name":"wp","href":"https:\/\/api.w.org\/{rel}","templated":true}]}}