{"id":30448,"date":"2024-02-19T10:26:49","date_gmt":"2024-02-19T10:26:49","guid":{"rendered":"https:\/\/kibrisdakik.com\/index.php\/2024\/02\/19\/ubpden-baskan-unal-ustele-tam-destek\/"},"modified":"2024-02-19T10:26:49","modified_gmt":"2024-02-19T10:26:49","slug":"ubpden-baskan-unal-ustele-tam-destek","status":"publish","type":"post","link":"https:\/\/kibrisdakik.com\/?p=30448","title":{"rendered":"UBP\u2019den Ba\u015fkan \u00dcnal \u00dcstel\u2019e Tam Destek"},"content":{"rendered":"<p><img decoding=\"async\" src=\"https:\/\/www.kibristurk.com\/images\/haberler\/2024\/02\/ubpden-baskan-unal-ustele-tam-destek-1708337744.webp\" \/><\/p>\n<p>\u201c2024 Kuzey K\u0131br\u0131s T\u00fcrk Cumhuriyeti Ekonomik Ve Politik Durum De\u011ferlendirme Anketi\u201d 08\/01\/2024 \u2013 02\/02\/2024 tarihlerinde, KKTC genelinde Lefko\u015fa, Gazima\u011fusa, Girne, G\u00fczelyurt, \u0130skele ve Lefke il\u00e7elerinde ya\u015fayan 17.800 ki\u015fi baz al\u0131narak telefon aramalar\u0131 ile ger\u00e7ekle\u015ftirildi. Anket ger\u00e7ekle\u015ftirilirken, Ulusal Birlik Partisi \u00fcyeleri ve Ulusal Birlik Partisi parti meclis \u00fcyeleri, \u00f6rg\u00fct ba\u015fkanlar\u0131, kad\u0131n kollar\u0131 ba\u015fkanlar\u0131, gen\u00e7lik kollar\u0131 ba\u015fkanlar\u0131 arand\u0131..<br \/>\nAyr\u0131ca Ulusal Birlik Partisi y\u00f6netim kadrosunda olan 874 ki\u015fi de ayr\u0131\u015ft\u0131r\u0131larak \u00f6zel anket yap\u0131ld\u0131. Ulusal Birlik Partisi \u00fcyeleri do\u011frultusunda, toplam 5.850 telefon g\u00f6r\u00fc\u015fmesi yap\u0131larak 2.245 yan\u0131t al\u0131nm\u0131\u015ft\u0131r. Ulusal Birlik Partisi y\u00f6netim kadrosu do\u011frultusunda ise, toplam 725 telefon g\u00f6r\u00fc\u015fmesi yap\u0131larak 523 yan\u0131t al\u0131nd\u0131.<br \/>\nKat\u0131l\u0131mc\u0131lara, \u201c\u0130lk yap\u0131lacak olan se\u00e7imlerde oy kullanmay\u0131 d\u00fc\u015f\u00fcn\u00fcyor musunuz?\u201d, \u201c\u0130lk yap\u0131lacak olan milletvekilli\u011fi se\u00e7imlerinde yeni aday olarak kimlerin meclise girmesini isterdiniz?\u201d, \u201cEn ba\u015far\u0131l\u0131 buldu\u011funuz Ulusal Birlik Partili bakan kimdir?\u201d, \u201cEn ba\u015far\u0131l\u0131 buldu\u011funuz Ulusal Birlik Partili milletvekili kimdir?\u201d , &nbsp;\u201cUBP kurultay\u0131nda kimi desteklemeyi d\u00fc\u015f\u00fcn\u00fcyorsunuz?\u201d ve &nbsp; \u201c\u0130lk yap\u0131lacak olan Cumhurba\u015fkanl\u0131\u011f\u0131 se\u00e7iminde kimi desteklemek istersiniz?\u201d gibi sorular soruldu.&nbsp;<\/p>\n<p><strong>TATAR \u0130K\u0130 ANKETTE DE \u00d6NDE<\/strong><br \/>\nAnkette Cumhurba\u015fkan\u0131 Ersin Tatar\u2019\u0131n hem UBP \u00fcye baz\u0131nda hem de UBP y\u00f6netim kadrosundaki anket sonu\u00e7lar\u0131na g\u00f6re birinci s\u0131rada yer almas\u0131 dikkat \u00e7eken sonu\u00e7lardan biri olarak ortaya \u00e7\u0131k\u0131yor. Anket sonu\u00e7lar\u0131na g\u00f6re, \u00f6n\u00fcm\u00fczdeki Cumhurba\u015fkanl\u0131\u011f\u0131 se\u00e7imlerinde, hem UBP y\u00f6netimi hem de UBP \u00fcyeleri Ersin Tatar\u2019\u0131 yeniden Cumhurba\u015fkan\u0131 olarak g\u00f6rmek istiyor.<\/p>\n<p><strong>\u00dcSTEL A\u00c7IK ARA \u00d6NDE<\/strong><br \/>\nYine anket sonu\u00e7lar\u0131na g\u00f6re UBP kurultay\u0131nda y\u00f6netim kadrosunun y\u00fczde 47.69\u2019u, mevcut genel ba\u015fkan ve Ba\u015fbakan \u00dcnal \u00dcstel\u2019i yeniden Parti Baskan\u0131 ve Ba\u015fbakan olarak g\u00f6rmek isterken, \u00dcstel\u2019in y\u00fczde 12,12 oy oran\u0131yla Faiz Sucuo\u011flu, y\u00fczde 11,15 oy oran\u0131yla ise Olgun Amcao\u011flu takip ediyor. Anket sonu\u00e7lar\u0131nda UBP \u00fcyelerinin y\u00fczde 33,08\u2019inin \u00dcnal \u00dcstel\u2019e, y\u00fczde 17,12\u2019sinin Hasan Ta\u00e7oy\u2019u ve y\u00fczde 15,19\u2019unun ise Olgun Amcao\u011flu\u2019nu Genel Ba\u015fkan olarak g\u00f6rmek istedi\u011fi sonucu ortaya \u00e7\u0131k\u0131yor.&nbsp;<\/p>\n<p><strong>M\u0130LLETVEK\u0130L\u0130 ADAYLARINDA \u00d6NE \u00c7IKAN YEN\u0130 \u0130S\u0130MLER&nbsp;<\/strong><br \/>\nAnket sonu\u00e7lar\u0131na g\u00f6re ilk milletvekilli\u011fi se\u00e7imlerinde aday olma olas\u0131l\u0131\u011f\u0131 bulunan Ali Ba\u015fman, Ebru T\u00f6rehan, Dr. Mustafa Kalfao\u011flu, T\u00fcrel \u00d6ks\u00fczo\u011flu, Adil \u00d6zgey ve \u00d6m\u00fcr Gardiyano\u011flu gibi isimler kendi b\u00f6lgelerinde \u00f6n plana \u00e7\u0131k\u0131yor.<br \/>\n&nbsp;<\/p>\n","protected":false},"excerpt":{"rendered":"<p>\u201c2024 Kuzey K\u0131br\u0131s T\u00fcrk Cumhuriyeti Ekonomik Ve Politik Durum De\u011ferlendirme Anketi\u201d 08\/01\/2024 \u2013 02\/02\/2024 tarihlerinde, KKTC genelinde Lefko\u015fa, Gazima\u011fusa, Girne, G\u00fczelyurt, \u0130skele ve Lefke il\u00e7elerinde ya\u015fayan 17.800 ki\u015fi baz al\u0131narak telefon aramalar\u0131 ile ger\u00e7ekle\u015ftirildi. Anket ger\u00e7ekle\u015ftirilirken, Ulusal Birlik Partisi \u00fcyeleri ve Ulusal Birlik Partisi parti meclis \u00fcyeleri, \u00f6rg\u00fct ba\u015fkanlar\u0131, kad\u0131n kollar\u0131 ba\u015fkanlar\u0131, gen\u00e7lik kollar\u0131 ba\u015fkanlar\u0131<\/p>\n","protected":false},"author":1,"featured_media":30449,"comment_status":"open","ping_status":"open","sticky":false,"template":"","format":"standard","meta":{"footnotes":""},"categories":[85],"tags":[],"class_list":["post-30448","post","type-post","status-publish","format-standard","has-post-thumbnail","hentry","category-spor"],"yoast_head":"<!-- This site is optimized with the Yoast SEO plugin v27.4 - https:\/\/yoast.com\/product\/yoast-seo-wordpress\/ -->\n<title>UBP\u2019den Ba\u015fkan \u00dcnal \u00dcstel\u2019e Tam Destek -<\/title>\n<meta name=\"robots\" content=\"index, follow, max-snippet:-1, max-image-preview:large, max-video-preview:-1\" \/>\n<link rel=\"canonical\" href=\"https:\/\/kibrisdakik.com\/?p=30448\" \/>\n<meta property=\"og:locale\" content=\"tr_TR\" \/>\n<meta property=\"og:type\" content=\"article\" \/>\n<meta property=\"og:title\" content=\"UBP\u2019den Ba\u015fkan \u00dcnal \u00dcstel\u2019e Tam Destek -\" \/>\n<meta property=\"og:description\" content=\"\u201c2024 Kuzey K\u0131br\u0131s T\u00fcrk Cumhuriyeti Ekonomik Ve Politik Durum De\u011ferlendirme Anketi\u201d 08\/01\/2024 \u2013 02\/02\/2024 tarihlerinde, KKTC genelinde Lefko\u015fa, Gazima\u011fusa, Girne, G\u00fczelyurt, \u0130skele ve Lefke il\u00e7elerinde ya\u015fayan 17.800 ki\u015fi baz al\u0131narak telefon aramalar\u0131 ile ger\u00e7ekle\u015ftirildi. Anket ger\u00e7ekle\u015ftirilirken, Ulusal Birlik Partisi \u00fcyeleri ve Ulusal Birlik Partisi parti meclis \u00fcyeleri, \u00f6rg\u00fct ba\u015fkanlar\u0131, kad\u0131n kollar\u0131 ba\u015fkanlar\u0131, gen\u00e7lik kollar\u0131 ba\u015fkanlar\u0131\" \/>\n<meta property=\"og:url\" content=\"https:\/\/kibrisdakik.com\/?p=30448\" \/>\n<meta property=\"article:published_time\" content=\"2024-02-19T10:26:49+00:00\" \/>\n<meta property=\"og:image\" content=\"https:\/\/kibrisdakik.com\/wp-content\/uploads\/2024\/02\/ubpden-baskan-unal-ustele-tam-destek-1708337744.webp.webp\" \/>\n\t<meta property=\"og:image:width\" content=\"710\" \/>\n\t<meta property=\"og:image:height\" content=\"370\" \/>\n\t<meta property=\"og:image:type\" content=\"image\/webp\" \/>\n<meta name=\"author\" content=\"admin\" \/>\n<meta name=\"twitter:card\" content=\"summary_large_image\" \/>\n<meta name=\"twitter:label1\" content=\"Yazan:\" \/>\n\t<meta name=\"twitter:data1\" content=\"admin\" \/>\n\t<meta name=\"twitter:label2\" content=\"Tahmini okuma s\u00fcresi\" \/>\n\t<meta name=\"twitter:data2\" content=\"2 dakika\" \/>\n<script type=\"application\/ld+json\" class=\"yoast-schema-graph\">{\"@context\":\"https:\\\/\\\/schema.org\",\"@graph\":[{\"@type\":\"Article\",\"@id\":\"https:\\\/\\\/kibrisdakik.com\\\/?p=30448#article\",\"isPartOf\":{\"@id\":\"https:\\\/\\\/kibrisdakik.com\\\/?p=30448\"},\"author\":{\"name\":\"admin\",\"@id\":\"https:\\\/\\\/kibrisdakik.com\\\/#\\\/schema\\\/person\\\/9cd9d437bbb44f72b73ba127e06d8e79\"},\"headline\":\"UBP\u2019den Ba\u015fkan \u00dcnal \u00dcstel\u2019e Tam Destek\",\"datePublished\":\"2024-02-19T10:26:49+00:00\",\"mainEntityOfPage\":{\"@id\":\"https:\\\/\\\/kibrisdakik.com\\\/?p=30448\"},\"wordCount\":452,\"commentCount\":0,\"image\":{\"@id\":\"https:\\\/\\\/kibrisdakik.com\\\/?p=30448#primaryimage\"},\"thumbnailUrl\":\"https:\\\/\\\/kibrisdakik.com\\\/wp-content\\\/uploads\\\/2024\\\/02\\\/ubpden-baskan-unal-ustele-tam-destek-1708337744.webp.webp\",\"articleSection\":[\"Spor\"],\"inLanguage\":\"tr\",\"potentialAction\":[{\"@type\":\"CommentAction\",\"name\":\"Comment\",\"target\":[\"https:\\\/\\\/kibrisdakik.com\\\/?p=30448#respond\"]}]},{\"@type\":\"WebPage\",\"@id\":\"https:\\\/\\\/kibrisdakik.com\\\/?p=30448\",\"url\":\"https:\\\/\\\/kibrisdakik.com\\\/?p=30448\",\"name\":\"UBP\u2019den Ba\u015fkan \u00dcnal \u00dcstel\u2019e Tam Destek -\",\"isPartOf\":{\"@id\":\"https:\\\/\\\/kibrisdakik.com\\\/#website\"},\"primaryImageOfPage\":{\"@id\":\"https:\\\/\\\/kibrisdakik.com\\\/?p=30448#primaryimage\"},\"image\":{\"@id\":\"https:\\\/\\\/kibrisdakik.com\\\/?p=30448#primaryimage\"},\"thumbnailUrl\":\"https:\\\/\\\/kibrisdakik.com\\\/wp-content\\\/uploads\\\/2024\\\/02\\\/ubpden-baskan-unal-ustele-tam-destek-1708337744.webp.webp\",\"datePublished\":\"2024-02-19T10:26:49+00:00\",\"author\":{\"@id\":\"https:\\\/\\\/kibrisdakik.com\\\/#\\\/schema\\\/person\\\/9cd9d437bbb44f72b73ba127e06d8e79\"},\"breadcrumb\":{\"@id\":\"https:\\\/\\\/kibrisdakik.com\\\/?p=30448#breadcrumb\"},\"inLanguage\":\"tr\",\"potentialAction\":[{\"@type\":\"ReadAction\",\"target\":[\"https:\\\/\\\/kibrisdakik.com\\\/?p=30448\"]}]},{\"@type\":\"ImageObject\",\"inLanguage\":\"tr\",\"@id\":\"https:\\\/\\\/kibrisdakik.com\\\/?p=30448#primaryimage\",\"url\":\"https:\\\/\\\/kibrisdakik.com\\\/wp-content\\\/uploads\\\/2024\\\/02\\\/ubpden-baskan-unal-ustele-tam-destek-1708337744.webp.webp\",\"contentUrl\":\"https:\\\/\\\/kibrisdakik.com\\\/wp-content\\\/uploads\\\/2024\\\/02\\\/ubpden-baskan-unal-ustele-tam-destek-1708337744.webp.webp\",\"width\":710,\"height\":370},{\"@type\":\"BreadcrumbList\",\"@id\":\"https:\\\/\\\/kibrisdakik.com\\\/?p=30448#breadcrumb\",\"itemListElement\":[{\"@type\":\"ListItem\",\"position\":1,\"name\":\"Home\",\"item\":\"https:\\\/\\\/kibrisdakik.com\\\/\"},{\"@type\":\"ListItem\",\"position\":2,\"name\":\"UBP\u2019den Ba\u015fkan \u00dcnal \u00dcstel\u2019e Tam Destek\"}]},{\"@type\":\"WebSite\",\"@id\":\"https:\\\/\\\/kibrisdakik.com\\\/#website\",\"url\":\"https:\\\/\\\/kibrisdakik.com\\\/\",\"name\":\"\",\"description\":\"Tam vaktinde haber\",\"potentialAction\":[{\"@type\":\"SearchAction\",\"target\":{\"@type\":\"EntryPoint\",\"urlTemplate\":\"https:\\\/\\\/kibrisdakik.com\\\/?s={search_term_string}\"},\"query-input\":{\"@type\":\"PropertyValueSpecification\",\"valueRequired\":true,\"valueName\":\"search_term_string\"}}],\"inLanguage\":\"tr\"},{\"@type\":\"Person\",\"@id\":\"https:\\\/\\\/kibrisdakik.com\\\/#\\\/schema\\\/person\\\/9cd9d437bbb44f72b73ba127e06d8e79\",\"name\":\"admin\",\"image\":{\"@type\":\"ImageObject\",\"inLanguage\":\"tr\",\"@id\":\"https:\\\/\\\/secure.gravatar.com\\\/avatar\\\/ccc17943b9d660506c869530f897617f7cb1c21a4bf30023f252596d83e1f007?s=96&d=mm&r=g\",\"url\":\"https:\\\/\\\/secure.gravatar.com\\\/avatar\\\/ccc17943b9d660506c869530f897617f7cb1c21a4bf30023f252596d83e1f007?s=96&d=mm&r=g\",\"contentUrl\":\"https:\\\/\\\/secure.gravatar.com\\\/avatar\\\/ccc17943b9d660506c869530f897617f7cb1c21a4bf30023f252596d83e1f007?s=96&d=mm&r=g\",\"caption\":\"admin\"},\"sameAs\":[\"https:\\\/\\\/kibrisdakik.com\"],\"url\":\"https:\\\/\\\/kibrisdakik.com\\\/?author=1\"}]}<\/script>\n<!-- \/ Yoast SEO plugin. -->","yoast_head_json":{"title":"UBP\u2019den Ba\u015fkan \u00dcnal \u00dcstel\u2019e Tam Destek -","robots":{"index":"index","follow":"follow","max-snippet":"max-snippet:-1","max-image-preview":"max-image-preview:large","max-video-preview":"max-video-preview:-1"},"canonical":"https:\/\/kibrisdakik.com\/?p=30448","og_locale":"tr_TR","og_type":"article","og_title":"UBP\u2019den Ba\u015fkan \u00dcnal \u00dcstel\u2019e Tam Destek -","og_description":"\u201c2024 Kuzey K\u0131br\u0131s T\u00fcrk Cumhuriyeti Ekonomik Ve Politik Durum De\u011ferlendirme Anketi\u201d 08\/01\/2024 \u2013 02\/02\/2024 tarihlerinde, KKTC genelinde Lefko\u015fa, Gazima\u011fusa, Girne, G\u00fczelyurt, \u0130skele ve Lefke il\u00e7elerinde ya\u015fayan 17.800 ki\u015fi baz al\u0131narak telefon aramalar\u0131 ile ger\u00e7ekle\u015ftirildi. Anket ger\u00e7ekle\u015ftirilirken, Ulusal Birlik Partisi \u00fcyeleri ve Ulusal Birlik Partisi parti meclis \u00fcyeleri, \u00f6rg\u00fct ba\u015fkanlar\u0131, kad\u0131n kollar\u0131 ba\u015fkanlar\u0131, gen\u00e7lik kollar\u0131 ba\u015fkanlar\u0131","og_url":"https:\/\/kibrisdakik.com\/?p=30448","article_published_time":"2024-02-19T10:26:49+00:00","og_image":[{"width":710,"height":370,"url":"https:\/\/kibrisdakik.com\/wp-content\/uploads\/2024\/02\/ubpden-baskan-unal-ustele-tam-destek-1708337744.webp.webp","type":"image\/webp"}],"author":"admin","twitter_card":"summary_large_image","twitter_misc":{"Yazan:":"admin","Tahmini okuma s\u00fcresi":"2 dakika"},"schema":{"@context":"https:\/\/schema.org","@graph":[{"@type":"Article","@id":"https:\/\/kibrisdakik.com\/?p=30448#article","isPartOf":{"@id":"https:\/\/kibrisdakik.com\/?p=30448"},"author":{"name":"admin","@id":"https:\/\/kibrisdakik.com\/#\/schema\/person\/9cd9d437bbb44f72b73ba127e06d8e79"},"headline":"UBP\u2019den Ba\u015fkan \u00dcnal \u00dcstel\u2019e Tam Destek","datePublished":"2024-02-19T10:26:49+00:00","mainEntityOfPage":{"@id":"https:\/\/kibrisdakik.com\/?p=30448"},"wordCount":452,"commentCount":0,"image":{"@id":"https:\/\/kibrisdakik.com\/?p=30448#primaryimage"},"thumbnailUrl":"https:\/\/kibrisdakik.com\/wp-content\/uploads\/2024\/02\/ubpden-baskan-unal-ustele-tam-destek-1708337744.webp.webp","articleSection":["Spor"],"inLanguage":"tr","potentialAction":[{"@type":"CommentAction","name":"Comment","target":["https:\/\/kibrisdakik.com\/?p=30448#respond"]}]},{"@type":"WebPage","@id":"https:\/\/kibrisdakik.com\/?p=30448","url":"https:\/\/kibrisdakik.com\/?p=30448","name":"UBP\u2019den Ba\u015fkan \u00dcnal \u00dcstel\u2019e Tam Destek -","isPartOf":{"@id":"https:\/\/kibrisdakik.com\/#website"},"primaryImageOfPage":{"@id":"https:\/\/kibrisdakik.com\/?p=30448#primaryimage"},"image":{"@id":"https:\/\/kibrisdakik.com\/?p=30448#primaryimage"},"thumbnailUrl":"https:\/\/kibrisdakik.com\/wp-content\/uploads\/2024\/02\/ubpden-baskan-unal-ustele-tam-destek-1708337744.webp.webp","datePublished":"2024-02-19T10:26:49+00:00","author":{"@id":"https:\/\/kibrisdakik.com\/#\/schema\/person\/9cd9d437bbb44f72b73ba127e06d8e79"},"breadcrumb":{"@id":"https:\/\/kibrisdakik.com\/?p=30448#breadcrumb"},"inLanguage":"tr","potentialAction":[{"@type":"ReadAction","target":["https:\/\/kibrisdakik.com\/?p=30448"]}]},{"@type":"ImageObject","inLanguage":"tr","@id":"https:\/\/kibrisdakik.com\/?p=30448#primaryimage","url":"https:\/\/kibrisdakik.com\/wp-content\/uploads\/2024\/02\/ubpden-baskan-unal-ustele-tam-destek-1708337744.webp.webp","contentUrl":"https:\/\/kibrisdakik.com\/wp-content\/uploads\/2024\/02\/ubpden-baskan-unal-ustele-tam-destek-1708337744.webp.webp","width":710,"height":370},{"@type":"BreadcrumbList","@id":"https:\/\/kibrisdakik.com\/?p=30448#breadcrumb","itemListElement":[{"@type":"ListItem","position":1,"name":"Home","item":"https:\/\/kibrisdakik.com\/"},{"@type":"ListItem","position":2,"name":"UBP\u2019den Ba\u015fkan \u00dcnal \u00dcstel\u2019e Tam Destek"}]},{"@type":"WebSite","@id":"https:\/\/kibrisdakik.com\/#website","url":"https:\/\/kibrisdakik.com\/","name":"","description":"Tam vaktinde haber","potentialAction":[{"@type":"SearchAction","target":{"@type":"EntryPoint","urlTemplate":"https:\/\/kibrisdakik.com\/?s={search_term_string}"},"query-input":{"@type":"PropertyValueSpecification","valueRequired":true,"valueName":"search_term_string"}}],"inLanguage":"tr"},{"@type":"Person","@id":"https:\/\/kibrisdakik.com\/#\/schema\/person\/9cd9d437bbb44f72b73ba127e06d8e79","name":"admin","image":{"@type":"ImageObject","inLanguage":"tr","@id":"https:\/\/secure.gravatar.com\/avatar\/ccc17943b9d660506c869530f897617f7cb1c21a4bf30023f252596d83e1f007?s=96&d=mm&r=g","url":"https:\/\/secure.gravatar.com\/avatar\/ccc17943b9d660506c869530f897617f7cb1c21a4bf30023f252596d83e1f007?s=96&d=mm&r=g","contentUrl":"https:\/\/secure.gravatar.com\/avatar\/ccc17943b9d660506c869530f897617f7cb1c21a4bf30023f252596d83e1f007?s=96&d=mm&r=g","caption":"admin"},"sameAs":["https:\/\/kibrisdakik.com"],"url":"https:\/\/kibrisdakik.com\/?author=1"}]}},"_links":{"self":[{"href":"https:\/\/kibrisdakik.com\/index.php?rest_route=\/wp\/v2\/posts\/30448","targetHints":{"allow":["GET"]}}],"collection":[{"href":"https:\/\/kibrisdakik.com\/index.php?rest_route=\/wp\/v2\/posts"}],"about":[{"href":"https:\/\/kibrisdakik.com\/index.php?rest_route=\/wp\/v2\/types\/post"}],"author":[{"embeddable":true,"href":"https:\/\/kibrisdakik.com\/index.php?rest_route=\/wp\/v2\/users\/1"}],"replies":[{"embeddable":true,"href":"https:\/\/kibrisdakik.com\/index.php?rest_route=%2Fwp%2Fv2%2Fcomments&post=30448"}],"version-history":[{"count":0,"href":"https:\/\/kibrisdakik.com\/index.php?rest_route=\/wp\/v2\/posts\/30448\/revisions"}],"wp:featuredmedia":[{"embeddable":true,"href":"https:\/\/kibrisdakik.com\/index.php?rest_route=\/wp\/v2\/media\/30449"}],"wp:attachment":[{"href":"https:\/\/kibrisdakik.com\/index.php?rest_route=%2Fwp%2Fv2%2Fmedia&parent=30448"}],"wp:term":[{"taxonomy":"category","embeddable":true,"href":"https:\/\/kibrisdakik.com\/index.php?rest_route=%2Fwp%2Fv2%2Fcategories&post=30448"},{"taxonomy":"post_tag","embeddable":true,"href":"https:\/\/kibrisdakik.com\/index.php?rest_route=%2Fwp%2Fv2%2Ftags&post=30448"}],"curies":[{"name":"wp","href":"https:\/\/api.w.org\/{rel}","templated":true}]}}