{"id":30506,"date":"2024-02-19T15:52:18","date_gmt":"2024-02-19T15:52:18","guid":{"rendered":"https:\/\/kibrisdakik.com\/index.php\/2024\/02\/19\/galatasaray-fenerbahce-super-kupa-maci-iptal-oldu-soylentisi-kafalari-karistirdi\/"},"modified":"2024-02-19T15:52:18","modified_gmt":"2024-02-19T15:52:18","slug":"galatasaray-fenerbahce-super-kupa-maci-iptal-oldu-soylentisi-kafalari-karistirdi","status":"publish","type":"post","link":"https:\/\/kibrisdakik.com\/?p=30506","title":{"rendered":"Galatasaray Fenerbah\u00e7e S\u00fcper Kupa ma\u00e7\u0131 iptal oldu s\u00f6ylentisi kafalar\u0131 kar\u0131\u015ft\u0131rd\u0131!"},"content":{"rendered":"<p><\/p>\n<h2>\nGalatasaray ile Fenerbah\u00e7e aras\u0131nda oynanmas\u0131 planlanan S\u00fcper Kupa ma\u00e7\u0131 ile ilgili yeni a\u00e7\u0131klama geldi. Normal \u015fartlarda 29 Aral\u0131k\u2019ta oynanmas\u0131 planlanan S\u00fcper Kupa ma\u00e7\u0131, Suudi Arabistan&#8217;da \u00e7\u0131kan olaylar ve anla\u015fmazl\u0131klar sebebiyle iptal olmu\u015f ve ileri bir tarihe ertelenmi\u015fti. Fenerbah\u00e7e, 29 Aral\u0131k 2023&#8217;te oynanmas\u0131 planlanan ancak ya\u015fananlar sonras\u0131 iptal edilen S\u00fcper Kupa finaliyle ilgili bir a\u00e7\u0131klama yay\u0131mlad\u0131. \u00d6te yandan Fenerbah\u00e7e Ba\u015fkan\u0131 Ali Ko\u00e7 da ge\u00e7ti\u011fimiz hafta S\u00fcper Kupa ma\u00e7\u0131n\u0131n oynanaca\u011f\u0131 tarih ile ilgili konu\u015fmu\u015ftu. Peki, Ertelenen Galatasaray \u2013 Fenerbah\u00e7e s\u00fcper kupa ma\u00e7\u0131 ne zaman oynanacak?<br \/>\n<img decoding=\"async\" alt=\"GALATASARAY - FENERBAH\u00c7E S\u00dcPER KUPA MA\u00c7I \u0130PTAL M\u0130 OLDU, OYNANACAK MI\" src=\"https:\/\/image.hurimg.com\/i\/hurriyet\/75\/0x0\/65d321c1d65b8e68234fcc60.jpg\" \/><br \/>\n&nbsp;<\/h2>\n<h2>GALATASARAY &#8211; FENERBAH\u00c7E S\u00dcPER KUPA MA\u00c7I \u0130PTAL M\u0130 OLDU, OYNANACAK MI?<\/h2>\n<p>&nbsp;<\/p>\n<p>Ge\u00e7ti\u011fimiz sezonun S\u00fcper Lig \u015fampiyonu Galatasaray ile T\u00fcrkiye Kupas\u0131&#8217;n\u0131n kazanan\u0131 Fenerbah\u00e7e aras\u0131nda oynanmas\u0131 planlanan S\u00fcper Kupa finali, kar\u015f\u0131la\u015fman\u0131n yapulaca\u011f\u0131 Suudi Arabistan&#8217;da ya\u015fananlar nedeniyle iptal edilmi\u015fti. Fenerbah\u00e7e, S\u00fcper Kupa&#8217;n\u0131n iptaline dair ya\u015fananlarla ilgili t\u00fcm s\u00fcre\u00e7lerin tamamen ara\u015ft\u0131r\u0131lmas\u0131 i\u00e7in C\u0130MER&#8217;e yap\u0131lan ba\u015fvuruyu ve gelen cevab\u0131 yay\u0131mlad\u0131. \u00d6te yandan sosyal medyada ve \u00e7e\u015fitli mecralarda ma\u00e7\u0131n iptal edildi\u011fi ve oynanmayaca\u011f\u0131 gibi bir alg\u0131 olu\u015ftu. \u00c7\u0131kan haberler ger\u00e7e\u011fi yans\u0131tmamakla beraber Galatasaray Fenerbah\u00e7e S\u00fcper Kupa ma\u00e7\u0131 \u00f6n\u00fcm\u00fczdeki aylarda belirlenen bir tarihte oynanacakt\u0131r.<br \/>\n<img decoding=\"async\" alt=\"Galatasaray Fenerbah\u00e7e S\u00fcper Kupa ma\u00e7\u0131 iptal oldu s\u00f6ylentisi kafalar\u0131 kar\u0131\u015ft\u0131rd\u0131 S\u00fcper Kupa 2023 ne zaman oynanacak\" src=\"https:\/\/image.hurimg.com\/i\/hurriyet\/75\/0x0\/65d3279cd65b8e68234fcc97.jpg\" \/><br \/>\n&nbsp;<\/p>\n<p><strong>\u0130\u015fte Fenerbah\u00e7e&#8217;den yap\u0131lan a\u00e7\u0131klama;<\/strong><\/p>\n<p>&#8220;29 Aral\u0131k 2023 tarihinde Galatasaray Sportif A.\u015e.-Fenerbah\u00e7e Futbol A.\u015e. aras\u0131nda oynanmas\u0131 planlanan S\u00fcper Kupa m\u00fccadelesi, kat\u0131l\u0131mc\u0131 tak\u0131mlar ve T\u00fcrkiye Futbol Federasyonu (TFF) aras\u0131nda verilen ortak mutabakat neticesinde iptal edilmi\u015ftir.<\/p>\n<p>\u0130ptal karar\u0131n\u0131n, TFF ve Kul\u00fcpler nezdinde kamuoyuna a\u00e7\u0131klanmas\u0131n\u0131 takiben, ya\u015fanan s\u00fcre\u00e7lerle ilgili manip\u00fclasyon i\u00e7eren bir\u00e7ok bilgi servis edilerek, Ba\u015fkan\u0131m\u0131z Ali Y. Ko\u00e7 hakk\u0131nda as\u0131ls\u0131z iftira ve ithamlarda bulunulmu\u015ftur.<\/p>\n<p>Gerek yap\u0131lan yay\u0131nlar, gerekse g\u00f6rsel medyada yaz\u0131lan haber ve yorumlarla birlikte sosyal medyada yap\u0131lan payla\u015f\u0131mlar da g\u00f6z \u00f6n\u00fcnde bulunduruldu\u011funda, konunun oda\u011f\u0131n\u0131n S\u00fcper Kupa finali olmad\u0131\u011f\u0131 net bir \u015fekilde g\u00f6r\u00fclmektedir.<\/p>\n<p>TFF ve kat\u0131l\u0131mc\u0131 di\u011fer kul\u00fcp tamamen g\u00f6z ard\u0131 edilerek, t\u00fcm olaylar\u0131n sorumlulu\u011funun Ba\u015fkan\u0131m\u0131z Ali Y. Ko\u00e7 \u00f6zeline atfedilmeye \u00e7al\u0131\u015f\u0131lmas\u0131 \u00fczerine, devletimizin ilgili kurumlar\u0131na ya\u015fanan t\u00fcm s\u00fcre\u00e7lerin detayl\u0131ca ara\u015ft\u0131r\u0131lmas\u0131 y\u00f6n\u00fcnde taleplerimiz olmu\u015ftur.<\/p>\n<p>Bu talepler kapsam\u0131nda; 3 Ocak 2024 tarihinde ve 14 \u015eubat 2024 tarihinde olmak \u00fczere 2 kez Dezenformasyonla M\u00fccadele Merkezi\u2019ne,<\/p>\n<p>5 Ocak 2024 tarihinde TFF\u2019ye,<\/p>\n<p>14 \u015eubat 2024 tarihinde T.C. Adalet Bakanl\u0131\u011f\u0131\u2019na ve yine ayn\u0131 tarihte Cumhurba\u015fkanl\u0131\u011f\u0131 \u0130leti\u015fim Merkezi\u2019ne (C\u0130MER) ba\u015fvuruda bulunulmu\u015ftur.<\/p>\n<p>Ba\u015fvurular\u0131m\u0131za y\u00f6nelik bug\u00fcne kadar taraf\u0131m\u0131za sadece a\u015fa\u011f\u0131da g\u00f6r\u00fclece\u011fi \u015fekilde C\u0130MER taraf\u0131ndan yan\u0131t gelmi\u015ftir.<\/p>\n<p>&#8220;T.C. Cumhurba\u015fkanl\u0131\u011f\u0131 \u0130leti\u015fim Merkezi (C\u0130MER)\u2019ne yapm\u0131\u015f oldu\u011funuz 2400617193 say\u0131l\u0131 ba\u015fvurunuz 16.02.2024 tarihinde cevaplanm\u0131\u015ft\u0131r*<\/p>\n<p><img decoding=\"async\" alt=\"Galatasaray Fenerbah\u00e7e S\u00fcper Kupa ma\u00e7\u0131 iptal oldu s\u00f6ylentisi kafalar\u0131 kar\u0131\u015ft\u0131rd\u0131 S\u00fcper Kupa 2023 ne zaman oynanacak\" src=\"https:\/\/image.hurimg.com\/i\/hurriyet\/75\/0x0\/65d3279dd65b8e68234fcc99.jpg\" \/><br \/>\n&nbsp;<\/p>\n<p>Cevap Metni: Her t\u00fcrl\u00fc futbol faaliyetini milli ve milletler aras\u0131 kurallara g\u00f6re y\u00fcr\u00fctmek, te\u015fkilatland\u0131rmak, geli\u015ftirmek ve T\u00fcrkiye&#8217;yi futbol konusunda yurt i\u00e7inde ve yurt d\u0131\u015f\u0131nda temsil etmek \u00fczere, \u00f6zel hukuk h\u00fck\u00fcmlerine tabi, t\u00fczel ki\u015fili\u011fe sahip, \u00f6zerk T\u00fcrkiye Futbol Federasyonu&#8217;nun kurulmas\u0131, te\u015fkilat, g\u00f6rev ve yetkilerine ait esas ve usuller 5894 say\u0131l\u0131 T\u00fcrkiye Futbol Federasyonu Kurulu\u015f ve G\u00f6revleri Hakk\u0131ndaki Kanun&#8217;da d\u00fczenlenmi\u015ftir. Gerek 5894 say\u0131l\u0131 Kanun ve gerekse FIFA ve UEFA kurallar\u0131na g\u00f6re T\u00fcrkiye Futbol Federasyonu \u00f6zerk olup, Gen\u00e7lik ve Spor Bakanl\u0131\u011f\u0131\u2019n\u0131n federasyon kararlar\u0131 ve i\u015flemleri \u00fczerinde hiyerar\u015fik veya idari vesayet yetkisi bulunmamaktad\u0131r. Bu sebeple TFF ile ilgili ba\u015fvurulara Gen\u00e7lik ve Spor Bakanl\u0131\u011f\u0131nca yap\u0131labilecek herhangi bir i\u015flem bulunmad\u0131\u011f\u0131ndan s\u00f6z konusu ba\u015fvurunuzu do\u011frudan T\u00fcrkiye Futbol Federasyonu\u2019na yapman\u0131z gerekmektedir.<br \/>\nBilgilerinize sunulur.&#8221;<\/p>\n<p>Hem Kul\u00fcb\u00fcm\u00fcz\u00fc hem de Ba\u015fkan\u0131m\u0131z Ali Y. Ko\u00e7\u2019u hedef alan alg\u0131 \u00e7al\u0131\u015fmalar\u0131n\u0131n sonucunda, kamuoyunda olu\u015fan bilgi kirli\u011finin sona erdirilmesi konusundaki kararl\u0131 duru\u015fumuz devam edecektir.<\/p>\n<p>\u0130lgili ba\u015fvurular\u0131m\u0131z\u0131n \u0131srarla takip\u00e7isi olaca\u011f\u0131m\u0131z\u0131 kamuoyunun bilgisine sunar\u0131z.&#8221;<br \/>\n<img decoding=\"async\" alt=\"GALATASARAY \u2013 FENERBAH\u00c7E S\u00dcPER KUPA MA\u00c7I NE ZAMAN OYNANACAK\" src=\"https:\/\/image.hurimg.com\/i\/hurriyet\/75\/0x0\/65d32154d65b8e68234fcc54.jpg\" \/><\/p>\n<h2>GALATASARAY \u2013 FENERBAH\u00c7E S\u00dcPER KUPA MA\u00c7I NE ZAMAN OYNANACAK?<\/h2>\n<p>&nbsp;<\/p>\n<p>Fenerbah\u00e7e Ba\u015fkan\u0131 Ali Ko\u00e7, Galatasaray ile Suudi Arabistan&#8217;da iptal olan S\u00fcper Kupa ma\u00e7\u0131n\u0131n oynanaca\u011f\u0131 tarihi a\u00e7\u0131klad\u0131. Ko\u00e7, Galatasaray ile oynanacak S\u00fcper Kupa ma\u00e7\u0131n\u0131n 31 Mart&#8217;ta T\u00fcrkiye&#8217;de yap\u0131lacak yerel se\u00e7imlerin ard\u0131ndan oynanaca\u011f\u0131n\u0131 duyurdu. Buna g\u00f6re S\u00fcper Kupa\u2019n\u0131n Nisan ay\u0131 ya da daha ileri bir tarihte oynanaca\u011f\u0131 \u00f6ng\u00f6r\u00fcl\u00fcyor.<\/p>\n<p>&nbsp;<\/p>\n<h2>S\u00dcPER KUPA F\u0130NAL MA\u00c7I NEREDE OYNANACAK?<\/h2>\n<p>&nbsp;<\/p>\n<p>Suudi Arabistan\u2019da oynanmas\u0131 planlanan S\u00fcper Kupa Finali \u00f6ncesi ya\u015fanan kriz sonras\u0131 Galatasaray ve Fenerbah\u00e7e ma\u00e7a \u00e7\u0131kmama karar\u0131 ald\u0131. S\u00fcper Lig kul\u00fcpleri Be\u015fikta\u015f, Ankarag\u00fcc\u00fc, Antalyaspor, Sivasspor, Konyaspor ve Samsunspor; S\u00fcper Kupa ma\u00e7\u0131n\u0131n statlar\u0131nda oynanmas\u0131 i\u00e7in \u00e7a\u011fr\u0131 yapt\u0131. Ma\u00e7\u0131n oynanaca\u011f\u0131 stad ve tarih hen\u00fcz belli de\u011fil. TFF&#8217;den a\u00e7\u0131klama geldi\u011fi zaman haberlerimizde yer verece\u011fiz.<\/p>\n","protected":false},"excerpt":{"rendered":"<p>Galatasaray ile Fenerbah\u00e7e aras\u0131nda oynanmas\u0131 planlanan S\u00fcper Kupa ma\u00e7\u0131 ile ilgili yeni a\u00e7\u0131klama geldi. Normal \u015fartlarda 29 Aral\u0131k\u2019ta oynanmas\u0131 planlanan S\u00fcper Kupa ma\u00e7\u0131, Suudi Arabistan&#8217;da \u00e7\u0131kan olaylar ve anla\u015fmazl\u0131klar sebebiyle iptal olmu\u015f ve ileri bir tarihe ertelenmi\u015fti. Fenerbah\u00e7e, 29 Aral\u0131k 2023&#8217;te oynanmas\u0131 planlanan ancak ya\u015fananlar sonras\u0131 iptal edilen S\u00fcper Kupa finaliyle ilgili bir a\u00e7\u0131klama yay\u0131mlad\u0131.<\/p>\n","protected":false},"author":1,"featured_media":30507,"comment_status":"open","ping_status":"open","sticky":false,"template":"","format":"standard","meta":{"footnotes":""},"categories":[1],"tags":[],"class_list":["post-30506","post","type-post","status-publish","format-standard","has-post-thumbnail","hentry","category-gundem"],"yoast_head":"<!-- This site is optimized with the Yoast SEO plugin v27.4 - https:\/\/yoast.com\/product\/yoast-seo-wordpress\/ -->\n<title>Galatasaray Fenerbah\u00e7e S\u00fcper Kupa ma\u00e7\u0131 iptal oldu s\u00f6ylentisi kafalar\u0131 kar\u0131\u015ft\u0131rd\u0131! -<\/title>\n<meta name=\"robots\" content=\"index, follow, max-snippet:-1, max-image-preview:large, max-video-preview:-1\" \/>\n<link rel=\"canonical\" href=\"https:\/\/kibrisdakik.com\/?p=30506\" \/>\n<meta property=\"og:locale\" content=\"tr_TR\" \/>\n<meta property=\"og:type\" content=\"article\" \/>\n<meta property=\"og:title\" content=\"Galatasaray Fenerbah\u00e7e S\u00fcper Kupa ma\u00e7\u0131 iptal oldu s\u00f6ylentisi kafalar\u0131 kar\u0131\u015ft\u0131rd\u0131! -\" \/>\n<meta property=\"og:description\" content=\"Galatasaray ile Fenerbah\u00e7e aras\u0131nda oynanmas\u0131 planlanan S\u00fcper Kupa ma\u00e7\u0131 ile ilgili yeni a\u00e7\u0131klama geldi. Normal \u015fartlarda 29 Aral\u0131k\u2019ta oynanmas\u0131 planlanan S\u00fcper Kupa ma\u00e7\u0131, Suudi Arabistan&#8217;da \u00e7\u0131kan olaylar ve anla\u015fmazl\u0131klar sebebiyle iptal olmu\u015f ve ileri bir tarihe ertelenmi\u015fti. Fenerbah\u00e7e, 29 Aral\u0131k 2023&#8217;te oynanmas\u0131 planlanan ancak ya\u015fananlar sonras\u0131 iptal edilen S\u00fcper Kupa finaliyle ilgili bir a\u00e7\u0131klama yay\u0131mlad\u0131.\" \/>\n<meta property=\"og:url\" content=\"https:\/\/kibrisdakik.com\/?p=30506\" \/>\n<meta property=\"article:published_time\" content=\"2024-02-19T15:52:18+00:00\" \/>\n<meta property=\"og:image\" content=\"https:\/\/kibrisdakik.com\/wp-content\/uploads\/2024\/02\/65d321c1d65b8e68234fcc60-740x420.jpg\" \/>\n\t<meta property=\"og:image:width\" content=\"750\" \/>\n\t<meta property=\"og:image:height\" content=\"422\" \/>\n\t<meta property=\"og:image:type\" content=\"image\/jpeg\" \/>\n<meta name=\"author\" content=\"admin\" \/>\n<meta name=\"twitter:card\" content=\"summary_large_image\" \/>\n<meta name=\"twitter:label1\" content=\"Yazan:\" \/>\n\t<meta name=\"twitter:data1\" content=\"admin\" \/>\n\t<meta name=\"twitter:label2\" content=\"Tahmini okuma s\u00fcresi\" \/>\n\t<meta name=\"twitter:data2\" content=\"4 dakika\" \/>\n<script type=\"application\/ld+json\" class=\"yoast-schema-graph\">{\"@context\":\"https:\\\/\\\/schema.org\",\"@graph\":[{\"@type\":\"Article\",\"@id\":\"https:\\\/\\\/kibrisdakik.com\\\/?p=30506#article\",\"isPartOf\":{\"@id\":\"https:\\\/\\\/kibrisdakik.com\\\/?p=30506\"},\"author\":{\"name\":\"admin\",\"@id\":\"https:\\\/\\\/kibrisdakik.com\\\/#\\\/schema\\\/person\\\/9cd9d437bbb44f72b73ba127e06d8e79\"},\"headline\":\"Galatasaray Fenerbah\u00e7e S\u00fcper Kupa ma\u00e7\u0131 iptal oldu s\u00f6ylentisi kafalar\u0131 kar\u0131\u015ft\u0131rd\u0131!\",\"datePublished\":\"2024-02-19T15:52:18+00:00\",\"mainEntityOfPage\":{\"@id\":\"https:\\\/\\\/kibrisdakik.com\\\/?p=30506\"},\"wordCount\":914,\"commentCount\":0,\"image\":{\"@id\":\"https:\\\/\\\/kibrisdakik.com\\\/?p=30506#primaryimage\"},\"thumbnailUrl\":\"https:\\\/\\\/kibrisdakik.com\\\/wp-content\\\/uploads\\\/2024\\\/02\\\/65d321c1d65b8e68234fcc60-740x420.jpg\",\"articleSection\":[\"G\u00fcndem\"],\"inLanguage\":\"tr\",\"potentialAction\":[{\"@type\":\"CommentAction\",\"name\":\"Comment\",\"target\":[\"https:\\\/\\\/kibrisdakik.com\\\/?p=30506#respond\"]}]},{\"@type\":\"WebPage\",\"@id\":\"https:\\\/\\\/kibrisdakik.com\\\/?p=30506\",\"url\":\"https:\\\/\\\/kibrisdakik.com\\\/?p=30506\",\"name\":\"Galatasaray Fenerbah\u00e7e S\u00fcper Kupa ma\u00e7\u0131 iptal oldu s\u00f6ylentisi kafalar\u0131 kar\u0131\u015ft\u0131rd\u0131! -\",\"isPartOf\":{\"@id\":\"https:\\\/\\\/kibrisdakik.com\\\/#website\"},\"primaryImageOfPage\":{\"@id\":\"https:\\\/\\\/kibrisdakik.com\\\/?p=30506#primaryimage\"},\"image\":{\"@id\":\"https:\\\/\\\/kibrisdakik.com\\\/?p=30506#primaryimage\"},\"thumbnailUrl\":\"https:\\\/\\\/kibrisdakik.com\\\/wp-content\\\/uploads\\\/2024\\\/02\\\/65d321c1d65b8e68234fcc60-740x420.jpg\",\"datePublished\":\"2024-02-19T15:52:18+00:00\",\"author\":{\"@id\":\"https:\\\/\\\/kibrisdakik.com\\\/#\\\/schema\\\/person\\\/9cd9d437bbb44f72b73ba127e06d8e79\"},\"breadcrumb\":{\"@id\":\"https:\\\/\\\/kibrisdakik.com\\\/?p=30506#breadcrumb\"},\"inLanguage\":\"tr\",\"potentialAction\":[{\"@type\":\"ReadAction\",\"target\":[\"https:\\\/\\\/kibrisdakik.com\\\/?p=30506\"]}]},{\"@type\":\"ImageObject\",\"inLanguage\":\"tr\",\"@id\":\"https:\\\/\\\/kibrisdakik.com\\\/?p=30506#primaryimage\",\"url\":\"https:\\\/\\\/kibrisdakik.com\\\/wp-content\\\/uploads\\\/2024\\\/02\\\/65d321c1d65b8e68234fcc60-740x420.jpg\",\"contentUrl\":\"https:\\\/\\\/kibrisdakik.com\\\/wp-content\\\/uploads\\\/2024\\\/02\\\/65d321c1d65b8e68234fcc60-740x420.jpg\",\"width\":750,\"height\":422},{\"@type\":\"BreadcrumbList\",\"@id\":\"https:\\\/\\\/kibrisdakik.com\\\/?p=30506#breadcrumb\",\"itemListElement\":[{\"@type\":\"ListItem\",\"position\":1,\"name\":\"Home\",\"item\":\"https:\\\/\\\/kibrisdakik.com\\\/\"},{\"@type\":\"ListItem\",\"position\":2,\"name\":\"Galatasaray Fenerbah\u00e7e S\u00fcper Kupa ma\u00e7\u0131 iptal oldu s\u00f6ylentisi kafalar\u0131 kar\u0131\u015ft\u0131rd\u0131!\"}]},{\"@type\":\"WebSite\",\"@id\":\"https:\\\/\\\/kibrisdakik.com\\\/#website\",\"url\":\"https:\\\/\\\/kibrisdakik.com\\\/\",\"name\":\"\",\"description\":\"Tam vaktinde haber\",\"potentialAction\":[{\"@type\":\"SearchAction\",\"target\":{\"@type\":\"EntryPoint\",\"urlTemplate\":\"https:\\\/\\\/kibrisdakik.com\\\/?s={search_term_string}\"},\"query-input\":{\"@type\":\"PropertyValueSpecification\",\"valueRequired\":true,\"valueName\":\"search_term_string\"}}],\"inLanguage\":\"tr\"},{\"@type\":\"Person\",\"@id\":\"https:\\\/\\\/kibrisdakik.com\\\/#\\\/schema\\\/person\\\/9cd9d437bbb44f72b73ba127e06d8e79\",\"name\":\"admin\",\"image\":{\"@type\":\"ImageObject\",\"inLanguage\":\"tr\",\"@id\":\"https:\\\/\\\/secure.gravatar.com\\\/avatar\\\/ccc17943b9d660506c869530f897617f7cb1c21a4bf30023f252596d83e1f007?s=96&d=mm&r=g\",\"url\":\"https:\\\/\\\/secure.gravatar.com\\\/avatar\\\/ccc17943b9d660506c869530f897617f7cb1c21a4bf30023f252596d83e1f007?s=96&d=mm&r=g\",\"contentUrl\":\"https:\\\/\\\/secure.gravatar.com\\\/avatar\\\/ccc17943b9d660506c869530f897617f7cb1c21a4bf30023f252596d83e1f007?s=96&d=mm&r=g\",\"caption\":\"admin\"},\"sameAs\":[\"https:\\\/\\\/kibrisdakik.com\"],\"url\":\"https:\\\/\\\/kibrisdakik.com\\\/?author=1\"}]}<\/script>\n<!-- \/ Yoast SEO plugin. -->","yoast_head_json":{"title":"Galatasaray Fenerbah\u00e7e S\u00fcper Kupa ma\u00e7\u0131 iptal oldu s\u00f6ylentisi kafalar\u0131 kar\u0131\u015ft\u0131rd\u0131! -","robots":{"index":"index","follow":"follow","max-snippet":"max-snippet:-1","max-image-preview":"max-image-preview:large","max-video-preview":"max-video-preview:-1"},"canonical":"https:\/\/kibrisdakik.com\/?p=30506","og_locale":"tr_TR","og_type":"article","og_title":"Galatasaray Fenerbah\u00e7e S\u00fcper Kupa ma\u00e7\u0131 iptal oldu s\u00f6ylentisi kafalar\u0131 kar\u0131\u015ft\u0131rd\u0131! -","og_description":"Galatasaray ile Fenerbah\u00e7e aras\u0131nda oynanmas\u0131 planlanan S\u00fcper Kupa ma\u00e7\u0131 ile ilgili yeni a\u00e7\u0131klama geldi. Normal \u015fartlarda 29 Aral\u0131k\u2019ta oynanmas\u0131 planlanan S\u00fcper Kupa ma\u00e7\u0131, Suudi Arabistan&#8217;da \u00e7\u0131kan olaylar ve anla\u015fmazl\u0131klar sebebiyle iptal olmu\u015f ve ileri bir tarihe ertelenmi\u015fti. Fenerbah\u00e7e, 29 Aral\u0131k 2023&#8217;te oynanmas\u0131 planlanan ancak ya\u015fananlar sonras\u0131 iptal edilen S\u00fcper Kupa finaliyle ilgili bir a\u00e7\u0131klama yay\u0131mlad\u0131.","og_url":"https:\/\/kibrisdakik.com\/?p=30506","article_published_time":"2024-02-19T15:52:18+00:00","og_image":[{"width":750,"height":422,"url":"https:\/\/kibrisdakik.com\/wp-content\/uploads\/2024\/02\/65d321c1d65b8e68234fcc60-740x420.jpg","type":"image\/jpeg"}],"author":"admin","twitter_card":"summary_large_image","twitter_misc":{"Yazan:":"admin","Tahmini okuma s\u00fcresi":"4 dakika"},"schema":{"@context":"https:\/\/schema.org","@graph":[{"@type":"Article","@id":"https:\/\/kibrisdakik.com\/?p=30506#article","isPartOf":{"@id":"https:\/\/kibrisdakik.com\/?p=30506"},"author":{"name":"admin","@id":"https:\/\/kibrisdakik.com\/#\/schema\/person\/9cd9d437bbb44f72b73ba127e06d8e79"},"headline":"Galatasaray Fenerbah\u00e7e S\u00fcper Kupa ma\u00e7\u0131 iptal oldu s\u00f6ylentisi kafalar\u0131 kar\u0131\u015ft\u0131rd\u0131!","datePublished":"2024-02-19T15:52:18+00:00","mainEntityOfPage":{"@id":"https:\/\/kibrisdakik.com\/?p=30506"},"wordCount":914,"commentCount":0,"image":{"@id":"https:\/\/kibrisdakik.com\/?p=30506#primaryimage"},"thumbnailUrl":"https:\/\/kibrisdakik.com\/wp-content\/uploads\/2024\/02\/65d321c1d65b8e68234fcc60-740x420.jpg","articleSection":["G\u00fcndem"],"inLanguage":"tr","potentialAction":[{"@type":"CommentAction","name":"Comment","target":["https:\/\/kibrisdakik.com\/?p=30506#respond"]}]},{"@type":"WebPage","@id":"https:\/\/kibrisdakik.com\/?p=30506","url":"https:\/\/kibrisdakik.com\/?p=30506","name":"Galatasaray Fenerbah\u00e7e S\u00fcper Kupa ma\u00e7\u0131 iptal oldu s\u00f6ylentisi kafalar\u0131 kar\u0131\u015ft\u0131rd\u0131! -","isPartOf":{"@id":"https:\/\/kibrisdakik.com\/#website"},"primaryImageOfPage":{"@id":"https:\/\/kibrisdakik.com\/?p=30506#primaryimage"},"image":{"@id":"https:\/\/kibrisdakik.com\/?p=30506#primaryimage"},"thumbnailUrl":"https:\/\/kibrisdakik.com\/wp-content\/uploads\/2024\/02\/65d321c1d65b8e68234fcc60-740x420.jpg","datePublished":"2024-02-19T15:52:18+00:00","author":{"@id":"https:\/\/kibrisdakik.com\/#\/schema\/person\/9cd9d437bbb44f72b73ba127e06d8e79"},"breadcrumb":{"@id":"https:\/\/kibrisdakik.com\/?p=30506#breadcrumb"},"inLanguage":"tr","potentialAction":[{"@type":"ReadAction","target":["https:\/\/kibrisdakik.com\/?p=30506"]}]},{"@type":"ImageObject","inLanguage":"tr","@id":"https:\/\/kibrisdakik.com\/?p=30506#primaryimage","url":"https:\/\/kibrisdakik.com\/wp-content\/uploads\/2024\/02\/65d321c1d65b8e68234fcc60-740x420.jpg","contentUrl":"https:\/\/kibrisdakik.com\/wp-content\/uploads\/2024\/02\/65d321c1d65b8e68234fcc60-740x420.jpg","width":750,"height":422},{"@type":"BreadcrumbList","@id":"https:\/\/kibrisdakik.com\/?p=30506#breadcrumb","itemListElement":[{"@type":"ListItem","position":1,"name":"Home","item":"https:\/\/kibrisdakik.com\/"},{"@type":"ListItem","position":2,"name":"Galatasaray Fenerbah\u00e7e S\u00fcper Kupa ma\u00e7\u0131 iptal oldu s\u00f6ylentisi kafalar\u0131 kar\u0131\u015ft\u0131rd\u0131!"}]},{"@type":"WebSite","@id":"https:\/\/kibrisdakik.com\/#website","url":"https:\/\/kibrisdakik.com\/","name":"","description":"Tam vaktinde haber","potentialAction":[{"@type":"SearchAction","target":{"@type":"EntryPoint","urlTemplate":"https:\/\/kibrisdakik.com\/?s={search_term_string}"},"query-input":{"@type":"PropertyValueSpecification","valueRequired":true,"valueName":"search_term_string"}}],"inLanguage":"tr"},{"@type":"Person","@id":"https:\/\/kibrisdakik.com\/#\/schema\/person\/9cd9d437bbb44f72b73ba127e06d8e79","name":"admin","image":{"@type":"ImageObject","inLanguage":"tr","@id":"https:\/\/secure.gravatar.com\/avatar\/ccc17943b9d660506c869530f897617f7cb1c21a4bf30023f252596d83e1f007?s=96&d=mm&r=g","url":"https:\/\/secure.gravatar.com\/avatar\/ccc17943b9d660506c869530f897617f7cb1c21a4bf30023f252596d83e1f007?s=96&d=mm&r=g","contentUrl":"https:\/\/secure.gravatar.com\/avatar\/ccc17943b9d660506c869530f897617f7cb1c21a4bf30023f252596d83e1f007?s=96&d=mm&r=g","caption":"admin"},"sameAs":["https:\/\/kibrisdakik.com"],"url":"https:\/\/kibrisdakik.com\/?author=1"}]}},"_links":{"self":[{"href":"https:\/\/kibrisdakik.com\/index.php?rest_route=\/wp\/v2\/posts\/30506","targetHints":{"allow":["GET"]}}],"collection":[{"href":"https:\/\/kibrisdakik.com\/index.php?rest_route=\/wp\/v2\/posts"}],"about":[{"href":"https:\/\/kibrisdakik.com\/index.php?rest_route=\/wp\/v2\/types\/post"}],"author":[{"embeddable":true,"href":"https:\/\/kibrisdakik.com\/index.php?rest_route=\/wp\/v2\/users\/1"}],"replies":[{"embeddable":true,"href":"https:\/\/kibrisdakik.com\/index.php?rest_route=%2Fwp%2Fv2%2Fcomments&post=30506"}],"version-history":[{"count":0,"href":"https:\/\/kibrisdakik.com\/index.php?rest_route=\/wp\/v2\/posts\/30506\/revisions"}],"wp:featuredmedia":[{"embeddable":true,"href":"https:\/\/kibrisdakik.com\/index.php?rest_route=\/wp\/v2\/media\/30507"}],"wp:attachment":[{"href":"https:\/\/kibrisdakik.com\/index.php?rest_route=%2Fwp%2Fv2%2Fmedia&parent=30506"}],"wp:term":[{"taxonomy":"category","embeddable":true,"href":"https:\/\/kibrisdakik.com\/index.php?rest_route=%2Fwp%2Fv2%2Fcategories&post=30506"},{"taxonomy":"post_tag","embeddable":true,"href":"https:\/\/kibrisdakik.com\/index.php?rest_route=%2Fwp%2Fv2%2Ftags&post=30506"}],"curies":[{"name":"wp","href":"https:\/\/api.w.org\/{rel}","templated":true}]}}