{"id":30508,"date":"2024-02-19T15:50:00","date_gmt":"2024-02-19T15:50:00","guid":{"rendered":"https:\/\/kibrisdakik.com\/index.php\/2024\/02\/19\/mecliste-istatistik-kurumu-verileri-ve-yuksekogretim-alaninda-faaliyetlere-iliskin-2-meclis-arastirma-onergesi-kabul-edildi\/"},"modified":"2024-02-19T15:50:00","modified_gmt":"2024-02-19T15:50:00","slug":"mecliste-istatistik-kurumu-verileri-ve-yuksekogretim-alaninda-faaliyetlere-iliskin-2-meclis-arastirma-onergesi-kabul-edildi","status":"publish","type":"post","link":"https:\/\/kibrisdakik.com\/?p=30508","title":{"rendered":"Meclis\u2019te \u0130statistik Kurumu verileri ve y\u00fcksek\u00f6\u011fretim alan\u0131nda faaliyetlere ili\u015fkin 2 Meclis ara\u015ft\u0131rma \u00f6nergesi kabul edildi"},"content":{"rendered":"<p><img decoding=\"async\" src=\"https:\/\/www.kibristurk.com\/images\/haberler\/2024\/02\/mecliste-istatistik-kurumu-verileri-ve-yuksekogretim-alaninda-faaliyetlere-iliskin-2-meclis-arastirma-onergesi-kabul-edildi-1708358164.webp\" \/><\/p>\n<p>Meclis Genel Kurulu\u2019nda ayr\u0131ca, K\u00f6y ve Mahalle \u0130htiyar Heyetleri De\u011fi\u015fiklik Yasa Tasar\u0131s\u0131 ile Emeklilik (De\u011fi\u015fiklik) Yasa Tasar\u0131s\u0131 ele al\u0131nd\u0131. Her iki Yasa Tasar\u0131s\u0131 oy birli\u011fiyle ge\u00e7irildi.<\/p>\n<p>Yasa tasar\u0131lar\u0131 ve Meclis ara\u015ft\u0131rmas\u0131 a\u00e7\u0131lmas\u0131 \u00f6nergelerinin g\u00f6r\u00fc\u015f\u00fcl\u00fcp oylanmas\u0131yla Meclis Genel Kurulu bug\u00fcnk\u00fc \u00e7al\u0131\u015fmalar\u0131n\u0131 tamamlad\u0131.<\/p>\n<p>Genel Kurul, \u00e7al\u0131\u015fmalar\u0131na yar\u0131n yap\u0131lacak oturumla devam edecek.&nbsp;<\/p>\n<p>&#8211; K\u00f6y ve Mahalle \u0130htiyar Heyetleri De\u011fi\u015fiklik Yasa Tasar\u0131s\u0131<\/p>\n<p>Genel Kurul\u2019da K\u00f6y ve Mahalle \u0130htiyar Heyetleri De\u011fi\u015fiklik Yasa Tasar\u0131s\u0131 ele al\u0131narak oy birli\u011fiyle kabul edildi.&nbsp;<\/p>\n<p>Genel kurulda ilk olarak Ekonomi, Maliye, B\u00fct\u00e7e ve Plan Komitesi\u2019nin tasar\u0131ya ili\u015fkin raporu g\u00f6r\u00fc\u015f\u00fcld\u00fc.&nbsp;<\/p>\n<p>Tasar\u0131 \u00fczerine s\u00f6z alan Ba\u011f\u0131ms\u0131z Milletvekili Ay\u015feg\u00fcl Baybars, muhtarlarla ilgili haz\u0131rlanan s\u00f6z konusu yasa tasar\u0131s\u0131n\u0131n \u00f6nemine dikkat \u00e7ekerek, katk\u0131 paylar\u0131n\u0131n y\u00fczde 75\u2019ten y\u00fczde 95 \u00e7\u0131kar\u0131lmas\u0131n\u0131n olumlu bir geli\u015fme oldu\u011funu, ancak s\u0131k\u0131nt\u0131lar\u0131n\u0131n \u00e7\u00f6z\u00fcm\u00fcnde yeterli olmad\u0131\u011f\u0131n\u0131 kaydetti.&nbsp;<\/p>\n<p>Baybars, devam eden s\u0131k\u0131nt\u0131lara de\u011findi\u011fi konu\u015fmas\u0131nda, muhtarlara y\u00f6nelik e\u011fitimlerin verilmesi, se\u00e7ilme kriterlerinin belirlenmesi, bilgisayar kullan\u0131m\u0131 gibi alanlarda desteklerin sa\u011flanmas\u0131 gerekti\u011fini belirtti.&nbsp;<\/p>\n<p>Yasa tasar\u0131s\u0131na&nbsp; olumlu oy kullanaca\u011f\u0131n\u0131 bildiren Baybars, buna ek olarak, muhtarlar\u0131n temel hizmetleri i\u00e7in&nbsp; bir\u00e7ok d\u00fczenlenmenin yap\u0131lmas\u0131 gerekti\u011fi g\u00f6r\u00fc\u015f\u00fcn\u00fc payla\u015ft\u0131.&nbsp;<\/p>\n<p>&#8211; \u0130\u00e7i\u015fleri Bakan\u0131 O\u011fuz: \u201cMAKS projesinde ilerleme kaydediyoruz\u201d<\/p>\n<p>\u0130\u00e7i\u015fleri Bakan\u0131 Dursun O\u011fuz da, belediyelerle kay\u0131tl\u0131l\u0131k anlam\u0131nda \u00e7al\u0131\u015fmalar\u0131 y\u00fcr\u00fctt\u00fcklerini kaydederek, Kay\u0131t Sistemi (MAKS) Projesi\u2019nin son durumu hakk\u0131nda bilgi verdi.&nbsp;<\/p>\n<p>O\u011fuz, proje kapsam\u0131nda, 10 belediyeyle ilerleme kaydedildi\u011fini, kalan 8 belediyeyle toplant\u0131lar yap\u0131ld\u0131\u011f\u0131n\u0131, k\u0131sa s\u00fcrede protokollerin imzalanaca\u011f\u0131n\u0131 belirtti.&nbsp;<\/p>\n<p>Muhtarlar\u0131n y\u00fcr\u00fctt\u00fckleri \u00e7al\u0131\u015fmalar\u0131n \u00f6nemine vurgu yapan Bakan O\u011fuz, muhtarlara y\u00f6nelik h\u00fck\u00fcmetin gelen talepleri de\u011ferlendirdi\u011fini ve bu kapsamda \u00e7al\u0131\u015f\u0131ld\u0131\u011f\u0131n\u0131 aktard\u0131.<\/p>\n<p>Yasa tasar\u0131s\u0131n\u0131n madde madde g\u00f6r\u00fc\u015f\u00fclmesinin ard\u0131ndan \u00fc\u00e7\u00fcnc\u00fc g\u00f6r\u00fc\u015fmesine ge\u00e7ildi. Yasa tasar\u0131s\u0131, 35 kabul oyu ile oy birli\u011fiyle kabul edildi.&nbsp;<\/p>\n<p>&#8211; Emeklilik (De\u011fi\u015fiklik) Yasa Tasar\u0131s\u0131<\/p>\n<p>Ard\u0131ndan Emeklilik (De\u011fi\u015fiklik) Yasa Tasar\u0131s\u0131 da g\u00f6r\u00fc\u015f\u00fclerek oy birli\u011fiyle kabul edildi.&nbsp;<\/p>\n<p>Tasar\u0131n\u0131n g\u00f6r\u00fc\u015f\u00fclmesi kapsam\u0131nda, ilk olarak \u0130dari, Kamu ve Sa\u011fl\u0131k \u0130\u015fleri Komitesi\u2019nin tasar\u0131ya ili\u015fkin raporu okundu. Raporda,&nbsp; s\u00f6z konusu tasar\u0131n\u0131n Do\u011fu Akdeniz \u00dcniversitesi\u2019ndeki (DA\u00dc) ekonomik kriz ve s\u0131k\u0131nt\u0131lar\u0131n \u00e7\u00f6z\u00fcm\u00fcne y\u00f6nelik haz\u0131rland\u0131\u011f\u0131 kaydedildi.&nbsp;<\/p>\n<p>&#8211; Bar\u00e7\u0131n<\/p>\n<p>Yasa tasar\u0131s\u0131na ili\u015fkin s\u00f6z alan CTP Milletvekili Devrim Bar\u00e7\u0131n, DA\u00dc\u2019n\u00fcn i\u00e7inde bulundu\u011fu mali duruma bir can suyu vermek ad\u0131na CTP olarak da yasa tasar\u0131s\u0131 \u00e7al\u0131\u015fmalar\u0131na sendika temsilcilerinin de g\u00f6r\u00fc\u015fleri do\u011frultusunda, katk\u0131 koyduklar\u0131n\u0131 kaydetti.&nbsp;<\/p>\n<p>DA\u00dc\u2019n\u00fcn ilelebet ya\u015famas\u0131 noktas\u0131nda sorumluluk bilinciyle \u00e7al\u0131\u015ft\u0131klar\u0131n\u0131 s\u00f6yleyen Bar\u00e7\u0131n, DA\u00dc\u2019y\u00fc siyaset \u00fcst\u00fc bir yer olarak g\u00f6rd\u00fcklerini vurgulad\u0131.&nbsp;<\/p>\n<p>Bar\u00e7\u0131n, s\u00f6z konusu yasa tasar\u0131s\u0131n\u0131n isminden kaynakl\u0131 yanl\u0131\u015f anla\u015f\u0131lma olmamas\u0131 a\u00e7\u0131s\u0131ndan a\u00e7\u0131klama yaparak, s\u00f6z konusu emeklilik tasar\u0131s\u0131n\u0131n DA\u00dc\u2019n\u00fcn mali durumuna ili\u015fkin oldu\u011funu, di\u011fer kamu hak ve menfaatlerine etki edecek bir i\u00e7eri\u011fe sahip olmad\u0131\u011f\u0131n\u0131 kaydetti.&nbsp;<\/p>\n<p>&#8211; \u00c7avu\u015fo\u011flu: \u201cDA\u00dc, bu \u00fclkenin gelece\u011finde mutlaka yer almas\u0131 gerekiyor\u201d<\/p>\n<p>Milli E\u011fitim Bakan\u0131 Naz\u0131m \u00c7avu\u015fo\u011flu da, Do\u011fu Akdeniz \u00dcniversitesi\u2019ne (DA\u00dc) ili\u015fkin&nbsp; yasa tasar\u0131s\u0131n\u0131n h\u00fck\u00fcmet taraf\u0131ndan yasa g\u00fcc\u00fcnde kararname olarak \u00e7\u0131kar\u0131ld\u0131\u011f\u0131n\u0131 hat\u0131rlatarak,&nbsp; tasar\u0131n\u0131n DA\u00dc\u2019n\u00fcn gelece\u011fi i\u00e7in haz\u0131rland\u0131\u011f\u0131n\u0131 kaydetti.&nbsp;<\/p>\n<p>\u00c7avu\u015fo\u011flu, h\u00fck\u00fcmetin ilk g\u00fcnden beri DA\u00dc\u2019yle ilgili \u00e7al\u0131\u015fmalar y\u00fcr\u00fctt\u00fc\u011f\u00fcn\u00fc belirterek, sendikalardan gelen 3 talebin da kabul edildi\u011fini an\u0131msatt\u0131.<\/p>\n<p>DA\u00dc konusunda h\u00fck\u00fcmetin devreye girmedi\u011fi konusundaki iddialara yan\u0131t veren \u00c7avu\u015fo\u011flu, bu iddialar\u0131n do\u011fru olmad\u0131\u011f\u0131n\u0131, bireysel konumu g\u00fc\u00e7lendirmek ad\u0131na yap\u0131lan baz\u0131 ki\u015filer taraf\u0131ndan ortaya at\u0131lan s\u00f6ylemler oldu\u011funu ifade etti.&nbsp;<\/p>\n<p>\u201cDA\u00dc&#8217;n\u00fcn, bu \u00fclkenin gelece\u011finde mutlaka yer almas\u0131 gerekiyor\u201d diyen \u00c7avu\u015fo\u011flu, \u201cDA\u00dc\u2019n\u00fcn gelece\u011fi vazge\u00e7ilmez bir ilkedir, ancak bunun \u00fccretinin bir s\u0131n\u0131r\u0131 yokmu\u015f gibi bir yakla\u015f\u0131m\u0131 kabul edemeyiz, gelir gider dengesi i\u00e7erisinde her t\u00fcrl\u00fc deste\u011fi vermeye haz\u0131r\u0131z\u201d dedi. \u00c7avu\u015fo\u011flu, \u00fccretlerin belirlenmesinde gelir-gider dengesinin gereklili\u011fine i\u015faret etti.&nbsp;<\/p>\n<p>Tasar\u0131n\u0131n madde madde g\u00f6r\u00fc\u015f\u00fclmesinin ard\u0131ndan, yasa tasar\u0131s\u0131 oy birli\u011fiyle kabul edildi.<\/p>\n<p>&#8211; \u0130ki Meclis ara\u015ft\u0131rmas\u0131 \u00f6nergesi kabul edildi&nbsp;<\/p>\n<p>Tasar\u0131lar\u0131n ard\u0131ndan, Meclis Ara\u015ft\u0131rma \u00d6nergeleri g\u00f6r\u00fc\u015f\u00fcld\u00fc. UBP ve CTP gruplar\u0131n\u0131n birlikte sundu\u011fu iki ara\u015ft\u0131rma \u00f6nergesi de oy birli\u011fiyle kabul edildi.&nbsp;<\/p>\n<p>Genel Kurul\u2019da ilk olarak UBP Milletvekili Sunat Atun ve CTP Milletvekili Erkut \u015eahali\u2019nin gruplar\u0131 ad\u0131na birlikte sundu\u011fu \u201c\u0130statistik Kurumu Verilerinin Ger\u00e7e\u011fi Yans\u0131t\u0131p Yans\u0131tmad\u0131\u011f\u0131n\u0131n Ara\u015ft\u0131r\u0131lmas\u0131na \u0130li\u015fkin Meclis Ara\u015ft\u0131rmas\u0131 A\u00e7\u0131lmas\u0131 \u00d6nergesi\u201d g\u00f6r\u00fc\u015f\u00fclerek, oy birli\u011fiyle kabul edildi.<\/p>\n<p>Ara\u015ft\u0131rma \u00f6nergesine ili\u015fkin gerek\u00e7ede, piyasadaki fiyat de\u011fi\u015fimlerinin t\u00fcketici fiyat endeksi sonu\u00e7lar\u0131na yans\u0131t\u0131lmad\u0131\u011f\u0131 y\u00f6n\u00fcndeki iddialara i\u015faret edilerek, bu konuda bir ara\u015ft\u0131rma komitesinin kurulmas\u0131 ve konunu bir an \u00f6nce sonu\u00e7land\u0131r\u0131lmas\u0131 gereklili\u011fine dikkat \u00e7ekildi.&nbsp;<\/p>\n<p>\u00d6nergenin mutabakatla sunulmas\u0131ndan dolay\u0131 \u00f6nergeye ili\u015fkin milletvekilleri s\u00f6z almad\u0131.&nbsp;<\/p>\n<p>&#8211; Y\u00fcksek\u00f6\u011fretim alan\u0131ndaki faaliyetler Meclis Komitesi taraf\u0131ndan ara\u015ft\u0131r\u0131lacak&nbsp;<\/p>\n<p>Ard\u0131ndan CTP Milletvekili S\u0131la Usar \u0130ncirli ile UBP Milletvekili Ahmet Sava\u015fan\u2019\u0131n gruplar\u0131 ad\u0131na birlikte sundu\u011fu \u201c\u00dclkemizdeki Y\u00fcksek\u00f6\u011fretim Kurumlar\u0131n\u0131n Faaliyetlerinin \u0130dari ve Mali Denetim Sisteminin ve Y\u00d6DAK\u2019\u0131n Ara\u015ft\u0131r\u0131lmas\u0131na \u0130li\u015fkin Meclis Ara\u015ft\u0131rmas\u0131 A\u00e7\u0131lmas\u0131 \u00d6nergesi&#8221; g\u00f6r\u00fc\u015f\u00fclerek, oy birli\u011fiyle kabul edildi.&nbsp;<\/p>\n<p>Ara\u015ft\u0131rma \u00f6nergesi gerek\u00e7esinde, \u00fclkede y\u00fcksek\u00f6\u011fretim alan\u0131nda nitelik, \u00f6\u011frenci ve \u00f6\u011fretim kalitesine ili\u015fkin konular\u0131n kamuoyunda tart\u0131\u015f\u0131ld\u0131\u011f\u0131 kaydedilerek, bu durumun sosyo-ekonomik anlamda s\u0131k\u0131nt\u0131lara neden oldu\u011fu belirtildi. Bu konuda ara\u015ft\u0131rma yap\u0131lmas\u0131n\u0131n elzem oldu\u011fu ifade edilen gerek\u00e7ede, ilgili yasa ve kurumlar\u0131n g\u00f6zden ge\u00e7irilmesi ve uygun tedbirlerin al\u0131nmas\u0131 i\u00e7in giri\u015fimlerin ba\u015flat\u0131lmas\u0131n\u0131n \u00f6nemi vurguland\u0131.&nbsp;<\/p>\n<p>\u00d6nergenin mutabakatla sunulmas\u0131ndan dolay\u0131 milletvekilleri \u00f6nergeye ili\u015fkin s\u00f6z almad\u0131.<\/p>\n<p>\u00d6nergeler kapsam\u0131nda, Meclis ara\u015ft\u0131rmas\u0131 g\u00f6revi; i\u00e7 t\u00fcz\u00fc\u011f\u00fcn 114. maddesi gere\u011fi olu\u015fturulacak ve \u00fcye say\u0131s\u0131 Dan\u0131\u015fma Kurulu\u2019nun \u00f6nerisi \u00fczerine, \u00fcyelikleri ise Ba\u015fkanl\u0131k Divan\u0131 karar\u0131 ile Genel Kurulca belirlenecek \u00f6zel bir komite taraf\u0131ndan y\u00fcr\u00fct\u00fclecek.<\/p>\n<p>&#8211; Genel Kurul yar\u0131n \u00e7al\u0131\u015fmalar\u0131na devam edecek<\/p>\n<p>Ara\u015ft\u0131rma \u00f6nergelerinin kabul\u00fcyle, Meclis Genel Kurulu\u2019nun bug\u00fcnk\u00fc \u00e7al\u0131\u015fmalar\u0131 tamamland\u0131.<\/p>\n<p>Genel Kurul, yar\u0131n saat 10.00\u2019da yeniden toplanacak.<\/p>\n","protected":false},"excerpt":{"rendered":"<p>Meclis Genel Kurulu\u2019nda ayr\u0131ca, K\u00f6y ve Mahalle \u0130htiyar Heyetleri De\u011fi\u015fiklik Yasa Tasar\u0131s\u0131 ile Emeklilik (De\u011fi\u015fiklik) Yasa Tasar\u0131s\u0131 ele al\u0131nd\u0131. Her iki Yasa Tasar\u0131s\u0131 oy birli\u011fiyle ge\u00e7irildi. Yasa tasar\u0131lar\u0131 ve Meclis ara\u015ft\u0131rmas\u0131 a\u00e7\u0131lmas\u0131 \u00f6nergelerinin g\u00f6r\u00fc\u015f\u00fcl\u00fcp oylanmas\u0131yla Meclis Genel Kurulu bug\u00fcnk\u00fc \u00e7al\u0131\u015fmalar\u0131n\u0131 tamamlad\u0131. Genel Kurul, \u00e7al\u0131\u015fmalar\u0131na yar\u0131n yap\u0131lacak oturumla devam edecek.&nbsp; &#8211; K\u00f6y ve Mahalle \u0130htiyar Heyetleri<\/p>\n","protected":false},"author":1,"featured_media":30509,"comment_status":"open","ping_status":"open","sticky":false,"template":"","format":"standard","meta":{"footnotes":""},"categories":[1],"tags":[],"class_list":["post-30508","post","type-post","status-publish","format-standard","has-post-thumbnail","hentry","category-gundem"],"yoast_head":"<!-- This site is optimized with the Yoast SEO plugin v27.4 - https:\/\/yoast.com\/product\/yoast-seo-wordpress\/ -->\n<title>Meclis\u2019te \u0130statistik Kurumu verileri ve y\u00fcksek\u00f6\u011fretim alan\u0131nda faaliyetlere ili\u015fkin 2 Meclis ara\u015ft\u0131rma \u00f6nergesi kabul edildi -<\/title>\n<meta name=\"robots\" content=\"index, follow, max-snippet:-1, max-image-preview:large, max-video-preview:-1\" \/>\n<link rel=\"canonical\" href=\"https:\/\/kibrisdakik.com\/?p=30508\" \/>\n<meta property=\"og:locale\" content=\"tr_TR\" \/>\n<meta property=\"og:type\" content=\"article\" \/>\n<meta property=\"og:title\" content=\"Meclis\u2019te \u0130statistik Kurumu verileri ve y\u00fcksek\u00f6\u011fretim alan\u0131nda faaliyetlere ili\u015fkin 2 Meclis ara\u015ft\u0131rma \u00f6nergesi kabul edildi -\" \/>\n<meta property=\"og:description\" content=\"Meclis Genel Kurulu\u2019nda ayr\u0131ca, K\u00f6y ve Mahalle \u0130htiyar Heyetleri De\u011fi\u015fiklik Yasa Tasar\u0131s\u0131 ile Emeklilik (De\u011fi\u015fiklik) Yasa Tasar\u0131s\u0131 ele al\u0131nd\u0131. Her iki Yasa Tasar\u0131s\u0131 oy birli\u011fiyle ge\u00e7irildi. Yasa tasar\u0131lar\u0131 ve Meclis ara\u015ft\u0131rmas\u0131 a\u00e7\u0131lmas\u0131 \u00f6nergelerinin g\u00f6r\u00fc\u015f\u00fcl\u00fcp oylanmas\u0131yla Meclis Genel Kurulu bug\u00fcnk\u00fc \u00e7al\u0131\u015fmalar\u0131n\u0131 tamamlad\u0131. Genel Kurul, \u00e7al\u0131\u015fmalar\u0131na yar\u0131n yap\u0131lacak oturumla devam edecek.&nbsp; &#8211; K\u00f6y ve Mahalle \u0130htiyar Heyetleri\" \/>\n<meta property=\"og:url\" content=\"https:\/\/kibrisdakik.com\/?p=30508\" \/>\n<meta property=\"article:published_time\" content=\"2024-02-19T15:50:00+00:00\" \/>\n<meta property=\"og:image\" content=\"https:\/\/kibrisdakik.com\/wp-content\/uploads\/2024\/02\/mecliste-istatistik-kurumu-verileri-ve-yuksekogretim-alaninda-faaliyetlere-iliskin-2-meclis-arastirma-onergesi-kabul-edildi-1708358164.webp.webp\" \/>\n\t<meta property=\"og:image:width\" content=\"710\" \/>\n\t<meta property=\"og:image:height\" content=\"370\" \/>\n\t<meta property=\"og:image:type\" content=\"image\/webp\" \/>\n<meta name=\"author\" content=\"admin\" \/>\n<meta name=\"twitter:card\" content=\"summary_large_image\" \/>\n<meta name=\"twitter:label1\" content=\"Yazan:\" \/>\n\t<meta name=\"twitter:data1\" content=\"admin\" \/>\n\t<meta name=\"twitter:label2\" content=\"Tahmini okuma s\u00fcresi\" \/>\n\t<meta name=\"twitter:data2\" content=\"6 dakika\" \/>\n<script type=\"application\/ld+json\" class=\"yoast-schema-graph\">{\"@context\":\"https:\\\/\\\/schema.org\",\"@graph\":[{\"@type\":\"Article\",\"@id\":\"https:\\\/\\\/kibrisdakik.com\\\/?p=30508#article\",\"isPartOf\":{\"@id\":\"https:\\\/\\\/kibrisdakik.com\\\/?p=30508\"},\"author\":{\"name\":\"admin\",\"@id\":\"https:\\\/\\\/kibrisdakik.com\\\/#\\\/schema\\\/person\\\/9cd9d437bbb44f72b73ba127e06d8e79\"},\"headline\":\"Meclis\u2019te \u0130statistik Kurumu verileri ve y\u00fcksek\u00f6\u011fretim alan\u0131nda faaliyetlere ili\u015fkin 2 Meclis ara\u015ft\u0131rma \u00f6nergesi kabul edildi\",\"datePublished\":\"2024-02-19T15:50:00+00:00\",\"mainEntityOfPage\":{\"@id\":\"https:\\\/\\\/kibrisdakik.com\\\/?p=30508\"},\"wordCount\":1287,\"commentCount\":0,\"image\":{\"@id\":\"https:\\\/\\\/kibrisdakik.com\\\/?p=30508#primaryimage\"},\"thumbnailUrl\":\"https:\\\/\\\/kibrisdakik.com\\\/wp-content\\\/uploads\\\/2024\\\/02\\\/mecliste-istatistik-kurumu-verileri-ve-yuksekogretim-alaninda-faaliyetlere-iliskin-2-meclis-arastirma-onergesi-kabul-edildi-1708358164.webp.webp\",\"articleSection\":[\"G\u00fcndem\"],\"inLanguage\":\"tr\",\"potentialAction\":[{\"@type\":\"CommentAction\",\"name\":\"Comment\",\"target\":[\"https:\\\/\\\/kibrisdakik.com\\\/?p=30508#respond\"]}]},{\"@type\":\"WebPage\",\"@id\":\"https:\\\/\\\/kibrisdakik.com\\\/?p=30508\",\"url\":\"https:\\\/\\\/kibrisdakik.com\\\/?p=30508\",\"name\":\"Meclis\u2019te \u0130statistik Kurumu verileri ve y\u00fcksek\u00f6\u011fretim alan\u0131nda faaliyetlere ili\u015fkin 2 Meclis ara\u015ft\u0131rma \u00f6nergesi kabul edildi -\",\"isPartOf\":{\"@id\":\"https:\\\/\\\/kibrisdakik.com\\\/#website\"},\"primaryImageOfPage\":{\"@id\":\"https:\\\/\\\/kibrisdakik.com\\\/?p=30508#primaryimage\"},\"image\":{\"@id\":\"https:\\\/\\\/kibrisdakik.com\\\/?p=30508#primaryimage\"},\"thumbnailUrl\":\"https:\\\/\\\/kibrisdakik.com\\\/wp-content\\\/uploads\\\/2024\\\/02\\\/mecliste-istatistik-kurumu-verileri-ve-yuksekogretim-alaninda-faaliyetlere-iliskin-2-meclis-arastirma-onergesi-kabul-edildi-1708358164.webp.webp\",\"datePublished\":\"2024-02-19T15:50:00+00:00\",\"author\":{\"@id\":\"https:\\\/\\\/kibrisdakik.com\\\/#\\\/schema\\\/person\\\/9cd9d437bbb44f72b73ba127e06d8e79\"},\"breadcrumb\":{\"@id\":\"https:\\\/\\\/kibrisdakik.com\\\/?p=30508#breadcrumb\"},\"inLanguage\":\"tr\",\"potentialAction\":[{\"@type\":\"ReadAction\",\"target\":[\"https:\\\/\\\/kibrisdakik.com\\\/?p=30508\"]}]},{\"@type\":\"ImageObject\",\"inLanguage\":\"tr\",\"@id\":\"https:\\\/\\\/kibrisdakik.com\\\/?p=30508#primaryimage\",\"url\":\"https:\\\/\\\/kibrisdakik.com\\\/wp-content\\\/uploads\\\/2024\\\/02\\\/mecliste-istatistik-kurumu-verileri-ve-yuksekogretim-alaninda-faaliyetlere-iliskin-2-meclis-arastirma-onergesi-kabul-edildi-1708358164.webp.webp\",\"contentUrl\":\"https:\\\/\\\/kibrisdakik.com\\\/wp-content\\\/uploads\\\/2024\\\/02\\\/mecliste-istatistik-kurumu-verileri-ve-yuksekogretim-alaninda-faaliyetlere-iliskin-2-meclis-arastirma-onergesi-kabul-edildi-1708358164.webp.webp\",\"width\":710,\"height\":370},{\"@type\":\"BreadcrumbList\",\"@id\":\"https:\\\/\\\/kibrisdakik.com\\\/?p=30508#breadcrumb\",\"itemListElement\":[{\"@type\":\"ListItem\",\"position\":1,\"name\":\"Home\",\"item\":\"https:\\\/\\\/kibrisdakik.com\\\/\"},{\"@type\":\"ListItem\",\"position\":2,\"name\":\"Meclis\u2019te \u0130statistik Kurumu verileri ve y\u00fcksek\u00f6\u011fretim alan\u0131nda faaliyetlere ili\u015fkin 2 Meclis ara\u015ft\u0131rma \u00f6nergesi kabul edildi\"}]},{\"@type\":\"WebSite\",\"@id\":\"https:\\\/\\\/kibrisdakik.com\\\/#website\",\"url\":\"https:\\\/\\\/kibrisdakik.com\\\/\",\"name\":\"\",\"description\":\"Tam vaktinde haber\",\"potentialAction\":[{\"@type\":\"SearchAction\",\"target\":{\"@type\":\"EntryPoint\",\"urlTemplate\":\"https:\\\/\\\/kibrisdakik.com\\\/?s={search_term_string}\"},\"query-input\":{\"@type\":\"PropertyValueSpecification\",\"valueRequired\":true,\"valueName\":\"search_term_string\"}}],\"inLanguage\":\"tr\"},{\"@type\":\"Person\",\"@id\":\"https:\\\/\\\/kibrisdakik.com\\\/#\\\/schema\\\/person\\\/9cd9d437bbb44f72b73ba127e06d8e79\",\"name\":\"admin\",\"image\":{\"@type\":\"ImageObject\",\"inLanguage\":\"tr\",\"@id\":\"https:\\\/\\\/secure.gravatar.com\\\/avatar\\\/ccc17943b9d660506c869530f897617f7cb1c21a4bf30023f252596d83e1f007?s=96&d=mm&r=g\",\"url\":\"https:\\\/\\\/secure.gravatar.com\\\/avatar\\\/ccc17943b9d660506c869530f897617f7cb1c21a4bf30023f252596d83e1f007?s=96&d=mm&r=g\",\"contentUrl\":\"https:\\\/\\\/secure.gravatar.com\\\/avatar\\\/ccc17943b9d660506c869530f897617f7cb1c21a4bf30023f252596d83e1f007?s=96&d=mm&r=g\",\"caption\":\"admin\"},\"sameAs\":[\"https:\\\/\\\/kibrisdakik.com\"],\"url\":\"https:\\\/\\\/kibrisdakik.com\\\/?author=1\"}]}<\/script>\n<!-- \/ Yoast SEO plugin. -->","yoast_head_json":{"title":"Meclis\u2019te \u0130statistik Kurumu verileri ve y\u00fcksek\u00f6\u011fretim alan\u0131nda faaliyetlere ili\u015fkin 2 Meclis ara\u015ft\u0131rma \u00f6nergesi kabul edildi -","robots":{"index":"index","follow":"follow","max-snippet":"max-snippet:-1","max-image-preview":"max-image-preview:large","max-video-preview":"max-video-preview:-1"},"canonical":"https:\/\/kibrisdakik.com\/?p=30508","og_locale":"tr_TR","og_type":"article","og_title":"Meclis\u2019te \u0130statistik Kurumu verileri ve y\u00fcksek\u00f6\u011fretim alan\u0131nda faaliyetlere ili\u015fkin 2 Meclis ara\u015ft\u0131rma \u00f6nergesi kabul edildi -","og_description":"Meclis Genel Kurulu\u2019nda ayr\u0131ca, K\u00f6y ve Mahalle \u0130htiyar Heyetleri De\u011fi\u015fiklik Yasa Tasar\u0131s\u0131 ile Emeklilik (De\u011fi\u015fiklik) Yasa Tasar\u0131s\u0131 ele al\u0131nd\u0131. Her iki Yasa Tasar\u0131s\u0131 oy birli\u011fiyle ge\u00e7irildi. Yasa tasar\u0131lar\u0131 ve Meclis ara\u015ft\u0131rmas\u0131 a\u00e7\u0131lmas\u0131 \u00f6nergelerinin g\u00f6r\u00fc\u015f\u00fcl\u00fcp oylanmas\u0131yla Meclis Genel Kurulu bug\u00fcnk\u00fc \u00e7al\u0131\u015fmalar\u0131n\u0131 tamamlad\u0131. Genel Kurul, \u00e7al\u0131\u015fmalar\u0131na yar\u0131n yap\u0131lacak oturumla devam edecek.&nbsp; &#8211; K\u00f6y ve Mahalle \u0130htiyar Heyetleri","og_url":"https:\/\/kibrisdakik.com\/?p=30508","article_published_time":"2024-02-19T15:50:00+00:00","og_image":[{"width":710,"height":370,"url":"https:\/\/kibrisdakik.com\/wp-content\/uploads\/2024\/02\/mecliste-istatistik-kurumu-verileri-ve-yuksekogretim-alaninda-faaliyetlere-iliskin-2-meclis-arastirma-onergesi-kabul-edildi-1708358164.webp.webp","type":"image\/webp"}],"author":"admin","twitter_card":"summary_large_image","twitter_misc":{"Yazan:":"admin","Tahmini okuma s\u00fcresi":"6 dakika"},"schema":{"@context":"https:\/\/schema.org","@graph":[{"@type":"Article","@id":"https:\/\/kibrisdakik.com\/?p=30508#article","isPartOf":{"@id":"https:\/\/kibrisdakik.com\/?p=30508"},"author":{"name":"admin","@id":"https:\/\/kibrisdakik.com\/#\/schema\/person\/9cd9d437bbb44f72b73ba127e06d8e79"},"headline":"Meclis\u2019te \u0130statistik Kurumu verileri ve y\u00fcksek\u00f6\u011fretim alan\u0131nda faaliyetlere ili\u015fkin 2 Meclis ara\u015ft\u0131rma \u00f6nergesi kabul edildi","datePublished":"2024-02-19T15:50:00+00:00","mainEntityOfPage":{"@id":"https:\/\/kibrisdakik.com\/?p=30508"},"wordCount":1287,"commentCount":0,"image":{"@id":"https:\/\/kibrisdakik.com\/?p=30508#primaryimage"},"thumbnailUrl":"https:\/\/kibrisdakik.com\/wp-content\/uploads\/2024\/02\/mecliste-istatistik-kurumu-verileri-ve-yuksekogretim-alaninda-faaliyetlere-iliskin-2-meclis-arastirma-onergesi-kabul-edildi-1708358164.webp.webp","articleSection":["G\u00fcndem"],"inLanguage":"tr","potentialAction":[{"@type":"CommentAction","name":"Comment","target":["https:\/\/kibrisdakik.com\/?p=30508#respond"]}]},{"@type":"WebPage","@id":"https:\/\/kibrisdakik.com\/?p=30508","url":"https:\/\/kibrisdakik.com\/?p=30508","name":"Meclis\u2019te \u0130statistik Kurumu verileri ve y\u00fcksek\u00f6\u011fretim alan\u0131nda faaliyetlere ili\u015fkin 2 Meclis ara\u015ft\u0131rma \u00f6nergesi kabul edildi -","isPartOf":{"@id":"https:\/\/kibrisdakik.com\/#website"},"primaryImageOfPage":{"@id":"https:\/\/kibrisdakik.com\/?p=30508#primaryimage"},"image":{"@id":"https:\/\/kibrisdakik.com\/?p=30508#primaryimage"},"thumbnailUrl":"https:\/\/kibrisdakik.com\/wp-content\/uploads\/2024\/02\/mecliste-istatistik-kurumu-verileri-ve-yuksekogretim-alaninda-faaliyetlere-iliskin-2-meclis-arastirma-onergesi-kabul-edildi-1708358164.webp.webp","datePublished":"2024-02-19T15:50:00+00:00","author":{"@id":"https:\/\/kibrisdakik.com\/#\/schema\/person\/9cd9d437bbb44f72b73ba127e06d8e79"},"breadcrumb":{"@id":"https:\/\/kibrisdakik.com\/?p=30508#breadcrumb"},"inLanguage":"tr","potentialAction":[{"@type":"ReadAction","target":["https:\/\/kibrisdakik.com\/?p=30508"]}]},{"@type":"ImageObject","inLanguage":"tr","@id":"https:\/\/kibrisdakik.com\/?p=30508#primaryimage","url":"https:\/\/kibrisdakik.com\/wp-content\/uploads\/2024\/02\/mecliste-istatistik-kurumu-verileri-ve-yuksekogretim-alaninda-faaliyetlere-iliskin-2-meclis-arastirma-onergesi-kabul-edildi-1708358164.webp.webp","contentUrl":"https:\/\/kibrisdakik.com\/wp-content\/uploads\/2024\/02\/mecliste-istatistik-kurumu-verileri-ve-yuksekogretim-alaninda-faaliyetlere-iliskin-2-meclis-arastirma-onergesi-kabul-edildi-1708358164.webp.webp","width":710,"height":370},{"@type":"BreadcrumbList","@id":"https:\/\/kibrisdakik.com\/?p=30508#breadcrumb","itemListElement":[{"@type":"ListItem","position":1,"name":"Home","item":"https:\/\/kibrisdakik.com\/"},{"@type":"ListItem","position":2,"name":"Meclis\u2019te \u0130statistik Kurumu verileri ve y\u00fcksek\u00f6\u011fretim alan\u0131nda faaliyetlere ili\u015fkin 2 Meclis ara\u015ft\u0131rma \u00f6nergesi kabul edildi"}]},{"@type":"WebSite","@id":"https:\/\/kibrisdakik.com\/#website","url":"https:\/\/kibrisdakik.com\/","name":"","description":"Tam vaktinde haber","potentialAction":[{"@type":"SearchAction","target":{"@type":"EntryPoint","urlTemplate":"https:\/\/kibrisdakik.com\/?s={search_term_string}"},"query-input":{"@type":"PropertyValueSpecification","valueRequired":true,"valueName":"search_term_string"}}],"inLanguage":"tr"},{"@type":"Person","@id":"https:\/\/kibrisdakik.com\/#\/schema\/person\/9cd9d437bbb44f72b73ba127e06d8e79","name":"admin","image":{"@type":"ImageObject","inLanguage":"tr","@id":"https:\/\/secure.gravatar.com\/avatar\/ccc17943b9d660506c869530f897617f7cb1c21a4bf30023f252596d83e1f007?s=96&d=mm&r=g","url":"https:\/\/secure.gravatar.com\/avatar\/ccc17943b9d660506c869530f897617f7cb1c21a4bf30023f252596d83e1f007?s=96&d=mm&r=g","contentUrl":"https:\/\/secure.gravatar.com\/avatar\/ccc17943b9d660506c869530f897617f7cb1c21a4bf30023f252596d83e1f007?s=96&d=mm&r=g","caption":"admin"},"sameAs":["https:\/\/kibrisdakik.com"],"url":"https:\/\/kibrisdakik.com\/?author=1"}]}},"_links":{"self":[{"href":"https:\/\/kibrisdakik.com\/index.php?rest_route=\/wp\/v2\/posts\/30508","targetHints":{"allow":["GET"]}}],"collection":[{"href":"https:\/\/kibrisdakik.com\/index.php?rest_route=\/wp\/v2\/posts"}],"about":[{"href":"https:\/\/kibrisdakik.com\/index.php?rest_route=\/wp\/v2\/types\/post"}],"author":[{"embeddable":true,"href":"https:\/\/kibrisdakik.com\/index.php?rest_route=\/wp\/v2\/users\/1"}],"replies":[{"embeddable":true,"href":"https:\/\/kibrisdakik.com\/index.php?rest_route=%2Fwp%2Fv2%2Fcomments&post=30508"}],"version-history":[{"count":0,"href":"https:\/\/kibrisdakik.com\/index.php?rest_route=\/wp\/v2\/posts\/30508\/revisions"}],"wp:featuredmedia":[{"embeddable":true,"href":"https:\/\/kibrisdakik.com\/index.php?rest_route=\/wp\/v2\/media\/30509"}],"wp:attachment":[{"href":"https:\/\/kibrisdakik.com\/index.php?rest_route=%2Fwp%2Fv2%2Fmedia&parent=30508"}],"wp:term":[{"taxonomy":"category","embeddable":true,"href":"https:\/\/kibrisdakik.com\/index.php?rest_route=%2Fwp%2Fv2%2Fcategories&post=30508"},{"taxonomy":"post_tag","embeddable":true,"href":"https:\/\/kibrisdakik.com\/index.php?rest_route=%2Fwp%2Fv2%2Ftags&post=30508"}],"curies":[{"name":"wp","href":"https:\/\/api.w.org\/{rel}","templated":true}]}}