{"id":30516,"date":"2024-02-19T16:45:20","date_gmt":"2024-02-19T16:45:20","guid":{"rendered":"https:\/\/kibrisdakik.com\/index.php\/2024\/02\/19\/turkiyede-calisma-saatleri-dusuyor-mu\/"},"modified":"2024-02-19T16:45:20","modified_gmt":"2024-02-19T16:45:20","slug":"turkiyede-calisma-saatleri-dusuyor-mu","status":"publish","type":"post","link":"https:\/\/kibrisdakik.com\/?p=30516","title":{"rendered":"T\u00fcrkiye&#039;de \u00e7al\u0131\u015fma saatleri d\u00fc\u015f\u00fcyor mu?"},"content":{"rendered":"<p><img decoding=\"async\" src=\"https:\/\/www.kibristurk.com\/images\/haberler\/2024\/02\/turkiyede-calisma-saatleri-dusuyor-mu-1708335869.webp\" \/><\/p>\n<p>\u00c7al\u0131\u015fma ve Sosyal G\u00fcvenlik Bakan\u0131 Vedat I\u015f\u0131khan&#8217;\u0131n ge\u00e7ti\u011fimiz aylarda yapt\u0131\u011f\u0131 &#8220;Sosyal G\u00fcvenlik Kurumunda s\u00fcrd\u00fcr\u00fclebilirli\u011fi g\u00fc\u00e7lendirmek amac\u0131yla sosyal g\u00fcvenlik sisteminde ki\u015filerin daha \u00e7ok istihdamda kalmas\u0131n\u0131 te\u015fvik eden, hakkaniyeti ve akt\u00fceryal dengeyi \u00f6nceleyen yakla\u015f\u0131mla esnek \u00e7al\u0131\u015fma bi\u00e7imlerini yayg\u0131nla\u015ft\u0131raca\u011f\u0131z. Sosyal g\u00fcvenlik mevzuat\u0131 ve uygulamalar\u0131n\u0131, de\u011fi\u015fen i\u015f g\u00fcc\u00fc piyasas\u0131 ko\u015fullar\u0131na ve yeni nesil esnek \u00e7al\u0131\u015fma \u015fekillerine daha uyumlu hale getirece\u011fiz. Kay\u0131t d\u0131\u015f\u0131 istihdam ve kay\u0131t d\u0131\u015f\u0131 \u00fccretle m\u00fccadelede veri analizine dayal\u0131, risk odakl\u0131 denetim faaliyetlerini art\u0131rarak prim taban\u0131n\u0131 geni\u015fletece\u011fiz&#8221; a\u00e7\u0131klamas\u0131n\u0131n ard\u0131ndan, milyonlarca \u00e7al\u0131\u015fan\u0131 mesai saati heyecan\u0131 sarm\u0131\u015ft\u0131.&nbsp;<br \/>\n\u0130\u015f kanunlar\u0131nda, merkezinde \u00e7al\u0131\u015fanlar\u0131n olaca\u011f\u0131 yeni de\u011fi\u015fiklikler i\u00e7in harekete ge\u00e7ildi. Hayata ge\u00e7irilmesi planlanan d\u00fczenleme ile haftal\u0131k \u00e7al\u0131\u015fma saatlerinin d\u00fc\u015f\u00fcr\u00fclmesi planlan\u0131yor.<br \/>\n&nbsp;<\/p>\n<p><strong>45 SAATTEN 40 SAATE<\/strong><\/p>\n<p>\u0130\u015f kanununda haftal\u0131k 45 saat olan \u00e7al\u0131\u015fma saatinin 40 saate indirilmesi g\u00fcndemde. Baz\u0131 meslek gruplar\u0131ndaki 48 saatlik \u00e7al\u0131\u015fma saatleri de azalt\u0131lacak. Yeni d\u00fczenleme \u00e7al\u0131\u015fan odakl\u0131 olacak.<br \/>\n\u00c7al\u0131\u015fan g\u00fc\u00e7lendirilecek, da\u011f\u0131n\u0131k mevzuat bir arada toplanacak. Fazla \u00e7al\u0131\u015fma \u00fccretlerine ili\u015fkin katsay\u0131n\u0131n bir yerde y\u00fczde 50, bir ba\u015fka yerde y\u00fczde 25 olmas\u0131 gibi da\u011f\u0131n\u0131kl\u0131klar giderilecek.<br \/>\n&nbsp;<\/p>\n<p><strong>BASIN VE DEN\u0130Z KANUNU DE\u011e\u0130\u015e\u0130YOR<\/strong><\/p>\n<p>Anayasa h\u00fck\u00fcmleri d\u0131\u015f\u0131nda 20 farkl\u0131 kanundaki \u00e7al\u0131\u015fma hayat\u0131ndaki mevzuat da\u011f\u0131n\u0131kl\u0131\u011f\u0131 giderilecek. 2003 tarihli \u0130\u015f Kanunu, 1952 tarihli Bas\u0131n \u0130\u015f Kanunu, 1967 tarihli Deniz \u0130\u015f Kanunu\u2019nda de\u011fi\u015fiklikler yap\u0131lacak.T\u00fcrk \u0130\u015f Kanunu\u2019nda haftal\u0131k \u00e7al\u0131\u015fma saati 45 iken, Bas\u0131n \u0130\u015f Kanunu ve Deniz \u0130\u015f Kanunu\u2019nda haftal\u0131k \u00e7al\u0131\u015fma saatleri 48 saat. Bas\u0131n \u0130\u015f Kanunu\u2019na tabii olanlar i\u015fe iade davalar\u0131 a\u00e7abiliyor ancak Deniz \u0130\u015f Kanunu\u2019na tabii olanlar\u0131n b\u00f6yle bir hakk\u0131 bulunmuyor.Farkl\u0131 yasalarda yer alan d\u00fczenlemeler tek bir temel T\u00fcrk \u0130\u015f Kanunu ile b\u00fct\u00fcnc\u00fcl bir yap\u0131ya kavu\u015fturulacak. D\u00fczenlemelerde yeni hak kategorileri geli\u015ftirilecek. Mevcut haklar korunacak.H\u00fck\u00fcmet kaynaklar\u0131, \u00e7al\u0131\u015fan haklar\u0131n\u0131n d\u00fczenlenip geli\u015fmesinin i\u015fletmeleri de g\u00fc\u00e7lendirece\u011fini ifade ediyor.<\/p>\n","protected":false},"excerpt":{"rendered":"<p>\u00c7al\u0131\u015fma ve Sosyal G\u00fcvenlik Bakan\u0131 Vedat I\u015f\u0131khan&#8217;\u0131n ge\u00e7ti\u011fimiz aylarda yapt\u0131\u011f\u0131 &#8220;Sosyal G\u00fcvenlik Kurumunda s\u00fcrd\u00fcr\u00fclebilirli\u011fi g\u00fc\u00e7lendirmek amac\u0131yla sosyal g\u00fcvenlik sisteminde ki\u015filerin daha \u00e7ok istihdamda kalmas\u0131n\u0131 te\u015fvik eden, hakkaniyeti ve akt\u00fceryal dengeyi \u00f6nceleyen yakla\u015f\u0131mla esnek \u00e7al\u0131\u015fma bi\u00e7imlerini yayg\u0131nla\u015ft\u0131raca\u011f\u0131z. Sosyal g\u00fcvenlik mevzuat\u0131 ve uygulamalar\u0131n\u0131, de\u011fi\u015fen i\u015f g\u00fcc\u00fc piyasas\u0131 ko\u015fullar\u0131na ve yeni nesil esnek \u00e7al\u0131\u015fma \u015fekillerine daha uyumlu hale<\/p>\n","protected":false},"author":1,"featured_media":30517,"comment_status":"open","ping_status":"open","sticky":false,"template":"","format":"standard","meta":{"footnotes":""},"categories":[86],"tags":[],"class_list":["post-30516","post","type-post","status-publish","format-standard","has-post-thumbnail","hentry","category-turkiye"],"yoast_head":"<!-- This site is optimized with the Yoast SEO plugin v27.4 - https:\/\/yoast.com\/product\/yoast-seo-wordpress\/ -->\n<title>T\u00fcrkiye&#039;de \u00e7al\u0131\u015fma saatleri d\u00fc\u015f\u00fcyor mu? -<\/title>\n<meta name=\"robots\" content=\"index, follow, max-snippet:-1, max-image-preview:large, max-video-preview:-1\" \/>\n<link rel=\"canonical\" href=\"https:\/\/kibrisdakik.com\/?p=30516\" \/>\n<meta property=\"og:locale\" content=\"tr_TR\" \/>\n<meta property=\"og:type\" content=\"article\" \/>\n<meta property=\"og:title\" content=\"T\u00fcrkiye&#039;de \u00e7al\u0131\u015fma saatleri d\u00fc\u015f\u00fcyor mu? -\" \/>\n<meta property=\"og:description\" content=\"\u00c7al\u0131\u015fma ve Sosyal G\u00fcvenlik Bakan\u0131 Vedat I\u015f\u0131khan&#8217;\u0131n ge\u00e7ti\u011fimiz aylarda yapt\u0131\u011f\u0131 &#8220;Sosyal G\u00fcvenlik Kurumunda s\u00fcrd\u00fcr\u00fclebilirli\u011fi g\u00fc\u00e7lendirmek amac\u0131yla sosyal g\u00fcvenlik sisteminde ki\u015filerin daha \u00e7ok istihdamda kalmas\u0131n\u0131 te\u015fvik eden, hakkaniyeti ve akt\u00fceryal dengeyi \u00f6nceleyen yakla\u015f\u0131mla esnek \u00e7al\u0131\u015fma bi\u00e7imlerini yayg\u0131nla\u015ft\u0131raca\u011f\u0131z. Sosyal g\u00fcvenlik mevzuat\u0131 ve uygulamalar\u0131n\u0131, de\u011fi\u015fen i\u015f g\u00fcc\u00fc piyasas\u0131 ko\u015fullar\u0131na ve yeni nesil esnek \u00e7al\u0131\u015fma \u015fekillerine daha uyumlu hale\" \/>\n<meta property=\"og:url\" content=\"https:\/\/kibrisdakik.com\/?p=30516\" \/>\n<meta property=\"article:published_time\" content=\"2024-02-19T16:45:20+00:00\" \/>\n<meta property=\"og:image\" content=\"https:\/\/kibrisdakik.com\/wp-content\/uploads\/2024\/02\/turkiyede-calisma-saatleri-dusuyor-mu-1708335869.webp.webp\" \/>\n\t<meta property=\"og:image:width\" content=\"710\" \/>\n\t<meta property=\"og:image:height\" content=\"370\" \/>\n\t<meta property=\"og:image:type\" content=\"image\/webp\" \/>\n<meta name=\"author\" content=\"admin\" \/>\n<meta name=\"twitter:card\" content=\"summary_large_image\" \/>\n<meta name=\"twitter:label1\" content=\"Yazan:\" \/>\n\t<meta name=\"twitter:data1\" content=\"admin\" \/>\n\t<meta name=\"twitter:label2\" content=\"Tahmini okuma s\u00fcresi\" \/>\n\t<meta name=\"twitter:data2\" content=\"2 dakika\" \/>\n<script type=\"application\/ld+json\" class=\"yoast-schema-graph\">{\"@context\":\"https:\\\/\\\/schema.org\",\"@graph\":[{\"@type\":\"Article\",\"@id\":\"https:\\\/\\\/kibrisdakik.com\\\/?p=30516#article\",\"isPartOf\":{\"@id\":\"https:\\\/\\\/kibrisdakik.com\\\/?p=30516\"},\"author\":{\"name\":\"admin\",\"@id\":\"https:\\\/\\\/kibrisdakik.com\\\/#\\\/schema\\\/person\\\/9cd9d437bbb44f72b73ba127e06d8e79\"},\"headline\":\"T\u00fcrkiye&#039;de \u00e7al\u0131\u015fma saatleri d\u00fc\u015f\u00fcyor mu?\",\"datePublished\":\"2024-02-19T16:45:20+00:00\",\"mainEntityOfPage\":{\"@id\":\"https:\\\/\\\/kibrisdakik.com\\\/?p=30516\"},\"wordCount\":383,\"commentCount\":0,\"image\":{\"@id\":\"https:\\\/\\\/kibrisdakik.com\\\/?p=30516#primaryimage\"},\"thumbnailUrl\":\"https:\\\/\\\/kibrisdakik.com\\\/wp-content\\\/uploads\\\/2024\\\/02\\\/turkiyede-calisma-saatleri-dusuyor-mu-1708335869.webp.webp\",\"articleSection\":[\"T\u00fcrkiye\"],\"inLanguage\":\"tr\",\"potentialAction\":[{\"@type\":\"CommentAction\",\"name\":\"Comment\",\"target\":[\"https:\\\/\\\/kibrisdakik.com\\\/?p=30516#respond\"]}]},{\"@type\":\"WebPage\",\"@id\":\"https:\\\/\\\/kibrisdakik.com\\\/?p=30516\",\"url\":\"https:\\\/\\\/kibrisdakik.com\\\/?p=30516\",\"name\":\"T\u00fcrkiye&#039;de \u00e7al\u0131\u015fma saatleri d\u00fc\u015f\u00fcyor mu? -\",\"isPartOf\":{\"@id\":\"https:\\\/\\\/kibrisdakik.com\\\/#website\"},\"primaryImageOfPage\":{\"@id\":\"https:\\\/\\\/kibrisdakik.com\\\/?p=30516#primaryimage\"},\"image\":{\"@id\":\"https:\\\/\\\/kibrisdakik.com\\\/?p=30516#primaryimage\"},\"thumbnailUrl\":\"https:\\\/\\\/kibrisdakik.com\\\/wp-content\\\/uploads\\\/2024\\\/02\\\/turkiyede-calisma-saatleri-dusuyor-mu-1708335869.webp.webp\",\"datePublished\":\"2024-02-19T16:45:20+00:00\",\"author\":{\"@id\":\"https:\\\/\\\/kibrisdakik.com\\\/#\\\/schema\\\/person\\\/9cd9d437bbb44f72b73ba127e06d8e79\"},\"breadcrumb\":{\"@id\":\"https:\\\/\\\/kibrisdakik.com\\\/?p=30516#breadcrumb\"},\"inLanguage\":\"tr\",\"potentialAction\":[{\"@type\":\"ReadAction\",\"target\":[\"https:\\\/\\\/kibrisdakik.com\\\/?p=30516\"]}]},{\"@type\":\"ImageObject\",\"inLanguage\":\"tr\",\"@id\":\"https:\\\/\\\/kibrisdakik.com\\\/?p=30516#primaryimage\",\"url\":\"https:\\\/\\\/kibrisdakik.com\\\/wp-content\\\/uploads\\\/2024\\\/02\\\/turkiyede-calisma-saatleri-dusuyor-mu-1708335869.webp.webp\",\"contentUrl\":\"https:\\\/\\\/kibrisdakik.com\\\/wp-content\\\/uploads\\\/2024\\\/02\\\/turkiyede-calisma-saatleri-dusuyor-mu-1708335869.webp.webp\",\"width\":710,\"height\":370},{\"@type\":\"BreadcrumbList\",\"@id\":\"https:\\\/\\\/kibrisdakik.com\\\/?p=30516#breadcrumb\",\"itemListElement\":[{\"@type\":\"ListItem\",\"position\":1,\"name\":\"Home\",\"item\":\"https:\\\/\\\/kibrisdakik.com\\\/\"},{\"@type\":\"ListItem\",\"position\":2,\"name\":\"T\u00fcrkiye&#039;de \u00e7al\u0131\u015fma saatleri d\u00fc\u015f\u00fcyor mu?\"}]},{\"@type\":\"WebSite\",\"@id\":\"https:\\\/\\\/kibrisdakik.com\\\/#website\",\"url\":\"https:\\\/\\\/kibrisdakik.com\\\/\",\"name\":\"\",\"description\":\"Tam vaktinde haber\",\"potentialAction\":[{\"@type\":\"SearchAction\",\"target\":{\"@type\":\"EntryPoint\",\"urlTemplate\":\"https:\\\/\\\/kibrisdakik.com\\\/?s={search_term_string}\"},\"query-input\":{\"@type\":\"PropertyValueSpecification\",\"valueRequired\":true,\"valueName\":\"search_term_string\"}}],\"inLanguage\":\"tr\"},{\"@type\":\"Person\",\"@id\":\"https:\\\/\\\/kibrisdakik.com\\\/#\\\/schema\\\/person\\\/9cd9d437bbb44f72b73ba127e06d8e79\",\"name\":\"admin\",\"image\":{\"@type\":\"ImageObject\",\"inLanguage\":\"tr\",\"@id\":\"https:\\\/\\\/secure.gravatar.com\\\/avatar\\\/ccc17943b9d660506c869530f897617f7cb1c21a4bf30023f252596d83e1f007?s=96&d=mm&r=g\",\"url\":\"https:\\\/\\\/secure.gravatar.com\\\/avatar\\\/ccc17943b9d660506c869530f897617f7cb1c21a4bf30023f252596d83e1f007?s=96&d=mm&r=g\",\"contentUrl\":\"https:\\\/\\\/secure.gravatar.com\\\/avatar\\\/ccc17943b9d660506c869530f897617f7cb1c21a4bf30023f252596d83e1f007?s=96&d=mm&r=g\",\"caption\":\"admin\"},\"sameAs\":[\"https:\\\/\\\/kibrisdakik.com\"],\"url\":\"https:\\\/\\\/kibrisdakik.com\\\/?author=1\"}]}<\/script>\n<!-- \/ Yoast SEO plugin. -->","yoast_head_json":{"title":"T\u00fcrkiye&#039;de \u00e7al\u0131\u015fma saatleri d\u00fc\u015f\u00fcyor mu? -","robots":{"index":"index","follow":"follow","max-snippet":"max-snippet:-1","max-image-preview":"max-image-preview:large","max-video-preview":"max-video-preview:-1"},"canonical":"https:\/\/kibrisdakik.com\/?p=30516","og_locale":"tr_TR","og_type":"article","og_title":"T\u00fcrkiye&#039;de \u00e7al\u0131\u015fma saatleri d\u00fc\u015f\u00fcyor mu? -","og_description":"\u00c7al\u0131\u015fma ve Sosyal G\u00fcvenlik Bakan\u0131 Vedat I\u015f\u0131khan&#8217;\u0131n ge\u00e7ti\u011fimiz aylarda yapt\u0131\u011f\u0131 &#8220;Sosyal G\u00fcvenlik Kurumunda s\u00fcrd\u00fcr\u00fclebilirli\u011fi g\u00fc\u00e7lendirmek amac\u0131yla sosyal g\u00fcvenlik sisteminde ki\u015filerin daha \u00e7ok istihdamda kalmas\u0131n\u0131 te\u015fvik eden, hakkaniyeti ve akt\u00fceryal dengeyi \u00f6nceleyen yakla\u015f\u0131mla esnek \u00e7al\u0131\u015fma bi\u00e7imlerini yayg\u0131nla\u015ft\u0131raca\u011f\u0131z. Sosyal g\u00fcvenlik mevzuat\u0131 ve uygulamalar\u0131n\u0131, de\u011fi\u015fen i\u015f g\u00fcc\u00fc piyasas\u0131 ko\u015fullar\u0131na ve yeni nesil esnek \u00e7al\u0131\u015fma \u015fekillerine daha uyumlu hale","og_url":"https:\/\/kibrisdakik.com\/?p=30516","article_published_time":"2024-02-19T16:45:20+00:00","og_image":[{"width":710,"height":370,"url":"https:\/\/kibrisdakik.com\/wp-content\/uploads\/2024\/02\/turkiyede-calisma-saatleri-dusuyor-mu-1708335869.webp.webp","type":"image\/webp"}],"author":"admin","twitter_card":"summary_large_image","twitter_misc":{"Yazan:":"admin","Tahmini okuma s\u00fcresi":"2 dakika"},"schema":{"@context":"https:\/\/schema.org","@graph":[{"@type":"Article","@id":"https:\/\/kibrisdakik.com\/?p=30516#article","isPartOf":{"@id":"https:\/\/kibrisdakik.com\/?p=30516"},"author":{"name":"admin","@id":"https:\/\/kibrisdakik.com\/#\/schema\/person\/9cd9d437bbb44f72b73ba127e06d8e79"},"headline":"T\u00fcrkiye&#039;de \u00e7al\u0131\u015fma saatleri d\u00fc\u015f\u00fcyor mu?","datePublished":"2024-02-19T16:45:20+00:00","mainEntityOfPage":{"@id":"https:\/\/kibrisdakik.com\/?p=30516"},"wordCount":383,"commentCount":0,"image":{"@id":"https:\/\/kibrisdakik.com\/?p=30516#primaryimage"},"thumbnailUrl":"https:\/\/kibrisdakik.com\/wp-content\/uploads\/2024\/02\/turkiyede-calisma-saatleri-dusuyor-mu-1708335869.webp.webp","articleSection":["T\u00fcrkiye"],"inLanguage":"tr","potentialAction":[{"@type":"CommentAction","name":"Comment","target":["https:\/\/kibrisdakik.com\/?p=30516#respond"]}]},{"@type":"WebPage","@id":"https:\/\/kibrisdakik.com\/?p=30516","url":"https:\/\/kibrisdakik.com\/?p=30516","name":"T\u00fcrkiye&#039;de \u00e7al\u0131\u015fma saatleri d\u00fc\u015f\u00fcyor mu? -","isPartOf":{"@id":"https:\/\/kibrisdakik.com\/#website"},"primaryImageOfPage":{"@id":"https:\/\/kibrisdakik.com\/?p=30516#primaryimage"},"image":{"@id":"https:\/\/kibrisdakik.com\/?p=30516#primaryimage"},"thumbnailUrl":"https:\/\/kibrisdakik.com\/wp-content\/uploads\/2024\/02\/turkiyede-calisma-saatleri-dusuyor-mu-1708335869.webp.webp","datePublished":"2024-02-19T16:45:20+00:00","author":{"@id":"https:\/\/kibrisdakik.com\/#\/schema\/person\/9cd9d437bbb44f72b73ba127e06d8e79"},"breadcrumb":{"@id":"https:\/\/kibrisdakik.com\/?p=30516#breadcrumb"},"inLanguage":"tr","potentialAction":[{"@type":"ReadAction","target":["https:\/\/kibrisdakik.com\/?p=30516"]}]},{"@type":"ImageObject","inLanguage":"tr","@id":"https:\/\/kibrisdakik.com\/?p=30516#primaryimage","url":"https:\/\/kibrisdakik.com\/wp-content\/uploads\/2024\/02\/turkiyede-calisma-saatleri-dusuyor-mu-1708335869.webp.webp","contentUrl":"https:\/\/kibrisdakik.com\/wp-content\/uploads\/2024\/02\/turkiyede-calisma-saatleri-dusuyor-mu-1708335869.webp.webp","width":710,"height":370},{"@type":"BreadcrumbList","@id":"https:\/\/kibrisdakik.com\/?p=30516#breadcrumb","itemListElement":[{"@type":"ListItem","position":1,"name":"Home","item":"https:\/\/kibrisdakik.com\/"},{"@type":"ListItem","position":2,"name":"T\u00fcrkiye&#039;de \u00e7al\u0131\u015fma saatleri d\u00fc\u015f\u00fcyor mu?"}]},{"@type":"WebSite","@id":"https:\/\/kibrisdakik.com\/#website","url":"https:\/\/kibrisdakik.com\/","name":"","description":"Tam vaktinde haber","potentialAction":[{"@type":"SearchAction","target":{"@type":"EntryPoint","urlTemplate":"https:\/\/kibrisdakik.com\/?s={search_term_string}"},"query-input":{"@type":"PropertyValueSpecification","valueRequired":true,"valueName":"search_term_string"}}],"inLanguage":"tr"},{"@type":"Person","@id":"https:\/\/kibrisdakik.com\/#\/schema\/person\/9cd9d437bbb44f72b73ba127e06d8e79","name":"admin","image":{"@type":"ImageObject","inLanguage":"tr","@id":"https:\/\/secure.gravatar.com\/avatar\/ccc17943b9d660506c869530f897617f7cb1c21a4bf30023f252596d83e1f007?s=96&d=mm&r=g","url":"https:\/\/secure.gravatar.com\/avatar\/ccc17943b9d660506c869530f897617f7cb1c21a4bf30023f252596d83e1f007?s=96&d=mm&r=g","contentUrl":"https:\/\/secure.gravatar.com\/avatar\/ccc17943b9d660506c869530f897617f7cb1c21a4bf30023f252596d83e1f007?s=96&d=mm&r=g","caption":"admin"},"sameAs":["https:\/\/kibrisdakik.com"],"url":"https:\/\/kibrisdakik.com\/?author=1"}]}},"_links":{"self":[{"href":"https:\/\/kibrisdakik.com\/index.php?rest_route=\/wp\/v2\/posts\/30516","targetHints":{"allow":["GET"]}}],"collection":[{"href":"https:\/\/kibrisdakik.com\/index.php?rest_route=\/wp\/v2\/posts"}],"about":[{"href":"https:\/\/kibrisdakik.com\/index.php?rest_route=\/wp\/v2\/types\/post"}],"author":[{"embeddable":true,"href":"https:\/\/kibrisdakik.com\/index.php?rest_route=\/wp\/v2\/users\/1"}],"replies":[{"embeddable":true,"href":"https:\/\/kibrisdakik.com\/index.php?rest_route=%2Fwp%2Fv2%2Fcomments&post=30516"}],"version-history":[{"count":0,"href":"https:\/\/kibrisdakik.com\/index.php?rest_route=\/wp\/v2\/posts\/30516\/revisions"}],"wp:featuredmedia":[{"embeddable":true,"href":"https:\/\/kibrisdakik.com\/index.php?rest_route=\/wp\/v2\/media\/30517"}],"wp:attachment":[{"href":"https:\/\/kibrisdakik.com\/index.php?rest_route=%2Fwp%2Fv2%2Fmedia&parent=30516"}],"wp:term":[{"taxonomy":"category","embeddable":true,"href":"https:\/\/kibrisdakik.com\/index.php?rest_route=%2Fwp%2Fv2%2Fcategories&post=30516"},{"taxonomy":"post_tag","embeddable":true,"href":"https:\/\/kibrisdakik.com\/index.php?rest_route=%2Fwp%2Fv2%2Ftags&post=30516"}],"curies":[{"name":"wp","href":"https:\/\/api.w.org\/{rel}","templated":true}]}}