{"id":30550,"date":"2024-02-19T20:27:01","date_gmt":"2024-02-19T20:27:01","guid":{"rendered":"https:\/\/kibrisdakik.com\/index.php\/2024\/02\/19\/kucuk-kizina-icki-iciren-kadin-gozaltina-alindi\/"},"modified":"2024-02-19T20:27:01","modified_gmt":"2024-02-19T20:27:01","slug":"kucuk-kizina-icki-iciren-kadin-gozaltina-alindi","status":"publish","type":"post","link":"https:\/\/kibrisdakik.com\/?p=30550","title":{"rendered":"K\u00fc\u00e7\u00fck k\u0131z\u0131na i\u00e7ki i\u00e7iren kad\u0131n g\u00f6zalt\u0131na al\u0131nd\u0131"},"content":{"rendered":"<p><img decoding=\"async\" src=\"https:\/\/www.kibristurk.com\/images\/haberler\/2024\/02\/kucuk-kizina-icki-iciren-kadin-gozaltina-alindi-1708372429.webp\" \/><\/p>\n<p>&nbsp;Cumhuriyet Ba\u015fsavc\u0131l\u0131\u011f\u0131 sosyal medyada bir \u00e7ocu\u011fa i\u00e7ki i\u00e7irildi\u011fi anlar\u0131n g\u00f6r\u00fcnt\u00fcs\u00fcn\u00fcn yay\u0131lmas\u0131 ve kom\u015fular\u0131n ihbar\u0131 \u00fczerine \u0130l Emniyet M\u00fcd\u00fcrl\u00fc\u011f\u00fc inceleme ba\u015flatt\u0131.<\/p>\n<p>Polisin yapt\u0131\u011f\u0131 ara\u015ft\u0131rma sonras\u0131 kad\u0131n\u0131n \u00c7.M.\u00d6. oldu\u011funu belirlendi. Kad\u0131n \u00e7ocu\u011funa i\u00e7ki i\u00e7irdi\u011fi ve \u015fiddet uygulad\u0131\u011f\u0131 iddias\u0131yla g\u00f6zalt\u0131na ald\u0131. 3 ya\u015f\u0131nda oldu\u011fu \u00f6\u011frenilen M.\u00d6. ise Aile ve Sosyal Hizmetler \u0130l M\u00fcd\u00fcrl\u00fc\u011f\u00fc ekipleri taraf\u0131ndan yurda yerle\u015ftirildi.&nbsp;<\/p>\n<h3>BA\u015eKA G\u00d6R\u00dcNT\u00dcLER\u0130 DE ORTAYA \u00c7IKTI&nbsp;<\/h3>\n<p>\u00d6te yandan, sosyal medyada yer alan g\u00f6r\u00fcnt\u00fclerde 3 ya\u015f\u0131ndaki M.A\u2019n\u0131n elindeki alkol \u015fi\u015fesini a\u011fz\u0131na g\u00f6t\u00fcrmesi dikkat \u00e7ekti. Farkl\u0131 bir g\u00f6r\u00fcnt\u00fcde ise i\u00e7ki i\u00e7ilen masada bulunan \u00e7ocu\u011fun a\u011flamas\u0131 \u00fczerine annesinin eliyle a\u011fz\u0131n\u0131 s\u0131kmas\u0131 ve ba\u011f\u0131rmas\u0131 yer ald\u0131.&nbsp;<\/p>\n","protected":false},"excerpt":{"rendered":"<p>&nbsp;Cumhuriyet Ba\u015fsavc\u0131l\u0131\u011f\u0131 sosyal medyada bir \u00e7ocu\u011fa i\u00e7ki i\u00e7irildi\u011fi anlar\u0131n g\u00f6r\u00fcnt\u00fcs\u00fcn\u00fcn yay\u0131lmas\u0131 ve kom\u015fular\u0131n ihbar\u0131 \u00fczerine \u0130l Emniyet M\u00fcd\u00fcrl\u00fc\u011f\u00fc inceleme ba\u015flatt\u0131. Polisin yapt\u0131\u011f\u0131 ara\u015ft\u0131rma sonras\u0131 kad\u0131n\u0131n \u00c7.M.\u00d6. oldu\u011funu belirlendi. Kad\u0131n \u00e7ocu\u011funa i\u00e7ki i\u00e7irdi\u011fi ve \u015fiddet uygulad\u0131\u011f\u0131 iddias\u0131yla g\u00f6zalt\u0131na ald\u0131. 3 ya\u015f\u0131nda oldu\u011fu \u00f6\u011frenilen M.\u00d6. ise Aile ve Sosyal Hizmetler \u0130l M\u00fcd\u00fcrl\u00fc\u011f\u00fc ekipleri taraf\u0131ndan yurda yerle\u015ftirildi.&nbsp; BA\u015eKA<\/p>\n","protected":false},"author":1,"featured_media":30551,"comment_status":"open","ping_status":"open","sticky":false,"template":"","format":"standard","meta":{"footnotes":""},"categories":[1],"tags":[],"class_list":["post-30550","post","type-post","status-publish","format-standard","has-post-thumbnail","hentry","category-gundem"],"yoast_head":"<!-- This site is optimized with the Yoast SEO plugin v27.5 - https:\/\/yoast.com\/product\/yoast-seo-wordpress\/ -->\n<title>K\u00fc\u00e7\u00fck k\u0131z\u0131na i\u00e7ki i\u00e7iren kad\u0131n g\u00f6zalt\u0131na al\u0131nd\u0131 -<\/title>\n<meta name=\"robots\" content=\"index, follow, max-snippet:-1, max-image-preview:large, max-video-preview:-1\" \/>\n<link rel=\"canonical\" href=\"https:\/\/kibrisdakik.com\/?p=30550\" \/>\n<meta property=\"og:locale\" content=\"tr_TR\" \/>\n<meta property=\"og:type\" content=\"article\" \/>\n<meta property=\"og:title\" content=\"K\u00fc\u00e7\u00fck k\u0131z\u0131na i\u00e7ki i\u00e7iren kad\u0131n g\u00f6zalt\u0131na al\u0131nd\u0131 -\" \/>\n<meta property=\"og:description\" content=\"&nbsp;Cumhuriyet Ba\u015fsavc\u0131l\u0131\u011f\u0131 sosyal medyada bir \u00e7ocu\u011fa i\u00e7ki i\u00e7irildi\u011fi anlar\u0131n g\u00f6r\u00fcnt\u00fcs\u00fcn\u00fcn yay\u0131lmas\u0131 ve kom\u015fular\u0131n ihbar\u0131 \u00fczerine \u0130l Emniyet M\u00fcd\u00fcrl\u00fc\u011f\u00fc inceleme ba\u015flatt\u0131. Polisin yapt\u0131\u011f\u0131 ara\u015ft\u0131rma sonras\u0131 kad\u0131n\u0131n \u00c7.M.\u00d6. oldu\u011funu belirlendi. Kad\u0131n \u00e7ocu\u011funa i\u00e7ki i\u00e7irdi\u011fi ve \u015fiddet uygulad\u0131\u011f\u0131 iddias\u0131yla g\u00f6zalt\u0131na ald\u0131. 3 ya\u015f\u0131nda oldu\u011fu \u00f6\u011frenilen M.\u00d6. ise Aile ve Sosyal Hizmetler \u0130l M\u00fcd\u00fcrl\u00fc\u011f\u00fc ekipleri taraf\u0131ndan yurda yerle\u015ftirildi.&nbsp; BA\u015eKA\" \/>\n<meta property=\"og:url\" content=\"https:\/\/kibrisdakik.com\/?p=30550\" \/>\n<meta property=\"article:published_time\" content=\"2024-02-19T20:27:01+00:00\" \/>\n<meta property=\"og:image\" content=\"https:\/\/kibrisdakik.com\/wp-content\/uploads\/2024\/02\/kucuk-kizina-icki-iciren-kadin-gozaltina-alindi-1708372429.webp.webp\" \/>\n\t<meta property=\"og:image:width\" content=\"710\" \/>\n\t<meta property=\"og:image:height\" content=\"370\" \/>\n\t<meta property=\"og:image:type\" content=\"image\/webp\" \/>\n<meta name=\"author\" content=\"admin\" \/>\n<meta name=\"twitter:card\" content=\"summary_large_image\" \/>\n<meta name=\"twitter:label1\" content=\"Yazan:\" \/>\n\t<meta name=\"twitter:data1\" content=\"admin\" \/>\n\t<meta name=\"twitter:label2\" content=\"Tahmini okuma s\u00fcresi\" \/>\n\t<meta name=\"twitter:data2\" content=\"1 dakika\" \/>\n<script type=\"application\/ld+json\" class=\"yoast-schema-graph\">{\"@context\":\"https:\\\/\\\/schema.org\",\"@graph\":[{\"@type\":\"Article\",\"@id\":\"https:\\\/\\\/kibrisdakik.com\\\/?p=30550#article\",\"isPartOf\":{\"@id\":\"https:\\\/\\\/kibrisdakik.com\\\/?p=30550\"},\"author\":{\"name\":\"admin\",\"@id\":\"https:\\\/\\\/kibrisdakik.com\\\/#\\\/schema\\\/person\\\/9cd9d437bbb44f72b73ba127e06d8e79\"},\"headline\":\"K\u00fc\u00e7\u00fck k\u0131z\u0131na i\u00e7ki i\u00e7iren kad\u0131n g\u00f6zalt\u0131na al\u0131nd\u0131\",\"datePublished\":\"2024-02-19T20:27:01+00:00\",\"mainEntityOfPage\":{\"@id\":\"https:\\\/\\\/kibrisdakik.com\\\/?p=30550\"},\"wordCount\":177,\"commentCount\":0,\"image\":{\"@id\":\"https:\\\/\\\/kibrisdakik.com\\\/?p=30550#primaryimage\"},\"thumbnailUrl\":\"https:\\\/\\\/kibrisdakik.com\\\/wp-content\\\/uploads\\\/2024\\\/02\\\/kucuk-kizina-icki-iciren-kadin-gozaltina-alindi-1708372429.webp.webp\",\"articleSection\":[\"G\u00fcndem\"],\"inLanguage\":\"tr\",\"potentialAction\":[{\"@type\":\"CommentAction\",\"name\":\"Comment\",\"target\":[\"https:\\\/\\\/kibrisdakik.com\\\/?p=30550#respond\"]}]},{\"@type\":\"WebPage\",\"@id\":\"https:\\\/\\\/kibrisdakik.com\\\/?p=30550\",\"url\":\"https:\\\/\\\/kibrisdakik.com\\\/?p=30550\",\"name\":\"K\u00fc\u00e7\u00fck k\u0131z\u0131na i\u00e7ki i\u00e7iren kad\u0131n g\u00f6zalt\u0131na al\u0131nd\u0131 -\",\"isPartOf\":{\"@id\":\"https:\\\/\\\/kibrisdakik.com\\\/#website\"},\"primaryImageOfPage\":{\"@id\":\"https:\\\/\\\/kibrisdakik.com\\\/?p=30550#primaryimage\"},\"image\":{\"@id\":\"https:\\\/\\\/kibrisdakik.com\\\/?p=30550#primaryimage\"},\"thumbnailUrl\":\"https:\\\/\\\/kibrisdakik.com\\\/wp-content\\\/uploads\\\/2024\\\/02\\\/kucuk-kizina-icki-iciren-kadin-gozaltina-alindi-1708372429.webp.webp\",\"datePublished\":\"2024-02-19T20:27:01+00:00\",\"author\":{\"@id\":\"https:\\\/\\\/kibrisdakik.com\\\/#\\\/schema\\\/person\\\/9cd9d437bbb44f72b73ba127e06d8e79\"},\"breadcrumb\":{\"@id\":\"https:\\\/\\\/kibrisdakik.com\\\/?p=30550#breadcrumb\"},\"inLanguage\":\"tr\",\"potentialAction\":[{\"@type\":\"ReadAction\",\"target\":[\"https:\\\/\\\/kibrisdakik.com\\\/?p=30550\"]}]},{\"@type\":\"ImageObject\",\"inLanguage\":\"tr\",\"@id\":\"https:\\\/\\\/kibrisdakik.com\\\/?p=30550#primaryimage\",\"url\":\"https:\\\/\\\/kibrisdakik.com\\\/wp-content\\\/uploads\\\/2024\\\/02\\\/kucuk-kizina-icki-iciren-kadin-gozaltina-alindi-1708372429.webp.webp\",\"contentUrl\":\"https:\\\/\\\/kibrisdakik.com\\\/wp-content\\\/uploads\\\/2024\\\/02\\\/kucuk-kizina-icki-iciren-kadin-gozaltina-alindi-1708372429.webp.webp\",\"width\":710,\"height\":370},{\"@type\":\"BreadcrumbList\",\"@id\":\"https:\\\/\\\/kibrisdakik.com\\\/?p=30550#breadcrumb\",\"itemListElement\":[{\"@type\":\"ListItem\",\"position\":1,\"name\":\"Home\",\"item\":\"https:\\\/\\\/kibrisdakik.com\\\/\"},{\"@type\":\"ListItem\",\"position\":2,\"name\":\"K\u00fc\u00e7\u00fck k\u0131z\u0131na i\u00e7ki i\u00e7iren kad\u0131n g\u00f6zalt\u0131na al\u0131nd\u0131\"}]},{\"@type\":\"WebSite\",\"@id\":\"https:\\\/\\\/kibrisdakik.com\\\/#website\",\"url\":\"https:\\\/\\\/kibrisdakik.com\\\/\",\"name\":\"\",\"description\":\"Tam vaktinde haber\",\"potentialAction\":[{\"@type\":\"SearchAction\",\"target\":{\"@type\":\"EntryPoint\",\"urlTemplate\":\"https:\\\/\\\/kibrisdakik.com\\\/?s={search_term_string}\"},\"query-input\":{\"@type\":\"PropertyValueSpecification\",\"valueRequired\":true,\"valueName\":\"search_term_string\"}}],\"inLanguage\":\"tr\"},{\"@type\":\"Person\",\"@id\":\"https:\\\/\\\/kibrisdakik.com\\\/#\\\/schema\\\/person\\\/9cd9d437bbb44f72b73ba127e06d8e79\",\"name\":\"admin\",\"image\":{\"@type\":\"ImageObject\",\"inLanguage\":\"tr\",\"@id\":\"https:\\\/\\\/secure.gravatar.com\\\/avatar\\\/ccc17943b9d660506c869530f897617f7cb1c21a4bf30023f252596d83e1f007?s=96&d=mm&r=g\",\"url\":\"https:\\\/\\\/secure.gravatar.com\\\/avatar\\\/ccc17943b9d660506c869530f897617f7cb1c21a4bf30023f252596d83e1f007?s=96&d=mm&r=g\",\"contentUrl\":\"https:\\\/\\\/secure.gravatar.com\\\/avatar\\\/ccc17943b9d660506c869530f897617f7cb1c21a4bf30023f252596d83e1f007?s=96&d=mm&r=g\",\"caption\":\"admin\"},\"sameAs\":[\"https:\\\/\\\/kibrisdakik.com\"],\"url\":\"https:\\\/\\\/kibrisdakik.com\\\/?author=1\"}]}<\/script>\n<!-- \/ Yoast SEO plugin. -->","yoast_head_json":{"title":"K\u00fc\u00e7\u00fck k\u0131z\u0131na i\u00e7ki i\u00e7iren kad\u0131n g\u00f6zalt\u0131na al\u0131nd\u0131 -","robots":{"index":"index","follow":"follow","max-snippet":"max-snippet:-1","max-image-preview":"max-image-preview:large","max-video-preview":"max-video-preview:-1"},"canonical":"https:\/\/kibrisdakik.com\/?p=30550","og_locale":"tr_TR","og_type":"article","og_title":"K\u00fc\u00e7\u00fck k\u0131z\u0131na i\u00e7ki i\u00e7iren kad\u0131n g\u00f6zalt\u0131na al\u0131nd\u0131 -","og_description":"&nbsp;Cumhuriyet Ba\u015fsavc\u0131l\u0131\u011f\u0131 sosyal medyada bir \u00e7ocu\u011fa i\u00e7ki i\u00e7irildi\u011fi anlar\u0131n g\u00f6r\u00fcnt\u00fcs\u00fcn\u00fcn yay\u0131lmas\u0131 ve kom\u015fular\u0131n ihbar\u0131 \u00fczerine \u0130l Emniyet M\u00fcd\u00fcrl\u00fc\u011f\u00fc inceleme ba\u015flatt\u0131. Polisin yapt\u0131\u011f\u0131 ara\u015ft\u0131rma sonras\u0131 kad\u0131n\u0131n \u00c7.M.\u00d6. oldu\u011funu belirlendi. Kad\u0131n \u00e7ocu\u011funa i\u00e7ki i\u00e7irdi\u011fi ve \u015fiddet uygulad\u0131\u011f\u0131 iddias\u0131yla g\u00f6zalt\u0131na ald\u0131. 3 ya\u015f\u0131nda oldu\u011fu \u00f6\u011frenilen M.\u00d6. ise Aile ve Sosyal Hizmetler \u0130l M\u00fcd\u00fcrl\u00fc\u011f\u00fc ekipleri taraf\u0131ndan yurda yerle\u015ftirildi.&nbsp; BA\u015eKA","og_url":"https:\/\/kibrisdakik.com\/?p=30550","article_published_time":"2024-02-19T20:27:01+00:00","og_image":[{"width":710,"height":370,"url":"https:\/\/kibrisdakik.com\/wp-content\/uploads\/2024\/02\/kucuk-kizina-icki-iciren-kadin-gozaltina-alindi-1708372429.webp.webp","type":"image\/webp"}],"author":"admin","twitter_card":"summary_large_image","twitter_misc":{"Yazan:":"admin","Tahmini okuma s\u00fcresi":"1 dakika"},"schema":{"@context":"https:\/\/schema.org","@graph":[{"@type":"Article","@id":"https:\/\/kibrisdakik.com\/?p=30550#article","isPartOf":{"@id":"https:\/\/kibrisdakik.com\/?p=30550"},"author":{"name":"admin","@id":"https:\/\/kibrisdakik.com\/#\/schema\/person\/9cd9d437bbb44f72b73ba127e06d8e79"},"headline":"K\u00fc\u00e7\u00fck k\u0131z\u0131na i\u00e7ki i\u00e7iren kad\u0131n g\u00f6zalt\u0131na al\u0131nd\u0131","datePublished":"2024-02-19T20:27:01+00:00","mainEntityOfPage":{"@id":"https:\/\/kibrisdakik.com\/?p=30550"},"wordCount":177,"commentCount":0,"image":{"@id":"https:\/\/kibrisdakik.com\/?p=30550#primaryimage"},"thumbnailUrl":"https:\/\/kibrisdakik.com\/wp-content\/uploads\/2024\/02\/kucuk-kizina-icki-iciren-kadin-gozaltina-alindi-1708372429.webp.webp","articleSection":["G\u00fcndem"],"inLanguage":"tr","potentialAction":[{"@type":"CommentAction","name":"Comment","target":["https:\/\/kibrisdakik.com\/?p=30550#respond"]}]},{"@type":"WebPage","@id":"https:\/\/kibrisdakik.com\/?p=30550","url":"https:\/\/kibrisdakik.com\/?p=30550","name":"K\u00fc\u00e7\u00fck k\u0131z\u0131na i\u00e7ki i\u00e7iren kad\u0131n g\u00f6zalt\u0131na al\u0131nd\u0131 -","isPartOf":{"@id":"https:\/\/kibrisdakik.com\/#website"},"primaryImageOfPage":{"@id":"https:\/\/kibrisdakik.com\/?p=30550#primaryimage"},"image":{"@id":"https:\/\/kibrisdakik.com\/?p=30550#primaryimage"},"thumbnailUrl":"https:\/\/kibrisdakik.com\/wp-content\/uploads\/2024\/02\/kucuk-kizina-icki-iciren-kadin-gozaltina-alindi-1708372429.webp.webp","datePublished":"2024-02-19T20:27:01+00:00","author":{"@id":"https:\/\/kibrisdakik.com\/#\/schema\/person\/9cd9d437bbb44f72b73ba127e06d8e79"},"breadcrumb":{"@id":"https:\/\/kibrisdakik.com\/?p=30550#breadcrumb"},"inLanguage":"tr","potentialAction":[{"@type":"ReadAction","target":["https:\/\/kibrisdakik.com\/?p=30550"]}]},{"@type":"ImageObject","inLanguage":"tr","@id":"https:\/\/kibrisdakik.com\/?p=30550#primaryimage","url":"https:\/\/kibrisdakik.com\/wp-content\/uploads\/2024\/02\/kucuk-kizina-icki-iciren-kadin-gozaltina-alindi-1708372429.webp.webp","contentUrl":"https:\/\/kibrisdakik.com\/wp-content\/uploads\/2024\/02\/kucuk-kizina-icki-iciren-kadin-gozaltina-alindi-1708372429.webp.webp","width":710,"height":370},{"@type":"BreadcrumbList","@id":"https:\/\/kibrisdakik.com\/?p=30550#breadcrumb","itemListElement":[{"@type":"ListItem","position":1,"name":"Home","item":"https:\/\/kibrisdakik.com\/"},{"@type":"ListItem","position":2,"name":"K\u00fc\u00e7\u00fck k\u0131z\u0131na i\u00e7ki i\u00e7iren kad\u0131n g\u00f6zalt\u0131na al\u0131nd\u0131"}]},{"@type":"WebSite","@id":"https:\/\/kibrisdakik.com\/#website","url":"https:\/\/kibrisdakik.com\/","name":"","description":"Tam vaktinde haber","potentialAction":[{"@type":"SearchAction","target":{"@type":"EntryPoint","urlTemplate":"https:\/\/kibrisdakik.com\/?s={search_term_string}"},"query-input":{"@type":"PropertyValueSpecification","valueRequired":true,"valueName":"search_term_string"}}],"inLanguage":"tr"},{"@type":"Person","@id":"https:\/\/kibrisdakik.com\/#\/schema\/person\/9cd9d437bbb44f72b73ba127e06d8e79","name":"admin","image":{"@type":"ImageObject","inLanguage":"tr","@id":"https:\/\/secure.gravatar.com\/avatar\/ccc17943b9d660506c869530f897617f7cb1c21a4bf30023f252596d83e1f007?s=96&d=mm&r=g","url":"https:\/\/secure.gravatar.com\/avatar\/ccc17943b9d660506c869530f897617f7cb1c21a4bf30023f252596d83e1f007?s=96&d=mm&r=g","contentUrl":"https:\/\/secure.gravatar.com\/avatar\/ccc17943b9d660506c869530f897617f7cb1c21a4bf30023f252596d83e1f007?s=96&d=mm&r=g","caption":"admin"},"sameAs":["https:\/\/kibrisdakik.com"],"url":"https:\/\/kibrisdakik.com\/?author=1"}]}},"_links":{"self":[{"href":"https:\/\/kibrisdakik.com\/index.php?rest_route=\/wp\/v2\/posts\/30550","targetHints":{"allow":["GET"]}}],"collection":[{"href":"https:\/\/kibrisdakik.com\/index.php?rest_route=\/wp\/v2\/posts"}],"about":[{"href":"https:\/\/kibrisdakik.com\/index.php?rest_route=\/wp\/v2\/types\/post"}],"author":[{"embeddable":true,"href":"https:\/\/kibrisdakik.com\/index.php?rest_route=\/wp\/v2\/users\/1"}],"replies":[{"embeddable":true,"href":"https:\/\/kibrisdakik.com\/index.php?rest_route=%2Fwp%2Fv2%2Fcomments&post=30550"}],"version-history":[{"count":0,"href":"https:\/\/kibrisdakik.com\/index.php?rest_route=\/wp\/v2\/posts\/30550\/revisions"}],"wp:featuredmedia":[{"embeddable":true,"href":"https:\/\/kibrisdakik.com\/index.php?rest_route=\/wp\/v2\/media\/30551"}],"wp:attachment":[{"href":"https:\/\/kibrisdakik.com\/index.php?rest_route=%2Fwp%2Fv2%2Fmedia&parent=30550"}],"wp:term":[{"taxonomy":"category","embeddable":true,"href":"https:\/\/kibrisdakik.com\/index.php?rest_route=%2Fwp%2Fv2%2Fcategories&post=30550"},{"taxonomy":"post_tag","embeddable":true,"href":"https:\/\/kibrisdakik.com\/index.php?rest_route=%2Fwp%2Fv2%2Ftags&post=30550"}],"curies":[{"name":"wp","href":"https:\/\/api.w.org\/{rel}","templated":true}]}}