{"id":30558,"date":"2024-02-19T21:31:00","date_gmt":"2024-02-19T21:31:00","guid":{"rendered":"https:\/\/kibrisdakik.com\/index.php\/2024\/02\/19\/zelenskiyden-abdye-cagri-ruslar-yogunlasti-zor-durumdayiz\/"},"modified":"2024-02-19T21:31:00","modified_gmt":"2024-02-19T21:31:00","slug":"zelenskiyden-abdye-cagri-ruslar-yogunlasti-zor-durumdayiz","status":"publish","type":"post","link":"https:\/\/kibrisdakik.com\/?p=30558","title":{"rendered":"Zelenskiy&#039;den ABD&#039;ye \u00e7a\u011fr\u0131: Ruslar yo\u011funla\u015ft\u0131 zor durumday\u0131z"},"content":{"rendered":"<p><\/p>\n<p>Ukrayna Devlet Ba\u015fkan\u0131 Volodymyr Zelenskiy, Ba\u015fkan Biden y\u00f6netiminin Ukrayna i\u00e7in planlad\u0131\u011f\u0131 yard\u0131m b\u00fct\u00e7esinin Kongre&#8217;nin Cumhuriyet\u00e7i kanad\u0131 taraf\u0131ndan geciktirilmesinin ard\u0131ndan a\u00e7\u0131klama yaparak yard\u0131mlar\u0131n aksamas\u0131 sebebiyle Rusya&#8217;ya kar\u015f\u0131 zor durumda olduklar\u0131n\u0131 s\u00f6yledi.<\/p>\n<p>Zelenskiy, ABD Kongresi&#8217;ne \u00fcst\u00fc kapal\u0131 mesaj g\u00f6ndererek, Rusya&#8217;n\u0131n Ukrayna&#8217;ya yard\u0131m ula\u015ft\u0131rmada gecikmelerden faydaland\u0131\u011f\u0131n\u0131 ve Moskova birliklerinin yo\u011funla\u015ft\u0131\u011f\u0131 b\u00f6lgelerdeki durumun &#8220;son derece zor&#8221; oldu\u011funu s\u00f6yledi.<\/p>\n<h3>&#8220;SON DERECE ZOR B\u0130R DURUM VAR&#8221;<\/h3>\n<p>Rusya&#8217;n\u0131n Ukrayna&#8217;ya yard\u0131m ula\u015ft\u0131rmada gecikmelerden faydaland\u0131\u011f\u0131n\u0131 ve Moskova birliklerinin yo\u011funla\u015ft\u0131\u011f\u0131 b\u00f6lgelerdeki durumun &#8220;son derece zor&#8221; oldu\u011funu s\u00f6yleyen Zelenskiy, kuzeydo\u011fudaki cephe b\u00f6lgelerini ziyaretinin ard\u0131ndan gece yapt\u0131\u011f\u0131 video konu\u015fmas\u0131nda, &#8220;\u015eu anda cephe hatt\u0131n\u0131n \u00e7e\u015fitli b\u00f6lgelerinde, tam da Rus birliklerinin maksimum seviyede yo\u011funla\u015ft\u0131\u011f\u0131 yerlerde son derece zor bir durum var&#8221; dedi.<\/p>\n<p><img decoding=\"async\" alt=\"Zelenskiy'den ABD'ye \u00e7a\u011fr\u0131: Ruslar yo\u011funla\u015ft\u0131 zor durumday\u0131z - 1. Resim\" src=\"https:\/\/i.tgrthaber.com.tr\/images\/haberler\/24-02\/20\/zelenskiyden-abdye-cagri-ruslar-yogunlasti-zor-durumdayiz-17083782831922_1.jpg\" style=\"height:100%;width:850px\" \/><\/p>\n<h3>&#8220;YARDIMLAR GEC\u0130K\u0130YOR&#8221;<\/h3>\n<p>Zelenskiy, &#8220;Ukrayna&#8217;ya yap\u0131lan yard\u0131mlardaki gecikmelerden faydalan\u0131yorlar ve bu \u00e7ok hassas bir konu. Top\u00e7u k\u0131tl\u0131\u011f\u0131, cephe hatt\u0131 hava savunmas\u0131 ve daha uzun menzilli silahlara ihtiya\u00e7 duyuyoruz&#8221; ifadesini kulland\u0131.<\/p>\n<p><img decoding=\"async\" alt=\"Zelenskiy'den ABD'ye \u00e7a\u011fr\u0131: Ruslar yo\u011funla\u015ft\u0131 zor durumday\u0131z - 2. Resim\" src=\"https:\/\/i.tgrthaber.com.tr\/images\/haberler\/24-02\/20\/zelenskiyden-abdye-cagri-ruslar-yogunlasti-zor-durumdayiz-17083782847732_2.jpg\" style=\"height:100%;width:850px\" \/><\/p>\n<h3>ZELENSK\u0130Y B\u0130DEN&#8217;E SESLENM\u0130\u015eT\u0130<\/h3>\n<p>Ukrayna lideri ge\u00e7ti\u011fimiz g\u00fcn Ba\u015fkan Biden ve Kongre&#8217;ye seslenmi\u015f, &#8220;Do\u011fru karar\u0131 alacaklar\u0131na inan\u0131yorum&#8221; demi\u015fti.<\/p>\n<p>Kongre&#8217;de bekleyen yard\u0131m tasar\u0131s\u0131 60 milyar dolar b\u00fcy\u00fckl\u00fc\u011f\u00fcnde. Biden, Kongre&#8217;nin yard\u0131m paketini onaylamadan iki haftal\u0131k tatile \u00e7\u0131kma karar\u0131 almas\u0131n\u0131, &#8216;sa\u00e7ma ve tuhaf&#8217; bulmu\u015ftu.<\/p>\n","protected":false},"excerpt":{"rendered":"<p>Ukrayna Devlet Ba\u015fkan\u0131 Volodymyr Zelenskiy, Ba\u015fkan Biden y\u00f6netiminin Ukrayna i\u00e7in planlad\u0131\u011f\u0131 yard\u0131m b\u00fct\u00e7esinin Kongre&#8217;nin Cumhuriyet\u00e7i kanad\u0131 taraf\u0131ndan geciktirilmesinin ard\u0131ndan a\u00e7\u0131klama yaparak yard\u0131mlar\u0131n aksamas\u0131 sebebiyle Rusya&#8217;ya kar\u015f\u0131 zor durumda olduklar\u0131n\u0131 s\u00f6yledi. Zelenskiy, ABD Kongresi&#8217;ne \u00fcst\u00fc kapal\u0131 mesaj g\u00f6ndererek, Rusya&#8217;n\u0131n Ukrayna&#8217;ya yard\u0131m ula\u015ft\u0131rmada gecikmelerden faydaland\u0131\u011f\u0131n\u0131 ve Moskova birliklerinin yo\u011funla\u015ft\u0131\u011f\u0131 b\u00f6lgelerdeki durumun &#8220;son derece zor&#8221; oldu\u011funu s\u00f6yledi. &#8220;SON<\/p>\n","protected":false},"author":1,"featured_media":30559,"comment_status":"open","ping_status":"open","sticky":false,"template":"","format":"standard","meta":{"footnotes":""},"categories":[1],"tags":[],"class_list":["post-30558","post","type-post","status-publish","format-standard","has-post-thumbnail","hentry","category-gundem"],"yoast_head":"<!-- This site is optimized with the Yoast SEO plugin v27.4 - https:\/\/yoast.com\/product\/yoast-seo-wordpress\/ -->\n<title>Zelenskiy&#039;den ABD&#039;ye \u00e7a\u011fr\u0131: Ruslar yo\u011funla\u015ft\u0131 zor durumday\u0131z -<\/title>\n<meta name=\"robots\" content=\"index, follow, max-snippet:-1, max-image-preview:large, max-video-preview:-1\" \/>\n<link rel=\"canonical\" href=\"https:\/\/kibrisdakik.com\/?p=30558\" \/>\n<meta property=\"og:locale\" content=\"tr_TR\" \/>\n<meta property=\"og:type\" content=\"article\" \/>\n<meta property=\"og:title\" content=\"Zelenskiy&#039;den ABD&#039;ye \u00e7a\u011fr\u0131: Ruslar yo\u011funla\u015ft\u0131 zor durumday\u0131z -\" \/>\n<meta property=\"og:description\" content=\"Ukrayna Devlet Ba\u015fkan\u0131 Volodymyr Zelenskiy, Ba\u015fkan Biden y\u00f6netiminin Ukrayna i\u00e7in planlad\u0131\u011f\u0131 yard\u0131m b\u00fct\u00e7esinin Kongre&#8217;nin Cumhuriyet\u00e7i kanad\u0131 taraf\u0131ndan geciktirilmesinin ard\u0131ndan a\u00e7\u0131klama yaparak yard\u0131mlar\u0131n aksamas\u0131 sebebiyle Rusya&#8217;ya kar\u015f\u0131 zor durumda olduklar\u0131n\u0131 s\u00f6yledi. Zelenskiy, ABD Kongresi&#8217;ne \u00fcst\u00fc kapal\u0131 mesaj g\u00f6ndererek, Rusya&#8217;n\u0131n Ukrayna&#8217;ya yard\u0131m ula\u015ft\u0131rmada gecikmelerden faydaland\u0131\u011f\u0131n\u0131 ve Moskova birliklerinin yo\u011funla\u015ft\u0131\u011f\u0131 b\u00f6lgelerdeki durumun &#8220;son derece zor&#8221; oldu\u011funu s\u00f6yledi. &#8220;SON\" \/>\n<meta property=\"og:url\" content=\"https:\/\/kibrisdakik.com\/?p=30558\" \/>\n<meta property=\"article:published_time\" content=\"2024-02-19T21:31:00+00:00\" \/>\n<meta property=\"og:image\" content=\"https:\/\/kibrisdakik.com\/wp-content\/uploads\/2024\/02\/zelenskiyden-abdye-cagri-ruslar-yogunlasti-zor-durumdayiz-17083782831922_1.jpg\" \/>\n\t<meta property=\"og:image:width\" content=\"848\" \/>\n\t<meta property=\"og:image:height\" content=\"483\" \/>\n\t<meta property=\"og:image:type\" content=\"image\/jpeg\" \/>\n<meta name=\"author\" content=\"admin\" \/>\n<meta name=\"twitter:card\" content=\"summary_large_image\" \/>\n<meta name=\"twitter:label1\" content=\"Yazan:\" \/>\n\t<meta name=\"twitter:data1\" content=\"admin\" \/>\n\t<meta name=\"twitter:label2\" content=\"Tahmini okuma s\u00fcresi\" \/>\n\t<meta name=\"twitter:data2\" content=\"1 dakika\" \/>\n<script type=\"application\/ld+json\" class=\"yoast-schema-graph\">{\"@context\":\"https:\\\/\\\/schema.org\",\"@graph\":[{\"@type\":\"Article\",\"@id\":\"https:\\\/\\\/kibrisdakik.com\\\/?p=30558#article\",\"isPartOf\":{\"@id\":\"https:\\\/\\\/kibrisdakik.com\\\/?p=30558\"},\"author\":{\"name\":\"admin\",\"@id\":\"https:\\\/\\\/kibrisdakik.com\\\/#\\\/schema\\\/person\\\/9cd9d437bbb44f72b73ba127e06d8e79\"},\"headline\":\"Zelenskiy&#039;den ABD&#039;ye \u00e7a\u011fr\u0131: Ruslar yo\u011funla\u015ft\u0131 zor durumday\u0131z\",\"datePublished\":\"2024-02-19T21:31:00+00:00\",\"mainEntityOfPage\":{\"@id\":\"https:\\\/\\\/kibrisdakik.com\\\/?p=30558\"},\"wordCount\":265,\"commentCount\":0,\"image\":{\"@id\":\"https:\\\/\\\/kibrisdakik.com\\\/?p=30558#primaryimage\"},\"thumbnailUrl\":\"https:\\\/\\\/kibrisdakik.com\\\/wp-content\\\/uploads\\\/2024\\\/02\\\/zelenskiyden-abdye-cagri-ruslar-yogunlasti-zor-durumdayiz-17083782831922_1.jpg\",\"articleSection\":[\"G\u00fcndem\"],\"inLanguage\":\"tr\",\"potentialAction\":[{\"@type\":\"CommentAction\",\"name\":\"Comment\",\"target\":[\"https:\\\/\\\/kibrisdakik.com\\\/?p=30558#respond\"]}]},{\"@type\":\"WebPage\",\"@id\":\"https:\\\/\\\/kibrisdakik.com\\\/?p=30558\",\"url\":\"https:\\\/\\\/kibrisdakik.com\\\/?p=30558\",\"name\":\"Zelenskiy&#039;den ABD&#039;ye \u00e7a\u011fr\u0131: Ruslar yo\u011funla\u015ft\u0131 zor durumday\u0131z -\",\"isPartOf\":{\"@id\":\"https:\\\/\\\/kibrisdakik.com\\\/#website\"},\"primaryImageOfPage\":{\"@id\":\"https:\\\/\\\/kibrisdakik.com\\\/?p=30558#primaryimage\"},\"image\":{\"@id\":\"https:\\\/\\\/kibrisdakik.com\\\/?p=30558#primaryimage\"},\"thumbnailUrl\":\"https:\\\/\\\/kibrisdakik.com\\\/wp-content\\\/uploads\\\/2024\\\/02\\\/zelenskiyden-abdye-cagri-ruslar-yogunlasti-zor-durumdayiz-17083782831922_1.jpg\",\"datePublished\":\"2024-02-19T21:31:00+00:00\",\"author\":{\"@id\":\"https:\\\/\\\/kibrisdakik.com\\\/#\\\/schema\\\/person\\\/9cd9d437bbb44f72b73ba127e06d8e79\"},\"breadcrumb\":{\"@id\":\"https:\\\/\\\/kibrisdakik.com\\\/?p=30558#breadcrumb\"},\"inLanguage\":\"tr\",\"potentialAction\":[{\"@type\":\"ReadAction\",\"target\":[\"https:\\\/\\\/kibrisdakik.com\\\/?p=30558\"]}]},{\"@type\":\"ImageObject\",\"inLanguage\":\"tr\",\"@id\":\"https:\\\/\\\/kibrisdakik.com\\\/?p=30558#primaryimage\",\"url\":\"https:\\\/\\\/kibrisdakik.com\\\/wp-content\\\/uploads\\\/2024\\\/02\\\/zelenskiyden-abdye-cagri-ruslar-yogunlasti-zor-durumdayiz-17083782831922_1.jpg\",\"contentUrl\":\"https:\\\/\\\/kibrisdakik.com\\\/wp-content\\\/uploads\\\/2024\\\/02\\\/zelenskiyden-abdye-cagri-ruslar-yogunlasti-zor-durumdayiz-17083782831922_1.jpg\",\"width\":848,\"height\":483},{\"@type\":\"BreadcrumbList\",\"@id\":\"https:\\\/\\\/kibrisdakik.com\\\/?p=30558#breadcrumb\",\"itemListElement\":[{\"@type\":\"ListItem\",\"position\":1,\"name\":\"Home\",\"item\":\"https:\\\/\\\/kibrisdakik.com\\\/\"},{\"@type\":\"ListItem\",\"position\":2,\"name\":\"Zelenskiy&#039;den ABD&#039;ye \u00e7a\u011fr\u0131: Ruslar yo\u011funla\u015ft\u0131 zor durumday\u0131z\"}]},{\"@type\":\"WebSite\",\"@id\":\"https:\\\/\\\/kibrisdakik.com\\\/#website\",\"url\":\"https:\\\/\\\/kibrisdakik.com\\\/\",\"name\":\"\",\"description\":\"Tam vaktinde haber\",\"potentialAction\":[{\"@type\":\"SearchAction\",\"target\":{\"@type\":\"EntryPoint\",\"urlTemplate\":\"https:\\\/\\\/kibrisdakik.com\\\/?s={search_term_string}\"},\"query-input\":{\"@type\":\"PropertyValueSpecification\",\"valueRequired\":true,\"valueName\":\"search_term_string\"}}],\"inLanguage\":\"tr\"},{\"@type\":\"Person\",\"@id\":\"https:\\\/\\\/kibrisdakik.com\\\/#\\\/schema\\\/person\\\/9cd9d437bbb44f72b73ba127e06d8e79\",\"name\":\"admin\",\"image\":{\"@type\":\"ImageObject\",\"inLanguage\":\"tr\",\"@id\":\"https:\\\/\\\/secure.gravatar.com\\\/avatar\\\/ccc17943b9d660506c869530f897617f7cb1c21a4bf30023f252596d83e1f007?s=96&d=mm&r=g\",\"url\":\"https:\\\/\\\/secure.gravatar.com\\\/avatar\\\/ccc17943b9d660506c869530f897617f7cb1c21a4bf30023f252596d83e1f007?s=96&d=mm&r=g\",\"contentUrl\":\"https:\\\/\\\/secure.gravatar.com\\\/avatar\\\/ccc17943b9d660506c869530f897617f7cb1c21a4bf30023f252596d83e1f007?s=96&d=mm&r=g\",\"caption\":\"admin\"},\"sameAs\":[\"https:\\\/\\\/kibrisdakik.com\"],\"url\":\"https:\\\/\\\/kibrisdakik.com\\\/?author=1\"}]}<\/script>\n<!-- \/ Yoast SEO plugin. -->","yoast_head_json":{"title":"Zelenskiy&#039;den ABD&#039;ye \u00e7a\u011fr\u0131: Ruslar yo\u011funla\u015ft\u0131 zor durumday\u0131z -","robots":{"index":"index","follow":"follow","max-snippet":"max-snippet:-1","max-image-preview":"max-image-preview:large","max-video-preview":"max-video-preview:-1"},"canonical":"https:\/\/kibrisdakik.com\/?p=30558","og_locale":"tr_TR","og_type":"article","og_title":"Zelenskiy&#039;den ABD&#039;ye \u00e7a\u011fr\u0131: Ruslar yo\u011funla\u015ft\u0131 zor durumday\u0131z -","og_description":"Ukrayna Devlet Ba\u015fkan\u0131 Volodymyr Zelenskiy, Ba\u015fkan Biden y\u00f6netiminin Ukrayna i\u00e7in planlad\u0131\u011f\u0131 yard\u0131m b\u00fct\u00e7esinin Kongre&#8217;nin Cumhuriyet\u00e7i kanad\u0131 taraf\u0131ndan geciktirilmesinin ard\u0131ndan a\u00e7\u0131klama yaparak yard\u0131mlar\u0131n aksamas\u0131 sebebiyle Rusya&#8217;ya kar\u015f\u0131 zor durumda olduklar\u0131n\u0131 s\u00f6yledi. Zelenskiy, ABD Kongresi&#8217;ne \u00fcst\u00fc kapal\u0131 mesaj g\u00f6ndererek, Rusya&#8217;n\u0131n Ukrayna&#8217;ya yard\u0131m ula\u015ft\u0131rmada gecikmelerden faydaland\u0131\u011f\u0131n\u0131 ve Moskova birliklerinin yo\u011funla\u015ft\u0131\u011f\u0131 b\u00f6lgelerdeki durumun &#8220;son derece zor&#8221; oldu\u011funu s\u00f6yledi. &#8220;SON","og_url":"https:\/\/kibrisdakik.com\/?p=30558","article_published_time":"2024-02-19T21:31:00+00:00","og_image":[{"width":848,"height":483,"url":"https:\/\/kibrisdakik.com\/wp-content\/uploads\/2024\/02\/zelenskiyden-abdye-cagri-ruslar-yogunlasti-zor-durumdayiz-17083782831922_1.jpg","type":"image\/jpeg"}],"author":"admin","twitter_card":"summary_large_image","twitter_misc":{"Yazan:":"admin","Tahmini okuma s\u00fcresi":"1 dakika"},"schema":{"@context":"https:\/\/schema.org","@graph":[{"@type":"Article","@id":"https:\/\/kibrisdakik.com\/?p=30558#article","isPartOf":{"@id":"https:\/\/kibrisdakik.com\/?p=30558"},"author":{"name":"admin","@id":"https:\/\/kibrisdakik.com\/#\/schema\/person\/9cd9d437bbb44f72b73ba127e06d8e79"},"headline":"Zelenskiy&#039;den ABD&#039;ye \u00e7a\u011fr\u0131: Ruslar yo\u011funla\u015ft\u0131 zor durumday\u0131z","datePublished":"2024-02-19T21:31:00+00:00","mainEntityOfPage":{"@id":"https:\/\/kibrisdakik.com\/?p=30558"},"wordCount":265,"commentCount":0,"image":{"@id":"https:\/\/kibrisdakik.com\/?p=30558#primaryimage"},"thumbnailUrl":"https:\/\/kibrisdakik.com\/wp-content\/uploads\/2024\/02\/zelenskiyden-abdye-cagri-ruslar-yogunlasti-zor-durumdayiz-17083782831922_1.jpg","articleSection":["G\u00fcndem"],"inLanguage":"tr","potentialAction":[{"@type":"CommentAction","name":"Comment","target":["https:\/\/kibrisdakik.com\/?p=30558#respond"]}]},{"@type":"WebPage","@id":"https:\/\/kibrisdakik.com\/?p=30558","url":"https:\/\/kibrisdakik.com\/?p=30558","name":"Zelenskiy&#039;den ABD&#039;ye \u00e7a\u011fr\u0131: Ruslar yo\u011funla\u015ft\u0131 zor durumday\u0131z -","isPartOf":{"@id":"https:\/\/kibrisdakik.com\/#website"},"primaryImageOfPage":{"@id":"https:\/\/kibrisdakik.com\/?p=30558#primaryimage"},"image":{"@id":"https:\/\/kibrisdakik.com\/?p=30558#primaryimage"},"thumbnailUrl":"https:\/\/kibrisdakik.com\/wp-content\/uploads\/2024\/02\/zelenskiyden-abdye-cagri-ruslar-yogunlasti-zor-durumdayiz-17083782831922_1.jpg","datePublished":"2024-02-19T21:31:00+00:00","author":{"@id":"https:\/\/kibrisdakik.com\/#\/schema\/person\/9cd9d437bbb44f72b73ba127e06d8e79"},"breadcrumb":{"@id":"https:\/\/kibrisdakik.com\/?p=30558#breadcrumb"},"inLanguage":"tr","potentialAction":[{"@type":"ReadAction","target":["https:\/\/kibrisdakik.com\/?p=30558"]}]},{"@type":"ImageObject","inLanguage":"tr","@id":"https:\/\/kibrisdakik.com\/?p=30558#primaryimage","url":"https:\/\/kibrisdakik.com\/wp-content\/uploads\/2024\/02\/zelenskiyden-abdye-cagri-ruslar-yogunlasti-zor-durumdayiz-17083782831922_1.jpg","contentUrl":"https:\/\/kibrisdakik.com\/wp-content\/uploads\/2024\/02\/zelenskiyden-abdye-cagri-ruslar-yogunlasti-zor-durumdayiz-17083782831922_1.jpg","width":848,"height":483},{"@type":"BreadcrumbList","@id":"https:\/\/kibrisdakik.com\/?p=30558#breadcrumb","itemListElement":[{"@type":"ListItem","position":1,"name":"Home","item":"https:\/\/kibrisdakik.com\/"},{"@type":"ListItem","position":2,"name":"Zelenskiy&#039;den ABD&#039;ye \u00e7a\u011fr\u0131: Ruslar yo\u011funla\u015ft\u0131 zor durumday\u0131z"}]},{"@type":"WebSite","@id":"https:\/\/kibrisdakik.com\/#website","url":"https:\/\/kibrisdakik.com\/","name":"","description":"Tam vaktinde haber","potentialAction":[{"@type":"SearchAction","target":{"@type":"EntryPoint","urlTemplate":"https:\/\/kibrisdakik.com\/?s={search_term_string}"},"query-input":{"@type":"PropertyValueSpecification","valueRequired":true,"valueName":"search_term_string"}}],"inLanguage":"tr"},{"@type":"Person","@id":"https:\/\/kibrisdakik.com\/#\/schema\/person\/9cd9d437bbb44f72b73ba127e06d8e79","name":"admin","image":{"@type":"ImageObject","inLanguage":"tr","@id":"https:\/\/secure.gravatar.com\/avatar\/ccc17943b9d660506c869530f897617f7cb1c21a4bf30023f252596d83e1f007?s=96&d=mm&r=g","url":"https:\/\/secure.gravatar.com\/avatar\/ccc17943b9d660506c869530f897617f7cb1c21a4bf30023f252596d83e1f007?s=96&d=mm&r=g","contentUrl":"https:\/\/secure.gravatar.com\/avatar\/ccc17943b9d660506c869530f897617f7cb1c21a4bf30023f252596d83e1f007?s=96&d=mm&r=g","caption":"admin"},"sameAs":["https:\/\/kibrisdakik.com"],"url":"https:\/\/kibrisdakik.com\/?author=1"}]}},"_links":{"self":[{"href":"https:\/\/kibrisdakik.com\/index.php?rest_route=\/wp\/v2\/posts\/30558","targetHints":{"allow":["GET"]}}],"collection":[{"href":"https:\/\/kibrisdakik.com\/index.php?rest_route=\/wp\/v2\/posts"}],"about":[{"href":"https:\/\/kibrisdakik.com\/index.php?rest_route=\/wp\/v2\/types\/post"}],"author":[{"embeddable":true,"href":"https:\/\/kibrisdakik.com\/index.php?rest_route=\/wp\/v2\/users\/1"}],"replies":[{"embeddable":true,"href":"https:\/\/kibrisdakik.com\/index.php?rest_route=%2Fwp%2Fv2%2Fcomments&post=30558"}],"version-history":[{"count":0,"href":"https:\/\/kibrisdakik.com\/index.php?rest_route=\/wp\/v2\/posts\/30558\/revisions"}],"wp:featuredmedia":[{"embeddable":true,"href":"https:\/\/kibrisdakik.com\/index.php?rest_route=\/wp\/v2\/media\/30559"}],"wp:attachment":[{"href":"https:\/\/kibrisdakik.com\/index.php?rest_route=%2Fwp%2Fv2%2Fmedia&parent=30558"}],"wp:term":[{"taxonomy":"category","embeddable":true,"href":"https:\/\/kibrisdakik.com\/index.php?rest_route=%2Fwp%2Fv2%2Fcategories&post=30558"},{"taxonomy":"post_tag","embeddable":true,"href":"https:\/\/kibrisdakik.com\/index.php?rest_route=%2Fwp%2Fv2%2Ftags&post=30558"}],"curies":[{"name":"wp","href":"https:\/\/api.w.org\/{rel}","templated":true}]}}