{"id":30564,"date":"2024-02-20T06:11:08","date_gmt":"2024-02-20T06:11:08","guid":{"rendered":"https:\/\/kibrisdakik.com\/index.php\/2024\/02\/20\/erzincandaki-maden-faciasinda-saniklar-konustu\/"},"modified":"2024-02-20T06:11:08","modified_gmt":"2024-02-20T06:11:08","slug":"erzincandaki-maden-faciasinda-saniklar-konustu","status":"publish","type":"post","link":"https:\/\/kibrisdakik.com\/?p=30564","title":{"rendered":"Erzincan&#039;daki maden facias\u0131nda san\u0131klar konu\u015ftu"},"content":{"rendered":"<p><\/p>\n<p>Erzincan&#8217;\u0131n \u0130li\u00e7 il\u00e7esindeki alt\u0131n madeni sahas\u0131ndaki facia sonras\u0131 tutuklanan 6 firma sorumlusunun ifadeleri ortaya \u00e7\u0131kt\u0131.<\/p>\n<p>Cumhuriyet Ba\u015fsavc\u0131l\u0131\u011f\u0131 taraf\u0131ndan g\u00f6revlendirilen 4 savc\u0131n\u0131n s\u00fcrd\u00fcrd\u00fc\u011f\u00fc soru\u015fturmada bug\u00fcne kadar 9 ki\u015fi g\u00f6zalt\u0131na al\u0131nd\u0131. Bu ki\u015filerden 6&#8217;s\u0131 &#8220;taksirle \u00f6l\u00fcm\u00fc ve yaralanmaya neden olmak&#8221; su\u00e7undan tutuklan\u0131rken, aralar\u0131nda \u015firketin&nbsp;T\u00fcrkiye&nbsp;m\u00fcd\u00fcr\u00fc C.D. ile A.R.K. ve M.T.A., adli kontrol ve yurt d\u0131\u015f\u0131 yasa\u011f\u0131yla serbest b\u0131rak\u0131ld\u0131.<\/p>\n<p>Soru\u015fturma \u00e7ok y\u00f6nl\u00fc devam ederken, tutuklanan Murat Bayraktar, \u015eenol Demir, Soysal Do\u011fan, Abdulkadir Cans\u0131z, H\u00fcseyin \u00dcst\u00fcnda\u011f ve Kanada uyruklu Jain Ronald Guille&#8217;nin ifadeleri ortaya \u00e7\u0131kt\u0131.<\/p>\n<p><img decoding=\"async\" alt=\"Erzincan'daki maden facias\u0131nda san\u0131klar konu\u015ftu: \u0130fadeler vahim hatalar\u0131 ortaya koydu, facia \u00f6nlenebilirdi - 1\" src=\"https:\/\/cdn1.ntv.com.tr\/gorsel\/afIeREeiU0aBa_12UF7TEA.jpg?width=960&amp;mode=crop&amp;scale=both\" \/><\/p>\n<p><strong>&#8220;KENAN \u00d6Z &#8216;YI\u011eIN L\u0130\u00c7 B\u00d6LGES\u0130NDE \u00c7ATLAKLAR&#8217; VAR DED\u0130&#8221;<\/strong><\/p>\n<p>Savc\u0131l\u0131ktaki ifadesinde sabah saatlerinde \u00e7atlaklar\u0131n foto\u011fraflar\u0131n\u0131n geldi\u011fini belirten oksit k\u0131r\u0131c\u0131 m\u00fchendisi olarak g\u00f6rev yapan \u015eenol Demir, ifadesinde \u015funlar\u0131 s\u00f6yledi;<\/p>\n<p>&#8220;Yan\u0131mdaki arkada\u015f\u0131mla beraber y\u0131\u011fma li\u00e7 b\u00f6lgesine \u00e7\u0131kt\u0131k. Buradan online toplant\u0131ya kat\u0131ld\u0131k. Toplant\u0131da i\u015f g\u00fcvenli\u011fi anlam\u0131nda s\u0131k\u0131nt\u0131 olup olmad\u0131\u011f\u0131 soruldu. Y\u0131\u011f\u0131n li\u00e7 k\u0131demli s\u00fcpervis\u00f6r\u00fc Kenan \u00d6z &#8216;Y\u0131\u011f\u0131n li\u00e7 b\u00f6lgesinde \u00e7atlaklar&#8217; var diyerek bak\u0131lmas\u0131n\u0131 s\u00f6yledi. Daha sonra toplant\u0131 sonland\u0131r\u0131ld\u0131. Murat Bayraktar y\u0131\u011f\u0131n li\u00e7 b\u00f6lgesine geldi. Jeofizik Departman\u0131na i\u015f sa\u011fl\u0131\u011f\u0131 ve g\u00fcvenli\u011fi sorumlu personeline \u00e7atlaklar ile ilgili bilgi verilerek sahaya gelmesi istendi.<\/p>\n<p><img decoding=\"async\" alt=\"Erzincan'daki maden facias\u0131nda san\u0131klar konu\u015ftu: \u0130fadeler vahim hatalar\u0131 ortaya koydu, facia \u00f6nlenebilirdi - 2\" src=\"https:\/\/cdn1.ntv.com.tr\/gorsel\/BbQN6dhGA0i3TOg11dNVmQ.jpg?width=960&amp;mode=crop&amp;scale=both\" \/><\/p>\n<p><strong>&#8220;\u00c7ATLAKLARI \u0130NCELED\u0130K&#8221;<\/strong><\/p>\n<p>Toplu bir \u015fekilde \u00e7atlaklar incelendi. Bu s\u0131rada ben y\u0131\u011f\u0131n li\u00e7 alan\u0131ndan ayr\u0131larak ofisler b\u00f6lgesine ge\u00e7tim. Ofis b\u00f6lgesinde ben Anagold G\u00fcvenlik M\u00fcd\u00fcr\u00fc Hakan \u015eahin, finans departman\u0131ndan Serkan K\u00f6se ve Mehmet Sar\u0131ta\u015f ile beraber Anagold&#8217;un ay ba\u015f\u0131ndan planlad\u0131\u011f\u0131 denetleme \u00fczere y\u0131\u011f\u0131n li\u00e7 b\u00f6lgesine gittik. Denetlemenin yar\u0131s\u0131nda Kaan Murat Akpolat ve ekibi ile kar\u015f\u0131la\u015ft\u0131k. Kaan Murat bizlere hitaben sahay\u0131 bo\u015falt\u0131yoruz. Bana da ayr\u0131ca &#8216;bilgilendirme maili atar m\u0131s\u0131n&#8217; dedi. \u0130dari ofisler b\u00f6lgesine giderek maili haz\u0131rlad\u0131m ve &#8216;ikinci bir bildirime kadar y\u0131\u011f\u0131n li\u00e7 b\u00f6lgesine giri\u015fler kapat\u0131lm\u0131\u015ft\u0131r&#8217; diyerek maili hat\u0131rlad\u0131\u011f\u0131m kadar\u0131yla i\u015f g\u00fcvenli\u011fi grubuna, bak\u0131m grubuna, s\u00fclfit operasyon, oksit operasyon, \u0130li\u00e7 white gruplar\u0131na 10.50&#8217;de g\u00f6nderdim.<\/p>\n<p><strong>&#8220;MA\u0130L ATTIM \u0130\u015e\u0130ME D\u00d6ND\u00dcM&#8221;<\/strong><\/p>\n<p>Rutin i\u015flerime geri d\u00f6nd\u00fcm. 14.28&#8217;de ofisteydim, deprem oldu\u011funu d\u00fc\u015f\u00fcnerek d\u0131\u015far\u0131 \u00e7\u0131kt\u0131m. D\u0131\u015far\u0131 \u00e7\u0131kt\u0131\u011f\u0131mda da y\u0131\u011f\u0131n li\u00e7in kaym\u0131\u015f y\u0131k\u0131lm\u0131\u015f oldu\u011funu g\u00f6rd\u00fcm. Hemen apar topar olay\u0131n oldu\u011fu y\u0131\u011f\u0131n li\u00e7 k\u0131r\u0131c\u0131 b\u00f6lgesine gittim. Gitmemdeki ama\u00e7 personelleri veya yard\u0131ma muhta\u00e7 olan varsa yard\u0131m etmekti. Y\u0131\u011f\u0131n li\u00e7 b\u00f6lgesine giden yolda yolun \u00e7atalla\u015fan k\u0131sm\u0131nda g\u00fcvenlikler taraf\u0131ndan durduruldum. Burada personelleri tek tek arad\u0131m. 8 ki\u015fiye ula\u015famad\u0131m.&#8221;&nbsp;<\/p>\n<p><strong>&#8220;OLAYIN OLDU\u011eU G\u00dcN \u00d6NCES\u0130NE KADAR TEDB\u0130R ALINMADI&#8221;<\/strong><\/p>\n<p>Bahse konu i\u015f kazas\u0131 hakk\u0131nda ayn\u0131 g\u00fcn saat 10.50&#8217;de Anagold personellerine talep \u00fczerine mail yolu ile bildirdim yapt\u0131\u011f\u0131n\u0131 belirten \u015eenol Demir, ifadesine \u015f\u00f6yle devam etti;<\/p>\n<p>&#8220;Konuyu daha \u00f6nceden bilmiyordum. Ayn\u0131 g\u00fcn\u00fcn sabah\u0131 Whatsapp grubundan gelen mesaj ile \u00f6\u011frendim. G\u00fcvenlik tedbiri almak benim g\u00f6revim de\u011fildir. Ancak her ihtimale kar\u015f\u0131 bildirilmesi istenen giri\u015flerin kapat\u0131lmas\u0131 hususunu mail yolu bildirdim.<\/p>\n<p><img decoding=\"async\" alt=\"Erzincan'daki maden facias\u0131nda san\u0131klar konu\u015ftu: \u0130fadeler vahim hatalar\u0131 ortaya koydu, facia \u00f6nlenebilirdi - 3\" src=\"https:\/\/cdn1.ntv.com.tr\/gorsel\/leIXNQ5l_0if7Z7ucdPAjw.jpg?width=960&amp;mode=crop&amp;scale=both\" \/><\/p>\n<p><strong>&#8220;TEDB\u0130R ALINMADI&#8221;<\/strong><\/p>\n<p>Bununla ilgili olay\u0131n oldu\u011fu g\u00fcn \u00f6ncesine kadar tedbir al\u0131nmad\u0131. Bununla ilgili bilgimiz yoktu. Yar\u0131lma\/ \u00e7atlama durumu s\u00f6z konusu de\u011fildi. Ben en son y\u0131\u011f\u0131n li\u00e7 b\u00f6lgesine 11.02.2024 Pazartesi g\u00fcn\u00fc \u00f6\u011fleden sonra gitmi\u015ftim. Y\u0131\u011f\u0131n li\u00e7 b\u00f6lgesinde sorun yoktu. Ben kabahatin y\u0131\u011f\u0131n li\u00e7in dizayn, yani y\u0131\u011f\u0131n\u0131 yapan \u015firkette oldu\u011funu d\u00fc\u015f\u00fcn\u00fcyorum. Maden i\u00e7erisinde bulunan y\u0131\u011f\u0131n li\u00e7 b\u00f6lgesinin faz\/ alan geni\u015fletmesi i\u00e7in yap\u0131lan patlatmalarda etkili olabilece\u011fini d\u00fc\u015f\u00fcn\u00fcyorum. 13.02.2024 g\u00fcn\u00fc Anagold Maden sahas\u0131nda patlama yap\u0131ld\u0131. Her g\u00fcn saat 12.00 ile 12.30 aras\u0131nda patlatma yap\u0131lmaktad\u0131r. Ancak olay\u0131n oldu\u011fu 13.02.2024 g\u00fcn\u00fc patlatma, olay\u0131n oldu\u011fu yere 500 metrelik alandan daha uzakt\u0131r. Maden sahas\u0131 bo\u015falt\u0131lmad\u0131, bilgim yoktur. Bo\u015falt\u0131lmas\u0131 yetkisi de bende yoktur. Kimse b\u00f6yle bir \u015fey olmas\u0131n\u0131 istemez. \u00dczerime at\u0131l\u0131 su\u00e7lamalar\u0131 kabul etmiyorum.&#8221;<\/p>\n<p><strong>&#8220;HAREKETLENMEYE BA\u015eLADI\u011eINI FARK ETT\u0130M, KO\u015eARAK UZAKLA\u015eTIM&#8221;<\/strong><\/p>\n<p>Facian\u0131n meydana geldi\u011fi g\u00fcn&nbsp;yap\u0131lmas\u0131 gereken i\u015fleri ve g\u00f6revlerini yapt\u0131klar\u0131n\u0131 s\u00f6yleyen Soysal Do\u011fan ise ifadesinde \u015funlar\u0131 s\u00f6yledi:<\/p>\n<p>&#8220;Y\u0131\u011f\u0131n li\u00e7 sahas\u0131nda bulunan kendi konteynerlerimize gittim. G\u00fcnl\u00fck rutin olan saha kontrollerimizi yapt\u0131m. Sahada \u00e7al\u0131\u015fan \u0130shak Demir, \u0130sa Ta\u015fdelen ve y\u0131\u011f\u0131n li\u00e7 ekip liderlerinden Kenan \u00d6z beni cep telefonundan arad\u0131 ve &#8216;sahada \u00e7atlak oldu\u011funu ara\u00e7 ile beni alaca\u011f\u0131n\u0131&#8217; s\u00f6yledi. Saat 08.20 s\u0131ralar\u0131nda, Kenan \u00d6z ile beraber olay\u0131n meydana geldi\u011fi sahaya \u00e7\u0131kt\u0131k. M\u00fchendisimiz Kaan Murat Akpolat, Murat Bayraktar, \u0130SG M\u00fchendisi Gizem Gazc\u0131, \u00c7evre M\u00fchendisi Can Serdar Hast\u00fcrk, Jeoloji M\u00fchendisi Ali R\u0131za Kalender de olaya konu sahaya saat 09.00 s\u0131ralar\u0131nda geldiler. \u0130ncelemeleri sonras\u0131 sahada bulunan YEST\u0130 firmas\u0131 ve M\u00fcrekkep\u00e7iler firmas\u0131 sahadan \u00e7\u0131kar\u0131ld\u0131, \u00e7al\u0131\u015fmas\u0131 durduruldu. Arkada\u015flar\u0131mla lift 20 noktas\u0131na kontrol i\u00e7in g\u00f6revlendirdim, kendim de yaln\u0131z olarak lift 33 b\u00f6lgesine gittim, aram\u0131zdaki mesafe yakla\u015f\u0131k 30 metredir.<\/p>\n<p><img decoding=\"async\" alt=\"Erzincan'daki maden facias\u0131nda san\u0131klar konu\u015ftu: \u0130fadeler vahim hatalar\u0131 ortaya koydu, facia \u00f6nlenebilirdi - 4\" src=\"https:\/\/cdn1.ntv.com.tr\/gorsel\/iQlZoq7rpEqLSp-7H2jU9Q.jpg?width=960&amp;mode=crop&amp;scale=both\" \/><\/p>\n<p><strong>&#8220;ALAN HAREKETLEN\u0130NCE KA\u00c7TIM&#8221;<\/strong><\/p>\n<p>\u00c7atlaklar\u0131 kontrol ederken alan\u0131n hareketlenmeye ba\u015flad\u0131\u011f\u0131n\u0131 fark ettim ve alandan ko\u015farak uzakla\u015ft\u0131m. Alan komple kaymaya ba\u015flad\u0131, kendim g\u00fcvenli bir alana gittim. Kendi konteylerimize bakt\u0131\u011f\u0131mda hi\u00e7bir \u015fey g\u00f6remedim ve derhal g\u00fcvenlik birimimizi arad\u0131m.&#8221;<\/p>\n<p><strong>&#8220;DO\u011eU B\u00d6LGES\u0130NDE 2 RADAR VE 2 ROBOT\u0130K MAK\u0130NE EKS\u0130KT\u0130&#8221;<\/strong><\/p>\n<p>\u015eirkette Oksitproses M\u00fcd\u00fcr\u00fc olarak g\u00f6rev yapan H\u00fcseyin \u00dcst\u00fcnda\u011f, ifadesinde \u015funlar\u0131 kaydetti;<\/p>\n<p>&#8220;Anagold Maden \u015firketinde Okitproses M\u00fcd\u00fcr\u00fc olarak yakla\u015f\u0131k 5 ayd\u0131r g\u00f6rev yap\u0131yorum. Ayn\u0131 zamanda 15 y\u0131ld\u0131r maden m\u00fchendisiyim. Li\u00e7 b\u00f6lgesindeki projelendirme yurt d\u0131\u015f\u0131 kaynakl\u0131 firma olan GRE isimli \u015firkete aitti. Bu \u015firket projelendirmeyi yapt\u0131 ve bizim \u015firket b\u00fcnyesindeki proje ofisine uygulamas\u0131 b\u0131rak\u0131ld\u0131. \u015eirket b\u00fcnyesindeki projeye g\u00f6re 36 kata kadar y\u00fckleme yap\u0131lmas\u0131nda bir s\u0131k\u0131nt\u0131 yoktu. Biz daha 33\u2019\u00fcnc\u00fc kattayd\u0131k. Ben li\u00e7 b\u00f6lgesinde k\u0131r\u0131lm\u0131\u015f malzemenin serilmesi ve sulama i\u015flerini yap\u0131yorum. Benim alt\u0131mda ba\u015fm\u00fchendis Murat Bayraktar \u00e7al\u0131\u015fmaktad\u0131r. Ben olmad\u0131\u011f\u0131m zaman vekil olarak yerime Murat Bayraktar bak\u0131yordu. Olay\u0131n meydana geldi\u011fi li\u00e7 2010 y\u0131l\u0131ndan itibaren yap\u0131lmaya ba\u015flanan li\u00e7ti. Bu b\u00f6lgedeki ana y\u00f6nlendirmeyi Anagold\u2019un m\u00fchendisleri yapmaktad\u0131r. Ancak b\u00f6lgede \u00e7al\u0131\u015fanlar ta\u015feron firman\u0131n i\u015f\u00e7ileri olabilmektedir. Radar i\u015fletme k\u0131sm\u0131 her pazartesi raporlar\u0131n\u0131 bizle payla\u015f\u0131rd\u0131. Bu k\u0131sm\u0131n amiri Mehmet T\u00fcrk\u2019t\u00fcr. Ancak radara bakan ki\u015fi Ali R\u0131za Kalender\u2019dir. Li\u00e7 projesine gerek kaplan\u0131lan alan gerekse de y\u00fckseklik olarak uyulmu\u015ftur.<\/p>\n<p><strong>&#8220;2 RADAR EKS\u0130KT\u0130&#8221;<\/strong><\/p>\n<p>Fazla y\u00fckleme yap\u0131lmam\u0131\u015ft\u0131r. Do\u011fu b\u00f6lgesinde 2 radar ve 2 robotik makine eksikti. Bunun i\u00e7in a\u00e7\u0131k i\u015fleme birimi b\u00fct\u00e7esinde yer ayr\u0131ld\u0131. Ancak olay oldu\u011fu tarihte bu b\u00f6lgede hen\u00fcz cihazlar al\u0131nmam\u0131\u015ft\u0131. Serme i\u015fleminde serilen toprak i\u00e7erisine \u00e7imento ve kire\u00e7 eklenmektedir. Bunun azalt\u0131lmas\u0131 yahut \u00e7o\u011falt\u0131lmas\u0131 analize g\u00f6nderdi\u011fimiz \u015firket i\u00e7erisindeki teknik birim ve d\u0131\u015f\u0131nda analizi yapan firmaya aitti. Oradan gelen talimatlar do\u011frultusunda miktar\u0131 azaltma veya \u00e7o\u011faltma yapabiliyorduk. Biz kendi b\u00fcnyemizde bunun karar\u0131n\u0131 veren ki\u015fi de\u011fildik. Bu olay\u0131n oldu\u011fu g\u00fcn \u0130stanbul\u2019a ara\u00e7 almak i\u00e7in gitmi\u015ftim. Olay olduktan sonra duyar duymaz h\u0131zl\u0131 bir \u015fekilde olay yerine intikal ettim. G\u00f6reve ba\u015flad\u0131\u011f\u0131m ilk d\u00f6nemde li\u00e7 b\u00f6lgesinde bir a\u00e7\u0131lma olmu\u015ftu ancak bu radarla tespit edilmeyecek kadar az bir aland\u0131. Buray\u0131 \u00e7ak\u0131lla jeoteknik birimin verdi\u011fi bilgi do\u011frultusunda kapatt\u0131k. Herhangi bir s\u0131k\u0131nt\u0131 olmad\u0131.&#8221;<\/p>\n<p><strong>&#8220;ALAN GEN\u0130\u015eLEMES\u0130 \u0130\u00c7\u0130N PATLATMA YAPILIYORDU&#8221;<\/strong><\/p>\n<p>Oksit b\u00f6l\u00fcm\u00fc ba\u015fm\u00fchendisi Murat Bayraktar, ifadesinde \u015funlar\u0131 anlatt\u0131:<\/p>\n<p>&#8220;Ben oksit b\u00f6l\u00fcm\u00fc ba\u015fm\u00fchendisi olarak g\u00f6rev yap\u0131yorum. 2023 y\u0131l\u0131nda li\u00e7 b\u00f6lgesindeki g\u00f6revime ba\u015flad\u0131m. Onun \u00f6ncesinde Anagold \u015firketinde 2010 y\u0131l\u0131nda k\u0131r\u0131c\u0131 ve y\u0131\u011f\u0131n li\u00e7i k\u0131sm\u0131nda s\u00fcpervisor olarak ba\u015flad\u0131m. Ben 2010 y\u0131l\u0131ndan bu yana k\u0131rma eleme ve y\u0131\u011f\u0131n li\u00e7ini d\u00f6k\u00fcm i\u015finde \u00e7al\u0131\u015f\u0131yorum. Borulama ayr\u0131 bir birime aitti. Borulama i\u015fi oksit b\u00f6l\u00fcm\u00fc i\u00e7erisinde ayr\u0131 bir birimdi. Li\u00e7 b\u00f6lgesi benim g\u00f6reve ba\u015flad\u0131\u011f\u0131m d\u00f6nemde olu\u015fmaya ba\u015fl\u0131yordu. 2020 y\u0131l\u0131ndan 2020 y\u0131l\u0131na kadar maden m\u00fchendisi olan \u015firket m\u00fcd\u00fcrlerimizce nereye ne miktarda d\u00f6kece\u011fimiz s\u00f6yleniyordu. Bu d\u00f6nemde ayr\u0131ca d\u0131\u015fardan destek de al\u0131yorduk. Ancak 2020 y\u0131l\u0131ndan itibaren GRS \u015firketiyle dan\u0131\u015fmanl\u0131k konusunda anla\u015f\u0131ld\u0131. O tarihten itibaren nereye ne d\u00f6kece\u011fimizi bu \u015firket \u00e7iziyordu. Bizim Anagold birimi i\u00e7indeki proje birimi bu \u015firketle birlikte y\u0131\u011f\u0131n li\u00e7 i\u015finde bizi y\u00f6nlendiriyordu. Oradan gelen talimatlar do\u011frultusunda nereye ne kadar d\u00f6kece\u011fimizi dizayna uygun belirliyorduk. Li\u00e7 b\u00f6lgesinde mebran i\u015fini Yesti firmas\u0131 yapmakta, in\u015faat i\u015flerini ise \u00c7iftay \u015firketi yapmaktad\u0131r. \u00c7iftay \u015firketi kamyonla malzeme ta\u015f\u0131nmas\u0131, delme patlatma i\u015flerini yapmaktad\u0131r.<\/p>\n<p><strong>&#8220;SAAT 12 G\u0130B\u0130 PATLAMA YAPILDI&#8221;<\/strong><\/p>\n<p>O g\u00fcn de 12.00 gibi patlama yap\u0131ld\u0131. M\u00fcrekkep\u00e7i isimli firma da ayn\u0131 \u00c7iftay gibi in\u015faat ve kaba hafriyat i\u015flerini li\u00e7 b\u00f6lgesinde yapmaktad\u0131r. Ancak projeye uygun y\u00f6nlendirmeyi Anagold \u015firketi proje birimi yapmaktad\u0131r. Her basamak 8 metreden olu\u015fturulmakta projeye g\u00f6re 36\u2019nc\u0131 basama\u011fa kadar \u00e7\u0131kma yetkimiz vard\u0131. Biz 33\u2019\u00fcnc\u00fc basamaktayken bu olay meydana geldi. Li\u00e7 i\u00e7erisine kat\u0131lacak \u00e7imento 16, kire\u00e7 2-4 kilogram aras\u0131nda de\u011fi\u015fmektedir. Kireci PH i\u00e7in kullanmaktay\u0131z. \u00c7imentoyu ise ba\u011flay\u0131c\u0131l\u0131k \u00f6zelli\u011fi nedeniyle kullanmaktay\u0131z. Son zamanlarda ton ba\u015f\u0131na 16 kilogram \u015feklinde kar\u0131\u015f\u0131m yapard\u0131k. Kar\u0131\u015f\u0131m\u0131 denetleyen ki\u015fi k\u0131r\u0131c\u0131 m\u00fchendisimiz \u015eenol Demir\u2019dir. Bu kar\u0131\u015f\u0131m yap\u0131larak b\u00fcy\u00fctme yap\u0131l\u0131r. D\u00f6kt\u00fc\u011f\u00fcm\u00fcz li\u00e7, topak topak hale getirilir ayn\u0131 zamanda bu d\u00f6k\u00fclen malzeme teste gider. Herhangi bir eksiklik oldu\u011funda \u00e7imento ve su kar\u0131\u015f\u0131m\u0131yla bu eksiklik giderilir. Olay\u0131n meydana geldi\u011fi g\u00fcn saat 08.30\u2019da i\u015f g\u00fcvenli\u011fiyle ilgili rutin yapt\u0131\u011f\u0131m\u0131z toplant\u0131y\u0131 yapmak \u00fczere topland\u0131k. Y\u0131\u011f\u0131n i\u00e7in k\u0131demli s\u00fcpervisorumuz Kenan \u00d6z bize \u00e7atlaklar oldu\u011funu s\u00f6yledi.<\/p>\n<p><strong>&#8220;B\u0130ZE \u00c7ATLAKLAR OLDU\u011eU S\u00d6YLEND\u0130&#8221;<\/strong><\/p>\n<p>Ben direkt toplant\u0131y\u0131 b\u0131rakarak sahaya \u00e7\u0131kt\u0131m. \u00c7\u0131kmadan \u00f6nce de Abdulkadir Cans\u0131z Bey&#8217;e konu hakk\u0131nda bilgi verdim. Ben \u00e7\u0131kt\u0131\u011f\u0131mda yukar\u0131da Kenan \u00d6z, Ramazan \u00c7imen, Kaan Murat Akpolat ve Yesti firmas\u0131n\u0131n \u00e7al\u0131\u015fanlar\u0131 yakla\u015f\u0131k 25 ki\u015fi ve M\u00fcrekkep\u00e7i firmas\u0131 \u00e7al\u0131\u015fanlar\u0131ndan bir k\u0131s\u0131m \u00e7al\u0131\u015fan vard\u0131. Yine proje departman\u0131ndan \u0130sak Aslan vard\u0131. Biz alanda \u00f6nce \u00e7atlaklar\u0131n oldu\u011fu yeri gezdik. \u00c7atlaklar \u00e7izgi hat boyu \u015feklindeydi. G\u00fcneybat\u0131dan kuzeydo\u011fuya s\u00fcreklilik arz ediyordu. Jeoteknik Berkay M\u0131s\u0131r ile g\u00f6r\u00fc\u015fme yapt\u0131k.<\/p>\n<p><strong>&#8220;TEHL\u0130KEL\u0130 KAYMA G\u00d6R\u00dcLD\u00dc&#8221;<\/strong><\/p>\n<p>Kendisi 70 milim kayma oldu\u011funu s\u00f6yledi. Bu kayma miktar\u0131 tehlikeli bir miktard\u0131r. B\u00fct\u00fcn \u00e7al\u0131\u015fanlar\u0131n alan\u0131 terk etmesi i\u00e7in s\u00fcratli bir \u015fekilde ba\u011f\u0131rarak uyar\u0131da bulundum. Ellerinde ne malzeme varsa b\u0131rak\u0131p \u00e7\u0131kmalar\u0131n\u0131 s\u00f6yledim. Onlar alan\u0131 terk edene kadar ben alan\u0131 terk etmedim. Biz alan\u0131 tamamen bo\u015faltt\u0131k. Saat 10.00\u2019da toplant\u0131ya kat\u0131lmak i\u00e7in oradan ayr\u0131ld\u0131m. 10.30\u2019da li\u00e7 b\u00f6lgesine gittik yollar\u0131n hepsini kapatt\u0131rd\u0131m. Sonra li\u00e7 b\u00f6lgesine gittik. Biz gidene kadar sol\u00fcsyon devam ediyordu. Gider gitmez t\u00fcm yollar\u0131 kapatt\u0131k, \u00e7al\u0131\u015fmay\u0131 bitirdik. Alan\u0131 tamamen bo\u015faltt\u0131k.<\/p>\n<p><strong>&#8220;3 YABANCI \u015eAHIS VARDI&#8221;<\/strong><\/p>\n<p>Ancak \u015firket b\u00fcnyesinde \u00e7al\u0131\u015fan \u00fcst d\u00fczey y\u00f6netici oldu\u011funu d\u00fc\u015f\u00fcnd\u00fc\u011f\u00fcm 3 yabanc\u0131 \u015fah\u0131s vard\u0131. Bu ki\u015filer li\u00e7 alan\u0131n\u0131 g\u00f6rmek istiyorlard\u0131. Bizim dubalarla yolu kapatt\u0131\u011f\u0131m\u0131z g\u00f6r\u00fcnce Soysal Bey, engel olmaya \u00e7al\u0131\u015f\u0131yordu. Kaan Murat Akpolat\u2019\u0131 ar\u0131yor. Kaan Murat Bey m\u00fcsaade verince 3 arabayla li\u00e7 b\u00f6lgesine giriyorlar. O araban\u0131n birisinde Adnan Keklik, ikisinde Elif Han\u0131m ile Kaan Murat Bey, \u00fc\u00e7\u00fcnc\u00fc ara\u00e7ta ise 3 yabanc\u0131 \u015fah\u0131s bulunuyormu\u015f. Kesinlikle bu ki\u015filerin alana girmesinde bilgim olmam\u0131\u015ft\u0131r. 3 yabanc\u0131 \u015fah\u0131s, Elif Han\u0131m ve Kaan Murat Bey li\u00e7 b\u00f6lgesinin \u00fcst k\u0131sm\u0131na \u00e7\u0131k\u0131yorlar.<\/p>\n<p><strong>&#8220;PATLAMA TET\u0130KLEM\u0130\u015eT\u0130R&#8221;<\/strong><\/p>\n<p>Ancak Adnan Keklik alt orta k\u0131s\u0131mdan geri d\u00f6n\u00fcyor. 14.28\u2019de tam d\u00f6nerken olay meydana geliyor. Kenan \u00d6z ve Ramazan \u00c7imen de ayr\u0131 arabayla yine onlarla b\u00f6lgeye girmi\u015fler. Benim bunlardan haberim yok. Bu alan\u0131n y\u0131k\u0131lmas\u0131na sebep olarak ilk akl\u0131ma gelen sebep dizayn\u0131nda bir sorun olmu\u015f olabilir. Ben projelendirmede s\u0131k\u0131nt\u0131 oldu\u011funu d\u00fc\u015f\u00fcn\u00fcyorum. Ayr\u0131ca patlaman\u0131n da bu olay\u0131 tetiklemi\u015f olabilece\u011fini d\u00fc\u015f\u00fcn\u00fcyorum. \u00c7\u00fcnk\u00fc hibli\u00e7 alan\u0131n\u0131n geni\u015fletilmesi i\u00e7in de hibli\u00e7in arka taraf\u0131ndan patlamalar yap\u0131l\u0131yordu. Bunun da bu olaya sebep olabilece\u011fini d\u00fc\u015f\u00fcn\u00fcyorum&#8221; dedi.<\/p>\n<p><img decoding=\"async\" alt=\"Erzincan'daki maden facias\u0131nda san\u0131klar konu\u015ftu: \u0130fadeler vahim hatalar\u0131 ortaya koydu, facia \u00f6nlenebilirdi - 5\" src=\"https:\/\/cdn1.ntv.com.tr\/gorsel\/GBF6nXX1VkqjzdZtFJi8gA.jpg?width=960&amp;mode=crop&amp;scale=both\" \/><\/p>\n<p><strong>&#8220;EN B\u00dcY\u00dcK \u00c7ATLAK 6 SANT\u0130M B\u00dcY\u00dcKL\u00dc\u011e\u00dcNDEYD\u0130&#8221;<\/strong><\/p>\n<p>Mahkemede terc\u00fcman e\u015fli\u011finde ifade veren Kanadal\u0131 Jain Ronald Gulle, &#8220;Ben Kanada vatanda\u015f\u0131y\u0131m. Maden sahas\u0131nda yap\u0131lan i\u015flemlerin g\u00f6zlemlenmesi ve raporlanmas\u0131ndan sorumluyum. Madenden as\u0131l sorumlu ki\u015fi operasyon direkt\u00f6r\u00fc olarak g\u00f6rev yapan Kenan \u00d6zdemir olmad\u0131\u011f\u0131 i\u00e7in Abdullah Cans\u0131z\u2019d\u0131r. Oksidasyon b\u00f6l\u00fcm sorumlusu ise Murat Bayraktar\u2019d\u0131r. Benim g\u00f6revim maden sahas\u0131n\u0131 g\u00f6zlemleyerek \u015firket merkezindeki \u00fclke m\u00fcd\u00fcr\u00fcne raporlama yapmakt\u0131r. Murat Bayraktar\u2019dan ald\u0131\u011f\u0131m bilgileri \u015firket merkezindeki \u00fclke sorumlusuna aktarmaktay\u0131m. 18 y\u0131ld\u0131r \u015firkette \u00e7al\u0131\u015fmaktay\u0131m. Li\u00e7 b\u00f6lgesinde benim herhangi bir g\u00f6revim yok. Ben olay g\u00fcn\u00fc li\u00e7 b\u00f6lgesine Murat Bayraktar ile giden ki\u015filerdenim.<\/p>\n<p><strong>&#8220;AMER\u0130KA&#8217;YA B\u0130LD\u0130RD\u0130M&#8221;<\/strong><\/p>\n<p>Oradaki \u00e7atlaklar\u0131 g\u00f6rd\u00fck ard\u0131ndan bunu da bildirmek i\u00e7in Anagold madendeki odama gittim. Amerika\u2019daki merkeze bu durumu saat 11.00\u2019de bildirdim. Saat fark\u0131ndan dolay\u0131 gece 02.00 olmas\u0131 nedeniyle taraf\u0131ma herhangi bir d\u00f6n\u00fc\u015f yap\u0131lmad\u0131.<\/p>\n<p><strong>&#8220;8 METRE OLMASI GEREKEN Y\u00dcKSEKL\u0130K A\u015eILMI\u015eTI&#8221;<\/strong><\/p>\n<p>Bana 2022 y\u0131l\u0131 A\u011fustos ay\u0131nda 8 metre olmas\u0131 gereken y\u00fcksekli\u011fin ge\u00e7ildi\u011fi bildirildi. Ben ba\u015flamadan \u00f6nce s\u00f6z konusu raporlama yap\u0131lm\u0131\u015ft\u0131. Hatta gereken seviyeye indirilmesi i\u00e7in rapor d\u00fczenlenmi\u015fti. Projeye uygun hale gelmesini raporlad\u0131m. Zaten li\u00e7 b\u00f6lgesinde d\u00fczenli olarak firmalar denetim yap\u0131yordu. Olay g\u00fcn\u00fc sahaya \u00e7\u0131kt\u0131\u011f\u0131mda k\u00fc\u00e7\u00fck \u00e7atlaklar g\u00f6rd\u00fck. En b\u00fcy\u00fck \u00e7atlak 6 santim b\u00fcy\u00fckl\u00fc\u011f\u00fcndeydi. Daha iyi g\u00f6rebilmek i\u00e7in y\u00fcksek bir noktaya \u00e7\u0131kt\u0131k. Sol\u00fcsyon verilmeye devam ediliyordu. Tehlike anla\u015f\u0131ld\u0131\u011f\u0131ndan sol\u00fcsyonun farkl\u0131 noktalara aktar\u0131lmas\u0131n\u0131 s\u00f6yledim. \u00dczerime at\u0131l\u0131 su\u00e7lamay\u0131 kabul etmiyorum. Ayr\u0131ca kalp rahats\u0131zl\u0131\u011f\u0131m var. Kalp krizine sebep olan Angina isimli hastal\u0131\u011f\u0131m var. \u0130la\u00e7 kullan\u0131yorum. Kanada hastanesinden al\u0131nm\u0131\u015f belgelerim var. Tutuklanma talebimi reddediyorum. Herhangi bir kusurum olmad\u0131\u011f\u0131 i\u00e7in adli kontrol uygulamas\u0131n\u0131 da kabul etmiyorum. Ancak mahkeme aksi kanaatte ise adli kontrol h\u00fck\u00fcmlerinin uygulanmas\u0131n\u0131 talep ediyorum&#8221; diye konu\u015ftu.<\/p>\n<p><strong>&#8220;L\u0130\u00c7 B\u00d6LGES\u0130N\u0130N GEN\u0130\u015eLEMES\u0130 \u0130\u00c7\u0130N YAPILAN PATLAMALARA \u0130L\u0130\u015eK\u0130N B\u0130LG\u0130M YOKTUR&#8221;<\/strong><\/p>\n<p>Mahkemede, 2018 Haziran ay\u0131ndan beri Anagold \u00c7\u00f6pler Madeninde Bak\u0131m M\u00fcd\u00fcr\u00fc olarak g\u00f6rev yapt\u0131\u011f\u0131n\u0131 anlatan Abdulkadir Cans\u0131z, &#8220;\u00c7al\u0131\u015fma alan\u0131m oksit ve tesis ekipmanlar\u0131n\u0131n bulundu\u011fu yer. ADR ve sart k\u0131s\u0131mlar\u0131yla bir de s\u00fclfit tesisinin bak\u0131mlar\u0131n\u0131 yapan ki\u015fiyim. Li\u00e7 b\u00f6lgesinde benim herhangi bir g\u00f6revim bulunmamaktad\u0131r. Ben 5 \u015eubat\u2019tan itibaren s\u0131n\u0131rl\u0131 \u015fekilde bak\u0131yordum. Operasyonlar direkt\u00f6rdeydi. Oksit b\u00f6l\u00fcm\u00fc li\u00e7 b\u00f6l\u00fcm\u00fc k\u0131rma b\u00f6l\u00fcm\u00fc hepsi ona ba\u011fl\u0131yd\u0131. O olmad\u0131\u011f\u0131 i\u00e7in toplant\u0131lar\u0131na ben vekalet ediyordum. Olay sabah\u0131 oksitten sorumlu ba\u015fm\u00fchendis olan ayn\u0131 zamanda da li\u00e7ten sorumlu olan bana gelerek \u00e7atlaklar konusunda bilgi verdi. Ben de saat 10.00 toplant\u0131s\u0131nda bunun aktar\u0131lmas\u0131 i\u00e7in s\u00f6yledim. Bu toplant\u0131ya o da kat\u0131l\u0131yordu. Ona aktarmas\u0131n\u0131 s\u00f6yledim. B\u00fct\u00fcn operasyonlar ve i\u015f g\u00fcvenli\u011fi birimleri ona ba\u011fl\u0131yd\u0131. Olay g\u00fcn\u00fc li\u00e7 b\u00f6lgesine gitmedim. Teknik bir bilgim olmad\u0131\u011f\u0131 i\u00e7in kat\u0131lmad\u0131m. Davet de edilmedim. Benim alt\u0131mda elektrik sistemleri ba\u015fm\u00fchendisi mekanik bak\u0131m ba\u015fm\u00fchendisi, bak\u0131m planlama ve g\u00fcvenlik ba\u015fm\u00fchendisi bir de proses ba\u015fm\u00fchendisi vard\u0131. Benim birimimde toprak alt\u0131nda kalan herhangi bir kimse yoktu. Ta\u015feronlar\u0131m\u0131zdan da yoktur. Li\u00e7e verilen sol\u00fcsyon borulardan ba\u015fka bir ki\u015fi sorumludur. Ancak ne kadar sol\u00fcsyon verilece\u011fini bildi\u011fim kadar\u0131yla m\u00fchendisler hesapl\u0131yordu. Li\u00e7 b\u00f6lgesinin geni\u015flemesi i\u00e7in yap\u0131lan patlamalara ili\u015fkin bilgim yoktur. Ben teknik olarak li\u00e7 b\u00f6lgesinin herhangi bir b\u00f6l\u00fcm\u00fcnden aktivitesinden sorumlu de\u011filim. O konularda teknik bilgim de bulunmamaktad\u0131r. Bu soru\u015fturmada olmam ise san\u0131yorum vekil olmam nedeniyledir. Benim \u0130ngilizcemin iyi olmas\u0131 ve daha iyi ileti\u015fim kurabilece\u011fim sebebiyle vekaleten yerine bakmam s\u00f6ylendi. Asl\u0131nda benim onunla \u00e7al\u0131\u015ft\u0131\u011f\u0131 birimle ilgili \u00e7ok bilgim yok. Ben ona yard\u0131mc\u0131 olma maksad\u0131yla yerine bak\u0131yordum. Li\u00e7 b\u00f6lgesinin fizibilitesinde as\u0131l g\u00f6revli birim proje birimidir. Benim uzmanl\u0131k alan\u0131m elektrik m\u00fchendisli\u011fidir. Benim bu alanla ilgili herhangi bir g\u00f6revim yoktu. Benim herhangi bir risk durumda y\u0131\u011f\u0131n li\u00e7inde bir g\u00f6revim yoktu. Ayr\u0131ca radarla ilgili bir olaydan bahsedilmi\u015f. Benim radarla ilgili de bir g\u00f6revim yoktur. Tutuklama talebinin reddiyle tutuksuz yarg\u0131lanmay\u0131 talep ederim&#8221; dedi.<\/p>\n<p>&nbsp;<\/p>\n","protected":false},"excerpt":{"rendered":"<p>Erzincan&#8217;\u0131n \u0130li\u00e7 il\u00e7esindeki alt\u0131n madeni sahas\u0131ndaki facia sonras\u0131 tutuklanan 6 firma sorumlusunun ifadeleri ortaya \u00e7\u0131kt\u0131. Cumhuriyet Ba\u015fsavc\u0131l\u0131\u011f\u0131 taraf\u0131ndan g\u00f6revlendirilen 4 savc\u0131n\u0131n s\u00fcrd\u00fcrd\u00fc\u011f\u00fc soru\u015fturmada bug\u00fcne kadar 9 ki\u015fi g\u00f6zalt\u0131na al\u0131nd\u0131. Bu ki\u015filerden 6&#8217;s\u0131 &#8220;taksirle \u00f6l\u00fcm\u00fc ve yaralanmaya neden olmak&#8221; su\u00e7undan tutuklan\u0131rken, aralar\u0131nda \u015firketin&nbsp;T\u00fcrkiye&nbsp;m\u00fcd\u00fcr\u00fc C.D. ile A.R.K. ve M.T.A., adli kontrol ve yurt d\u0131\u015f\u0131 yasa\u011f\u0131yla serbest b\u0131rak\u0131ld\u0131.<\/p>\n","protected":false},"author":1,"featured_media":30565,"comment_status":"open","ping_status":"open","sticky":false,"template":"","format":"standard","meta":{"footnotes":""},"categories":[1],"tags":[],"class_list":["post-30564","post","type-post","status-publish","format-standard","has-post-thumbnail","hentry","category-gundem"],"yoast_head":"<!-- This site is optimized with the Yoast SEO plugin v27.4 - https:\/\/yoast.com\/product\/yoast-seo-wordpress\/ -->\n<title>Erzincan&#039;daki maden facias\u0131nda san\u0131klar konu\u015ftu -<\/title>\n<meta name=\"robots\" content=\"index, follow, max-snippet:-1, max-image-preview:large, max-video-preview:-1\" \/>\n<link rel=\"canonical\" href=\"https:\/\/kibrisdakik.com\/?p=30564\" \/>\n<meta property=\"og:locale\" content=\"tr_TR\" \/>\n<meta property=\"og:type\" content=\"article\" \/>\n<meta property=\"og:title\" content=\"Erzincan&#039;daki maden facias\u0131nda san\u0131klar konu\u015ftu -\" \/>\n<meta property=\"og:description\" content=\"Erzincan&#8217;\u0131n \u0130li\u00e7 il\u00e7esindeki alt\u0131n madeni sahas\u0131ndaki facia sonras\u0131 tutuklanan 6 firma sorumlusunun ifadeleri ortaya \u00e7\u0131kt\u0131. Cumhuriyet Ba\u015fsavc\u0131l\u0131\u011f\u0131 taraf\u0131ndan g\u00f6revlendirilen 4 savc\u0131n\u0131n s\u00fcrd\u00fcrd\u00fc\u011f\u00fc soru\u015fturmada bug\u00fcne kadar 9 ki\u015fi g\u00f6zalt\u0131na al\u0131nd\u0131. Bu ki\u015filerden 6&#8217;s\u0131 &#8220;taksirle \u00f6l\u00fcm\u00fc ve yaralanmaya neden olmak&#8221; su\u00e7undan tutuklan\u0131rken, aralar\u0131nda \u015firketin&nbsp;T\u00fcrkiye&nbsp;m\u00fcd\u00fcr\u00fc C.D. ile A.R.K. ve M.T.A., adli kontrol ve yurt d\u0131\u015f\u0131 yasa\u011f\u0131yla serbest b\u0131rak\u0131ld\u0131.\" \/>\n<meta property=\"og:url\" content=\"https:\/\/kibrisdakik.com\/?p=30564\" \/>\n<meta property=\"article:published_time\" content=\"2024-02-20T06:11:08+00:00\" \/>\n<meta property=\"og:image\" content=\"https:\/\/kibrisdakik.com\/wp-content\/uploads\/2024\/02\/afIeREeiU0aBa_12UF7TEA-740x420.jpg\" \/>\n\t<meta property=\"og:image:width\" content=\"960\" \/>\n\t<meta property=\"og:image:height\" content=\"720\" \/>\n\t<meta property=\"og:image:type\" content=\"image\/jpeg\" \/>\n<meta name=\"author\" content=\"admin\" \/>\n<meta name=\"twitter:card\" content=\"summary_large_image\" \/>\n<meta name=\"twitter:label1\" content=\"Yazan:\" \/>\n\t<meta name=\"twitter:data1\" content=\"admin\" \/>\n\t<meta name=\"twitter:label2\" content=\"Tahmini okuma s\u00fcresi\" \/>\n\t<meta name=\"twitter:data2\" content=\"15 dakika\" \/>\n<script type=\"application\/ld+json\" class=\"yoast-schema-graph\">{\"@context\":\"https:\\\/\\\/schema.org\",\"@graph\":[{\"@type\":\"Article\",\"@id\":\"https:\\\/\\\/kibrisdakik.com\\\/?p=30564#article\",\"isPartOf\":{\"@id\":\"https:\\\/\\\/kibrisdakik.com\\\/?p=30564\"},\"author\":{\"name\":\"admin\",\"@id\":\"https:\\\/\\\/kibrisdakik.com\\\/#\\\/schema\\\/person\\\/9cd9d437bbb44f72b73ba127e06d8e79\"},\"headline\":\"Erzincan&#039;daki maden facias\u0131nda san\u0131klar konu\u015ftu\",\"datePublished\":\"2024-02-20T06:11:08+00:00\",\"mainEntityOfPage\":{\"@id\":\"https:\\\/\\\/kibrisdakik.com\\\/?p=30564\"},\"wordCount\":3064,\"commentCount\":0,\"image\":{\"@id\":\"https:\\\/\\\/kibrisdakik.com\\\/?p=30564#primaryimage\"},\"thumbnailUrl\":\"https:\\\/\\\/kibrisdakik.com\\\/wp-content\\\/uploads\\\/2024\\\/02\\\/afIeREeiU0aBa_12UF7TEA-740x420.jpg\",\"articleSection\":[\"G\u00fcndem\"],\"inLanguage\":\"tr\",\"potentialAction\":[{\"@type\":\"CommentAction\",\"name\":\"Comment\",\"target\":[\"https:\\\/\\\/kibrisdakik.com\\\/?p=30564#respond\"]}]},{\"@type\":\"WebPage\",\"@id\":\"https:\\\/\\\/kibrisdakik.com\\\/?p=30564\",\"url\":\"https:\\\/\\\/kibrisdakik.com\\\/?p=30564\",\"name\":\"Erzincan&#039;daki maden facias\u0131nda san\u0131klar konu\u015ftu -\",\"isPartOf\":{\"@id\":\"https:\\\/\\\/kibrisdakik.com\\\/#website\"},\"primaryImageOfPage\":{\"@id\":\"https:\\\/\\\/kibrisdakik.com\\\/?p=30564#primaryimage\"},\"image\":{\"@id\":\"https:\\\/\\\/kibrisdakik.com\\\/?p=30564#primaryimage\"},\"thumbnailUrl\":\"https:\\\/\\\/kibrisdakik.com\\\/wp-content\\\/uploads\\\/2024\\\/02\\\/afIeREeiU0aBa_12UF7TEA-740x420.jpg\",\"datePublished\":\"2024-02-20T06:11:08+00:00\",\"author\":{\"@id\":\"https:\\\/\\\/kibrisdakik.com\\\/#\\\/schema\\\/person\\\/9cd9d437bbb44f72b73ba127e06d8e79\"},\"breadcrumb\":{\"@id\":\"https:\\\/\\\/kibrisdakik.com\\\/?p=30564#breadcrumb\"},\"inLanguage\":\"tr\",\"potentialAction\":[{\"@type\":\"ReadAction\",\"target\":[\"https:\\\/\\\/kibrisdakik.com\\\/?p=30564\"]}]},{\"@type\":\"ImageObject\",\"inLanguage\":\"tr\",\"@id\":\"https:\\\/\\\/kibrisdakik.com\\\/?p=30564#primaryimage\",\"url\":\"https:\\\/\\\/kibrisdakik.com\\\/wp-content\\\/uploads\\\/2024\\\/02\\\/afIeREeiU0aBa_12UF7TEA-740x420.jpg\",\"contentUrl\":\"https:\\\/\\\/kibrisdakik.com\\\/wp-content\\\/uploads\\\/2024\\\/02\\\/afIeREeiU0aBa_12UF7TEA-740x420.jpg\",\"width\":960,\"height\":720},{\"@type\":\"BreadcrumbList\",\"@id\":\"https:\\\/\\\/kibrisdakik.com\\\/?p=30564#breadcrumb\",\"itemListElement\":[{\"@type\":\"ListItem\",\"position\":1,\"name\":\"Home\",\"item\":\"https:\\\/\\\/kibrisdakik.com\\\/\"},{\"@type\":\"ListItem\",\"position\":2,\"name\":\"Erzincan&#039;daki maden facias\u0131nda san\u0131klar konu\u015ftu\"}]},{\"@type\":\"WebSite\",\"@id\":\"https:\\\/\\\/kibrisdakik.com\\\/#website\",\"url\":\"https:\\\/\\\/kibrisdakik.com\\\/\",\"name\":\"\",\"description\":\"Tam vaktinde haber\",\"potentialAction\":[{\"@type\":\"SearchAction\",\"target\":{\"@type\":\"EntryPoint\",\"urlTemplate\":\"https:\\\/\\\/kibrisdakik.com\\\/?s={search_term_string}\"},\"query-input\":{\"@type\":\"PropertyValueSpecification\",\"valueRequired\":true,\"valueName\":\"search_term_string\"}}],\"inLanguage\":\"tr\"},{\"@type\":\"Person\",\"@id\":\"https:\\\/\\\/kibrisdakik.com\\\/#\\\/schema\\\/person\\\/9cd9d437bbb44f72b73ba127e06d8e79\",\"name\":\"admin\",\"image\":{\"@type\":\"ImageObject\",\"inLanguage\":\"tr\",\"@id\":\"https:\\\/\\\/secure.gravatar.com\\\/avatar\\\/ccc17943b9d660506c869530f897617f7cb1c21a4bf30023f252596d83e1f007?s=96&d=mm&r=g\",\"url\":\"https:\\\/\\\/secure.gravatar.com\\\/avatar\\\/ccc17943b9d660506c869530f897617f7cb1c21a4bf30023f252596d83e1f007?s=96&d=mm&r=g\",\"contentUrl\":\"https:\\\/\\\/secure.gravatar.com\\\/avatar\\\/ccc17943b9d660506c869530f897617f7cb1c21a4bf30023f252596d83e1f007?s=96&d=mm&r=g\",\"caption\":\"admin\"},\"sameAs\":[\"https:\\\/\\\/kibrisdakik.com\"],\"url\":\"https:\\\/\\\/kibrisdakik.com\\\/?author=1\"}]}<\/script>\n<!-- \/ Yoast SEO plugin. -->","yoast_head_json":{"title":"Erzincan&#039;daki maden facias\u0131nda san\u0131klar konu\u015ftu -","robots":{"index":"index","follow":"follow","max-snippet":"max-snippet:-1","max-image-preview":"max-image-preview:large","max-video-preview":"max-video-preview:-1"},"canonical":"https:\/\/kibrisdakik.com\/?p=30564","og_locale":"tr_TR","og_type":"article","og_title":"Erzincan&#039;daki maden facias\u0131nda san\u0131klar konu\u015ftu -","og_description":"Erzincan&#8217;\u0131n \u0130li\u00e7 il\u00e7esindeki alt\u0131n madeni sahas\u0131ndaki facia sonras\u0131 tutuklanan 6 firma sorumlusunun ifadeleri ortaya \u00e7\u0131kt\u0131. Cumhuriyet Ba\u015fsavc\u0131l\u0131\u011f\u0131 taraf\u0131ndan g\u00f6revlendirilen 4 savc\u0131n\u0131n s\u00fcrd\u00fcrd\u00fc\u011f\u00fc soru\u015fturmada bug\u00fcne kadar 9 ki\u015fi g\u00f6zalt\u0131na al\u0131nd\u0131. Bu ki\u015filerden 6&#8217;s\u0131 &#8220;taksirle \u00f6l\u00fcm\u00fc ve yaralanmaya neden olmak&#8221; su\u00e7undan tutuklan\u0131rken, aralar\u0131nda \u015firketin&nbsp;T\u00fcrkiye&nbsp;m\u00fcd\u00fcr\u00fc C.D. ile A.R.K. ve M.T.A., adli kontrol ve yurt d\u0131\u015f\u0131 yasa\u011f\u0131yla serbest b\u0131rak\u0131ld\u0131.","og_url":"https:\/\/kibrisdakik.com\/?p=30564","article_published_time":"2024-02-20T06:11:08+00:00","og_image":[{"width":960,"height":720,"url":"https:\/\/kibrisdakik.com\/wp-content\/uploads\/2024\/02\/afIeREeiU0aBa_12UF7TEA-740x420.jpg","type":"image\/jpeg"}],"author":"admin","twitter_card":"summary_large_image","twitter_misc":{"Yazan:":"admin","Tahmini okuma s\u00fcresi":"15 dakika"},"schema":{"@context":"https:\/\/schema.org","@graph":[{"@type":"Article","@id":"https:\/\/kibrisdakik.com\/?p=30564#article","isPartOf":{"@id":"https:\/\/kibrisdakik.com\/?p=30564"},"author":{"name":"admin","@id":"https:\/\/kibrisdakik.com\/#\/schema\/person\/9cd9d437bbb44f72b73ba127e06d8e79"},"headline":"Erzincan&#039;daki maden facias\u0131nda san\u0131klar konu\u015ftu","datePublished":"2024-02-20T06:11:08+00:00","mainEntityOfPage":{"@id":"https:\/\/kibrisdakik.com\/?p=30564"},"wordCount":3064,"commentCount":0,"image":{"@id":"https:\/\/kibrisdakik.com\/?p=30564#primaryimage"},"thumbnailUrl":"https:\/\/kibrisdakik.com\/wp-content\/uploads\/2024\/02\/afIeREeiU0aBa_12UF7TEA-740x420.jpg","articleSection":["G\u00fcndem"],"inLanguage":"tr","potentialAction":[{"@type":"CommentAction","name":"Comment","target":["https:\/\/kibrisdakik.com\/?p=30564#respond"]}]},{"@type":"WebPage","@id":"https:\/\/kibrisdakik.com\/?p=30564","url":"https:\/\/kibrisdakik.com\/?p=30564","name":"Erzincan&#039;daki maden facias\u0131nda san\u0131klar konu\u015ftu -","isPartOf":{"@id":"https:\/\/kibrisdakik.com\/#website"},"primaryImageOfPage":{"@id":"https:\/\/kibrisdakik.com\/?p=30564#primaryimage"},"image":{"@id":"https:\/\/kibrisdakik.com\/?p=30564#primaryimage"},"thumbnailUrl":"https:\/\/kibrisdakik.com\/wp-content\/uploads\/2024\/02\/afIeREeiU0aBa_12UF7TEA-740x420.jpg","datePublished":"2024-02-20T06:11:08+00:00","author":{"@id":"https:\/\/kibrisdakik.com\/#\/schema\/person\/9cd9d437bbb44f72b73ba127e06d8e79"},"breadcrumb":{"@id":"https:\/\/kibrisdakik.com\/?p=30564#breadcrumb"},"inLanguage":"tr","potentialAction":[{"@type":"ReadAction","target":["https:\/\/kibrisdakik.com\/?p=30564"]}]},{"@type":"ImageObject","inLanguage":"tr","@id":"https:\/\/kibrisdakik.com\/?p=30564#primaryimage","url":"https:\/\/kibrisdakik.com\/wp-content\/uploads\/2024\/02\/afIeREeiU0aBa_12UF7TEA-740x420.jpg","contentUrl":"https:\/\/kibrisdakik.com\/wp-content\/uploads\/2024\/02\/afIeREeiU0aBa_12UF7TEA-740x420.jpg","width":960,"height":720},{"@type":"BreadcrumbList","@id":"https:\/\/kibrisdakik.com\/?p=30564#breadcrumb","itemListElement":[{"@type":"ListItem","position":1,"name":"Home","item":"https:\/\/kibrisdakik.com\/"},{"@type":"ListItem","position":2,"name":"Erzincan&#039;daki maden facias\u0131nda san\u0131klar konu\u015ftu"}]},{"@type":"WebSite","@id":"https:\/\/kibrisdakik.com\/#website","url":"https:\/\/kibrisdakik.com\/","name":"","description":"Tam vaktinde haber","potentialAction":[{"@type":"SearchAction","target":{"@type":"EntryPoint","urlTemplate":"https:\/\/kibrisdakik.com\/?s={search_term_string}"},"query-input":{"@type":"PropertyValueSpecification","valueRequired":true,"valueName":"search_term_string"}}],"inLanguage":"tr"},{"@type":"Person","@id":"https:\/\/kibrisdakik.com\/#\/schema\/person\/9cd9d437bbb44f72b73ba127e06d8e79","name":"admin","image":{"@type":"ImageObject","inLanguage":"tr","@id":"https:\/\/secure.gravatar.com\/avatar\/ccc17943b9d660506c869530f897617f7cb1c21a4bf30023f252596d83e1f007?s=96&d=mm&r=g","url":"https:\/\/secure.gravatar.com\/avatar\/ccc17943b9d660506c869530f897617f7cb1c21a4bf30023f252596d83e1f007?s=96&d=mm&r=g","contentUrl":"https:\/\/secure.gravatar.com\/avatar\/ccc17943b9d660506c869530f897617f7cb1c21a4bf30023f252596d83e1f007?s=96&d=mm&r=g","caption":"admin"},"sameAs":["https:\/\/kibrisdakik.com"],"url":"https:\/\/kibrisdakik.com\/?author=1"}]}},"_links":{"self":[{"href":"https:\/\/kibrisdakik.com\/index.php?rest_route=\/wp\/v2\/posts\/30564","targetHints":{"allow":["GET"]}}],"collection":[{"href":"https:\/\/kibrisdakik.com\/index.php?rest_route=\/wp\/v2\/posts"}],"about":[{"href":"https:\/\/kibrisdakik.com\/index.php?rest_route=\/wp\/v2\/types\/post"}],"author":[{"embeddable":true,"href":"https:\/\/kibrisdakik.com\/index.php?rest_route=\/wp\/v2\/users\/1"}],"replies":[{"embeddable":true,"href":"https:\/\/kibrisdakik.com\/index.php?rest_route=%2Fwp%2Fv2%2Fcomments&post=30564"}],"version-history":[{"count":0,"href":"https:\/\/kibrisdakik.com\/index.php?rest_route=\/wp\/v2\/posts\/30564\/revisions"}],"wp:featuredmedia":[{"embeddable":true,"href":"https:\/\/kibrisdakik.com\/index.php?rest_route=\/wp\/v2\/media\/30565"}],"wp:attachment":[{"href":"https:\/\/kibrisdakik.com\/index.php?rest_route=%2Fwp%2Fv2%2Fmedia&parent=30564"}],"wp:term":[{"taxonomy":"category","embeddable":true,"href":"https:\/\/kibrisdakik.com\/index.php?rest_route=%2Fwp%2Fv2%2Fcategories&post=30564"},{"taxonomy":"post_tag","embeddable":true,"href":"https:\/\/kibrisdakik.com\/index.php?rest_route=%2Fwp%2Fv2%2Ftags&post=30564"}],"curies":[{"name":"wp","href":"https:\/\/api.w.org\/{rel}","templated":true}]}}