{"id":30568,"date":"2024-02-20T06:49:50","date_gmt":"2024-02-20T06:49:50","guid":{"rendered":"https:\/\/kibrisdakik.com\/index.php\/2024\/02\/20\/esanin-ers-2-uydusu-kontrolden-cikti\/"},"modified":"2024-02-20T06:49:50","modified_gmt":"2024-02-20T06:49:50","slug":"esanin-ers-2-uydusu-kontrolden-cikti","status":"publish","type":"post","link":"https:\/\/kibrisdakik.com\/?p=30568","title":{"rendered":"ESA&#039;n\u0131n ERS-2 uydusu kontrolden \u00e7\u0131kt\u0131"},"content":{"rendered":"<p><img decoding=\"async\" src=\"https:\/\/www.kibristurk.com\/images\/haberler\/2024\/02\/esanin-ers-2-uydusu-kontrolden-cikti-1708409615.webp\" \/><\/p>\n<p>Avrupa&nbsp;Uzay&nbsp;Ajans\u0131&#8217;n\u0131n (ESA) 1995 y\u0131l\u0131nda f\u0131rlat\u0131lan ERS-2 uydusu,&nbsp;10 y\u0131l \u00f6nce devre d\u0131\u015f\u0131 b\u0131rak\u0131ld\u0131.<\/p>\n<p>Uydunun 11 ton a\u011f\u0131rl\u0131\u011f\u0131nda oldu\u011fu ve kontrols\u00fcz bir \u015fekilde D\u00fcnya atmosferine girece\u011fi kaydedildi.<\/p>\n<p><strong>ERS-2 UYDUSU NED\u0130R, NE \u0130\u015eE YARAR?<\/strong><\/p>\n<p>ERS-2,&nbsp;D\u00fcnya&#8217;n\u0131n g\u00f6zlemlenmesi i\u00e7in kullan\u0131lan bir uyduydu. Uydu,&nbsp;atmosfer,&nbsp;okyanuslar ve kara k\u00fctleleri hakk\u0131nda veri toplad\u0131.<\/p>\n<p>ERS-2&#8217;nin toplad\u0131\u011f\u0131 veriler,&nbsp;iklim de\u011fi\u015fikli\u011fi ve \u00e7evresel kirlilik gibi konularda ara\u015ft\u0131rmac\u0131lara yard\u0131mc\u0131 oldu.<\/p>\n<p><strong>NE ZAMAN VE NEREYE D\u00dc\u015eECEK?<\/strong><\/p>\n<p>ESA&#8217;n\u0131n devasa uydusunun nereye d\u00fc\u015fece\u011fini \u015fu a\u015famada s\u00f6ylemek m\u00fcmk\u00fcn de\u011fil.<\/p>\n<p>Ajans, kontrolden \u00e7\u0131kan uydunun 21 \u015eubat \u00c7ar\u015famba g\u00fcn\u00fc D\u00fcnya atmosferine yeniden girmesini bekliyor.<\/p>\n<p>Uzmanlar uydunun b\u00fcy\u00fck olas\u0131l\u0131kla atmosfere girerken par\u00e7alanaca\u011f\u0131n\u0131 ve yere \u00e7arpmadan yanaca\u011f\u0131n\u0131 s\u00f6yl\u00fcyor.<\/p>\n<p>Yine de,&nbsp;k\u00fc\u00e7\u00fck par\u00e7alar\u0131n yere d\u00fc\u015fme ihtimali var ve bu par\u00e7alar insanlara zarar verebilir.<\/p>\n<p><strong>UZAY \u00c7\u00d6P\u00dc SORUNU<\/strong><\/p>\n<p>Gezegenimizin y\u00f6r\u00fcngesi halihaz\u0131rda uzay \u00e7\u00f6pleriyle dolu ve daha fazla roket f\u0131rlat\u0131ld\u0131k\u00e7a ve uydular hizmet d\u0131\u015f\u0131 b\u0131rak\u0131ld\u0131k\u00e7a durum daha da k\u00f6t\u00fcle\u015fecek.<\/p>\n<p><strong>N\u00dcKLEER F\u00dcZYON LAZERLER\u0130YLE UZAY \u00c7\u00d6PLER\u0130 TEM\u0130ZLENEB\u0130L\u0130R<\/strong><\/p>\n<p>Japonya, ge\u00e7ti\u011fimiz ay n\u00fckleer f\u00fczyon g\u00fcc\u00fcn\u00fc tetikleyen lazerler kullanarak uzay \u00e7\u00f6plerini temizleme hedefi oldu\u011funu a\u00e7\u0131klad\u0131.<\/p>\n<p>\u015eu anda gezegenin etraf\u0131nda 100 trilyon kadar eski uydu par\u00e7as\u0131n\u0131n oldu\u011fu tahmin edilirken, biriken uzay \u00e7\u00f6plerinin aktif uydulara da zarar verebilece\u011fi kaydedildi.<\/p>\n","protected":false},"excerpt":{"rendered":"<p>Avrupa&nbsp;Uzay&nbsp;Ajans\u0131&#8217;n\u0131n (ESA) 1995 y\u0131l\u0131nda f\u0131rlat\u0131lan ERS-2 uydusu,&nbsp;10 y\u0131l \u00f6nce devre d\u0131\u015f\u0131 b\u0131rak\u0131ld\u0131. Uydunun 11 ton a\u011f\u0131rl\u0131\u011f\u0131nda oldu\u011fu ve kontrols\u00fcz bir \u015fekilde D\u00fcnya atmosferine girece\u011fi kaydedildi. ERS-2 UYDUSU NED\u0130R, NE \u0130\u015eE YARAR? ERS-2,&nbsp;D\u00fcnya&#8217;n\u0131n g\u00f6zlemlenmesi i\u00e7in kullan\u0131lan bir uyduydu. Uydu,&nbsp;atmosfer,&nbsp;okyanuslar ve kara k\u00fctleleri hakk\u0131nda veri toplad\u0131. ERS-2&#8217;nin toplad\u0131\u011f\u0131 veriler,&nbsp;iklim de\u011fi\u015fikli\u011fi ve \u00e7evresel kirlilik gibi konularda ara\u015ft\u0131rmac\u0131lara yard\u0131mc\u0131<\/p>\n","protected":false},"author":1,"featured_media":30569,"comment_status":"open","ping_status":"open","sticky":false,"template":"","format":"standard","meta":{"footnotes":""},"categories":[85],"tags":[],"class_list":["post-30568","post","type-post","status-publish","format-standard","has-post-thumbnail","hentry","category-spor"],"yoast_head":"<!-- This site is optimized with the Yoast SEO plugin v27.4 - https:\/\/yoast.com\/product\/yoast-seo-wordpress\/ -->\n<title>ESA&#039;n\u0131n ERS-2 uydusu kontrolden \u00e7\u0131kt\u0131 -<\/title>\n<meta name=\"robots\" content=\"index, follow, max-snippet:-1, max-image-preview:large, max-video-preview:-1\" \/>\n<link rel=\"canonical\" href=\"https:\/\/kibrisdakik.com\/?p=30568\" \/>\n<meta property=\"og:locale\" content=\"tr_TR\" \/>\n<meta property=\"og:type\" content=\"article\" \/>\n<meta property=\"og:title\" content=\"ESA&#039;n\u0131n ERS-2 uydusu kontrolden \u00e7\u0131kt\u0131 -\" \/>\n<meta property=\"og:description\" content=\"Avrupa&nbsp;Uzay&nbsp;Ajans\u0131&#8217;n\u0131n (ESA) 1995 y\u0131l\u0131nda f\u0131rlat\u0131lan ERS-2 uydusu,&nbsp;10 y\u0131l \u00f6nce devre d\u0131\u015f\u0131 b\u0131rak\u0131ld\u0131. Uydunun 11 ton a\u011f\u0131rl\u0131\u011f\u0131nda oldu\u011fu ve kontrols\u00fcz bir \u015fekilde D\u00fcnya atmosferine girece\u011fi kaydedildi. ERS-2 UYDUSU NED\u0130R, NE \u0130\u015eE YARAR? ERS-2,&nbsp;D\u00fcnya&#8217;n\u0131n g\u00f6zlemlenmesi i\u00e7in kullan\u0131lan bir uyduydu. Uydu,&nbsp;atmosfer,&nbsp;okyanuslar ve kara k\u00fctleleri hakk\u0131nda veri toplad\u0131. ERS-2&#8217;nin toplad\u0131\u011f\u0131 veriler,&nbsp;iklim de\u011fi\u015fikli\u011fi ve \u00e7evresel kirlilik gibi konularda ara\u015ft\u0131rmac\u0131lara yard\u0131mc\u0131\" \/>\n<meta property=\"og:url\" content=\"https:\/\/kibrisdakik.com\/?p=30568\" \/>\n<meta property=\"article:published_time\" content=\"2024-02-20T06:49:50+00:00\" \/>\n<meta property=\"og:image\" content=\"https:\/\/kibrisdakik.com\/wp-content\/uploads\/2024\/02\/esanin-ers-2-uydusu-kontrolden-cikti-1708409615.webp.webp\" \/>\n\t<meta property=\"og:image:width\" content=\"710\" \/>\n\t<meta property=\"og:image:height\" content=\"370\" \/>\n\t<meta property=\"og:image:type\" content=\"image\/webp\" \/>\n<meta name=\"author\" content=\"admin\" \/>\n<meta name=\"twitter:card\" content=\"summary_large_image\" \/>\n<meta name=\"twitter:label1\" content=\"Yazan:\" \/>\n\t<meta name=\"twitter:data1\" content=\"admin\" \/>\n\t<meta name=\"twitter:label2\" content=\"Tahmini okuma s\u00fcresi\" \/>\n\t<meta name=\"twitter:data2\" content=\"1 dakika\" \/>\n<script type=\"application\/ld+json\" class=\"yoast-schema-graph\">{\"@context\":\"https:\\\/\\\/schema.org\",\"@graph\":[{\"@type\":\"Article\",\"@id\":\"https:\\\/\\\/kibrisdakik.com\\\/?p=30568#article\",\"isPartOf\":{\"@id\":\"https:\\\/\\\/kibrisdakik.com\\\/?p=30568\"},\"author\":{\"name\":\"admin\",\"@id\":\"https:\\\/\\\/kibrisdakik.com\\\/#\\\/schema\\\/person\\\/9cd9d437bbb44f72b73ba127e06d8e79\"},\"headline\":\"ESA&#039;n\u0131n ERS-2 uydusu kontrolden \u00e7\u0131kt\u0131\",\"datePublished\":\"2024-02-20T06:49:50+00:00\",\"mainEntityOfPage\":{\"@id\":\"https:\\\/\\\/kibrisdakik.com\\\/?p=30568\"},\"wordCount\":284,\"commentCount\":0,\"image\":{\"@id\":\"https:\\\/\\\/kibrisdakik.com\\\/?p=30568#primaryimage\"},\"thumbnailUrl\":\"https:\\\/\\\/kibrisdakik.com\\\/wp-content\\\/uploads\\\/2024\\\/02\\\/esanin-ers-2-uydusu-kontrolden-cikti-1708409615.webp.webp\",\"articleSection\":[\"Spor\"],\"inLanguage\":\"tr\",\"potentialAction\":[{\"@type\":\"CommentAction\",\"name\":\"Comment\",\"target\":[\"https:\\\/\\\/kibrisdakik.com\\\/?p=30568#respond\"]}]},{\"@type\":\"WebPage\",\"@id\":\"https:\\\/\\\/kibrisdakik.com\\\/?p=30568\",\"url\":\"https:\\\/\\\/kibrisdakik.com\\\/?p=30568\",\"name\":\"ESA&#039;n\u0131n ERS-2 uydusu kontrolden \u00e7\u0131kt\u0131 -\",\"isPartOf\":{\"@id\":\"https:\\\/\\\/kibrisdakik.com\\\/#website\"},\"primaryImageOfPage\":{\"@id\":\"https:\\\/\\\/kibrisdakik.com\\\/?p=30568#primaryimage\"},\"image\":{\"@id\":\"https:\\\/\\\/kibrisdakik.com\\\/?p=30568#primaryimage\"},\"thumbnailUrl\":\"https:\\\/\\\/kibrisdakik.com\\\/wp-content\\\/uploads\\\/2024\\\/02\\\/esanin-ers-2-uydusu-kontrolden-cikti-1708409615.webp.webp\",\"datePublished\":\"2024-02-20T06:49:50+00:00\",\"author\":{\"@id\":\"https:\\\/\\\/kibrisdakik.com\\\/#\\\/schema\\\/person\\\/9cd9d437bbb44f72b73ba127e06d8e79\"},\"breadcrumb\":{\"@id\":\"https:\\\/\\\/kibrisdakik.com\\\/?p=30568#breadcrumb\"},\"inLanguage\":\"tr\",\"potentialAction\":[{\"@type\":\"ReadAction\",\"target\":[\"https:\\\/\\\/kibrisdakik.com\\\/?p=30568\"]}]},{\"@type\":\"ImageObject\",\"inLanguage\":\"tr\",\"@id\":\"https:\\\/\\\/kibrisdakik.com\\\/?p=30568#primaryimage\",\"url\":\"https:\\\/\\\/kibrisdakik.com\\\/wp-content\\\/uploads\\\/2024\\\/02\\\/esanin-ers-2-uydusu-kontrolden-cikti-1708409615.webp.webp\",\"contentUrl\":\"https:\\\/\\\/kibrisdakik.com\\\/wp-content\\\/uploads\\\/2024\\\/02\\\/esanin-ers-2-uydusu-kontrolden-cikti-1708409615.webp.webp\",\"width\":710,\"height\":370},{\"@type\":\"BreadcrumbList\",\"@id\":\"https:\\\/\\\/kibrisdakik.com\\\/?p=30568#breadcrumb\",\"itemListElement\":[{\"@type\":\"ListItem\",\"position\":1,\"name\":\"Home\",\"item\":\"https:\\\/\\\/kibrisdakik.com\\\/\"},{\"@type\":\"ListItem\",\"position\":2,\"name\":\"ESA&#039;n\u0131n ERS-2 uydusu kontrolden \u00e7\u0131kt\u0131\"}]},{\"@type\":\"WebSite\",\"@id\":\"https:\\\/\\\/kibrisdakik.com\\\/#website\",\"url\":\"https:\\\/\\\/kibrisdakik.com\\\/\",\"name\":\"\",\"description\":\"Tam vaktinde haber\",\"potentialAction\":[{\"@type\":\"SearchAction\",\"target\":{\"@type\":\"EntryPoint\",\"urlTemplate\":\"https:\\\/\\\/kibrisdakik.com\\\/?s={search_term_string}\"},\"query-input\":{\"@type\":\"PropertyValueSpecification\",\"valueRequired\":true,\"valueName\":\"search_term_string\"}}],\"inLanguage\":\"tr\"},{\"@type\":\"Person\",\"@id\":\"https:\\\/\\\/kibrisdakik.com\\\/#\\\/schema\\\/person\\\/9cd9d437bbb44f72b73ba127e06d8e79\",\"name\":\"admin\",\"image\":{\"@type\":\"ImageObject\",\"inLanguage\":\"tr\",\"@id\":\"https:\\\/\\\/secure.gravatar.com\\\/avatar\\\/ccc17943b9d660506c869530f897617f7cb1c21a4bf30023f252596d83e1f007?s=96&d=mm&r=g\",\"url\":\"https:\\\/\\\/secure.gravatar.com\\\/avatar\\\/ccc17943b9d660506c869530f897617f7cb1c21a4bf30023f252596d83e1f007?s=96&d=mm&r=g\",\"contentUrl\":\"https:\\\/\\\/secure.gravatar.com\\\/avatar\\\/ccc17943b9d660506c869530f897617f7cb1c21a4bf30023f252596d83e1f007?s=96&d=mm&r=g\",\"caption\":\"admin\"},\"sameAs\":[\"https:\\\/\\\/kibrisdakik.com\"],\"url\":\"https:\\\/\\\/kibrisdakik.com\\\/?author=1\"}]}<\/script>\n<!-- \/ Yoast SEO plugin. -->","yoast_head_json":{"title":"ESA&#039;n\u0131n ERS-2 uydusu kontrolden \u00e7\u0131kt\u0131 -","robots":{"index":"index","follow":"follow","max-snippet":"max-snippet:-1","max-image-preview":"max-image-preview:large","max-video-preview":"max-video-preview:-1"},"canonical":"https:\/\/kibrisdakik.com\/?p=30568","og_locale":"tr_TR","og_type":"article","og_title":"ESA&#039;n\u0131n ERS-2 uydusu kontrolden \u00e7\u0131kt\u0131 -","og_description":"Avrupa&nbsp;Uzay&nbsp;Ajans\u0131&#8217;n\u0131n (ESA) 1995 y\u0131l\u0131nda f\u0131rlat\u0131lan ERS-2 uydusu,&nbsp;10 y\u0131l \u00f6nce devre d\u0131\u015f\u0131 b\u0131rak\u0131ld\u0131. Uydunun 11 ton a\u011f\u0131rl\u0131\u011f\u0131nda oldu\u011fu ve kontrols\u00fcz bir \u015fekilde D\u00fcnya atmosferine girece\u011fi kaydedildi. ERS-2 UYDUSU NED\u0130R, NE \u0130\u015eE YARAR? ERS-2,&nbsp;D\u00fcnya&#8217;n\u0131n g\u00f6zlemlenmesi i\u00e7in kullan\u0131lan bir uyduydu. Uydu,&nbsp;atmosfer,&nbsp;okyanuslar ve kara k\u00fctleleri hakk\u0131nda veri toplad\u0131. ERS-2&#8217;nin toplad\u0131\u011f\u0131 veriler,&nbsp;iklim de\u011fi\u015fikli\u011fi ve \u00e7evresel kirlilik gibi konularda ara\u015ft\u0131rmac\u0131lara yard\u0131mc\u0131","og_url":"https:\/\/kibrisdakik.com\/?p=30568","article_published_time":"2024-02-20T06:49:50+00:00","og_image":[{"width":710,"height":370,"url":"https:\/\/kibrisdakik.com\/wp-content\/uploads\/2024\/02\/esanin-ers-2-uydusu-kontrolden-cikti-1708409615.webp.webp","type":"image\/webp"}],"author":"admin","twitter_card":"summary_large_image","twitter_misc":{"Yazan:":"admin","Tahmini okuma s\u00fcresi":"1 dakika"},"schema":{"@context":"https:\/\/schema.org","@graph":[{"@type":"Article","@id":"https:\/\/kibrisdakik.com\/?p=30568#article","isPartOf":{"@id":"https:\/\/kibrisdakik.com\/?p=30568"},"author":{"name":"admin","@id":"https:\/\/kibrisdakik.com\/#\/schema\/person\/9cd9d437bbb44f72b73ba127e06d8e79"},"headline":"ESA&#039;n\u0131n ERS-2 uydusu kontrolden \u00e7\u0131kt\u0131","datePublished":"2024-02-20T06:49:50+00:00","mainEntityOfPage":{"@id":"https:\/\/kibrisdakik.com\/?p=30568"},"wordCount":284,"commentCount":0,"image":{"@id":"https:\/\/kibrisdakik.com\/?p=30568#primaryimage"},"thumbnailUrl":"https:\/\/kibrisdakik.com\/wp-content\/uploads\/2024\/02\/esanin-ers-2-uydusu-kontrolden-cikti-1708409615.webp.webp","articleSection":["Spor"],"inLanguage":"tr","potentialAction":[{"@type":"CommentAction","name":"Comment","target":["https:\/\/kibrisdakik.com\/?p=30568#respond"]}]},{"@type":"WebPage","@id":"https:\/\/kibrisdakik.com\/?p=30568","url":"https:\/\/kibrisdakik.com\/?p=30568","name":"ESA&#039;n\u0131n ERS-2 uydusu kontrolden \u00e7\u0131kt\u0131 -","isPartOf":{"@id":"https:\/\/kibrisdakik.com\/#website"},"primaryImageOfPage":{"@id":"https:\/\/kibrisdakik.com\/?p=30568#primaryimage"},"image":{"@id":"https:\/\/kibrisdakik.com\/?p=30568#primaryimage"},"thumbnailUrl":"https:\/\/kibrisdakik.com\/wp-content\/uploads\/2024\/02\/esanin-ers-2-uydusu-kontrolden-cikti-1708409615.webp.webp","datePublished":"2024-02-20T06:49:50+00:00","author":{"@id":"https:\/\/kibrisdakik.com\/#\/schema\/person\/9cd9d437bbb44f72b73ba127e06d8e79"},"breadcrumb":{"@id":"https:\/\/kibrisdakik.com\/?p=30568#breadcrumb"},"inLanguage":"tr","potentialAction":[{"@type":"ReadAction","target":["https:\/\/kibrisdakik.com\/?p=30568"]}]},{"@type":"ImageObject","inLanguage":"tr","@id":"https:\/\/kibrisdakik.com\/?p=30568#primaryimage","url":"https:\/\/kibrisdakik.com\/wp-content\/uploads\/2024\/02\/esanin-ers-2-uydusu-kontrolden-cikti-1708409615.webp.webp","contentUrl":"https:\/\/kibrisdakik.com\/wp-content\/uploads\/2024\/02\/esanin-ers-2-uydusu-kontrolden-cikti-1708409615.webp.webp","width":710,"height":370},{"@type":"BreadcrumbList","@id":"https:\/\/kibrisdakik.com\/?p=30568#breadcrumb","itemListElement":[{"@type":"ListItem","position":1,"name":"Home","item":"https:\/\/kibrisdakik.com\/"},{"@type":"ListItem","position":2,"name":"ESA&#039;n\u0131n ERS-2 uydusu kontrolden \u00e7\u0131kt\u0131"}]},{"@type":"WebSite","@id":"https:\/\/kibrisdakik.com\/#website","url":"https:\/\/kibrisdakik.com\/","name":"","description":"Tam vaktinde haber","potentialAction":[{"@type":"SearchAction","target":{"@type":"EntryPoint","urlTemplate":"https:\/\/kibrisdakik.com\/?s={search_term_string}"},"query-input":{"@type":"PropertyValueSpecification","valueRequired":true,"valueName":"search_term_string"}}],"inLanguage":"tr"},{"@type":"Person","@id":"https:\/\/kibrisdakik.com\/#\/schema\/person\/9cd9d437bbb44f72b73ba127e06d8e79","name":"admin","image":{"@type":"ImageObject","inLanguage":"tr","@id":"https:\/\/secure.gravatar.com\/avatar\/ccc17943b9d660506c869530f897617f7cb1c21a4bf30023f252596d83e1f007?s=96&d=mm&r=g","url":"https:\/\/secure.gravatar.com\/avatar\/ccc17943b9d660506c869530f897617f7cb1c21a4bf30023f252596d83e1f007?s=96&d=mm&r=g","contentUrl":"https:\/\/secure.gravatar.com\/avatar\/ccc17943b9d660506c869530f897617f7cb1c21a4bf30023f252596d83e1f007?s=96&d=mm&r=g","caption":"admin"},"sameAs":["https:\/\/kibrisdakik.com"],"url":"https:\/\/kibrisdakik.com\/?author=1"}]}},"_links":{"self":[{"href":"https:\/\/kibrisdakik.com\/index.php?rest_route=\/wp\/v2\/posts\/30568","targetHints":{"allow":["GET"]}}],"collection":[{"href":"https:\/\/kibrisdakik.com\/index.php?rest_route=\/wp\/v2\/posts"}],"about":[{"href":"https:\/\/kibrisdakik.com\/index.php?rest_route=\/wp\/v2\/types\/post"}],"author":[{"embeddable":true,"href":"https:\/\/kibrisdakik.com\/index.php?rest_route=\/wp\/v2\/users\/1"}],"replies":[{"embeddable":true,"href":"https:\/\/kibrisdakik.com\/index.php?rest_route=%2Fwp%2Fv2%2Fcomments&post=30568"}],"version-history":[{"count":0,"href":"https:\/\/kibrisdakik.com\/index.php?rest_route=\/wp\/v2\/posts\/30568\/revisions"}],"wp:featuredmedia":[{"embeddable":true,"href":"https:\/\/kibrisdakik.com\/index.php?rest_route=\/wp\/v2\/media\/30569"}],"wp:attachment":[{"href":"https:\/\/kibrisdakik.com\/index.php?rest_route=%2Fwp%2Fv2%2Fmedia&parent=30568"}],"wp:term":[{"taxonomy":"category","embeddable":true,"href":"https:\/\/kibrisdakik.com\/index.php?rest_route=%2Fwp%2Fv2%2Fcategories&post=30568"},{"taxonomy":"post_tag","embeddable":true,"href":"https:\/\/kibrisdakik.com\/index.php?rest_route=%2Fwp%2Fv2%2Ftags&post=30568"}],"curies":[{"name":"wp","href":"https:\/\/api.w.org\/{rel}","templated":true}]}}