{"id":30590,"date":"2024-02-20T09:02:49","date_gmt":"2024-02-20T09:02:49","guid":{"rendered":"https:\/\/kibrisdakik.com\/index.php\/2024\/02\/20\/tdpnin-8inci-olagan-kurultayi-25-subatta-yapiliyor\/"},"modified":"2024-02-20T09:02:49","modified_gmt":"2024-02-20T09:02:49","slug":"tdpnin-8inci-olagan-kurultayi-25-subatta-yapiliyor","status":"publish","type":"post","link":"https:\/\/kibrisdakik.com\/?p=30590","title":{"rendered":"TDP\u2019nin 8\u2019inci Ola\u011fan Kurultay\u0131 25 \u015eubat\u2019ta yap\u0131l\u0131yor"},"content":{"rendered":"<p><img decoding=\"async\" src=\"https:\/\/www.kibristurk.com\/images\/haberler\/2024\/02\/tdpnin-8inci-olagan-kurultayi-25-subatta-yapiliyor-1708418993.webp\" \/><\/p>\n<p style=\"text-align:left\"><span style=\"font-size:16px\"><span style=\"font-family:Merriweather,serif !important\"><span style=\"color:#000000\"><span style=\"background-color:#ffffff\">Toplumcu Demokrasi Partisi\u2019nin (TDP) 8\u2019inci Ola\u011fan Kurultay\u0131 25 \u015eubat Pazar g\u00fcn\u00fc, Lefko\u015fa\u2019da The Paradise Park\u2019ta saat 10.00\u2019da ger\u00e7ekle\u015ftirilecek.<\/span><\/span><\/span><\/span><\/p>\n<p style=\"text-align:left\"><span style=\"font-size:16px\"><span style=\"font-family:Merriweather,serif !important\"><span style=\"color:#000000\"><span style=\"background-color:#ffffff\">TDP\u2019den verilen bilgiye g\u00f6re, faaliyet ve mali raporlar\u0131n \u00fcyelerin onay\u0131na sunulaca\u011f\u0131 Kurultay, &#8220;TDP, yeni d\u00f6nem, yeni umut\u201d slogan\u0131yla d\u00fczenlenecek.<\/span><\/span><\/span><\/span><\/p>\n<p style=\"text-align:left\">&nbsp;<\/p>\n<p style=\"text-align:left\"><span style=\"font-size:16px\"><span style=\"font-family:Merriweather,serif !important\"><span style=\"color:#000000\"><span style=\"background-color:#ffffff\">Genel Ba\u015fkanl\u0131k i\u00e7in Mine Atl\u0131\u2019n\u0131n yeniden aday olmayaca\u011f\u0131n\u0131 duyurmas\u0131 \u00fczerine \u00c7eler&#8217;in tek aday olarak kat\u0131laca\u011f\u0131 Kurultayda ayr\u0131ca 50 ki\u015filik Parti Meclisi ile Denetleme ve Y\u00fcksek Disiplin Kurulu \u00fcyeleri de se\u00e7ilecek.<\/span><\/span><\/span><\/span><\/p>\n","protected":false},"excerpt":{"rendered":"<p>Toplumcu Demokrasi Partisi\u2019nin (TDP) 8\u2019inci Ola\u011fan Kurultay\u0131 25 \u015eubat Pazar g\u00fcn\u00fc, Lefko\u015fa\u2019da The Paradise Park\u2019ta saat 10.00\u2019da ger\u00e7ekle\u015ftirilecek. TDP\u2019den verilen bilgiye g\u00f6re, faaliyet ve mali raporlar\u0131n \u00fcyelerin onay\u0131na sunulaca\u011f\u0131 Kurultay, &#8220;TDP, yeni d\u00f6nem, yeni umut\u201d slogan\u0131yla d\u00fczenlenecek. &nbsp; Genel Ba\u015fkanl\u0131k i\u00e7in Mine Atl\u0131\u2019n\u0131n yeniden aday olmayaca\u011f\u0131n\u0131 duyurmas\u0131 \u00fczerine \u00c7eler&#8217;in tek aday olarak kat\u0131laca\u011f\u0131 Kurultayda ayr\u0131ca<\/p>\n","protected":false},"author":1,"featured_media":30591,"comment_status":"open","ping_status":"open","sticky":false,"template":"","format":"standard","meta":{"footnotes":""},"categories":[86],"tags":[],"class_list":["post-30590","post","type-post","status-publish","format-standard","has-post-thumbnail","hentry","category-turkiye"],"yoast_head":"<!-- This site is optimized with the Yoast SEO plugin v27.5 - https:\/\/yoast.com\/product\/yoast-seo-wordpress\/ -->\n<title>TDP\u2019nin 8\u2019inci Ola\u011fan Kurultay\u0131 25 \u015eubat\u2019ta yap\u0131l\u0131yor -<\/title>\n<meta name=\"robots\" content=\"index, follow, max-snippet:-1, max-image-preview:large, max-video-preview:-1\" \/>\n<link rel=\"canonical\" href=\"https:\/\/kibrisdakik.com\/?p=30590\" \/>\n<meta property=\"og:locale\" content=\"tr_TR\" \/>\n<meta property=\"og:type\" content=\"article\" \/>\n<meta property=\"og:title\" content=\"TDP\u2019nin 8\u2019inci Ola\u011fan Kurultay\u0131 25 \u015eubat\u2019ta yap\u0131l\u0131yor -\" \/>\n<meta property=\"og:description\" content=\"Toplumcu Demokrasi Partisi\u2019nin (TDP) 8\u2019inci Ola\u011fan Kurultay\u0131 25 \u015eubat Pazar g\u00fcn\u00fc, Lefko\u015fa\u2019da The Paradise Park\u2019ta saat 10.00\u2019da ger\u00e7ekle\u015ftirilecek. TDP\u2019den verilen bilgiye g\u00f6re, faaliyet ve mali raporlar\u0131n \u00fcyelerin onay\u0131na sunulaca\u011f\u0131 Kurultay, &#8220;TDP, yeni d\u00f6nem, yeni umut\u201d slogan\u0131yla d\u00fczenlenecek. &nbsp; Genel Ba\u015fkanl\u0131k i\u00e7in Mine Atl\u0131\u2019n\u0131n yeniden aday olmayaca\u011f\u0131n\u0131 duyurmas\u0131 \u00fczerine \u00c7eler&#8217;in tek aday olarak kat\u0131laca\u011f\u0131 Kurultayda ayr\u0131ca\" \/>\n<meta property=\"og:url\" content=\"https:\/\/kibrisdakik.com\/?p=30590\" \/>\n<meta property=\"article:published_time\" content=\"2024-02-20T09:02:49+00:00\" \/>\n<meta property=\"og:image\" content=\"https:\/\/kibrisdakik.com\/wp-content\/uploads\/2024\/02\/tdpnin-8inci-olagan-kurultayi-25-subatta-yapiliyor-1708418993.webp.webp\" \/>\n\t<meta property=\"og:image:width\" content=\"710\" \/>\n\t<meta property=\"og:image:height\" content=\"370\" \/>\n\t<meta property=\"og:image:type\" content=\"image\/webp\" \/>\n<meta name=\"author\" content=\"admin\" \/>\n<meta name=\"twitter:card\" content=\"summary_large_image\" \/>\n<meta name=\"twitter:label1\" content=\"Yazan:\" \/>\n\t<meta name=\"twitter:data1\" content=\"admin\" \/>\n<script type=\"application\/ld+json\" class=\"yoast-schema-graph\">{\"@context\":\"https:\\\/\\\/schema.org\",\"@graph\":[{\"@type\":\"Article\",\"@id\":\"https:\\\/\\\/kibrisdakik.com\\\/?p=30590#article\",\"isPartOf\":{\"@id\":\"https:\\\/\\\/kibrisdakik.com\\\/?p=30590\"},\"author\":{\"name\":\"admin\",\"@id\":\"https:\\\/\\\/kibrisdakik.com\\\/#\\\/schema\\\/person\\\/9cd9d437bbb44f72b73ba127e06d8e79\"},\"headline\":\"TDP\u2019nin 8\u2019inci Ola\u011fan Kurultay\u0131 25 \u015eubat\u2019ta yap\u0131l\u0131yor\",\"datePublished\":\"2024-02-20T09:02:49+00:00\",\"mainEntityOfPage\":{\"@id\":\"https:\\\/\\\/kibrisdakik.com\\\/?p=30590\"},\"wordCount\":103,\"commentCount\":0,\"image\":{\"@id\":\"https:\\\/\\\/kibrisdakik.com\\\/?p=30590#primaryimage\"},\"thumbnailUrl\":\"https:\\\/\\\/kibrisdakik.com\\\/wp-content\\\/uploads\\\/2024\\\/02\\\/tdpnin-8inci-olagan-kurultayi-25-subatta-yapiliyor-1708418993.webp.webp\",\"articleSection\":[\"T\u00fcrkiye\"],\"inLanguage\":\"tr\",\"potentialAction\":[{\"@type\":\"CommentAction\",\"name\":\"Comment\",\"target\":[\"https:\\\/\\\/kibrisdakik.com\\\/?p=30590#respond\"]}]},{\"@type\":\"WebPage\",\"@id\":\"https:\\\/\\\/kibrisdakik.com\\\/?p=30590\",\"url\":\"https:\\\/\\\/kibrisdakik.com\\\/?p=30590\",\"name\":\"TDP\u2019nin 8\u2019inci Ola\u011fan Kurultay\u0131 25 \u015eubat\u2019ta yap\u0131l\u0131yor -\",\"isPartOf\":{\"@id\":\"https:\\\/\\\/kibrisdakik.com\\\/#website\"},\"primaryImageOfPage\":{\"@id\":\"https:\\\/\\\/kibrisdakik.com\\\/?p=30590#primaryimage\"},\"image\":{\"@id\":\"https:\\\/\\\/kibrisdakik.com\\\/?p=30590#primaryimage\"},\"thumbnailUrl\":\"https:\\\/\\\/kibrisdakik.com\\\/wp-content\\\/uploads\\\/2024\\\/02\\\/tdpnin-8inci-olagan-kurultayi-25-subatta-yapiliyor-1708418993.webp.webp\",\"datePublished\":\"2024-02-20T09:02:49+00:00\",\"author\":{\"@id\":\"https:\\\/\\\/kibrisdakik.com\\\/#\\\/schema\\\/person\\\/9cd9d437bbb44f72b73ba127e06d8e79\"},\"breadcrumb\":{\"@id\":\"https:\\\/\\\/kibrisdakik.com\\\/?p=30590#breadcrumb\"},\"inLanguage\":\"tr\",\"potentialAction\":[{\"@type\":\"ReadAction\",\"target\":[\"https:\\\/\\\/kibrisdakik.com\\\/?p=30590\"]}]},{\"@type\":\"ImageObject\",\"inLanguage\":\"tr\",\"@id\":\"https:\\\/\\\/kibrisdakik.com\\\/?p=30590#primaryimage\",\"url\":\"https:\\\/\\\/kibrisdakik.com\\\/wp-content\\\/uploads\\\/2024\\\/02\\\/tdpnin-8inci-olagan-kurultayi-25-subatta-yapiliyor-1708418993.webp.webp\",\"contentUrl\":\"https:\\\/\\\/kibrisdakik.com\\\/wp-content\\\/uploads\\\/2024\\\/02\\\/tdpnin-8inci-olagan-kurultayi-25-subatta-yapiliyor-1708418993.webp.webp\",\"width\":710,\"height\":370},{\"@type\":\"BreadcrumbList\",\"@id\":\"https:\\\/\\\/kibrisdakik.com\\\/?p=30590#breadcrumb\",\"itemListElement\":[{\"@type\":\"ListItem\",\"position\":1,\"name\":\"Home\",\"item\":\"https:\\\/\\\/kibrisdakik.com\\\/\"},{\"@type\":\"ListItem\",\"position\":2,\"name\":\"TDP\u2019nin 8\u2019inci Ola\u011fan Kurultay\u0131 25 \u015eubat\u2019ta yap\u0131l\u0131yor\"}]},{\"@type\":\"WebSite\",\"@id\":\"https:\\\/\\\/kibrisdakik.com\\\/#website\",\"url\":\"https:\\\/\\\/kibrisdakik.com\\\/\",\"name\":\"\",\"description\":\"Tam vaktinde haber\",\"potentialAction\":[{\"@type\":\"SearchAction\",\"target\":{\"@type\":\"EntryPoint\",\"urlTemplate\":\"https:\\\/\\\/kibrisdakik.com\\\/?s={search_term_string}\"},\"query-input\":{\"@type\":\"PropertyValueSpecification\",\"valueRequired\":true,\"valueName\":\"search_term_string\"}}],\"inLanguage\":\"tr\"},{\"@type\":\"Person\",\"@id\":\"https:\\\/\\\/kibrisdakik.com\\\/#\\\/schema\\\/person\\\/9cd9d437bbb44f72b73ba127e06d8e79\",\"name\":\"admin\",\"image\":{\"@type\":\"ImageObject\",\"inLanguage\":\"tr\",\"@id\":\"https:\\\/\\\/secure.gravatar.com\\\/avatar\\\/ccc17943b9d660506c869530f897617f7cb1c21a4bf30023f252596d83e1f007?s=96&d=mm&r=g\",\"url\":\"https:\\\/\\\/secure.gravatar.com\\\/avatar\\\/ccc17943b9d660506c869530f897617f7cb1c21a4bf30023f252596d83e1f007?s=96&d=mm&r=g\",\"contentUrl\":\"https:\\\/\\\/secure.gravatar.com\\\/avatar\\\/ccc17943b9d660506c869530f897617f7cb1c21a4bf30023f252596d83e1f007?s=96&d=mm&r=g\",\"caption\":\"admin\"},\"sameAs\":[\"https:\\\/\\\/kibrisdakik.com\"],\"url\":\"https:\\\/\\\/kibrisdakik.com\\\/?author=1\"}]}<\/script>\n<!-- \/ Yoast SEO plugin. -->","yoast_head_json":{"title":"TDP\u2019nin 8\u2019inci Ola\u011fan Kurultay\u0131 25 \u015eubat\u2019ta yap\u0131l\u0131yor -","robots":{"index":"index","follow":"follow","max-snippet":"max-snippet:-1","max-image-preview":"max-image-preview:large","max-video-preview":"max-video-preview:-1"},"canonical":"https:\/\/kibrisdakik.com\/?p=30590","og_locale":"tr_TR","og_type":"article","og_title":"TDP\u2019nin 8\u2019inci Ola\u011fan Kurultay\u0131 25 \u015eubat\u2019ta yap\u0131l\u0131yor -","og_description":"Toplumcu Demokrasi Partisi\u2019nin (TDP) 8\u2019inci Ola\u011fan Kurultay\u0131 25 \u015eubat Pazar g\u00fcn\u00fc, Lefko\u015fa\u2019da The Paradise Park\u2019ta saat 10.00\u2019da ger\u00e7ekle\u015ftirilecek. TDP\u2019den verilen bilgiye g\u00f6re, faaliyet ve mali raporlar\u0131n \u00fcyelerin onay\u0131na sunulaca\u011f\u0131 Kurultay, &#8220;TDP, yeni d\u00f6nem, yeni umut\u201d slogan\u0131yla d\u00fczenlenecek. &nbsp; Genel Ba\u015fkanl\u0131k i\u00e7in Mine Atl\u0131\u2019n\u0131n yeniden aday olmayaca\u011f\u0131n\u0131 duyurmas\u0131 \u00fczerine \u00c7eler&#8217;in tek aday olarak kat\u0131laca\u011f\u0131 Kurultayda ayr\u0131ca","og_url":"https:\/\/kibrisdakik.com\/?p=30590","article_published_time":"2024-02-20T09:02:49+00:00","og_image":[{"width":710,"height":370,"url":"https:\/\/kibrisdakik.com\/wp-content\/uploads\/2024\/02\/tdpnin-8inci-olagan-kurultayi-25-subatta-yapiliyor-1708418993.webp.webp","type":"image\/webp"}],"author":"admin","twitter_card":"summary_large_image","twitter_misc":{"Yazan:":"admin"},"schema":{"@context":"https:\/\/schema.org","@graph":[{"@type":"Article","@id":"https:\/\/kibrisdakik.com\/?p=30590#article","isPartOf":{"@id":"https:\/\/kibrisdakik.com\/?p=30590"},"author":{"name":"admin","@id":"https:\/\/kibrisdakik.com\/#\/schema\/person\/9cd9d437bbb44f72b73ba127e06d8e79"},"headline":"TDP\u2019nin 8\u2019inci Ola\u011fan Kurultay\u0131 25 \u015eubat\u2019ta yap\u0131l\u0131yor","datePublished":"2024-02-20T09:02:49+00:00","mainEntityOfPage":{"@id":"https:\/\/kibrisdakik.com\/?p=30590"},"wordCount":103,"commentCount":0,"image":{"@id":"https:\/\/kibrisdakik.com\/?p=30590#primaryimage"},"thumbnailUrl":"https:\/\/kibrisdakik.com\/wp-content\/uploads\/2024\/02\/tdpnin-8inci-olagan-kurultayi-25-subatta-yapiliyor-1708418993.webp.webp","articleSection":["T\u00fcrkiye"],"inLanguage":"tr","potentialAction":[{"@type":"CommentAction","name":"Comment","target":["https:\/\/kibrisdakik.com\/?p=30590#respond"]}]},{"@type":"WebPage","@id":"https:\/\/kibrisdakik.com\/?p=30590","url":"https:\/\/kibrisdakik.com\/?p=30590","name":"TDP\u2019nin 8\u2019inci Ola\u011fan Kurultay\u0131 25 \u015eubat\u2019ta yap\u0131l\u0131yor -","isPartOf":{"@id":"https:\/\/kibrisdakik.com\/#website"},"primaryImageOfPage":{"@id":"https:\/\/kibrisdakik.com\/?p=30590#primaryimage"},"image":{"@id":"https:\/\/kibrisdakik.com\/?p=30590#primaryimage"},"thumbnailUrl":"https:\/\/kibrisdakik.com\/wp-content\/uploads\/2024\/02\/tdpnin-8inci-olagan-kurultayi-25-subatta-yapiliyor-1708418993.webp.webp","datePublished":"2024-02-20T09:02:49+00:00","author":{"@id":"https:\/\/kibrisdakik.com\/#\/schema\/person\/9cd9d437bbb44f72b73ba127e06d8e79"},"breadcrumb":{"@id":"https:\/\/kibrisdakik.com\/?p=30590#breadcrumb"},"inLanguage":"tr","potentialAction":[{"@type":"ReadAction","target":["https:\/\/kibrisdakik.com\/?p=30590"]}]},{"@type":"ImageObject","inLanguage":"tr","@id":"https:\/\/kibrisdakik.com\/?p=30590#primaryimage","url":"https:\/\/kibrisdakik.com\/wp-content\/uploads\/2024\/02\/tdpnin-8inci-olagan-kurultayi-25-subatta-yapiliyor-1708418993.webp.webp","contentUrl":"https:\/\/kibrisdakik.com\/wp-content\/uploads\/2024\/02\/tdpnin-8inci-olagan-kurultayi-25-subatta-yapiliyor-1708418993.webp.webp","width":710,"height":370},{"@type":"BreadcrumbList","@id":"https:\/\/kibrisdakik.com\/?p=30590#breadcrumb","itemListElement":[{"@type":"ListItem","position":1,"name":"Home","item":"https:\/\/kibrisdakik.com\/"},{"@type":"ListItem","position":2,"name":"TDP\u2019nin 8\u2019inci Ola\u011fan Kurultay\u0131 25 \u015eubat\u2019ta yap\u0131l\u0131yor"}]},{"@type":"WebSite","@id":"https:\/\/kibrisdakik.com\/#website","url":"https:\/\/kibrisdakik.com\/","name":"","description":"Tam vaktinde haber","potentialAction":[{"@type":"SearchAction","target":{"@type":"EntryPoint","urlTemplate":"https:\/\/kibrisdakik.com\/?s={search_term_string}"},"query-input":{"@type":"PropertyValueSpecification","valueRequired":true,"valueName":"search_term_string"}}],"inLanguage":"tr"},{"@type":"Person","@id":"https:\/\/kibrisdakik.com\/#\/schema\/person\/9cd9d437bbb44f72b73ba127e06d8e79","name":"admin","image":{"@type":"ImageObject","inLanguage":"tr","@id":"https:\/\/secure.gravatar.com\/avatar\/ccc17943b9d660506c869530f897617f7cb1c21a4bf30023f252596d83e1f007?s=96&d=mm&r=g","url":"https:\/\/secure.gravatar.com\/avatar\/ccc17943b9d660506c869530f897617f7cb1c21a4bf30023f252596d83e1f007?s=96&d=mm&r=g","contentUrl":"https:\/\/secure.gravatar.com\/avatar\/ccc17943b9d660506c869530f897617f7cb1c21a4bf30023f252596d83e1f007?s=96&d=mm&r=g","caption":"admin"},"sameAs":["https:\/\/kibrisdakik.com"],"url":"https:\/\/kibrisdakik.com\/?author=1"}]}},"_links":{"self":[{"href":"https:\/\/kibrisdakik.com\/index.php?rest_route=\/wp\/v2\/posts\/30590","targetHints":{"allow":["GET"]}}],"collection":[{"href":"https:\/\/kibrisdakik.com\/index.php?rest_route=\/wp\/v2\/posts"}],"about":[{"href":"https:\/\/kibrisdakik.com\/index.php?rest_route=\/wp\/v2\/types\/post"}],"author":[{"embeddable":true,"href":"https:\/\/kibrisdakik.com\/index.php?rest_route=\/wp\/v2\/users\/1"}],"replies":[{"embeddable":true,"href":"https:\/\/kibrisdakik.com\/index.php?rest_route=%2Fwp%2Fv2%2Fcomments&post=30590"}],"version-history":[{"count":0,"href":"https:\/\/kibrisdakik.com\/index.php?rest_route=\/wp\/v2\/posts\/30590\/revisions"}],"wp:featuredmedia":[{"embeddable":true,"href":"https:\/\/kibrisdakik.com\/index.php?rest_route=\/wp\/v2\/media\/30591"}],"wp:attachment":[{"href":"https:\/\/kibrisdakik.com\/index.php?rest_route=%2Fwp%2Fv2%2Fmedia&parent=30590"}],"wp:term":[{"taxonomy":"category","embeddable":true,"href":"https:\/\/kibrisdakik.com\/index.php?rest_route=%2Fwp%2Fv2%2Fcategories&post=30590"},{"taxonomy":"post_tag","embeddable":true,"href":"https:\/\/kibrisdakik.com\/index.php?rest_route=%2Fwp%2Fv2%2Ftags&post=30590"}],"curies":[{"name":"wp","href":"https:\/\/api.w.org\/{rel}","templated":true}]}}