{"id":30658,"date":"2024-02-20T16:09:56","date_gmt":"2024-02-20T16:09:56","guid":{"rendered":"https:\/\/kibrisdakik.com\/index.php\/2024\/02\/20\/camide-cocuklara-bicak-ceken-yasli-adam-hakkinda-karar-verildi\/"},"modified":"2024-02-20T16:09:56","modified_gmt":"2024-02-20T16:09:56","slug":"camide-cocuklara-bicak-ceken-yasli-adam-hakkinda-karar-verildi","status":"publish","type":"post","link":"https:\/\/kibrisdakik.com\/?p=30658","title":{"rendered":"Camide \u00e7ocuklara b\u0131\u00e7ak \u00e7eken ya\u015fl\u0131 adam hakk\u0131nda karar verildi"},"content":{"rendered":"<p><\/p>\n<p>Diyarbak\u0131r&#8217;\u0131n Ba\u011flar il\u00e7esinde bir camide oyun oynayan \u00e7ocuklara b\u0131\u00e7ak \u00e7ekip \u201cuslu durun\u201d diyerek uyar\u0131da bulunan ve olay\u0131n ard\u0131ndan g\u00f6zalt\u0131nan al\u0131nan ya\u015fl\u0131 adam, adli kontrol \u015fart\u0131yla serbest b\u0131rak\u0131ld\u0131.<\/p>\n<p>13 \u015eubat\u2019ta merkez Ba\u011flar il\u00e7esi Fatih Mahallesi&#8217;ndeki Fatih Camii\u2019nde oyun oynayan \u00e7ocuklar\u0131 b\u0131\u00e7akla sessiz olmalar\u0131 y\u00f6n\u00fcnde uyaran S.S. (70), \u0130l\u00e7e Emniyet M\u00fcd\u00fcrl\u00fc\u011f\u00fc ekiplerince d\u00fcn g\u00f6zalt\u0131na al\u0131nd\u0131.<\/p>\n<p>Emniyetteki i\u015flemlerinin ard\u0131ndan bug\u00fcn adliyeye sevk edilen S.S., \u00e7\u0131kar\u0131ld\u0131\u011f\u0131 mahkemede adli kontrol \u015fart\u0131yla serbest b\u0131rak\u0131ld\u0131.<\/p>\n<p><img decoding=\"async\" alt=\"Camide \u00e7ocuklara b\u0131\u00e7ak \u00e7eken ya\u015fl\u0131 adam hakk\u0131nda karar verildi - 1. Resim\" src=\"https:\/\/i.tgrthaber.com.tr\/images\/haberler\/24-02\/20\/camide-cocuklara-bicak-ceken-yasli-adam-hakkinda-karar-verildi-17084441384810_1.jpg\" style=\"height:100%;width:850px\" \/><\/p>\n<p><img decoding=\"async\" alt=\"Camide \u00e7ocuklara b\u0131\u00e7ak \u00e7eken ya\u015fl\u0131 adam hakk\u0131nda karar verildi - 2. Resim\" src=\"https:\/\/i.tgrthaber.com.tr\/images\/haberler\/24-02\/20\/camide-cocuklara-bicak-ceken-yasli-adam-hakkinda-karar-verildi-17084441383425_2.jpg\" style=\"height:100%;width:850px\" \/><\/p>\n<p>&nbsp;<\/p>\n","protected":false},"excerpt":{"rendered":"<p>Diyarbak\u0131r&#8217;\u0131n Ba\u011flar il\u00e7esinde bir camide oyun oynayan \u00e7ocuklara b\u0131\u00e7ak \u00e7ekip \u201cuslu durun\u201d diyerek uyar\u0131da bulunan ve olay\u0131n ard\u0131ndan g\u00f6zalt\u0131nan al\u0131nan ya\u015fl\u0131 adam, adli kontrol \u015fart\u0131yla serbest b\u0131rak\u0131ld\u0131. 13 \u015eubat\u2019ta merkez Ba\u011flar il\u00e7esi Fatih Mahallesi&#8217;ndeki Fatih Camii\u2019nde oyun oynayan \u00e7ocuklar\u0131 b\u0131\u00e7akla sessiz olmalar\u0131 y\u00f6n\u00fcnde uyaran S.S. (70), \u0130l\u00e7e Emniyet M\u00fcd\u00fcrl\u00fc\u011f\u00fc ekiplerince d\u00fcn g\u00f6zalt\u0131na al\u0131nd\u0131. Emniyetteki i\u015flemlerinin<\/p>\n","protected":false},"author":1,"featured_media":30659,"comment_status":"open","ping_status":"open","sticky":false,"template":"","format":"standard","meta":{"footnotes":""},"categories":[86],"tags":[],"class_list":["post-30658","post","type-post","status-publish","format-standard","has-post-thumbnail","hentry","category-turkiye"],"yoast_head":"<!-- This site is optimized with the Yoast SEO plugin v27.4 - https:\/\/yoast.com\/product\/yoast-seo-wordpress\/ -->\n<title>Camide \u00e7ocuklara b\u0131\u00e7ak \u00e7eken ya\u015fl\u0131 adam hakk\u0131nda karar verildi -<\/title>\n<meta name=\"robots\" content=\"index, follow, max-snippet:-1, max-image-preview:large, max-video-preview:-1\" \/>\n<link rel=\"canonical\" href=\"https:\/\/kibrisdakik.com\/?p=30658\" \/>\n<meta property=\"og:locale\" content=\"tr_TR\" \/>\n<meta property=\"og:type\" content=\"article\" \/>\n<meta property=\"og:title\" content=\"Camide \u00e7ocuklara b\u0131\u00e7ak \u00e7eken ya\u015fl\u0131 adam hakk\u0131nda karar verildi -\" \/>\n<meta property=\"og:description\" content=\"Diyarbak\u0131r&#8217;\u0131n Ba\u011flar il\u00e7esinde bir camide oyun oynayan \u00e7ocuklara b\u0131\u00e7ak \u00e7ekip \u201cuslu durun\u201d diyerek uyar\u0131da bulunan ve olay\u0131n ard\u0131ndan g\u00f6zalt\u0131nan al\u0131nan ya\u015fl\u0131 adam, adli kontrol \u015fart\u0131yla serbest b\u0131rak\u0131ld\u0131. 13 \u015eubat\u2019ta merkez Ba\u011flar il\u00e7esi Fatih Mahallesi&#8217;ndeki Fatih Camii\u2019nde oyun oynayan \u00e7ocuklar\u0131 b\u0131\u00e7akla sessiz olmalar\u0131 y\u00f6n\u00fcnde uyaran S.S. (70), \u0130l\u00e7e Emniyet M\u00fcd\u00fcrl\u00fc\u011f\u00fc ekiplerince d\u00fcn g\u00f6zalt\u0131na al\u0131nd\u0131. Emniyetteki i\u015flemlerinin\" \/>\n<meta property=\"og:url\" content=\"https:\/\/kibrisdakik.com\/?p=30658\" \/>\n<meta property=\"article:published_time\" content=\"2024-02-20T16:09:56+00:00\" \/>\n<meta property=\"og:image\" content=\"https:\/\/kibrisdakik.com\/wp-content\/uploads\/2024\/02\/camide-cocuklara-bicak-ceken-yasli-adam-hakkinda-karar-verildi-17084441384810_1.jpg\" \/>\n\t<meta property=\"og:image:width\" content=\"799\" \/>\n\t<meta property=\"og:image:height\" content=\"444\" \/>\n\t<meta property=\"og:image:type\" content=\"image\/jpeg\" \/>\n<meta name=\"author\" content=\"admin\" \/>\n<meta name=\"twitter:card\" content=\"summary_large_image\" \/>\n<meta name=\"twitter:label1\" content=\"Yazan:\" \/>\n\t<meta name=\"twitter:data1\" content=\"admin\" \/>\n\t<meta name=\"twitter:label2\" content=\"Tahmini okuma s\u00fcresi\" \/>\n\t<meta name=\"twitter:data2\" content=\"1 dakika\" \/>\n<script type=\"application\/ld+json\" class=\"yoast-schema-graph\">{\"@context\":\"https:\\\/\\\/schema.org\",\"@graph\":[{\"@type\":\"Article\",\"@id\":\"https:\\\/\\\/kibrisdakik.com\\\/?p=30658#article\",\"isPartOf\":{\"@id\":\"https:\\\/\\\/kibrisdakik.com\\\/?p=30658\"},\"author\":{\"name\":\"admin\",\"@id\":\"https:\\\/\\\/kibrisdakik.com\\\/#\\\/schema\\\/person\\\/9cd9d437bbb44f72b73ba127e06d8e79\"},\"headline\":\"Camide \u00e7ocuklara b\u0131\u00e7ak \u00e7eken ya\u015fl\u0131 adam hakk\u0131nda karar verildi\",\"datePublished\":\"2024-02-20T16:09:56+00:00\",\"mainEntityOfPage\":{\"@id\":\"https:\\\/\\\/kibrisdakik.com\\\/?p=30658\"},\"wordCount\":117,\"commentCount\":0,\"image\":{\"@id\":\"https:\\\/\\\/kibrisdakik.com\\\/?p=30658#primaryimage\"},\"thumbnailUrl\":\"https:\\\/\\\/kibrisdakik.com\\\/wp-content\\\/uploads\\\/2024\\\/02\\\/camide-cocuklara-bicak-ceken-yasli-adam-hakkinda-karar-verildi-17084441384810_1.jpg\",\"articleSection\":[\"T\u00fcrkiye\"],\"inLanguage\":\"tr\",\"potentialAction\":[{\"@type\":\"CommentAction\",\"name\":\"Comment\",\"target\":[\"https:\\\/\\\/kibrisdakik.com\\\/?p=30658#respond\"]}]},{\"@type\":\"WebPage\",\"@id\":\"https:\\\/\\\/kibrisdakik.com\\\/?p=30658\",\"url\":\"https:\\\/\\\/kibrisdakik.com\\\/?p=30658\",\"name\":\"Camide \u00e7ocuklara b\u0131\u00e7ak \u00e7eken ya\u015fl\u0131 adam hakk\u0131nda karar verildi -\",\"isPartOf\":{\"@id\":\"https:\\\/\\\/kibrisdakik.com\\\/#website\"},\"primaryImageOfPage\":{\"@id\":\"https:\\\/\\\/kibrisdakik.com\\\/?p=30658#primaryimage\"},\"image\":{\"@id\":\"https:\\\/\\\/kibrisdakik.com\\\/?p=30658#primaryimage\"},\"thumbnailUrl\":\"https:\\\/\\\/kibrisdakik.com\\\/wp-content\\\/uploads\\\/2024\\\/02\\\/camide-cocuklara-bicak-ceken-yasli-adam-hakkinda-karar-verildi-17084441384810_1.jpg\",\"datePublished\":\"2024-02-20T16:09:56+00:00\",\"author\":{\"@id\":\"https:\\\/\\\/kibrisdakik.com\\\/#\\\/schema\\\/person\\\/9cd9d437bbb44f72b73ba127e06d8e79\"},\"breadcrumb\":{\"@id\":\"https:\\\/\\\/kibrisdakik.com\\\/?p=30658#breadcrumb\"},\"inLanguage\":\"tr\",\"potentialAction\":[{\"@type\":\"ReadAction\",\"target\":[\"https:\\\/\\\/kibrisdakik.com\\\/?p=30658\"]}]},{\"@type\":\"ImageObject\",\"inLanguage\":\"tr\",\"@id\":\"https:\\\/\\\/kibrisdakik.com\\\/?p=30658#primaryimage\",\"url\":\"https:\\\/\\\/kibrisdakik.com\\\/wp-content\\\/uploads\\\/2024\\\/02\\\/camide-cocuklara-bicak-ceken-yasli-adam-hakkinda-karar-verildi-17084441384810_1.jpg\",\"contentUrl\":\"https:\\\/\\\/kibrisdakik.com\\\/wp-content\\\/uploads\\\/2024\\\/02\\\/camide-cocuklara-bicak-ceken-yasli-adam-hakkinda-karar-verildi-17084441384810_1.jpg\",\"width\":799,\"height\":444},{\"@type\":\"BreadcrumbList\",\"@id\":\"https:\\\/\\\/kibrisdakik.com\\\/?p=30658#breadcrumb\",\"itemListElement\":[{\"@type\":\"ListItem\",\"position\":1,\"name\":\"Home\",\"item\":\"https:\\\/\\\/kibrisdakik.com\\\/\"},{\"@type\":\"ListItem\",\"position\":2,\"name\":\"Camide \u00e7ocuklara b\u0131\u00e7ak \u00e7eken ya\u015fl\u0131 adam hakk\u0131nda karar verildi\"}]},{\"@type\":\"WebSite\",\"@id\":\"https:\\\/\\\/kibrisdakik.com\\\/#website\",\"url\":\"https:\\\/\\\/kibrisdakik.com\\\/\",\"name\":\"\",\"description\":\"Tam vaktinde haber\",\"potentialAction\":[{\"@type\":\"SearchAction\",\"target\":{\"@type\":\"EntryPoint\",\"urlTemplate\":\"https:\\\/\\\/kibrisdakik.com\\\/?s={search_term_string}\"},\"query-input\":{\"@type\":\"PropertyValueSpecification\",\"valueRequired\":true,\"valueName\":\"search_term_string\"}}],\"inLanguage\":\"tr\"},{\"@type\":\"Person\",\"@id\":\"https:\\\/\\\/kibrisdakik.com\\\/#\\\/schema\\\/person\\\/9cd9d437bbb44f72b73ba127e06d8e79\",\"name\":\"admin\",\"image\":{\"@type\":\"ImageObject\",\"inLanguage\":\"tr\",\"@id\":\"https:\\\/\\\/secure.gravatar.com\\\/avatar\\\/ccc17943b9d660506c869530f897617f7cb1c21a4bf30023f252596d83e1f007?s=96&d=mm&r=g\",\"url\":\"https:\\\/\\\/secure.gravatar.com\\\/avatar\\\/ccc17943b9d660506c869530f897617f7cb1c21a4bf30023f252596d83e1f007?s=96&d=mm&r=g\",\"contentUrl\":\"https:\\\/\\\/secure.gravatar.com\\\/avatar\\\/ccc17943b9d660506c869530f897617f7cb1c21a4bf30023f252596d83e1f007?s=96&d=mm&r=g\",\"caption\":\"admin\"},\"sameAs\":[\"https:\\\/\\\/kibrisdakik.com\"],\"url\":\"https:\\\/\\\/kibrisdakik.com\\\/?author=1\"}]}<\/script>\n<!-- \/ Yoast SEO plugin. -->","yoast_head_json":{"title":"Camide \u00e7ocuklara b\u0131\u00e7ak \u00e7eken ya\u015fl\u0131 adam hakk\u0131nda karar verildi -","robots":{"index":"index","follow":"follow","max-snippet":"max-snippet:-1","max-image-preview":"max-image-preview:large","max-video-preview":"max-video-preview:-1"},"canonical":"https:\/\/kibrisdakik.com\/?p=30658","og_locale":"tr_TR","og_type":"article","og_title":"Camide \u00e7ocuklara b\u0131\u00e7ak \u00e7eken ya\u015fl\u0131 adam hakk\u0131nda karar verildi -","og_description":"Diyarbak\u0131r&#8217;\u0131n Ba\u011flar il\u00e7esinde bir camide oyun oynayan \u00e7ocuklara b\u0131\u00e7ak \u00e7ekip \u201cuslu durun\u201d diyerek uyar\u0131da bulunan ve olay\u0131n ard\u0131ndan g\u00f6zalt\u0131nan al\u0131nan ya\u015fl\u0131 adam, adli kontrol \u015fart\u0131yla serbest b\u0131rak\u0131ld\u0131. 13 \u015eubat\u2019ta merkez Ba\u011flar il\u00e7esi Fatih Mahallesi&#8217;ndeki Fatih Camii\u2019nde oyun oynayan \u00e7ocuklar\u0131 b\u0131\u00e7akla sessiz olmalar\u0131 y\u00f6n\u00fcnde uyaran S.S. (70), \u0130l\u00e7e Emniyet M\u00fcd\u00fcrl\u00fc\u011f\u00fc ekiplerince d\u00fcn g\u00f6zalt\u0131na al\u0131nd\u0131. Emniyetteki i\u015flemlerinin","og_url":"https:\/\/kibrisdakik.com\/?p=30658","article_published_time":"2024-02-20T16:09:56+00:00","og_image":[{"width":799,"height":444,"url":"https:\/\/kibrisdakik.com\/wp-content\/uploads\/2024\/02\/camide-cocuklara-bicak-ceken-yasli-adam-hakkinda-karar-verildi-17084441384810_1.jpg","type":"image\/jpeg"}],"author":"admin","twitter_card":"summary_large_image","twitter_misc":{"Yazan:":"admin","Tahmini okuma s\u00fcresi":"1 dakika"},"schema":{"@context":"https:\/\/schema.org","@graph":[{"@type":"Article","@id":"https:\/\/kibrisdakik.com\/?p=30658#article","isPartOf":{"@id":"https:\/\/kibrisdakik.com\/?p=30658"},"author":{"name":"admin","@id":"https:\/\/kibrisdakik.com\/#\/schema\/person\/9cd9d437bbb44f72b73ba127e06d8e79"},"headline":"Camide \u00e7ocuklara b\u0131\u00e7ak \u00e7eken ya\u015fl\u0131 adam hakk\u0131nda karar verildi","datePublished":"2024-02-20T16:09:56+00:00","mainEntityOfPage":{"@id":"https:\/\/kibrisdakik.com\/?p=30658"},"wordCount":117,"commentCount":0,"image":{"@id":"https:\/\/kibrisdakik.com\/?p=30658#primaryimage"},"thumbnailUrl":"https:\/\/kibrisdakik.com\/wp-content\/uploads\/2024\/02\/camide-cocuklara-bicak-ceken-yasli-adam-hakkinda-karar-verildi-17084441384810_1.jpg","articleSection":["T\u00fcrkiye"],"inLanguage":"tr","potentialAction":[{"@type":"CommentAction","name":"Comment","target":["https:\/\/kibrisdakik.com\/?p=30658#respond"]}]},{"@type":"WebPage","@id":"https:\/\/kibrisdakik.com\/?p=30658","url":"https:\/\/kibrisdakik.com\/?p=30658","name":"Camide \u00e7ocuklara b\u0131\u00e7ak \u00e7eken ya\u015fl\u0131 adam hakk\u0131nda karar verildi -","isPartOf":{"@id":"https:\/\/kibrisdakik.com\/#website"},"primaryImageOfPage":{"@id":"https:\/\/kibrisdakik.com\/?p=30658#primaryimage"},"image":{"@id":"https:\/\/kibrisdakik.com\/?p=30658#primaryimage"},"thumbnailUrl":"https:\/\/kibrisdakik.com\/wp-content\/uploads\/2024\/02\/camide-cocuklara-bicak-ceken-yasli-adam-hakkinda-karar-verildi-17084441384810_1.jpg","datePublished":"2024-02-20T16:09:56+00:00","author":{"@id":"https:\/\/kibrisdakik.com\/#\/schema\/person\/9cd9d437bbb44f72b73ba127e06d8e79"},"breadcrumb":{"@id":"https:\/\/kibrisdakik.com\/?p=30658#breadcrumb"},"inLanguage":"tr","potentialAction":[{"@type":"ReadAction","target":["https:\/\/kibrisdakik.com\/?p=30658"]}]},{"@type":"ImageObject","inLanguage":"tr","@id":"https:\/\/kibrisdakik.com\/?p=30658#primaryimage","url":"https:\/\/kibrisdakik.com\/wp-content\/uploads\/2024\/02\/camide-cocuklara-bicak-ceken-yasli-adam-hakkinda-karar-verildi-17084441384810_1.jpg","contentUrl":"https:\/\/kibrisdakik.com\/wp-content\/uploads\/2024\/02\/camide-cocuklara-bicak-ceken-yasli-adam-hakkinda-karar-verildi-17084441384810_1.jpg","width":799,"height":444},{"@type":"BreadcrumbList","@id":"https:\/\/kibrisdakik.com\/?p=30658#breadcrumb","itemListElement":[{"@type":"ListItem","position":1,"name":"Home","item":"https:\/\/kibrisdakik.com\/"},{"@type":"ListItem","position":2,"name":"Camide \u00e7ocuklara b\u0131\u00e7ak \u00e7eken ya\u015fl\u0131 adam hakk\u0131nda karar verildi"}]},{"@type":"WebSite","@id":"https:\/\/kibrisdakik.com\/#website","url":"https:\/\/kibrisdakik.com\/","name":"","description":"Tam vaktinde haber","potentialAction":[{"@type":"SearchAction","target":{"@type":"EntryPoint","urlTemplate":"https:\/\/kibrisdakik.com\/?s={search_term_string}"},"query-input":{"@type":"PropertyValueSpecification","valueRequired":true,"valueName":"search_term_string"}}],"inLanguage":"tr"},{"@type":"Person","@id":"https:\/\/kibrisdakik.com\/#\/schema\/person\/9cd9d437bbb44f72b73ba127e06d8e79","name":"admin","image":{"@type":"ImageObject","inLanguage":"tr","@id":"https:\/\/secure.gravatar.com\/avatar\/ccc17943b9d660506c869530f897617f7cb1c21a4bf30023f252596d83e1f007?s=96&d=mm&r=g","url":"https:\/\/secure.gravatar.com\/avatar\/ccc17943b9d660506c869530f897617f7cb1c21a4bf30023f252596d83e1f007?s=96&d=mm&r=g","contentUrl":"https:\/\/secure.gravatar.com\/avatar\/ccc17943b9d660506c869530f897617f7cb1c21a4bf30023f252596d83e1f007?s=96&d=mm&r=g","caption":"admin"},"sameAs":["https:\/\/kibrisdakik.com"],"url":"https:\/\/kibrisdakik.com\/?author=1"}]}},"_links":{"self":[{"href":"https:\/\/kibrisdakik.com\/index.php?rest_route=\/wp\/v2\/posts\/30658","targetHints":{"allow":["GET"]}}],"collection":[{"href":"https:\/\/kibrisdakik.com\/index.php?rest_route=\/wp\/v2\/posts"}],"about":[{"href":"https:\/\/kibrisdakik.com\/index.php?rest_route=\/wp\/v2\/types\/post"}],"author":[{"embeddable":true,"href":"https:\/\/kibrisdakik.com\/index.php?rest_route=\/wp\/v2\/users\/1"}],"replies":[{"embeddable":true,"href":"https:\/\/kibrisdakik.com\/index.php?rest_route=%2Fwp%2Fv2%2Fcomments&post=30658"}],"version-history":[{"count":0,"href":"https:\/\/kibrisdakik.com\/index.php?rest_route=\/wp\/v2\/posts\/30658\/revisions"}],"wp:featuredmedia":[{"embeddable":true,"href":"https:\/\/kibrisdakik.com\/index.php?rest_route=\/wp\/v2\/media\/30659"}],"wp:attachment":[{"href":"https:\/\/kibrisdakik.com\/index.php?rest_route=%2Fwp%2Fv2%2Fmedia&parent=30658"}],"wp:term":[{"taxonomy":"category","embeddable":true,"href":"https:\/\/kibrisdakik.com\/index.php?rest_route=%2Fwp%2Fv2%2Fcategories&post=30658"},{"taxonomy":"post_tag","embeddable":true,"href":"https:\/\/kibrisdakik.com\/index.php?rest_route=%2Fwp%2Fv2%2Ftags&post=30658"}],"curies":[{"name":"wp","href":"https:\/\/api.w.org\/{rel}","templated":true}]}}