{"id":30696,"date":"2024-02-20T20:27:05","date_gmt":"2024-02-20T20:27:05","guid":{"rendered":"https:\/\/kibrisdakik.com\/index.php\/2024\/02\/20\/rusya-uzaya-nukleer-silah-gonderecek-mi-putin-acikladi\/"},"modified":"2024-02-20T20:27:05","modified_gmt":"2024-02-20T20:27:05","slug":"rusya-uzaya-nukleer-silah-gonderecek-mi-putin-acikladi","status":"publish","type":"post","link":"https:\/\/kibrisdakik.com\/?p=30696","title":{"rendered":"Rusya uzaya n\u00fckleer silah g\u00f6nderecek mi? Putin a\u00e7\u0131klad\u0131!"},"content":{"rendered":"<p><\/p>\n<p>Rus ordusunun Ukrayna\u2019n\u0131n Donetsk b\u00f6lgesindeki Avdiyivka \u015fehrini ele ge\u00e7irmesinden sonra Rusya Devlet Ba\u015fkan\u0131 Vladimir Putin ile Rusya Savunma Bakan\u0131 Sergey \u015eoygu, Kremlin Saray\u0131\u2019nda bir araya geldi.<\/p>\n<p>&nbsp;<\/p>\n<p><img decoding=\"async\" alt=\"Rusya uzaya n\u00fckleer silah g\u00f6nderecek mi Putin a\u00e7\u0131klad\u0131\" src=\"https:\/\/image.cnnturk.com\/i\/cnnturk\/75\/0x555\/65d5048f511571effe825aab.jpg\" \/><\/p>\n<ul>\n<li><img decoding=\"async\" alt=\"facebook\" src=\"https:\/\/v6s.cnnturk.com\/images\/detail-pages\/gallery-facebook.svg\" \/><\/li>\n<li><img decoding=\"async\" alt=\"x\" src=\"https:\/\/v6s.cnnturk.com\/images\/detail-pages\/gallery-x.svg\" \/><\/li>\n<li><img decoding=\"async\" alt=\"whatsapp\" src=\"https:\/\/v6s.cnnturk.com\/images\/detail-pages\/gallery-whatsapp.svg\" \/><\/li>\n<\/ul>\n<p><img decoding=\"async\" alt=\"zoom\" src=\"https:\/\/v6s.cnnturk.com\/images\/detail-pages\/gallery-zoom.svg\" \/><\/p>\n<p>Ukrayna Devlet Ba\u015fkan\u0131 Vladimir Zelenskiy\u2019in Ukrayna birliklerine geri \u00e7ekilme emri verdi\u011fi y\u00f6n\u00fcndeki a\u00e7\u0131klamas\u0131na cevap veren Putin, \u201cUkrayna birliklerine \u00e7ekilme emri verdi\u011finde askerleri zaten ka\u00e7\u0131yordu\u201d dedi.<\/p>\n<p>Avdiyivka kentindeki zaferin daha da geni\u015fletilmesi gerekti\u011fini ifade eden Putin, \u201cBu ba\u015far\u0131n\u0131n daha da geli\u015ftirilmesi gerekiyor. Bu ad\u0131mlar\u0131n iyi haz\u0131rlanmas\u0131 personel, silah, te\u00e7hizat ve m\u00fchimmatla g\u00fcvence alt\u0131na al\u0131nmas\u0131 gerekiyor\u201d dedi.<\/p>\n<p>N\u00dcKLEER S\u0130LAH \u0130DD\u0130ASI<\/p>\n<p>&nbsp;<\/p>\n<p><img decoding=\"async\" alt=\"Rusya uzaya n\u00fckleer silah g\u00f6nderecek mi Putin a\u00e7\u0131klad\u0131\" src=\"https:\/\/image.cnnturk.com\/i\/cnnturk\/75\/0x555\/65d5048e511571effe825aa5.jpg\" \/><\/p>\n<ul>\n<li><img decoding=\"async\" alt=\"facebook\" src=\"https:\/\/v6s.cnnturk.com\/images\/detail-pages\/gallery-facebook.svg\" \/><\/li>\n<li><img decoding=\"async\" alt=\"x\" src=\"https:\/\/v6s.cnnturk.com\/images\/detail-pages\/gallery-x.svg\" \/><\/li>\n<li><img decoding=\"async\" alt=\"whatsapp\" src=\"https:\/\/v6s.cnnturk.com\/images\/detail-pages\/gallery-whatsapp.svg\" \/><\/li>\n<\/ul>\n<p><img decoding=\"async\" alt=\"zoom\" src=\"https:\/\/v6s.cnnturk.com\/images\/detail-pages\/gallery-zoom.svg\" \/><\/p>\n<p>ABD bas\u0131n\u0131ndaki &#8220;Rusya&#8217;n\u0131n uzaya n\u00fckleer silah konu\u015fland\u0131rmay\u0131 planlad\u0131\u011f\u0131&#8221; y\u00f6n\u00fcndeki iddialara de\u011finen Putin, \u201cBizim duru\u015fumuz a\u00e7\u0131k ve \u015feffaft\u0131r. Uzaya n\u00fckleer silah konu\u015fland\u0131r\u0131lmas\u0131na daima kategorik bir \u015fekilde kar\u015f\u0131yd\u0131k ve \u015fimdi de kar\u015f\u0131y\u0131z. Bu alanda var olan t\u00fcm anla\u015fmalara uyulmas\u0131n\u0131 de\u011fil, ayn\u0131 zamanda ortak \u00e7al\u0131\u015fmalar\u0131n g\u00fc\u00e7lendirilmesini defalarca teklif ettik\u201d dedi.<\/p>\n<p>\u015eoygu da kendilerinin b\u00f6yle bir operasyon i\u00e7erisinde olmad\u0131\u011f\u0131n\u0131 tekrarlayarak, \u201cBunu onlar da \u00e7ok iyi biliyor. Ancak yine de g\u00fcr\u00fclt\u00fc \u00e7\u0131kart\u0131yorlar. Sadece Ukrayna i\u00e7in de\u011fil, ayn\u0131 zamanda Rusya&#8217;y\u0131 stratejik olarak yenmek i\u00e7in senat\u00f6rleri ve kongre \u00fcyelerini korkutarak fonlar\u0131n tahsilini sa\u011flamak istiyorlar\u201d dedi.<\/p>\n<p>ABD&#8217;N\u0130N N\u00dcKLEER \u0130DD\u0130ALARI<\/p>\n<p>&nbsp;<\/p>\n<p><img decoding=\"async\" alt=\"Rusya uzaya n\u00fckleer silah g\u00f6nderecek mi Putin a\u00e7\u0131klad\u0131\" src=\"https:\/\/image.cnnturk.com\/i\/cnnturk\/75\/0x555\/65d50491511571effe825ab3.jpg\" \/><\/p>\n<ul>\n<li><img decoding=\"async\" alt=\"facebook\" src=\"https:\/\/v6s.cnnturk.com\/images\/detail-pages\/gallery-facebook.svg\" \/><\/li>\n<li><img decoding=\"async\" alt=\"x\" src=\"https:\/\/v6s.cnnturk.com\/images\/detail-pages\/gallery-x.svg\" \/><\/li>\n<li><img decoding=\"async\" alt=\"whatsapp\" src=\"https:\/\/v6s.cnnturk.com\/images\/detail-pages\/gallery-whatsapp.svg\" \/><\/li>\n<\/ul>\n<p><img decoding=\"async\" alt=\"zoom\" src=\"https:\/\/v6s.cnnturk.com\/images\/detail-pages\/gallery-zoom.svg\" \/><\/p>\n<p>ABD Temsilciler Meclisi \u0130stihbarat Komitesi Ba\u015fkan\u0131 Mike Turner\u2019\u0131n ge\u00e7ti\u011fimiz g\u00fcnlerde g\u00fcndeme getirdi\u011fi &#8220;ciddi ulusal g\u00fcvenlik tehdidi&#8221; sonras\u0131 ABD bas\u0131n\u0131nda &#8220;Rusya&#8217;n\u0131n uzaya n\u00fckleer silah konu\u015fland\u0131rmay\u0131 planlad\u0131\u011f\u0131&#8221; y\u00f6n\u00fcnde haberler yer alm\u0131\u015ft\u0131. ABD Ulusal G\u00fcvenlik Konseyi Stratejik \u0130leti\u015fim Koordinat\u00f6r\u00fc John Kirby, s\u00f6z konusu ulusal g\u00fcvenlik tehdidinin Rusya&#8217;n\u0131n geli\u015ftirdi\u011fi uydular\u0131 hedef alma kabiliyetine ili\u015fkin bir teknoloji oldu\u011funu belirtmi\u015f, bu sistemin n\u00fckleer silah ya da n\u00fckleer kabiliyet olarak de\u011ferlendirilip de\u011ferlendirilmeyece\u011fi konusunda yan\u0131t vermekten ka\u00e7\u0131nm\u0131\u015ft\u0131. Kirby, &#8220;\u00d6ncelikle bu konu\u015fland\u0131r\u0131lm\u0131\u015f aktif bir kabiliyet de\u011fil. Rusya&#8217;n\u0131n bu kabiliyetin pe\u015finde olmas\u0131 endi\u015fe verici olsa da, kimsenin g\u00fcvenli\u011fine y\u00f6nelik acil bir tehdit s\u00f6z konusu de\u011fil. \u0130nsanlara sald\u0131rmak ya da D\u00fcnya&#8217;da fiziksel y\u0131k\u0131ma neden olmak i\u00e7in kullan\u0131labilecek bir silahtan bahsetmiyoruz\u201d demi\u015fti.<\/p>\n","protected":false},"excerpt":{"rendered":"<p>Rus ordusunun Ukrayna\u2019n\u0131n Donetsk b\u00f6lgesindeki Avdiyivka \u015fehrini ele ge\u00e7irmesinden sonra Rusya Devlet Ba\u015fkan\u0131 Vladimir Putin ile Rusya Savunma Bakan\u0131 Sergey \u015eoygu, Kremlin Saray\u0131\u2019nda bir araya geldi. &nbsp; Ukrayna Devlet Ba\u015fkan\u0131 Vladimir Zelenskiy\u2019in Ukrayna birliklerine geri \u00e7ekilme emri verdi\u011fi y\u00f6n\u00fcndeki a\u00e7\u0131klamas\u0131na cevap veren Putin, \u201cUkrayna birliklerine \u00e7ekilme emri verdi\u011finde askerleri zaten ka\u00e7\u0131yordu\u201d dedi. Avdiyivka kentindeki zaferin<\/p>\n","protected":false},"author":1,"featured_media":30697,"comment_status":"open","ping_status":"open","sticky":false,"template":"","format":"standard","meta":{"footnotes":""},"categories":[1],"tags":[],"class_list":["post-30696","post","type-post","status-publish","format-standard","has-post-thumbnail","hentry","category-gundem"],"yoast_head":"<!-- This site is optimized with the Yoast SEO plugin v27.5 - https:\/\/yoast.com\/product\/yoast-seo-wordpress\/ -->\n<title>Rusya uzaya n\u00fckleer silah g\u00f6nderecek mi? Putin a\u00e7\u0131klad\u0131! -<\/title>\n<meta name=\"robots\" content=\"index, follow, max-snippet:-1, max-image-preview:large, max-video-preview:-1\" \/>\n<link rel=\"canonical\" href=\"https:\/\/kibrisdakik.com\/?p=30696\" \/>\n<meta property=\"og:locale\" content=\"tr_TR\" \/>\n<meta property=\"og:type\" content=\"article\" \/>\n<meta property=\"og:title\" content=\"Rusya uzaya n\u00fckleer silah g\u00f6nderecek mi? Putin a\u00e7\u0131klad\u0131! -\" \/>\n<meta property=\"og:description\" content=\"Rus ordusunun Ukrayna\u2019n\u0131n Donetsk b\u00f6lgesindeki Avdiyivka \u015fehrini ele ge\u00e7irmesinden sonra Rusya Devlet Ba\u015fkan\u0131 Vladimir Putin ile Rusya Savunma Bakan\u0131 Sergey \u015eoygu, Kremlin Saray\u0131\u2019nda bir araya geldi. &nbsp; Ukrayna Devlet Ba\u015fkan\u0131 Vladimir Zelenskiy\u2019in Ukrayna birliklerine geri \u00e7ekilme emri verdi\u011fi y\u00f6n\u00fcndeki a\u00e7\u0131klamas\u0131na cevap veren Putin, \u201cUkrayna birliklerine \u00e7ekilme emri verdi\u011finde askerleri zaten ka\u00e7\u0131yordu\u201d dedi. Avdiyivka kentindeki zaferin\" \/>\n<meta property=\"og:url\" content=\"https:\/\/kibrisdakik.com\/?p=30696\" \/>\n<meta property=\"article:published_time\" content=\"2024-02-20T20:27:05+00:00\" \/>\n<meta property=\"og:image\" content=\"https:\/\/kibrisdakik.com\/wp-content\/uploads\/2024\/02\/65d5048f511571effe825aab-737x420.jpg\" \/>\n\t<meta property=\"og:image:width\" content=\"737\" \/>\n\t<meta property=\"og:image:height\" content=\"555\" \/>\n\t<meta property=\"og:image:type\" content=\"image\/jpeg\" \/>\n<meta name=\"author\" content=\"admin\" \/>\n<meta name=\"twitter:card\" content=\"summary_large_image\" \/>\n<meta name=\"twitter:label1\" content=\"Yazan:\" \/>\n\t<meta name=\"twitter:data1\" content=\"admin\" \/>\n\t<meta name=\"twitter:label2\" content=\"Tahmini okuma s\u00fcresi\" \/>\n\t<meta name=\"twitter:data2\" content=\"2 dakika\" \/>\n<script type=\"application\/ld+json\" class=\"yoast-schema-graph\">{\"@context\":\"https:\\\/\\\/schema.org\",\"@graph\":[{\"@type\":\"Article\",\"@id\":\"https:\\\/\\\/kibrisdakik.com\\\/?p=30696#article\",\"isPartOf\":{\"@id\":\"https:\\\/\\\/kibrisdakik.com\\\/?p=30696\"},\"author\":{\"name\":\"admin\",\"@id\":\"https:\\\/\\\/kibrisdakik.com\\\/#\\\/schema\\\/person\\\/9cd9d437bbb44f72b73ba127e06d8e79\"},\"headline\":\"Rusya uzaya n\u00fckleer silah g\u00f6nderecek mi? Putin a\u00e7\u0131klad\u0131!\",\"datePublished\":\"2024-02-20T20:27:05+00:00\",\"mainEntityOfPage\":{\"@id\":\"https:\\\/\\\/kibrisdakik.com\\\/?p=30696\"},\"wordCount\":428,\"commentCount\":0,\"image\":{\"@id\":\"https:\\\/\\\/kibrisdakik.com\\\/?p=30696#primaryimage\"},\"thumbnailUrl\":\"https:\\\/\\\/kibrisdakik.com\\\/wp-content\\\/uploads\\\/2024\\\/02\\\/65d5048f511571effe825aab-737x420.jpg\",\"articleSection\":[\"G\u00fcndem\"],\"inLanguage\":\"tr\",\"potentialAction\":[{\"@type\":\"CommentAction\",\"name\":\"Comment\",\"target\":[\"https:\\\/\\\/kibrisdakik.com\\\/?p=30696#respond\"]}]},{\"@type\":\"WebPage\",\"@id\":\"https:\\\/\\\/kibrisdakik.com\\\/?p=30696\",\"url\":\"https:\\\/\\\/kibrisdakik.com\\\/?p=30696\",\"name\":\"Rusya uzaya n\u00fckleer silah g\u00f6nderecek mi? Putin a\u00e7\u0131klad\u0131! -\",\"isPartOf\":{\"@id\":\"https:\\\/\\\/kibrisdakik.com\\\/#website\"},\"primaryImageOfPage\":{\"@id\":\"https:\\\/\\\/kibrisdakik.com\\\/?p=30696#primaryimage\"},\"image\":{\"@id\":\"https:\\\/\\\/kibrisdakik.com\\\/?p=30696#primaryimage\"},\"thumbnailUrl\":\"https:\\\/\\\/kibrisdakik.com\\\/wp-content\\\/uploads\\\/2024\\\/02\\\/65d5048f511571effe825aab-737x420.jpg\",\"datePublished\":\"2024-02-20T20:27:05+00:00\",\"author\":{\"@id\":\"https:\\\/\\\/kibrisdakik.com\\\/#\\\/schema\\\/person\\\/9cd9d437bbb44f72b73ba127e06d8e79\"},\"breadcrumb\":{\"@id\":\"https:\\\/\\\/kibrisdakik.com\\\/?p=30696#breadcrumb\"},\"inLanguage\":\"tr\",\"potentialAction\":[{\"@type\":\"ReadAction\",\"target\":[\"https:\\\/\\\/kibrisdakik.com\\\/?p=30696\"]}]},{\"@type\":\"ImageObject\",\"inLanguage\":\"tr\",\"@id\":\"https:\\\/\\\/kibrisdakik.com\\\/?p=30696#primaryimage\",\"url\":\"https:\\\/\\\/kibrisdakik.com\\\/wp-content\\\/uploads\\\/2024\\\/02\\\/65d5048f511571effe825aab-737x420.jpg\",\"contentUrl\":\"https:\\\/\\\/kibrisdakik.com\\\/wp-content\\\/uploads\\\/2024\\\/02\\\/65d5048f511571effe825aab-737x420.jpg\",\"width\":737,\"height\":555},{\"@type\":\"BreadcrumbList\",\"@id\":\"https:\\\/\\\/kibrisdakik.com\\\/?p=30696#breadcrumb\",\"itemListElement\":[{\"@type\":\"ListItem\",\"position\":1,\"name\":\"Home\",\"item\":\"https:\\\/\\\/kibrisdakik.com\\\/\"},{\"@type\":\"ListItem\",\"position\":2,\"name\":\"Rusya uzaya n\u00fckleer silah g\u00f6nderecek mi? Putin a\u00e7\u0131klad\u0131!\"}]},{\"@type\":\"WebSite\",\"@id\":\"https:\\\/\\\/kibrisdakik.com\\\/#website\",\"url\":\"https:\\\/\\\/kibrisdakik.com\\\/\",\"name\":\"\",\"description\":\"Tam vaktinde haber\",\"potentialAction\":[{\"@type\":\"SearchAction\",\"target\":{\"@type\":\"EntryPoint\",\"urlTemplate\":\"https:\\\/\\\/kibrisdakik.com\\\/?s={search_term_string}\"},\"query-input\":{\"@type\":\"PropertyValueSpecification\",\"valueRequired\":true,\"valueName\":\"search_term_string\"}}],\"inLanguage\":\"tr\"},{\"@type\":\"Person\",\"@id\":\"https:\\\/\\\/kibrisdakik.com\\\/#\\\/schema\\\/person\\\/9cd9d437bbb44f72b73ba127e06d8e79\",\"name\":\"admin\",\"image\":{\"@type\":\"ImageObject\",\"inLanguage\":\"tr\",\"@id\":\"https:\\\/\\\/secure.gravatar.com\\\/avatar\\\/ccc17943b9d660506c869530f897617f7cb1c21a4bf30023f252596d83e1f007?s=96&d=mm&r=g\",\"url\":\"https:\\\/\\\/secure.gravatar.com\\\/avatar\\\/ccc17943b9d660506c869530f897617f7cb1c21a4bf30023f252596d83e1f007?s=96&d=mm&r=g\",\"contentUrl\":\"https:\\\/\\\/secure.gravatar.com\\\/avatar\\\/ccc17943b9d660506c869530f897617f7cb1c21a4bf30023f252596d83e1f007?s=96&d=mm&r=g\",\"caption\":\"admin\"},\"sameAs\":[\"https:\\\/\\\/kibrisdakik.com\"],\"url\":\"https:\\\/\\\/kibrisdakik.com\\\/?author=1\"}]}<\/script>\n<!-- \/ Yoast SEO plugin. -->","yoast_head_json":{"title":"Rusya uzaya n\u00fckleer silah g\u00f6nderecek mi? Putin a\u00e7\u0131klad\u0131! -","robots":{"index":"index","follow":"follow","max-snippet":"max-snippet:-1","max-image-preview":"max-image-preview:large","max-video-preview":"max-video-preview:-1"},"canonical":"https:\/\/kibrisdakik.com\/?p=30696","og_locale":"tr_TR","og_type":"article","og_title":"Rusya uzaya n\u00fckleer silah g\u00f6nderecek mi? Putin a\u00e7\u0131klad\u0131! -","og_description":"Rus ordusunun Ukrayna\u2019n\u0131n Donetsk b\u00f6lgesindeki Avdiyivka \u015fehrini ele ge\u00e7irmesinden sonra Rusya Devlet Ba\u015fkan\u0131 Vladimir Putin ile Rusya Savunma Bakan\u0131 Sergey \u015eoygu, Kremlin Saray\u0131\u2019nda bir araya geldi. &nbsp; Ukrayna Devlet Ba\u015fkan\u0131 Vladimir Zelenskiy\u2019in Ukrayna birliklerine geri \u00e7ekilme emri verdi\u011fi y\u00f6n\u00fcndeki a\u00e7\u0131klamas\u0131na cevap veren Putin, \u201cUkrayna birliklerine \u00e7ekilme emri verdi\u011finde askerleri zaten ka\u00e7\u0131yordu\u201d dedi. Avdiyivka kentindeki zaferin","og_url":"https:\/\/kibrisdakik.com\/?p=30696","article_published_time":"2024-02-20T20:27:05+00:00","og_image":[{"width":737,"height":555,"url":"https:\/\/kibrisdakik.com\/wp-content\/uploads\/2024\/02\/65d5048f511571effe825aab-737x420.jpg","type":"image\/jpeg"}],"author":"admin","twitter_card":"summary_large_image","twitter_misc":{"Yazan:":"admin","Tahmini okuma s\u00fcresi":"2 dakika"},"schema":{"@context":"https:\/\/schema.org","@graph":[{"@type":"Article","@id":"https:\/\/kibrisdakik.com\/?p=30696#article","isPartOf":{"@id":"https:\/\/kibrisdakik.com\/?p=30696"},"author":{"name":"admin","@id":"https:\/\/kibrisdakik.com\/#\/schema\/person\/9cd9d437bbb44f72b73ba127e06d8e79"},"headline":"Rusya uzaya n\u00fckleer silah g\u00f6nderecek mi? Putin a\u00e7\u0131klad\u0131!","datePublished":"2024-02-20T20:27:05+00:00","mainEntityOfPage":{"@id":"https:\/\/kibrisdakik.com\/?p=30696"},"wordCount":428,"commentCount":0,"image":{"@id":"https:\/\/kibrisdakik.com\/?p=30696#primaryimage"},"thumbnailUrl":"https:\/\/kibrisdakik.com\/wp-content\/uploads\/2024\/02\/65d5048f511571effe825aab-737x420.jpg","articleSection":["G\u00fcndem"],"inLanguage":"tr","potentialAction":[{"@type":"CommentAction","name":"Comment","target":["https:\/\/kibrisdakik.com\/?p=30696#respond"]}]},{"@type":"WebPage","@id":"https:\/\/kibrisdakik.com\/?p=30696","url":"https:\/\/kibrisdakik.com\/?p=30696","name":"Rusya uzaya n\u00fckleer silah g\u00f6nderecek mi? Putin a\u00e7\u0131klad\u0131! -","isPartOf":{"@id":"https:\/\/kibrisdakik.com\/#website"},"primaryImageOfPage":{"@id":"https:\/\/kibrisdakik.com\/?p=30696#primaryimage"},"image":{"@id":"https:\/\/kibrisdakik.com\/?p=30696#primaryimage"},"thumbnailUrl":"https:\/\/kibrisdakik.com\/wp-content\/uploads\/2024\/02\/65d5048f511571effe825aab-737x420.jpg","datePublished":"2024-02-20T20:27:05+00:00","author":{"@id":"https:\/\/kibrisdakik.com\/#\/schema\/person\/9cd9d437bbb44f72b73ba127e06d8e79"},"breadcrumb":{"@id":"https:\/\/kibrisdakik.com\/?p=30696#breadcrumb"},"inLanguage":"tr","potentialAction":[{"@type":"ReadAction","target":["https:\/\/kibrisdakik.com\/?p=30696"]}]},{"@type":"ImageObject","inLanguage":"tr","@id":"https:\/\/kibrisdakik.com\/?p=30696#primaryimage","url":"https:\/\/kibrisdakik.com\/wp-content\/uploads\/2024\/02\/65d5048f511571effe825aab-737x420.jpg","contentUrl":"https:\/\/kibrisdakik.com\/wp-content\/uploads\/2024\/02\/65d5048f511571effe825aab-737x420.jpg","width":737,"height":555},{"@type":"BreadcrumbList","@id":"https:\/\/kibrisdakik.com\/?p=30696#breadcrumb","itemListElement":[{"@type":"ListItem","position":1,"name":"Home","item":"https:\/\/kibrisdakik.com\/"},{"@type":"ListItem","position":2,"name":"Rusya uzaya n\u00fckleer silah g\u00f6nderecek mi? Putin a\u00e7\u0131klad\u0131!"}]},{"@type":"WebSite","@id":"https:\/\/kibrisdakik.com\/#website","url":"https:\/\/kibrisdakik.com\/","name":"","description":"Tam vaktinde haber","potentialAction":[{"@type":"SearchAction","target":{"@type":"EntryPoint","urlTemplate":"https:\/\/kibrisdakik.com\/?s={search_term_string}"},"query-input":{"@type":"PropertyValueSpecification","valueRequired":true,"valueName":"search_term_string"}}],"inLanguage":"tr"},{"@type":"Person","@id":"https:\/\/kibrisdakik.com\/#\/schema\/person\/9cd9d437bbb44f72b73ba127e06d8e79","name":"admin","image":{"@type":"ImageObject","inLanguage":"tr","@id":"https:\/\/secure.gravatar.com\/avatar\/ccc17943b9d660506c869530f897617f7cb1c21a4bf30023f252596d83e1f007?s=96&d=mm&r=g","url":"https:\/\/secure.gravatar.com\/avatar\/ccc17943b9d660506c869530f897617f7cb1c21a4bf30023f252596d83e1f007?s=96&d=mm&r=g","contentUrl":"https:\/\/secure.gravatar.com\/avatar\/ccc17943b9d660506c869530f897617f7cb1c21a4bf30023f252596d83e1f007?s=96&d=mm&r=g","caption":"admin"},"sameAs":["https:\/\/kibrisdakik.com"],"url":"https:\/\/kibrisdakik.com\/?author=1"}]}},"_links":{"self":[{"href":"https:\/\/kibrisdakik.com\/index.php?rest_route=\/wp\/v2\/posts\/30696","targetHints":{"allow":["GET"]}}],"collection":[{"href":"https:\/\/kibrisdakik.com\/index.php?rest_route=\/wp\/v2\/posts"}],"about":[{"href":"https:\/\/kibrisdakik.com\/index.php?rest_route=\/wp\/v2\/types\/post"}],"author":[{"embeddable":true,"href":"https:\/\/kibrisdakik.com\/index.php?rest_route=\/wp\/v2\/users\/1"}],"replies":[{"embeddable":true,"href":"https:\/\/kibrisdakik.com\/index.php?rest_route=%2Fwp%2Fv2%2Fcomments&post=30696"}],"version-history":[{"count":0,"href":"https:\/\/kibrisdakik.com\/index.php?rest_route=\/wp\/v2\/posts\/30696\/revisions"}],"wp:featuredmedia":[{"embeddable":true,"href":"https:\/\/kibrisdakik.com\/index.php?rest_route=\/wp\/v2\/media\/30697"}],"wp:attachment":[{"href":"https:\/\/kibrisdakik.com\/index.php?rest_route=%2Fwp%2Fv2%2Fmedia&parent=30696"}],"wp:term":[{"taxonomy":"category","embeddable":true,"href":"https:\/\/kibrisdakik.com\/index.php?rest_route=%2Fwp%2Fv2%2Fcategories&post=30696"},{"taxonomy":"post_tag","embeddable":true,"href":"https:\/\/kibrisdakik.com\/index.php?rest_route=%2Fwp%2Fv2%2Ftags&post=30696"}],"curies":[{"name":"wp","href":"https:\/\/api.w.org\/{rel}","templated":true}]}}