{"id":30764,"date":"2024-02-21T14:47:06","date_gmt":"2024-02-21T14:47:06","guid":{"rendered":"https:\/\/kibrisdakik.com\/index.php\/2024\/02\/21\/ctp-genel-baskani-erhurman-2024-secim-yili-olmali\/"},"modified":"2024-02-21T14:47:06","modified_gmt":"2024-02-21T14:47:06","slug":"ctp-genel-baskani-erhurman-2024-secim-yili-olmali","status":"publish","type":"post","link":"https:\/\/kibrisdakik.com\/?p=30764","title":{"rendered":"CTP Genel Ba\u015fkan\u0131 Erh\u00fcrman: \u201c2024 se\u00e7im y\u0131l\u0131 olmal\u0131\u201d"},"content":{"rendered":"<p><img decoding=\"async\" src=\"https:\/\/www.kibristurk.com\/images\/haberler\/2024\/02\/ctp-genel-baskani-erhurman-2024-secim-yili-olmali-1708523898.webp\" \/><\/p>\n<p style=\"text-align:left\"><span style=\"font-size:16px\"><span style=\"font-family:Merriweather,serif !important\"><span style=\"color:#000000\"><span style=\"background-color:#ffffff\">CTP\u2019den yap\u0131lan a\u00e7\u0131klamaya g\u00f6re, Tufan Erh\u00fcrman, Kanal T\u2019de kat\u0131ld\u0131\u011f\u0131 programda Ahmet Kaptan&#8217;\u0131n sorular\u0131 yan\u0131tlad\u0131.<\/span><\/span><\/span><\/span><\/p>\n<p style=\"text-align:left\"><span style=\"font-size:16px\"><span style=\"font-family:Merriweather,serif !important\"><span style=\"color:#000000\"><span style=\"background-color:#ffffff\">Kara s\u0131n\u0131r kap\u0131lar\u0131 a\u00e7\u0131ld\u0131ktan sonraki d\u00f6nemde, ekonominin kuzeyden g\u00fcneye kayd\u0131\u011f\u0131n\u0131 an\u0131msatan Erh\u00fcrman, \u201cSay\u0131n Ersin Tatar da o d\u00f6nemlerde Maliye Bakan\u0131&#8217;yd\u0131. \u2018Milli piyasadan al\u0131\u015fveri\u015f yap\u0131n\u2019 diye \u00e7a\u011fr\u0131 yapt\u0131\u011f\u0131n\u0131 hat\u0131rl\u0131yorum\u201d diye konu\u015ftu.<\/span><\/span><\/span><\/span><\/p>\n<p style=\"text-align:left\"><span style=\"font-size:16px\"><span style=\"font-family:Merriweather,serif !important\"><span style=\"color:#000000\"><span style=\"background-color:#ffffff\">D\u00f6rt ay \u00f6ncesine kadar kuzeyin, g\u00fcneyden gelenler a\u00e7\u0131s\u0131ndan daha ucuz hale geldi\u011fini ifade eden Erh\u00fcrman, lokantalar\u0131n, berberlerin, marketlerin g\u00fcneyden gelenlerle doldu\u011funu hat\u0131rlatt\u0131. &nbsp;<\/span><\/span><\/span><\/span><\/p>\n<p style=\"text-align:left\"><span style=\"font-size:16px\"><span style=\"font-family:Merriweather,serif !important\"><span style=\"color:#000000\"><span style=\"background-color:#ffffff\">S\u00f6z konusu durumun d\u00f6rt ay \u00f6ncesinde ge\u00e7erli oldu\u011funu s\u00f6yleyen Erh\u00fcrman, euronun bug\u00fcn 33 band\u0131nda olmas\u0131na ra\u011fmen insanlar\u0131n eti, domatesi, marulu g\u00fcneyden ald\u0131\u011f\u0131n\u0131 kaydetti.<\/span><\/span><\/span><\/span><\/p>\n<p style=\"text-align:left\"><span style=\"font-size:16px\"><span style=\"font-family:Merriweather,serif !important\"><span style=\"color:#000000\"><span style=\"background-color:#ffffff\">G\u00fcneye ge\u00e7emeyecek ki\u015filerin ise bu taraftaki fiyatlara mahkum oldu\u011funu belirten Erh\u00fcrman, euronun 34\u2019e dayanm\u0131\u015f olmas\u0131na ra\u011fmen, durumun b\u00f6yle olmas\u0131n\u0131 ele\u015ftirdi. \u201cAd\u0131na h\u00fck\u00fcmet denen yap\u0131 ise t\u00fcm sorunlara seyirci kald\u0131\u201d diyen Tufan Erh\u00fcrman, t\u00fcm payda\u015flar\u0131 bir araya getirip, masan\u0131n kurulmas\u0131 gerekti\u011fine dikkat \u00e7ekti. CTP Genel Ba\u015fkan\u0131 Erh\u00fcrman, girdi maliyetlerinin ne d\u00fczeye geldi\u011finin de bilindi\u011fini ifade etti.<\/span><\/span><\/span><\/span><\/p>\n<p style=\"text-align:left\">&nbsp;<\/p>\n<p style=\"text-align:left\"><span style=\"font-size:16px\"><span style=\"font-family:Merriweather,serif !important\"><span style=\"color:#000000\"><span style=\"background-color:#ffffff\">-\u201cPiyasadaki esas sorun \u00f6ng\u00f6r\u00fclemezlik\u201d<\/span><\/span><\/span><\/span><\/p>\n<p style=\"text-align:left\"><span style=\"font-size:16px\"><span style=\"font-family:Merriweather,serif !important\"><span style=\"color:#000000\"><span style=\"background-color:#ffffff\">\u201cD\u00f6rt ayl\u0131k enflasyon b\u00f6yle giderse y\u00fczde 28 olabilir\u201d a\u00e7\u0131klamalar\u0131n\u0131 da ele\u015ftiren Erh\u00fcrman, ge\u00e7en d\u00f6nemde hayat pahal\u0131l\u0131\u011f\u0131n\u0131n y\u00fczde 48.5 olaca\u011f\u0131n\u0131n a\u00e7\u0131kland\u0131\u011f\u0131n\u0131 hat\u0131rlatt\u0131 ve bunun sonucunda hayat pahal\u0131l\u0131\u011f\u0131 oran\u0131n\u0131n y\u00fczde 50\u2019yi ge\u00e7ti\u011fini belirtti. Y\u00fczde 28 verildi\u011finde, personel giderleri olarak tekrardan fiyatlara yans\u0131yaca\u011f\u0131n\u0131 ifade eden Erh\u00fcrman, g\u00fcneye kay\u0131\u015f\u0131n da buna paralel olarak h\u0131zlanaca\u011f\u0131n\u0131 kaydetti.<\/span><\/span><\/span><\/span><\/p>\n<p style=\"text-align:left\"><span style=\"font-size:16px\"><span style=\"font-family:Merriweather,serif !important\"><span style=\"color:#000000\"><span style=\"background-color:#ffffff\">\u201cBu d\u00f6ng\u00fc sizi, \u00fcreticileriniz piyasadan \u00e7ekildi\u011fi, d\u00fckkanlar\u0131n kapanma noktas\u0131na geldi\u011fi bir noktaya ta\u015f\u0131yacak\u201d diyen Erh\u00fcrman, piyasada bunlar ya\u015fan\u0131rken h\u00fck\u00fcmetin ne yapt\u0131\u011f\u0131n\u0131 sordu.<\/span><\/span><\/span><\/span><\/p>\n<p style=\"text-align:left\"><span style=\"font-size:16px\"><span style=\"font-family:Merriweather,serif !important\"><span style=\"color:#000000\"><span style=\"background-color:#ffffff\">\u00dclkedeki mevzuat yap\u0131s\u0131n\u0131 da de\u011ferlendiren Tufan Erh\u00fcrman, \u201cAsgari \u00fccreti artt\u0131rd\u0131\u011f\u0131n\u0131z anda, devlet nezdinde b\u00fct\u00fcn i\u015flemler de art\u0131yor. \u00c7\u00fcnk\u00fc her \u015fey asgari \u00fccrete endeksli\u2026 B\u00fct\u00fcn yasalar asgari \u00fccrete endeksli bir \u015fekilde d\u00fczenlendi\u201d dedi.<\/span><\/span><\/span><\/span><\/p>\n<p style=\"text-align:left\"><span style=\"font-size:16px\"><span style=\"font-family:Merriweather,serif !important\"><span style=\"color:#000000\"><span style=\"background-color:#ffffff\">Asgari \u00fccretlinin art\u0131\u015f ald\u0131\u011f\u0131 g\u00fcn, s\u00f6z konusu art\u0131\u015f\u0131n elinden gitti\u011fini ifade eden Erh\u00fcrman, \u201c\u00d6deyece\u011fi her \u015fey de art\u0131yor. Bu s\u00fcrd\u00fcr\u00fclebilir de\u011fildir. Bunu be\u015f y\u0131ld\u0131r s\u00f6yl\u00fcyoruz. Stabil para birimine endeksli muhasebe birimini de \u00f6nermi\u015ftik. Piyasada esas sorun \u00f6ng\u00f6r\u00fclemezlik sorunudur\u201d diye konu\u015ftu.<\/span><\/span><\/span><\/span><\/p>\n<p style=\"text-align:left\"><span style=\"font-size:16px\"><span style=\"font-family:Merriweather,serif !important\"><span style=\"color:#000000\"><span style=\"background-color:#ffffff\">\u201cBu gidi\u015f bizi sadece yoksulla\u015ft\u0131rm\u0131yor. Yokla\u015ft\u0131r\u0131yor. K\u00fc\u00e7\u00fckba\u015f \u00fcreticisinin, \u2018ben \u00fcretime devam edece\u011fim\u2019 demesi de, narenciye \u00fcreticisinin, \u2018\u00e7ocu\u011fuma da bu i\u015fi b\u0131rakaca\u011f\u0131m\u2019 demesi de art\u0131k kahramanl\u0131kt\u0131r\u201d diyen Erh\u00fcrman, h\u00fck\u00fcmetin ya\u015fananlar\u0131 izlemeye devam etti\u011fini dile getirdi.<\/span><\/span><\/span><\/span><\/p>\n<p style=\"text-align:left\">&nbsp;<\/p>\n<p style=\"text-align:left\"><span style=\"font-size:16px\"><span style=\"font-family:Merriweather,serif !important\"><span style=\"color:#000000\"><span style=\"background-color:#ffffff\">-\u201cHerkes ba\u011f\u0131r\u0131yor, h\u00fck\u00fcmet seyrediyor\u201d<\/span><\/span><\/span><\/span><\/p>\n<p style=\"text-align:left\"><span style=\"font-size:16px\"><span style=\"font-family:Merriweather,serif !important\"><span style=\"color:#000000\"><span style=\"background-color:#ffffff\">Zorunlu t\u00fcketim, \u00f6zellikle de \u00e7ocuk malzemelerinde narh koyulmas\u0131 gerekti\u011fini belirten CTP Genel Ba\u015fkan\u0131 Erh\u00fcrman, \u201cBu piyasa zorunlu ihtiya\u00e7lar\u0131n giderilmesini bile imkans\u0131z hale getiriyor\u201d dedi. \u00dclkenin k\u00f6t\u00fc de\u011fil, hi\u00e7 y\u00f6netilmedi\u011fini ifade eden Erh\u00fcrman, \u201cHerkes ba\u011f\u0131r\u0131yor, h\u00fck\u00fcmet seyrediyor\u201d dedi. Hayat pahal\u0131l\u0131\u011f\u0131n\u0131n hesaplanmas\u0131nda kullan\u0131lan sepetin de\u011fi\u015fmesi gerekti\u011fini kaydeden Erh\u00fcrman, \u201cReele gelmesi laz\u0131m, g\u00fcncellenmesi laz\u0131m\u201d diye konu\u015ftu.<\/span><\/span><\/span><\/span><\/p>\n<p style=\"text-align:left\">&nbsp;<\/p>\n<p style=\"text-align:left\">&nbsp;<\/p>\n<p style=\"text-align:left\"><span style=\"font-size:16px\"><span style=\"font-family:Merriweather,serif !important\"><span style=\"color:#000000\"><span style=\"background-color:#ffffff\">-\u201cToparlanmas\u0131 m\u00fcmk\u00fcn olmayan zararlar veriliyor\u201d<\/span><\/span><\/span><\/span><\/p>\n<p style=\"text-align:left\"><span style=\"font-size:16px\"><span style=\"font-family:Merriweather,serif !important\"><span style=\"color:#000000\"><span style=\"background-color:#ffffff\">\u201cKar\u015f\u0131m\u0131zdaki zihniyet halk\u0131n g\u00f6z\u00fcn\u00fcn i\u00e7ine baka baka dalga ge\u00e7iyor\u201d diyen Erh\u00fcrman, \u00fclkede gizlenemeyecek bir fukarala\u015fma ya\u015fand\u0131\u011f\u0131n\u0131 kaydetti. Tufan Erh\u00fcrman, \u201cFukarala\u015fma, yokla\u015fma ya\u015fan\u0131yor. Bunlar ya\u015fan\u0131rken bunun \u00fcst\u00fc \u00f6rt\u00fclemez\u201d dedi.<\/span><\/span><\/span><\/span><\/p>\n<p style=\"text-align:left\"><span style=\"font-size:16px\"><span style=\"font-family:Merriweather,serif !important\"><span style=\"color:#000000\"><span style=\"background-color:#ffffff\">Elektrik Kurumunun da zarara u\u011frat\u0131ld\u0131\u011f\u0131n\u0131 ifade eden Erh\u00fcrman, \u015funlar\u0131 kaydetti:<\/span><\/span><\/span><\/span><\/p>\n<p style=\"text-align:left\"><span style=\"font-size:16px\"><span style=\"font-family:Merriweather,serif !important\"><span style=\"color:#000000\"><span style=\"background-color:#ffffff\">\u201c\u0130halesiz, daha ucuza elektrik getirece\u011fiz diye, \u00fclkeyi zarara u\u011fratt\u0131klar\u0131n\u0131 itiraf ettiler\u2026 Bu kurumlar\u0131n yazd\u0131\u011f\u0131 zararlar, d\u00f6n\u00fcp bize ciro ediliyor. Bu halkt\u0131r, bunlar\u0131n alt\u0131na ezilen. Tarihimizin en ciddi krizlerini her alanda ya\u015fad\u0131\u011f\u0131m\u0131z ko\u015fullarda, bu \u00fclke y\u00f6netilmiyor. \u00dclke y\u00f6netilmiyor, arkada\u015flar izliyor. Toparlanmas\u0131 m\u00fcmk\u00fcn olmayan zararlar da veriliyor. 2024\u2019\u00fcn se\u00e7im y\u0131l\u0131 olmas\u0131 laz\u0131m\u2026 Halk ne takdir ederse, bizim boynumuz k\u0131ldan ince. Bu zihniyetin, burada kald\u0131\u011f\u0131 her dakika, bizim gelece\u011fimizden \u00e7al\u0131nm\u0131\u015f bir g\u00fcnd\u00fcr.\u201d<\/span><\/span><\/span><\/span><\/p>\n","protected":false},"excerpt":{"rendered":"<p>CTP\u2019den yap\u0131lan a\u00e7\u0131klamaya g\u00f6re, Tufan Erh\u00fcrman, Kanal T\u2019de kat\u0131ld\u0131\u011f\u0131 programda Ahmet Kaptan&#8217;\u0131n sorular\u0131 yan\u0131tlad\u0131. Kara s\u0131n\u0131r kap\u0131lar\u0131 a\u00e7\u0131ld\u0131ktan sonraki d\u00f6nemde, ekonominin kuzeyden g\u00fcneye kayd\u0131\u011f\u0131n\u0131 an\u0131msatan Erh\u00fcrman, \u201cSay\u0131n Ersin Tatar da o d\u00f6nemlerde Maliye Bakan\u0131&#8217;yd\u0131. \u2018Milli piyasadan al\u0131\u015fveri\u015f yap\u0131n\u2019 diye \u00e7a\u011fr\u0131 yapt\u0131\u011f\u0131n\u0131 hat\u0131rl\u0131yorum\u201d diye konu\u015ftu. D\u00f6rt ay \u00f6ncesine kadar kuzeyin, g\u00fcneyden gelenler a\u00e7\u0131s\u0131ndan daha ucuz hale<\/p>\n","protected":false},"author":1,"featured_media":30765,"comment_status":"open","ping_status":"open","sticky":false,"template":"","format":"standard","meta":{"footnotes":""},"categories":[1],"tags":[],"class_list":["post-30764","post","type-post","status-publish","format-standard","has-post-thumbnail","hentry","category-gundem"],"yoast_head":"<!-- This site is optimized with the Yoast SEO plugin v27.5 - https:\/\/yoast.com\/product\/yoast-seo-wordpress\/ -->\n<title>CTP Genel Ba\u015fkan\u0131 Erh\u00fcrman: \u201c2024 se\u00e7im y\u0131l\u0131 olmal\u0131\u201d -<\/title>\n<meta name=\"robots\" content=\"index, follow, max-snippet:-1, max-image-preview:large, max-video-preview:-1\" \/>\n<link rel=\"canonical\" href=\"https:\/\/kibrisdakik.com\/?p=30764\" \/>\n<meta property=\"og:locale\" content=\"tr_TR\" \/>\n<meta property=\"og:type\" content=\"article\" \/>\n<meta property=\"og:title\" content=\"CTP Genel Ba\u015fkan\u0131 Erh\u00fcrman: \u201c2024 se\u00e7im y\u0131l\u0131 olmal\u0131\u201d -\" \/>\n<meta property=\"og:description\" content=\"CTP\u2019den yap\u0131lan a\u00e7\u0131klamaya g\u00f6re, Tufan Erh\u00fcrman, Kanal T\u2019de kat\u0131ld\u0131\u011f\u0131 programda Ahmet Kaptan&#8217;\u0131n sorular\u0131 yan\u0131tlad\u0131. Kara s\u0131n\u0131r kap\u0131lar\u0131 a\u00e7\u0131ld\u0131ktan sonraki d\u00f6nemde, ekonominin kuzeyden g\u00fcneye kayd\u0131\u011f\u0131n\u0131 an\u0131msatan Erh\u00fcrman, \u201cSay\u0131n Ersin Tatar da o d\u00f6nemlerde Maliye Bakan\u0131&#8217;yd\u0131. \u2018Milli piyasadan al\u0131\u015fveri\u015f yap\u0131n\u2019 diye \u00e7a\u011fr\u0131 yapt\u0131\u011f\u0131n\u0131 hat\u0131rl\u0131yorum\u201d diye konu\u015ftu. D\u00f6rt ay \u00f6ncesine kadar kuzeyin, g\u00fcneyden gelenler a\u00e7\u0131s\u0131ndan daha ucuz hale\" \/>\n<meta property=\"og:url\" content=\"https:\/\/kibrisdakik.com\/?p=30764\" \/>\n<meta property=\"article:published_time\" content=\"2024-02-21T14:47:06+00:00\" \/>\n<meta property=\"og:image\" content=\"https:\/\/kibrisdakik.com\/wp-content\/uploads\/2024\/02\/ctp-genel-baskani-erhurman-2024-secim-yili-olmali-1708523898.webp.webp\" \/>\n\t<meta property=\"og:image:width\" content=\"710\" \/>\n\t<meta property=\"og:image:height\" content=\"370\" \/>\n\t<meta property=\"og:image:type\" content=\"image\/webp\" \/>\n<meta name=\"author\" content=\"admin\" \/>\n<meta name=\"twitter:card\" content=\"summary_large_image\" \/>\n<meta name=\"twitter:label1\" content=\"Yazan:\" \/>\n\t<meta name=\"twitter:data1\" content=\"admin\" \/>\n\t<meta name=\"twitter:label2\" content=\"Tahmini okuma s\u00fcresi\" \/>\n\t<meta name=\"twitter:data2\" content=\"4 dakika\" \/>\n<script type=\"application\/ld+json\" class=\"yoast-schema-graph\">{\"@context\":\"https:\\\/\\\/schema.org\",\"@graph\":[{\"@type\":\"Article\",\"@id\":\"https:\\\/\\\/kibrisdakik.com\\\/?p=30764#article\",\"isPartOf\":{\"@id\":\"https:\\\/\\\/kibrisdakik.com\\\/?p=30764\"},\"author\":{\"name\":\"admin\",\"@id\":\"https:\\\/\\\/kibrisdakik.com\\\/#\\\/schema\\\/person\\\/9cd9d437bbb44f72b73ba127e06d8e79\"},\"headline\":\"CTP Genel Ba\u015fkan\u0131 Erh\u00fcrman: \u201c2024 se\u00e7im y\u0131l\u0131 olmal\u0131\u201d\",\"datePublished\":\"2024-02-21T14:47:06+00:00\",\"mainEntityOfPage\":{\"@id\":\"https:\\\/\\\/kibrisdakik.com\\\/?p=30764\"},\"wordCount\":775,\"commentCount\":0,\"image\":{\"@id\":\"https:\\\/\\\/kibrisdakik.com\\\/?p=30764#primaryimage\"},\"thumbnailUrl\":\"https:\\\/\\\/kibrisdakik.com\\\/wp-content\\\/uploads\\\/2024\\\/02\\\/ctp-genel-baskani-erhurman-2024-secim-yili-olmali-1708523898.webp.webp\",\"articleSection\":[\"G\u00fcndem\"],\"inLanguage\":\"tr\",\"potentialAction\":[{\"@type\":\"CommentAction\",\"name\":\"Comment\",\"target\":[\"https:\\\/\\\/kibrisdakik.com\\\/?p=30764#respond\"]}]},{\"@type\":\"WebPage\",\"@id\":\"https:\\\/\\\/kibrisdakik.com\\\/?p=30764\",\"url\":\"https:\\\/\\\/kibrisdakik.com\\\/?p=30764\",\"name\":\"CTP Genel Ba\u015fkan\u0131 Erh\u00fcrman: \u201c2024 se\u00e7im y\u0131l\u0131 olmal\u0131\u201d -\",\"isPartOf\":{\"@id\":\"https:\\\/\\\/kibrisdakik.com\\\/#website\"},\"primaryImageOfPage\":{\"@id\":\"https:\\\/\\\/kibrisdakik.com\\\/?p=30764#primaryimage\"},\"image\":{\"@id\":\"https:\\\/\\\/kibrisdakik.com\\\/?p=30764#primaryimage\"},\"thumbnailUrl\":\"https:\\\/\\\/kibrisdakik.com\\\/wp-content\\\/uploads\\\/2024\\\/02\\\/ctp-genel-baskani-erhurman-2024-secim-yili-olmali-1708523898.webp.webp\",\"datePublished\":\"2024-02-21T14:47:06+00:00\",\"author\":{\"@id\":\"https:\\\/\\\/kibrisdakik.com\\\/#\\\/schema\\\/person\\\/9cd9d437bbb44f72b73ba127e06d8e79\"},\"breadcrumb\":{\"@id\":\"https:\\\/\\\/kibrisdakik.com\\\/?p=30764#breadcrumb\"},\"inLanguage\":\"tr\",\"potentialAction\":[{\"@type\":\"ReadAction\",\"target\":[\"https:\\\/\\\/kibrisdakik.com\\\/?p=30764\"]}]},{\"@type\":\"ImageObject\",\"inLanguage\":\"tr\",\"@id\":\"https:\\\/\\\/kibrisdakik.com\\\/?p=30764#primaryimage\",\"url\":\"https:\\\/\\\/kibrisdakik.com\\\/wp-content\\\/uploads\\\/2024\\\/02\\\/ctp-genel-baskani-erhurman-2024-secim-yili-olmali-1708523898.webp.webp\",\"contentUrl\":\"https:\\\/\\\/kibrisdakik.com\\\/wp-content\\\/uploads\\\/2024\\\/02\\\/ctp-genel-baskani-erhurman-2024-secim-yili-olmali-1708523898.webp.webp\",\"width\":710,\"height\":370},{\"@type\":\"BreadcrumbList\",\"@id\":\"https:\\\/\\\/kibrisdakik.com\\\/?p=30764#breadcrumb\",\"itemListElement\":[{\"@type\":\"ListItem\",\"position\":1,\"name\":\"Home\",\"item\":\"https:\\\/\\\/kibrisdakik.com\\\/\"},{\"@type\":\"ListItem\",\"position\":2,\"name\":\"CTP Genel Ba\u015fkan\u0131 Erh\u00fcrman: \u201c2024 se\u00e7im y\u0131l\u0131 olmal\u0131\u201d\"}]},{\"@type\":\"WebSite\",\"@id\":\"https:\\\/\\\/kibrisdakik.com\\\/#website\",\"url\":\"https:\\\/\\\/kibrisdakik.com\\\/\",\"name\":\"\",\"description\":\"Tam vaktinde haber\",\"potentialAction\":[{\"@type\":\"SearchAction\",\"target\":{\"@type\":\"EntryPoint\",\"urlTemplate\":\"https:\\\/\\\/kibrisdakik.com\\\/?s={search_term_string}\"},\"query-input\":{\"@type\":\"PropertyValueSpecification\",\"valueRequired\":true,\"valueName\":\"search_term_string\"}}],\"inLanguage\":\"tr\"},{\"@type\":\"Person\",\"@id\":\"https:\\\/\\\/kibrisdakik.com\\\/#\\\/schema\\\/person\\\/9cd9d437bbb44f72b73ba127e06d8e79\",\"name\":\"admin\",\"image\":{\"@type\":\"ImageObject\",\"inLanguage\":\"tr\",\"@id\":\"https:\\\/\\\/secure.gravatar.com\\\/avatar\\\/ccc17943b9d660506c869530f897617f7cb1c21a4bf30023f252596d83e1f007?s=96&d=mm&r=g\",\"url\":\"https:\\\/\\\/secure.gravatar.com\\\/avatar\\\/ccc17943b9d660506c869530f897617f7cb1c21a4bf30023f252596d83e1f007?s=96&d=mm&r=g\",\"contentUrl\":\"https:\\\/\\\/secure.gravatar.com\\\/avatar\\\/ccc17943b9d660506c869530f897617f7cb1c21a4bf30023f252596d83e1f007?s=96&d=mm&r=g\",\"caption\":\"admin\"},\"sameAs\":[\"https:\\\/\\\/kibrisdakik.com\"],\"url\":\"https:\\\/\\\/kibrisdakik.com\\\/?author=1\"}]}<\/script>\n<!-- \/ Yoast SEO plugin. -->","yoast_head_json":{"title":"CTP Genel Ba\u015fkan\u0131 Erh\u00fcrman: \u201c2024 se\u00e7im y\u0131l\u0131 olmal\u0131\u201d -","robots":{"index":"index","follow":"follow","max-snippet":"max-snippet:-1","max-image-preview":"max-image-preview:large","max-video-preview":"max-video-preview:-1"},"canonical":"https:\/\/kibrisdakik.com\/?p=30764","og_locale":"tr_TR","og_type":"article","og_title":"CTP Genel Ba\u015fkan\u0131 Erh\u00fcrman: \u201c2024 se\u00e7im y\u0131l\u0131 olmal\u0131\u201d -","og_description":"CTP\u2019den yap\u0131lan a\u00e7\u0131klamaya g\u00f6re, Tufan Erh\u00fcrman, Kanal T\u2019de kat\u0131ld\u0131\u011f\u0131 programda Ahmet Kaptan&#8217;\u0131n sorular\u0131 yan\u0131tlad\u0131. Kara s\u0131n\u0131r kap\u0131lar\u0131 a\u00e7\u0131ld\u0131ktan sonraki d\u00f6nemde, ekonominin kuzeyden g\u00fcneye kayd\u0131\u011f\u0131n\u0131 an\u0131msatan Erh\u00fcrman, \u201cSay\u0131n Ersin Tatar da o d\u00f6nemlerde Maliye Bakan\u0131&#8217;yd\u0131. \u2018Milli piyasadan al\u0131\u015fveri\u015f yap\u0131n\u2019 diye \u00e7a\u011fr\u0131 yapt\u0131\u011f\u0131n\u0131 hat\u0131rl\u0131yorum\u201d diye konu\u015ftu. D\u00f6rt ay \u00f6ncesine kadar kuzeyin, g\u00fcneyden gelenler a\u00e7\u0131s\u0131ndan daha ucuz hale","og_url":"https:\/\/kibrisdakik.com\/?p=30764","article_published_time":"2024-02-21T14:47:06+00:00","og_image":[{"width":710,"height":370,"url":"https:\/\/kibrisdakik.com\/wp-content\/uploads\/2024\/02\/ctp-genel-baskani-erhurman-2024-secim-yili-olmali-1708523898.webp.webp","type":"image\/webp"}],"author":"admin","twitter_card":"summary_large_image","twitter_misc":{"Yazan:":"admin","Tahmini okuma s\u00fcresi":"4 dakika"},"schema":{"@context":"https:\/\/schema.org","@graph":[{"@type":"Article","@id":"https:\/\/kibrisdakik.com\/?p=30764#article","isPartOf":{"@id":"https:\/\/kibrisdakik.com\/?p=30764"},"author":{"name":"admin","@id":"https:\/\/kibrisdakik.com\/#\/schema\/person\/9cd9d437bbb44f72b73ba127e06d8e79"},"headline":"CTP Genel Ba\u015fkan\u0131 Erh\u00fcrman: \u201c2024 se\u00e7im y\u0131l\u0131 olmal\u0131\u201d","datePublished":"2024-02-21T14:47:06+00:00","mainEntityOfPage":{"@id":"https:\/\/kibrisdakik.com\/?p=30764"},"wordCount":775,"commentCount":0,"image":{"@id":"https:\/\/kibrisdakik.com\/?p=30764#primaryimage"},"thumbnailUrl":"https:\/\/kibrisdakik.com\/wp-content\/uploads\/2024\/02\/ctp-genel-baskani-erhurman-2024-secim-yili-olmali-1708523898.webp.webp","articleSection":["G\u00fcndem"],"inLanguage":"tr","potentialAction":[{"@type":"CommentAction","name":"Comment","target":["https:\/\/kibrisdakik.com\/?p=30764#respond"]}]},{"@type":"WebPage","@id":"https:\/\/kibrisdakik.com\/?p=30764","url":"https:\/\/kibrisdakik.com\/?p=30764","name":"CTP Genel Ba\u015fkan\u0131 Erh\u00fcrman: \u201c2024 se\u00e7im y\u0131l\u0131 olmal\u0131\u201d -","isPartOf":{"@id":"https:\/\/kibrisdakik.com\/#website"},"primaryImageOfPage":{"@id":"https:\/\/kibrisdakik.com\/?p=30764#primaryimage"},"image":{"@id":"https:\/\/kibrisdakik.com\/?p=30764#primaryimage"},"thumbnailUrl":"https:\/\/kibrisdakik.com\/wp-content\/uploads\/2024\/02\/ctp-genel-baskani-erhurman-2024-secim-yili-olmali-1708523898.webp.webp","datePublished":"2024-02-21T14:47:06+00:00","author":{"@id":"https:\/\/kibrisdakik.com\/#\/schema\/person\/9cd9d437bbb44f72b73ba127e06d8e79"},"breadcrumb":{"@id":"https:\/\/kibrisdakik.com\/?p=30764#breadcrumb"},"inLanguage":"tr","potentialAction":[{"@type":"ReadAction","target":["https:\/\/kibrisdakik.com\/?p=30764"]}]},{"@type":"ImageObject","inLanguage":"tr","@id":"https:\/\/kibrisdakik.com\/?p=30764#primaryimage","url":"https:\/\/kibrisdakik.com\/wp-content\/uploads\/2024\/02\/ctp-genel-baskani-erhurman-2024-secim-yili-olmali-1708523898.webp.webp","contentUrl":"https:\/\/kibrisdakik.com\/wp-content\/uploads\/2024\/02\/ctp-genel-baskani-erhurman-2024-secim-yili-olmali-1708523898.webp.webp","width":710,"height":370},{"@type":"BreadcrumbList","@id":"https:\/\/kibrisdakik.com\/?p=30764#breadcrumb","itemListElement":[{"@type":"ListItem","position":1,"name":"Home","item":"https:\/\/kibrisdakik.com\/"},{"@type":"ListItem","position":2,"name":"CTP Genel Ba\u015fkan\u0131 Erh\u00fcrman: \u201c2024 se\u00e7im y\u0131l\u0131 olmal\u0131\u201d"}]},{"@type":"WebSite","@id":"https:\/\/kibrisdakik.com\/#website","url":"https:\/\/kibrisdakik.com\/","name":"","description":"Tam vaktinde haber","potentialAction":[{"@type":"SearchAction","target":{"@type":"EntryPoint","urlTemplate":"https:\/\/kibrisdakik.com\/?s={search_term_string}"},"query-input":{"@type":"PropertyValueSpecification","valueRequired":true,"valueName":"search_term_string"}}],"inLanguage":"tr"},{"@type":"Person","@id":"https:\/\/kibrisdakik.com\/#\/schema\/person\/9cd9d437bbb44f72b73ba127e06d8e79","name":"admin","image":{"@type":"ImageObject","inLanguage":"tr","@id":"https:\/\/secure.gravatar.com\/avatar\/ccc17943b9d660506c869530f897617f7cb1c21a4bf30023f252596d83e1f007?s=96&d=mm&r=g","url":"https:\/\/secure.gravatar.com\/avatar\/ccc17943b9d660506c869530f897617f7cb1c21a4bf30023f252596d83e1f007?s=96&d=mm&r=g","contentUrl":"https:\/\/secure.gravatar.com\/avatar\/ccc17943b9d660506c869530f897617f7cb1c21a4bf30023f252596d83e1f007?s=96&d=mm&r=g","caption":"admin"},"sameAs":["https:\/\/kibrisdakik.com"],"url":"https:\/\/kibrisdakik.com\/?author=1"}]}},"_links":{"self":[{"href":"https:\/\/kibrisdakik.com\/index.php?rest_route=\/wp\/v2\/posts\/30764","targetHints":{"allow":["GET"]}}],"collection":[{"href":"https:\/\/kibrisdakik.com\/index.php?rest_route=\/wp\/v2\/posts"}],"about":[{"href":"https:\/\/kibrisdakik.com\/index.php?rest_route=\/wp\/v2\/types\/post"}],"author":[{"embeddable":true,"href":"https:\/\/kibrisdakik.com\/index.php?rest_route=\/wp\/v2\/users\/1"}],"replies":[{"embeddable":true,"href":"https:\/\/kibrisdakik.com\/index.php?rest_route=%2Fwp%2Fv2%2Fcomments&post=30764"}],"version-history":[{"count":0,"href":"https:\/\/kibrisdakik.com\/index.php?rest_route=\/wp\/v2\/posts\/30764\/revisions"}],"wp:featuredmedia":[{"embeddable":true,"href":"https:\/\/kibrisdakik.com\/index.php?rest_route=\/wp\/v2\/media\/30765"}],"wp:attachment":[{"href":"https:\/\/kibrisdakik.com\/index.php?rest_route=%2Fwp%2Fv2%2Fmedia&parent=30764"}],"wp:term":[{"taxonomy":"category","embeddable":true,"href":"https:\/\/kibrisdakik.com\/index.php?rest_route=%2Fwp%2Fv2%2Fcategories&post=30764"},{"taxonomy":"post_tag","embeddable":true,"href":"https:\/\/kibrisdakik.com\/index.php?rest_route=%2Fwp%2Fv2%2Ftags&post=30764"}],"curies":[{"name":"wp","href":"https:\/\/api.w.org\/{rel}","templated":true}]}}