{"id":30766,"date":"2024-02-21T15:18:16","date_gmt":"2024-02-21T15:18:16","guid":{"rendered":"https:\/\/kibrisdakik.com\/index.php\/2024\/02\/21\/yukari-cengizkoyde-yarin-3-saatlik-elektrik-kesintisi-yapilacak\/"},"modified":"2024-02-21T15:18:16","modified_gmt":"2024-02-21T15:18:16","slug":"yukari-cengizkoyde-yarin-3-saatlik-elektrik-kesintisi-yapilacak","status":"publish","type":"post","link":"https:\/\/kibrisdakik.com\/?p=30766","title":{"rendered":"Yukar\u0131 Cengizk\u00f6y&#039;de yar\u0131n 3 saatlik elektrik kesintisi yap\u0131lacak"},"content":{"rendered":"<p><img decoding=\"async\" src=\"https:\/\/www.kibristurk.com\/images\/haberler\/2024\/02\/yukari-cengizkoyde-yarin-3-saatlik-elektrik-kesintisi-yapilacak-1708527783.webp\" \/><\/p>\n<p>KIB-TEK\u2019ten yap\u0131lan a\u00e7\u0131klamada 11.00 ile yakla\u015f\u0131k 14.00 saatleri aras\u0131 yap\u0131lacak kesintiden, Yukar\u0131 Cengizk\u00f6y\u2019\u00fcn etkilenece\u011fi belirtildi.<\/p>\n","protected":false},"excerpt":{"rendered":"<p>KIB-TEK\u2019ten yap\u0131lan a\u00e7\u0131klamada 11.00 ile yakla\u015f\u0131k 14.00 saatleri aras\u0131 yap\u0131lacak kesintiden, Yukar\u0131 Cengizk\u00f6y\u2019\u00fcn etkilenece\u011fi belirtildi.<\/p>\n","protected":false},"author":1,"featured_media":30767,"comment_status":"open","ping_status":"open","sticky":false,"template":"","format":"standard","meta":{"footnotes":""},"categories":[1],"tags":[],"class_list":["post-30766","post","type-post","status-publish","format-standard","has-post-thumbnail","hentry","category-gundem"],"yoast_head":"<!-- This site is optimized with the Yoast SEO plugin v27.5 - https:\/\/yoast.com\/product\/yoast-seo-wordpress\/ -->\n<title>Yukar\u0131 Cengizk\u00f6y&#039;de yar\u0131n 3 saatlik elektrik kesintisi yap\u0131lacak -<\/title>\n<meta name=\"robots\" content=\"index, follow, max-snippet:-1, max-image-preview:large, max-video-preview:-1\" \/>\n<link rel=\"canonical\" href=\"https:\/\/kibrisdakik.com\/?p=30766\" \/>\n<meta property=\"og:locale\" content=\"tr_TR\" \/>\n<meta property=\"og:type\" content=\"article\" \/>\n<meta property=\"og:title\" content=\"Yukar\u0131 Cengizk\u00f6y&#039;de yar\u0131n 3 saatlik elektrik kesintisi yap\u0131lacak -\" \/>\n<meta property=\"og:description\" content=\"KIB-TEK\u2019ten yap\u0131lan a\u00e7\u0131klamada 11.00 ile yakla\u015f\u0131k 14.00 saatleri aras\u0131 yap\u0131lacak kesintiden, Yukar\u0131 Cengizk\u00f6y\u2019\u00fcn etkilenece\u011fi belirtildi.\" \/>\n<meta property=\"og:url\" content=\"https:\/\/kibrisdakik.com\/?p=30766\" \/>\n<meta property=\"article:published_time\" content=\"2024-02-21T15:18:16+00:00\" \/>\n<meta property=\"og:image\" content=\"https:\/\/kibrisdakik.com\/wp-content\/uploads\/2024\/02\/yukari-cengizkoyde-yarin-3-saatlik-elektrik-kesintisi-yapilacak-1708527783.webp.webp\" \/>\n\t<meta property=\"og:image:width\" content=\"710\" \/>\n\t<meta property=\"og:image:height\" content=\"370\" \/>\n\t<meta property=\"og:image:type\" content=\"image\/webp\" \/>\n<meta name=\"author\" content=\"admin\" \/>\n<meta name=\"twitter:card\" content=\"summary_large_image\" \/>\n<meta name=\"twitter:label1\" content=\"Yazan:\" \/>\n\t<meta name=\"twitter:data1\" content=\"admin\" \/>\n<script type=\"application\/ld+json\" class=\"yoast-schema-graph\">{\"@context\":\"https:\\\/\\\/schema.org\",\"@graph\":[{\"@type\":\"Article\",\"@id\":\"https:\\\/\\\/kibrisdakik.com\\\/?p=30766#article\",\"isPartOf\":{\"@id\":\"https:\\\/\\\/kibrisdakik.com\\\/?p=30766\"},\"author\":{\"name\":\"admin\",\"@id\":\"https:\\\/\\\/kibrisdakik.com\\\/#\\\/schema\\\/person\\\/9cd9d437bbb44f72b73ba127e06d8e79\"},\"headline\":\"Yukar\u0131 Cengizk\u00f6y&#039;de yar\u0131n 3 saatlik elektrik kesintisi yap\u0131lacak\",\"datePublished\":\"2024-02-21T15:18:16+00:00\",\"mainEntityOfPage\":{\"@id\":\"https:\\\/\\\/kibrisdakik.com\\\/?p=30766\"},\"wordCount\":32,\"commentCount\":0,\"image\":{\"@id\":\"https:\\\/\\\/kibrisdakik.com\\\/?p=30766#primaryimage\"},\"thumbnailUrl\":\"https:\\\/\\\/kibrisdakik.com\\\/wp-content\\\/uploads\\\/2024\\\/02\\\/yukari-cengizkoyde-yarin-3-saatlik-elektrik-kesintisi-yapilacak-1708527783.webp.webp\",\"articleSection\":[\"G\u00fcndem\"],\"inLanguage\":\"tr\",\"potentialAction\":[{\"@type\":\"CommentAction\",\"name\":\"Comment\",\"target\":[\"https:\\\/\\\/kibrisdakik.com\\\/?p=30766#respond\"]}]},{\"@type\":\"WebPage\",\"@id\":\"https:\\\/\\\/kibrisdakik.com\\\/?p=30766\",\"url\":\"https:\\\/\\\/kibrisdakik.com\\\/?p=30766\",\"name\":\"Yukar\u0131 Cengizk\u00f6y&#039;de yar\u0131n 3 saatlik elektrik kesintisi yap\u0131lacak -\",\"isPartOf\":{\"@id\":\"https:\\\/\\\/kibrisdakik.com\\\/#website\"},\"primaryImageOfPage\":{\"@id\":\"https:\\\/\\\/kibrisdakik.com\\\/?p=30766#primaryimage\"},\"image\":{\"@id\":\"https:\\\/\\\/kibrisdakik.com\\\/?p=30766#primaryimage\"},\"thumbnailUrl\":\"https:\\\/\\\/kibrisdakik.com\\\/wp-content\\\/uploads\\\/2024\\\/02\\\/yukari-cengizkoyde-yarin-3-saatlik-elektrik-kesintisi-yapilacak-1708527783.webp.webp\",\"datePublished\":\"2024-02-21T15:18:16+00:00\",\"author\":{\"@id\":\"https:\\\/\\\/kibrisdakik.com\\\/#\\\/schema\\\/person\\\/9cd9d437bbb44f72b73ba127e06d8e79\"},\"breadcrumb\":{\"@id\":\"https:\\\/\\\/kibrisdakik.com\\\/?p=30766#breadcrumb\"},\"inLanguage\":\"tr\",\"potentialAction\":[{\"@type\":\"ReadAction\",\"target\":[\"https:\\\/\\\/kibrisdakik.com\\\/?p=30766\"]}]},{\"@type\":\"ImageObject\",\"inLanguage\":\"tr\",\"@id\":\"https:\\\/\\\/kibrisdakik.com\\\/?p=30766#primaryimage\",\"url\":\"https:\\\/\\\/kibrisdakik.com\\\/wp-content\\\/uploads\\\/2024\\\/02\\\/yukari-cengizkoyde-yarin-3-saatlik-elektrik-kesintisi-yapilacak-1708527783.webp.webp\",\"contentUrl\":\"https:\\\/\\\/kibrisdakik.com\\\/wp-content\\\/uploads\\\/2024\\\/02\\\/yukari-cengizkoyde-yarin-3-saatlik-elektrik-kesintisi-yapilacak-1708527783.webp.webp\",\"width\":710,\"height\":370},{\"@type\":\"BreadcrumbList\",\"@id\":\"https:\\\/\\\/kibrisdakik.com\\\/?p=30766#breadcrumb\",\"itemListElement\":[{\"@type\":\"ListItem\",\"position\":1,\"name\":\"Home\",\"item\":\"https:\\\/\\\/kibrisdakik.com\\\/\"},{\"@type\":\"ListItem\",\"position\":2,\"name\":\"Yukar\u0131 Cengizk\u00f6y&#039;de yar\u0131n 3 saatlik elektrik kesintisi yap\u0131lacak\"}]},{\"@type\":\"WebSite\",\"@id\":\"https:\\\/\\\/kibrisdakik.com\\\/#website\",\"url\":\"https:\\\/\\\/kibrisdakik.com\\\/\",\"name\":\"\",\"description\":\"Tam vaktinde haber\",\"potentialAction\":[{\"@type\":\"SearchAction\",\"target\":{\"@type\":\"EntryPoint\",\"urlTemplate\":\"https:\\\/\\\/kibrisdakik.com\\\/?s={search_term_string}\"},\"query-input\":{\"@type\":\"PropertyValueSpecification\",\"valueRequired\":true,\"valueName\":\"search_term_string\"}}],\"inLanguage\":\"tr\"},{\"@type\":\"Person\",\"@id\":\"https:\\\/\\\/kibrisdakik.com\\\/#\\\/schema\\\/person\\\/9cd9d437bbb44f72b73ba127e06d8e79\",\"name\":\"admin\",\"image\":{\"@type\":\"ImageObject\",\"inLanguage\":\"tr\",\"@id\":\"https:\\\/\\\/secure.gravatar.com\\\/avatar\\\/ccc17943b9d660506c869530f897617f7cb1c21a4bf30023f252596d83e1f007?s=96&d=mm&r=g\",\"url\":\"https:\\\/\\\/secure.gravatar.com\\\/avatar\\\/ccc17943b9d660506c869530f897617f7cb1c21a4bf30023f252596d83e1f007?s=96&d=mm&r=g\",\"contentUrl\":\"https:\\\/\\\/secure.gravatar.com\\\/avatar\\\/ccc17943b9d660506c869530f897617f7cb1c21a4bf30023f252596d83e1f007?s=96&d=mm&r=g\",\"caption\":\"admin\"},\"sameAs\":[\"https:\\\/\\\/kibrisdakik.com\"],\"url\":\"https:\\\/\\\/kibrisdakik.com\\\/?author=1\"}]}<\/script>\n<!-- \/ Yoast SEO plugin. -->","yoast_head_json":{"title":"Yukar\u0131 Cengizk\u00f6y&#039;de yar\u0131n 3 saatlik elektrik kesintisi yap\u0131lacak -","robots":{"index":"index","follow":"follow","max-snippet":"max-snippet:-1","max-image-preview":"max-image-preview:large","max-video-preview":"max-video-preview:-1"},"canonical":"https:\/\/kibrisdakik.com\/?p=30766","og_locale":"tr_TR","og_type":"article","og_title":"Yukar\u0131 Cengizk\u00f6y&#039;de yar\u0131n 3 saatlik elektrik kesintisi yap\u0131lacak -","og_description":"KIB-TEK\u2019ten yap\u0131lan a\u00e7\u0131klamada 11.00 ile yakla\u015f\u0131k 14.00 saatleri aras\u0131 yap\u0131lacak kesintiden, Yukar\u0131 Cengizk\u00f6y\u2019\u00fcn etkilenece\u011fi belirtildi.","og_url":"https:\/\/kibrisdakik.com\/?p=30766","article_published_time":"2024-02-21T15:18:16+00:00","og_image":[{"width":710,"height":370,"url":"https:\/\/kibrisdakik.com\/wp-content\/uploads\/2024\/02\/yukari-cengizkoyde-yarin-3-saatlik-elektrik-kesintisi-yapilacak-1708527783.webp.webp","type":"image\/webp"}],"author":"admin","twitter_card":"summary_large_image","twitter_misc":{"Yazan:":"admin"},"schema":{"@context":"https:\/\/schema.org","@graph":[{"@type":"Article","@id":"https:\/\/kibrisdakik.com\/?p=30766#article","isPartOf":{"@id":"https:\/\/kibrisdakik.com\/?p=30766"},"author":{"name":"admin","@id":"https:\/\/kibrisdakik.com\/#\/schema\/person\/9cd9d437bbb44f72b73ba127e06d8e79"},"headline":"Yukar\u0131 Cengizk\u00f6y&#039;de yar\u0131n 3 saatlik elektrik kesintisi yap\u0131lacak","datePublished":"2024-02-21T15:18:16+00:00","mainEntityOfPage":{"@id":"https:\/\/kibrisdakik.com\/?p=30766"},"wordCount":32,"commentCount":0,"image":{"@id":"https:\/\/kibrisdakik.com\/?p=30766#primaryimage"},"thumbnailUrl":"https:\/\/kibrisdakik.com\/wp-content\/uploads\/2024\/02\/yukari-cengizkoyde-yarin-3-saatlik-elektrik-kesintisi-yapilacak-1708527783.webp.webp","articleSection":["G\u00fcndem"],"inLanguage":"tr","potentialAction":[{"@type":"CommentAction","name":"Comment","target":["https:\/\/kibrisdakik.com\/?p=30766#respond"]}]},{"@type":"WebPage","@id":"https:\/\/kibrisdakik.com\/?p=30766","url":"https:\/\/kibrisdakik.com\/?p=30766","name":"Yukar\u0131 Cengizk\u00f6y&#039;de yar\u0131n 3 saatlik elektrik kesintisi yap\u0131lacak -","isPartOf":{"@id":"https:\/\/kibrisdakik.com\/#website"},"primaryImageOfPage":{"@id":"https:\/\/kibrisdakik.com\/?p=30766#primaryimage"},"image":{"@id":"https:\/\/kibrisdakik.com\/?p=30766#primaryimage"},"thumbnailUrl":"https:\/\/kibrisdakik.com\/wp-content\/uploads\/2024\/02\/yukari-cengizkoyde-yarin-3-saatlik-elektrik-kesintisi-yapilacak-1708527783.webp.webp","datePublished":"2024-02-21T15:18:16+00:00","author":{"@id":"https:\/\/kibrisdakik.com\/#\/schema\/person\/9cd9d437bbb44f72b73ba127e06d8e79"},"breadcrumb":{"@id":"https:\/\/kibrisdakik.com\/?p=30766#breadcrumb"},"inLanguage":"tr","potentialAction":[{"@type":"ReadAction","target":["https:\/\/kibrisdakik.com\/?p=30766"]}]},{"@type":"ImageObject","inLanguage":"tr","@id":"https:\/\/kibrisdakik.com\/?p=30766#primaryimage","url":"https:\/\/kibrisdakik.com\/wp-content\/uploads\/2024\/02\/yukari-cengizkoyde-yarin-3-saatlik-elektrik-kesintisi-yapilacak-1708527783.webp.webp","contentUrl":"https:\/\/kibrisdakik.com\/wp-content\/uploads\/2024\/02\/yukari-cengizkoyde-yarin-3-saatlik-elektrik-kesintisi-yapilacak-1708527783.webp.webp","width":710,"height":370},{"@type":"BreadcrumbList","@id":"https:\/\/kibrisdakik.com\/?p=30766#breadcrumb","itemListElement":[{"@type":"ListItem","position":1,"name":"Home","item":"https:\/\/kibrisdakik.com\/"},{"@type":"ListItem","position":2,"name":"Yukar\u0131 Cengizk\u00f6y&#039;de yar\u0131n 3 saatlik elektrik kesintisi yap\u0131lacak"}]},{"@type":"WebSite","@id":"https:\/\/kibrisdakik.com\/#website","url":"https:\/\/kibrisdakik.com\/","name":"","description":"Tam vaktinde haber","potentialAction":[{"@type":"SearchAction","target":{"@type":"EntryPoint","urlTemplate":"https:\/\/kibrisdakik.com\/?s={search_term_string}"},"query-input":{"@type":"PropertyValueSpecification","valueRequired":true,"valueName":"search_term_string"}}],"inLanguage":"tr"},{"@type":"Person","@id":"https:\/\/kibrisdakik.com\/#\/schema\/person\/9cd9d437bbb44f72b73ba127e06d8e79","name":"admin","image":{"@type":"ImageObject","inLanguage":"tr","@id":"https:\/\/secure.gravatar.com\/avatar\/ccc17943b9d660506c869530f897617f7cb1c21a4bf30023f252596d83e1f007?s=96&d=mm&r=g","url":"https:\/\/secure.gravatar.com\/avatar\/ccc17943b9d660506c869530f897617f7cb1c21a4bf30023f252596d83e1f007?s=96&d=mm&r=g","contentUrl":"https:\/\/secure.gravatar.com\/avatar\/ccc17943b9d660506c869530f897617f7cb1c21a4bf30023f252596d83e1f007?s=96&d=mm&r=g","caption":"admin"},"sameAs":["https:\/\/kibrisdakik.com"],"url":"https:\/\/kibrisdakik.com\/?author=1"}]}},"_links":{"self":[{"href":"https:\/\/kibrisdakik.com\/index.php?rest_route=\/wp\/v2\/posts\/30766","targetHints":{"allow":["GET"]}}],"collection":[{"href":"https:\/\/kibrisdakik.com\/index.php?rest_route=\/wp\/v2\/posts"}],"about":[{"href":"https:\/\/kibrisdakik.com\/index.php?rest_route=\/wp\/v2\/types\/post"}],"author":[{"embeddable":true,"href":"https:\/\/kibrisdakik.com\/index.php?rest_route=\/wp\/v2\/users\/1"}],"replies":[{"embeddable":true,"href":"https:\/\/kibrisdakik.com\/index.php?rest_route=%2Fwp%2Fv2%2Fcomments&post=30766"}],"version-history":[{"count":0,"href":"https:\/\/kibrisdakik.com\/index.php?rest_route=\/wp\/v2\/posts\/30766\/revisions"}],"wp:featuredmedia":[{"embeddable":true,"href":"https:\/\/kibrisdakik.com\/index.php?rest_route=\/wp\/v2\/media\/30767"}],"wp:attachment":[{"href":"https:\/\/kibrisdakik.com\/index.php?rest_route=%2Fwp%2Fv2%2Fmedia&parent=30766"}],"wp:term":[{"taxonomy":"category","embeddable":true,"href":"https:\/\/kibrisdakik.com\/index.php?rest_route=%2Fwp%2Fv2%2Fcategories&post=30766"},{"taxonomy":"post_tag","embeddable":true,"href":"https:\/\/kibrisdakik.com\/index.php?rest_route=%2Fwp%2Fv2%2Ftags&post=30766"}],"curies":[{"name":"wp","href":"https:\/\/api.w.org\/{rel}","templated":true}]}}