{"id":30800,"date":"2024-02-21T18:31:19","date_gmt":"2024-02-21T18:31:19","guid":{"rendered":"https:\/\/kibrisdakik.com\/index.php\/2024\/02\/21\/maliye-bakani-berova-sehit-aileleri-ve-malul-gaziler-dernegini-kabul-etti\/"},"modified":"2024-02-21T18:31:19","modified_gmt":"2024-02-21T18:31:19","slug":"maliye-bakani-berova-sehit-aileleri-ve-malul-gaziler-dernegini-kabul-etti","status":"publish","type":"post","link":"https:\/\/kibrisdakik.com\/?p=30800","title":{"rendered":"Maliye Bakan\u0131 Berova, \u015eehit Aileleri ve Mal\u00fcl Gaziler Derne\u011fini kabul etti"},"content":{"rendered":"<p><img decoding=\"async\" src=\"https:\/\/www.kibristurk.com\/images\/haberler\/2024\/02\/maliye-bakani-berova-sehit-aileleri-ve-malul-gaziler-dernegini-kabul-etti-1708522824.webp\" \/><\/p>\n<p style=\"text-align:left\"><span style=\"font-size:16px\"><span style=\"font-family:Merriweather,serif !important\"><span style=\"color:#000000\"><span style=\"background-color:#ffffff\">Maliye Bakanl\u0131\u011f\u0131ndan yap\u0131lan a\u00e7\u0131klamaya g\u00f6re kabulde, G\u00fcrsel Benan, 1956&#8217;dan bu g\u00fcne kadar kay\u0131t alt\u0131na al\u0131nan&nbsp; 1830 \u015fehitle ilgili bilgi ve foto\u011fraflar\u0131n derlendi\u011fi &nbsp;iki ciltlik \u201c\u015eehitler \u00d6lmez Alb\u00fcm\u00fc\u201dn\u00fc Maliye Bakan\u0131 Berova&#8217;ya takdim etti.<\/span><\/span><\/span><\/span><\/p>\n<p style=\"text-align:left\"><span style=\"font-size:16px\"><span style=\"font-family:Merriweather,serif !important\"><span style=\"color:#000000\"><span style=\"background-color:#ffffff\">Kabulde konu\u015fan Berova, K\u0131br\u0131s T\u00fcrk\u00fc\u2019n\u00fcn zor \u015fartlarda varolu\u015f m\u00fccadelesi verdi\u011fini anlatarak, bu tarihi m\u00fccadelenin kay\u0131t alt\u0131na al\u0131narak gelecek nesillere aktar\u0131lmas\u0131n\u0131n \u00f6nemine vurgu yapt\u0131.<\/span><\/span><\/span><\/span><\/p>\n<p style=\"text-align:left\"><span style=\"font-size:16px\"><span style=\"font-family:Merriweather,serif !important\"><span style=\"color:#000000\"><span style=\"background-color:#ffffff\">Derne\u011fin kendisine hediye etti\u011fi alb\u00fcm\u00fcn, nas\u0131l devlet olundu\u011funun gelecek nesillere&nbsp;anlat\u0131lmas\u0131 a\u00e7\u0131s\u0131ndan \u00e7ok \u00f6nemli oldu\u011funu belirten Berova, alb\u00fcm\u00fcn haz\u0131rlanmas\u0131na katk\u0131 koyanlara te\u015fekk\u00fcr etti.<\/span><\/span><\/span><\/span><\/p>\n<p style=\"text-align:left\"><span style=\"font-size:16px\"><span style=\"font-family:Merriweather,serif !important\"><span style=\"color:#000000\"><span style=\"background-color:#ffffff\">\u015eehit Aileleri ve Mal\u00fcl Gaziler Derne\u011fi Ba\u015fkan\u0131 G\u00fcrsel Benan ise, \u015eehitler \u00d6lmez Alb\u00fcm\u00fc\u2019n\u00fcn haz\u0131rlanmas\u0131 i\u00e7in son iki y\u0131lda b\u00fcy\u00fck gayret sarf ettiklerini kaydederek, ama\u00e7lar\u0131n\u0131n K\u0131br\u0131s T\u00fcrk toplumunun verdi\u011fi m\u00fccadeleyi anlatmak ve ge\u00e7mi\u015fte ya\u015fananlarla ilgili fark\u0131ndal\u0131\u011f\u0131 art\u0131rmak oldu\u011funu belirtti.<\/span><\/span><\/span><\/span><\/p>\n<p style=\"text-align:left\"><span style=\"font-size:16px\"><span style=\"font-family:Merriweather,serif !important\"><span style=\"color:#000000\"><span style=\"background-color:#ffffff\">\u015eehitler sayesinde bug\u00fcnlere gelindi\u011fini s\u00f6yleyen Benan, alb\u00fcm\u00fcn Kuzey K\u0131br\u0131s T\u00fcrk Cumhuriyeti\u2019nin temeli ve Anayasas\u0131 oldu\u011funu ifade etti.<\/span><\/span><\/span><\/span><\/p>\n","protected":false},"excerpt":{"rendered":"<p>Maliye Bakanl\u0131\u011f\u0131ndan yap\u0131lan a\u00e7\u0131klamaya g\u00f6re kabulde, G\u00fcrsel Benan, 1956&#8217;dan bu g\u00fcne kadar kay\u0131t alt\u0131na al\u0131nan&nbsp; 1830 \u015fehitle ilgili bilgi ve foto\u011fraflar\u0131n derlendi\u011fi &nbsp;iki ciltlik \u201c\u015eehitler \u00d6lmez Alb\u00fcm\u00fc\u201dn\u00fc Maliye Bakan\u0131 Berova&#8217;ya takdim etti. Kabulde konu\u015fan Berova, K\u0131br\u0131s T\u00fcrk\u00fc\u2019n\u00fcn zor \u015fartlarda varolu\u015f m\u00fccadelesi verdi\u011fini anlatarak, bu tarihi m\u00fccadelenin kay\u0131t alt\u0131na al\u0131narak gelecek nesillere aktar\u0131lmas\u0131n\u0131n \u00f6nemine vurgu yapt\u0131.<\/p>\n","protected":false},"author":1,"featured_media":30801,"comment_status":"open","ping_status":"open","sticky":false,"template":"","format":"standard","meta":{"footnotes":""},"categories":[79],"tags":[],"class_list":["post-30800","post","type-post","status-publish","format-standard","has-post-thumbnail","hentry","category-ekonomi"],"yoast_head":"<!-- This site is optimized with the Yoast SEO plugin v27.5 - https:\/\/yoast.com\/product\/yoast-seo-wordpress\/ -->\n<title>Maliye Bakan\u0131 Berova, \u015eehit Aileleri ve Mal\u00fcl Gaziler Derne\u011fini kabul etti -<\/title>\n<meta name=\"robots\" content=\"index, follow, max-snippet:-1, max-image-preview:large, max-video-preview:-1\" \/>\n<link rel=\"canonical\" href=\"https:\/\/kibrisdakik.com\/?p=30800\" \/>\n<meta property=\"og:locale\" content=\"tr_TR\" \/>\n<meta property=\"og:type\" content=\"article\" \/>\n<meta property=\"og:title\" content=\"Maliye Bakan\u0131 Berova, \u015eehit Aileleri ve Mal\u00fcl Gaziler Derne\u011fini kabul etti -\" \/>\n<meta property=\"og:description\" content=\"Maliye Bakanl\u0131\u011f\u0131ndan yap\u0131lan a\u00e7\u0131klamaya g\u00f6re kabulde, G\u00fcrsel Benan, 1956&#8217;dan bu g\u00fcne kadar kay\u0131t alt\u0131na al\u0131nan&nbsp; 1830 \u015fehitle ilgili bilgi ve foto\u011fraflar\u0131n derlendi\u011fi &nbsp;iki ciltlik \u201c\u015eehitler \u00d6lmez Alb\u00fcm\u00fc\u201dn\u00fc Maliye Bakan\u0131 Berova&#8217;ya takdim etti. Kabulde konu\u015fan Berova, K\u0131br\u0131s T\u00fcrk\u00fc\u2019n\u00fcn zor \u015fartlarda varolu\u015f m\u00fccadelesi verdi\u011fini anlatarak, bu tarihi m\u00fccadelenin kay\u0131t alt\u0131na al\u0131narak gelecek nesillere aktar\u0131lmas\u0131n\u0131n \u00f6nemine vurgu yapt\u0131.\" \/>\n<meta property=\"og:url\" content=\"https:\/\/kibrisdakik.com\/?p=30800\" \/>\n<meta property=\"article:published_time\" content=\"2024-02-21T18:31:19+00:00\" \/>\n<meta property=\"og:image\" content=\"https:\/\/kibrisdakik.com\/wp-content\/uploads\/2024\/02\/maliye-bakani-berova-sehit-aileleri-ve-malul-gaziler-dernegini-kabul-etti-1708522824.webp.webp\" \/>\n\t<meta property=\"og:image:width\" content=\"710\" \/>\n\t<meta property=\"og:image:height\" content=\"370\" \/>\n\t<meta property=\"og:image:type\" content=\"image\/webp\" \/>\n<meta name=\"author\" content=\"admin\" \/>\n<meta name=\"twitter:card\" content=\"summary_large_image\" \/>\n<meta name=\"twitter:label1\" content=\"Yazan:\" \/>\n\t<meta name=\"twitter:data1\" content=\"admin\" \/>\n\t<meta name=\"twitter:label2\" content=\"Tahmini okuma s\u00fcresi\" \/>\n\t<meta name=\"twitter:data2\" content=\"1 dakika\" \/>\n<script type=\"application\/ld+json\" class=\"yoast-schema-graph\">{\"@context\":\"https:\\\/\\\/schema.org\",\"@graph\":[{\"@type\":\"Article\",\"@id\":\"https:\\\/\\\/kibrisdakik.com\\\/?p=30800#article\",\"isPartOf\":{\"@id\":\"https:\\\/\\\/kibrisdakik.com\\\/?p=30800\"},\"author\":{\"name\":\"admin\",\"@id\":\"https:\\\/\\\/kibrisdakik.com\\\/#\\\/schema\\\/person\\\/9cd9d437bbb44f72b73ba127e06d8e79\"},\"headline\":\"Maliye Bakan\u0131 Berova, \u015eehit Aileleri ve Mal\u00fcl Gaziler Derne\u011fini kabul etti\",\"datePublished\":\"2024-02-21T18:31:19+00:00\",\"mainEntityOfPage\":{\"@id\":\"https:\\\/\\\/kibrisdakik.com\\\/?p=30800\"},\"wordCount\":229,\"commentCount\":0,\"image\":{\"@id\":\"https:\\\/\\\/kibrisdakik.com\\\/?p=30800#primaryimage\"},\"thumbnailUrl\":\"https:\\\/\\\/kibrisdakik.com\\\/wp-content\\\/uploads\\\/2024\\\/02\\\/maliye-bakani-berova-sehit-aileleri-ve-malul-gaziler-dernegini-kabul-etti-1708522824.webp.webp\",\"articleSection\":[\"Ekonomi\"],\"inLanguage\":\"tr\",\"potentialAction\":[{\"@type\":\"CommentAction\",\"name\":\"Comment\",\"target\":[\"https:\\\/\\\/kibrisdakik.com\\\/?p=30800#respond\"]}]},{\"@type\":\"WebPage\",\"@id\":\"https:\\\/\\\/kibrisdakik.com\\\/?p=30800\",\"url\":\"https:\\\/\\\/kibrisdakik.com\\\/?p=30800\",\"name\":\"Maliye Bakan\u0131 Berova, \u015eehit Aileleri ve Mal\u00fcl Gaziler Derne\u011fini kabul etti -\",\"isPartOf\":{\"@id\":\"https:\\\/\\\/kibrisdakik.com\\\/#website\"},\"primaryImageOfPage\":{\"@id\":\"https:\\\/\\\/kibrisdakik.com\\\/?p=30800#primaryimage\"},\"image\":{\"@id\":\"https:\\\/\\\/kibrisdakik.com\\\/?p=30800#primaryimage\"},\"thumbnailUrl\":\"https:\\\/\\\/kibrisdakik.com\\\/wp-content\\\/uploads\\\/2024\\\/02\\\/maliye-bakani-berova-sehit-aileleri-ve-malul-gaziler-dernegini-kabul-etti-1708522824.webp.webp\",\"datePublished\":\"2024-02-21T18:31:19+00:00\",\"author\":{\"@id\":\"https:\\\/\\\/kibrisdakik.com\\\/#\\\/schema\\\/person\\\/9cd9d437bbb44f72b73ba127e06d8e79\"},\"breadcrumb\":{\"@id\":\"https:\\\/\\\/kibrisdakik.com\\\/?p=30800#breadcrumb\"},\"inLanguage\":\"tr\",\"potentialAction\":[{\"@type\":\"ReadAction\",\"target\":[\"https:\\\/\\\/kibrisdakik.com\\\/?p=30800\"]}]},{\"@type\":\"ImageObject\",\"inLanguage\":\"tr\",\"@id\":\"https:\\\/\\\/kibrisdakik.com\\\/?p=30800#primaryimage\",\"url\":\"https:\\\/\\\/kibrisdakik.com\\\/wp-content\\\/uploads\\\/2024\\\/02\\\/maliye-bakani-berova-sehit-aileleri-ve-malul-gaziler-dernegini-kabul-etti-1708522824.webp.webp\",\"contentUrl\":\"https:\\\/\\\/kibrisdakik.com\\\/wp-content\\\/uploads\\\/2024\\\/02\\\/maliye-bakani-berova-sehit-aileleri-ve-malul-gaziler-dernegini-kabul-etti-1708522824.webp.webp\",\"width\":710,\"height\":370},{\"@type\":\"BreadcrumbList\",\"@id\":\"https:\\\/\\\/kibrisdakik.com\\\/?p=30800#breadcrumb\",\"itemListElement\":[{\"@type\":\"ListItem\",\"position\":1,\"name\":\"Home\",\"item\":\"https:\\\/\\\/kibrisdakik.com\\\/\"},{\"@type\":\"ListItem\",\"position\":2,\"name\":\"Maliye Bakan\u0131 Berova, \u015eehit Aileleri ve Mal\u00fcl Gaziler Derne\u011fini kabul etti\"}]},{\"@type\":\"WebSite\",\"@id\":\"https:\\\/\\\/kibrisdakik.com\\\/#website\",\"url\":\"https:\\\/\\\/kibrisdakik.com\\\/\",\"name\":\"\",\"description\":\"Tam vaktinde haber\",\"potentialAction\":[{\"@type\":\"SearchAction\",\"target\":{\"@type\":\"EntryPoint\",\"urlTemplate\":\"https:\\\/\\\/kibrisdakik.com\\\/?s={search_term_string}\"},\"query-input\":{\"@type\":\"PropertyValueSpecification\",\"valueRequired\":true,\"valueName\":\"search_term_string\"}}],\"inLanguage\":\"tr\"},{\"@type\":\"Person\",\"@id\":\"https:\\\/\\\/kibrisdakik.com\\\/#\\\/schema\\\/person\\\/9cd9d437bbb44f72b73ba127e06d8e79\",\"name\":\"admin\",\"image\":{\"@type\":\"ImageObject\",\"inLanguage\":\"tr\",\"@id\":\"https:\\\/\\\/secure.gravatar.com\\\/avatar\\\/ccc17943b9d660506c869530f897617f7cb1c21a4bf30023f252596d83e1f007?s=96&d=mm&r=g\",\"url\":\"https:\\\/\\\/secure.gravatar.com\\\/avatar\\\/ccc17943b9d660506c869530f897617f7cb1c21a4bf30023f252596d83e1f007?s=96&d=mm&r=g\",\"contentUrl\":\"https:\\\/\\\/secure.gravatar.com\\\/avatar\\\/ccc17943b9d660506c869530f897617f7cb1c21a4bf30023f252596d83e1f007?s=96&d=mm&r=g\",\"caption\":\"admin\"},\"sameAs\":[\"https:\\\/\\\/kibrisdakik.com\"],\"url\":\"https:\\\/\\\/kibrisdakik.com\\\/?author=1\"}]}<\/script>\n<!-- \/ Yoast SEO plugin. -->","yoast_head_json":{"title":"Maliye Bakan\u0131 Berova, \u015eehit Aileleri ve Mal\u00fcl Gaziler Derne\u011fini kabul etti -","robots":{"index":"index","follow":"follow","max-snippet":"max-snippet:-1","max-image-preview":"max-image-preview:large","max-video-preview":"max-video-preview:-1"},"canonical":"https:\/\/kibrisdakik.com\/?p=30800","og_locale":"tr_TR","og_type":"article","og_title":"Maliye Bakan\u0131 Berova, \u015eehit Aileleri ve Mal\u00fcl Gaziler Derne\u011fini kabul etti -","og_description":"Maliye Bakanl\u0131\u011f\u0131ndan yap\u0131lan a\u00e7\u0131klamaya g\u00f6re kabulde, G\u00fcrsel Benan, 1956&#8217;dan bu g\u00fcne kadar kay\u0131t alt\u0131na al\u0131nan&nbsp; 1830 \u015fehitle ilgili bilgi ve foto\u011fraflar\u0131n derlendi\u011fi &nbsp;iki ciltlik \u201c\u015eehitler \u00d6lmez Alb\u00fcm\u00fc\u201dn\u00fc Maliye Bakan\u0131 Berova&#8217;ya takdim etti. Kabulde konu\u015fan Berova, K\u0131br\u0131s T\u00fcrk\u00fc\u2019n\u00fcn zor \u015fartlarda varolu\u015f m\u00fccadelesi verdi\u011fini anlatarak, bu tarihi m\u00fccadelenin kay\u0131t alt\u0131na al\u0131narak gelecek nesillere aktar\u0131lmas\u0131n\u0131n \u00f6nemine vurgu yapt\u0131.","og_url":"https:\/\/kibrisdakik.com\/?p=30800","article_published_time":"2024-02-21T18:31:19+00:00","og_image":[{"width":710,"height":370,"url":"https:\/\/kibrisdakik.com\/wp-content\/uploads\/2024\/02\/maliye-bakani-berova-sehit-aileleri-ve-malul-gaziler-dernegini-kabul-etti-1708522824.webp.webp","type":"image\/webp"}],"author":"admin","twitter_card":"summary_large_image","twitter_misc":{"Yazan:":"admin","Tahmini okuma s\u00fcresi":"1 dakika"},"schema":{"@context":"https:\/\/schema.org","@graph":[{"@type":"Article","@id":"https:\/\/kibrisdakik.com\/?p=30800#article","isPartOf":{"@id":"https:\/\/kibrisdakik.com\/?p=30800"},"author":{"name":"admin","@id":"https:\/\/kibrisdakik.com\/#\/schema\/person\/9cd9d437bbb44f72b73ba127e06d8e79"},"headline":"Maliye Bakan\u0131 Berova, \u015eehit Aileleri ve Mal\u00fcl Gaziler Derne\u011fini kabul etti","datePublished":"2024-02-21T18:31:19+00:00","mainEntityOfPage":{"@id":"https:\/\/kibrisdakik.com\/?p=30800"},"wordCount":229,"commentCount":0,"image":{"@id":"https:\/\/kibrisdakik.com\/?p=30800#primaryimage"},"thumbnailUrl":"https:\/\/kibrisdakik.com\/wp-content\/uploads\/2024\/02\/maliye-bakani-berova-sehit-aileleri-ve-malul-gaziler-dernegini-kabul-etti-1708522824.webp.webp","articleSection":["Ekonomi"],"inLanguage":"tr","potentialAction":[{"@type":"CommentAction","name":"Comment","target":["https:\/\/kibrisdakik.com\/?p=30800#respond"]}]},{"@type":"WebPage","@id":"https:\/\/kibrisdakik.com\/?p=30800","url":"https:\/\/kibrisdakik.com\/?p=30800","name":"Maliye Bakan\u0131 Berova, \u015eehit Aileleri ve Mal\u00fcl Gaziler Derne\u011fini kabul etti -","isPartOf":{"@id":"https:\/\/kibrisdakik.com\/#website"},"primaryImageOfPage":{"@id":"https:\/\/kibrisdakik.com\/?p=30800#primaryimage"},"image":{"@id":"https:\/\/kibrisdakik.com\/?p=30800#primaryimage"},"thumbnailUrl":"https:\/\/kibrisdakik.com\/wp-content\/uploads\/2024\/02\/maliye-bakani-berova-sehit-aileleri-ve-malul-gaziler-dernegini-kabul-etti-1708522824.webp.webp","datePublished":"2024-02-21T18:31:19+00:00","author":{"@id":"https:\/\/kibrisdakik.com\/#\/schema\/person\/9cd9d437bbb44f72b73ba127e06d8e79"},"breadcrumb":{"@id":"https:\/\/kibrisdakik.com\/?p=30800#breadcrumb"},"inLanguage":"tr","potentialAction":[{"@type":"ReadAction","target":["https:\/\/kibrisdakik.com\/?p=30800"]}]},{"@type":"ImageObject","inLanguage":"tr","@id":"https:\/\/kibrisdakik.com\/?p=30800#primaryimage","url":"https:\/\/kibrisdakik.com\/wp-content\/uploads\/2024\/02\/maliye-bakani-berova-sehit-aileleri-ve-malul-gaziler-dernegini-kabul-etti-1708522824.webp.webp","contentUrl":"https:\/\/kibrisdakik.com\/wp-content\/uploads\/2024\/02\/maliye-bakani-berova-sehit-aileleri-ve-malul-gaziler-dernegini-kabul-etti-1708522824.webp.webp","width":710,"height":370},{"@type":"BreadcrumbList","@id":"https:\/\/kibrisdakik.com\/?p=30800#breadcrumb","itemListElement":[{"@type":"ListItem","position":1,"name":"Home","item":"https:\/\/kibrisdakik.com\/"},{"@type":"ListItem","position":2,"name":"Maliye Bakan\u0131 Berova, \u015eehit Aileleri ve Mal\u00fcl Gaziler Derne\u011fini kabul etti"}]},{"@type":"WebSite","@id":"https:\/\/kibrisdakik.com\/#website","url":"https:\/\/kibrisdakik.com\/","name":"","description":"Tam vaktinde haber","potentialAction":[{"@type":"SearchAction","target":{"@type":"EntryPoint","urlTemplate":"https:\/\/kibrisdakik.com\/?s={search_term_string}"},"query-input":{"@type":"PropertyValueSpecification","valueRequired":true,"valueName":"search_term_string"}}],"inLanguage":"tr"},{"@type":"Person","@id":"https:\/\/kibrisdakik.com\/#\/schema\/person\/9cd9d437bbb44f72b73ba127e06d8e79","name":"admin","image":{"@type":"ImageObject","inLanguage":"tr","@id":"https:\/\/secure.gravatar.com\/avatar\/ccc17943b9d660506c869530f897617f7cb1c21a4bf30023f252596d83e1f007?s=96&d=mm&r=g","url":"https:\/\/secure.gravatar.com\/avatar\/ccc17943b9d660506c869530f897617f7cb1c21a4bf30023f252596d83e1f007?s=96&d=mm&r=g","contentUrl":"https:\/\/secure.gravatar.com\/avatar\/ccc17943b9d660506c869530f897617f7cb1c21a4bf30023f252596d83e1f007?s=96&d=mm&r=g","caption":"admin"},"sameAs":["https:\/\/kibrisdakik.com"],"url":"https:\/\/kibrisdakik.com\/?author=1"}]}},"_links":{"self":[{"href":"https:\/\/kibrisdakik.com\/index.php?rest_route=\/wp\/v2\/posts\/30800","targetHints":{"allow":["GET"]}}],"collection":[{"href":"https:\/\/kibrisdakik.com\/index.php?rest_route=\/wp\/v2\/posts"}],"about":[{"href":"https:\/\/kibrisdakik.com\/index.php?rest_route=\/wp\/v2\/types\/post"}],"author":[{"embeddable":true,"href":"https:\/\/kibrisdakik.com\/index.php?rest_route=\/wp\/v2\/users\/1"}],"replies":[{"embeddable":true,"href":"https:\/\/kibrisdakik.com\/index.php?rest_route=%2Fwp%2Fv2%2Fcomments&post=30800"}],"version-history":[{"count":0,"href":"https:\/\/kibrisdakik.com\/index.php?rest_route=\/wp\/v2\/posts\/30800\/revisions"}],"wp:featuredmedia":[{"embeddable":true,"href":"https:\/\/kibrisdakik.com\/index.php?rest_route=\/wp\/v2\/media\/30801"}],"wp:attachment":[{"href":"https:\/\/kibrisdakik.com\/index.php?rest_route=%2Fwp%2Fv2%2Fmedia&parent=30800"}],"wp:term":[{"taxonomy":"category","embeddable":true,"href":"https:\/\/kibrisdakik.com\/index.php?rest_route=%2Fwp%2Fv2%2Fcategories&post=30800"},{"taxonomy":"post_tag","embeddable":true,"href":"https:\/\/kibrisdakik.com\/index.php?rest_route=%2Fwp%2Fv2%2Ftags&post=30800"}],"curies":[{"name":"wp","href":"https:\/\/api.w.org\/{rel}","templated":true}]}}