{"id":30804,"date":"2024-02-21T18:51:10","date_gmt":"2024-02-21T18:51:10","guid":{"rendered":"https:\/\/kibrisdakik.com\/index.php\/2024\/02\/21\/cumhurbaskani-tatar-27-avrasya-ekonomi-zirvesine-katildi\/"},"modified":"2024-02-21T18:51:10","modified_gmt":"2024-02-21T18:51:10","slug":"cumhurbaskani-tatar-27-avrasya-ekonomi-zirvesine-katildi","status":"publish","type":"post","link":"https:\/\/kibrisdakik.com\/?p=30804","title":{"rendered":"Cumhurba\u015fkan\u0131 Tatar, \u201c27. Avrasya Ekonomi Zirvesi\u201dne kat\u0131ld\u0131"},"content":{"rendered":"<p><img decoding=\"async\" src=\"https:\/\/www.kibristurk.com\/images\/haberler\/2024\/02\/cumhurbaskani-tatar-27-avrasya-ekonomi-zirvesine-katildi-1708520525.webp\" \/><\/p>\n<p>Tatar, bug\u00fcnk\u00fc durumdan geriye gidi\u015f de\u011fil, ileriye gidi\u015f olaca\u011f\u0131n\u0131 belirterek, \u00f6zellikle T\u00fcrkiye Cumhuriyeti Cumhurba\u015fkan\u0131 Recep Tayyip Erdo\u011fan\u2019\u0131n deste\u011fiyle KKTC\u2019nin g\u00f6r\u00fcn\u00fcrl\u00fc\u011f\u00fc ile uluslararas\u0131 temaslar\u0131n\u0131n artt\u0131\u011f\u0131n\u0131 ve daha da art\u0131r\u0131laca\u011f\u0131n\u0131 belirtti.<\/p>\n<p>Cumhurba\u015fkan\u0131 Tatar,&nbsp;T\u00fcrkiye Marmara Grubu Stratejik ve Sosyal Ara\u015ft\u0131rmalar Vakf\u0131 taraf\u0131ndan d\u00fczenlenen \u201c27. Avrasya Ekonomi Zirvesi\u201dne kat\u0131ld\u0131.&nbsp;<\/p>\n<p>\u0130stanbul\u2019da yer alan zirve, \u015fehirler an\u0131s\u0131na sayg\u0131 duru\u015fu ve \u0130stiklal Mar\u015f\u0131 ile ba\u015flad\u0131. Daha sonra zirvenin tan\u0131t\u0131m filmi g\u00f6sterildi. Zirvenin a\u00e7\u0131l\u0131\u015f\u0131nda T\u00fcrkiye Cumhuriyeti Cumhurba\u015fkan\u0131 Recep Tayyip Erdo\u011fan ile Azerbaycan Cumhurba\u015fkan\u0131 \u0130lham Aliyev\u2019in mesajlar\u0131 da okundu.<br \/>\nZirvede, TBMM D\u0131\u015fi\u015fleri Komisyonu Ba\u015fkan\u0131,&nbsp;eski T\u00fcrkiye Cumhuriyeti Cumhurba\u015fkan\u0131 Yard\u0131mc\u0131s\u0131i milletvekili&nbsp;Fuat Oktay, \u0130stanbul Valisi Davut G\u00fcl, eski T\u00fcrkiye Cumhuriyeti D\u0131\u015fi\u015fleri Bakan\u0131, milletvekili Mevl\u00fct \u00c7avu\u015fo\u011flu konu\u015fma yapt\u0131.<\/p>\n<p>-Tatar<\/p>\n<p>Cumhurba\u015fkan\u0131 Tatar, zirvede yapt\u0131\u011f\u0131 konu\u015fmada,&nbsp;zirveye kat\u0131lmaktan memnuniyet duydu\u011funu belirterek, bir \u00e7ok \u00fclkenin temsilcisine seslenmekten onur duydu\u011funu s\u00f6yledi.<br \/>\nTatar, zirveyi d\u00fczenleyenlere te\u015fekk\u00fcr ederek, b\u00f6lgede ya\u015fanan s\u0131k\u0131nt\u0131lara i\u015faret etti, K\u0131br\u0131s T\u00fcrk halk\u0131n\u0131n maruz kald\u0131\u011f\u0131 sald\u0131r\u0131lar\u0131 an\u0131msatt\u0131.<br \/>\nMilli m\u00fccadele y\u0131llar\u0131n\u0131 anlatan Tatar, 1974\u2019te T\u00fcrkiye Cumhuriyeti\u2019nin garant\u00f6r \u00fclke olarak adaya bar\u0131\u015f getirdi\u011fini, K\u0131br\u0131s T\u00fcrk halk\u0131n\u0131 sald\u0131r\u0131lar ve katliamdan kurtard\u0131\u011f\u0131n\u0131 kaydetti.<br \/>\nK\u0131br\u0131s T\u00fcrk halk\u0131n\u0131n sonras\u0131nda devletini kurdu\u011funu ifade eden Tatar, adada y\u0131llarca s\u00fcrd\u00fcr\u00fclen federal \u00e7\u00f6z\u00fcm \u00e7abalar\u0131n\u0131n sonu\u00e7 vermedi\u011fini ve \u015fimdi adada yeni siyaseti s\u00fcrd\u00fcrd\u00fcklerini anlatt\u0131.<br \/>\nK\u0131br\u0131s T\u00fcrk halk\u0131n\u0131n devleti, egemenli\u011fi ve ba\u011f\u0131ms\u0131zl\u0131\u011f\u0131ndan vazge\u00e7meyece\u011fini, BM ve t\u00fcm taraflar\u0131n da buna sayg\u0131 duymas\u0131 ve adadaki ger\u00e7eklere g\u00f6re e\u015fit davranmas\u0131 gerekti\u011fini s\u00f6yleyen Tatar, adada iki devletin i\u015fbirli\u011fine dayal\u0131 bir anla\u015fma bulunabilece\u011fini, \u00f6zellikle enerji kaynaklar\u0131n\u0131n Avrupa\u2019ya ta\u015f\u0131nmas\u0131nda T\u00fcrkiye Cumhuriyeti ile KKTC\u2019nin en uygun g\u00fczergah oldu\u011funu s\u00f6yledi.<br \/>\nUluslararas\u0131 camiaya K\u0131br\u0131s T\u00fcrk halk\u0131na uygulanan haks\u0131z ambargolar\u0131n kald\u0131r\u0131lmas\u0131 \u00e7a\u011fr\u0131s\u0131n\u0131 yineleyen Tatar, iki devlet bulunan K\u0131br\u0131s&#8217;ta T\u00fcrk halk\u0131n\u0131n Rumlar kadar e\u015fit haklara sahip bir halk oldu\u011funu vurgulad\u0131.<br \/>\nTatar, K\u0131br\u0131s\u2019taki ger\u00e7eklere g\u00f6re bu adil olmayan ambargolar\u0131n art\u0131k son bulmas\u0131 gerekti\u011fini ifade ederek, KKTC\u2019nin Do\u011fu Akdeniz\u2019de g\u00fc\u00e7l\u00fc bir devlet olarak yerini ald\u0131\u011f\u0131n\u0131 ve K\u0131br\u0131s T\u00fcrk halk\u0131n\u0131n Rumlar kadar e\u015fit ve hak sahibi oldu\u011funu kaydetti.<br \/>\nT\u00fcrkiye Cumhuriyeti\u2019nin de adan\u0131n garant\u00f6r\u00fc oldu\u011funu ifade eden Tatar, Gazze\u2019de ya\u015fananlara bak\u0131nca T\u00fcrkiye Cumhuriyeti\u2019nin garant\u00f6rl\u00fc\u011f\u00fcn\u00fcn \u00f6nemine vurgu yapt\u0131.<br \/>\nUluslararas\u0131 camiaya, ambargolar\u0131n neden devam etti\u011fi&nbsp;sorusunu soran Tatar, her zaman bar\u0131\u015f\u00e7\u0131l ve \u00e7\u00f6z\u00fcme \u201cevet\u201d diyen K\u0131br\u0131s T\u00fcrk halk\u0131na uygulanan ambargolar\u0131n adil olmad\u0131\u011f\u0131n\u0131 kaydetti.<\/p>\n<p>-Azerbaycan televizyon kanal\u0131na r\u00f6portaj<\/p>\n<p>Program sonras\u0131 \u00e7\u0131k\u0131\u015fta Azerbaycan televizyon kanal\u0131na da r\u00f6portaj veren Tatar, KKTC\u2019nin ve K\u0131br\u0131s T\u00fcrk halk\u0131n\u0131n d\u00fcnyada hak etti\u011fi yeri almas\u0131 i\u00e7in verilen m\u00fccadeleyi anlatarak, Azerbaycan Cumhurba\u015fkan\u0131 Aliyev\u2019in verdi\u011fi deste\u011fe te\u015fekk\u00fcr etti.<br \/>\nTatar, KKTC\u2019nin ba\u011f\u0131ms\u0131z bir T\u00fcrk devleti oldu\u011funu ve buradan geri d\u00f6n\u00fc\u015f\u00fc olmad\u0131\u011f\u0131n\u0131 ifade ederek, yeni siyasetin de devlet \u00fczerinden y\u00fcr\u00fct\u00fcld\u00fc\u011f\u00fcn\u00fc ve T\u00fcrk d\u00fcnyas\u0131n\u0131n da bu yolda verece\u011fi deste\u011fin \u00e7ok \u00f6nemli oldu\u011funu vurgulad\u0131.<br \/>\nBu \u00e7er\u00e7evede T\u00fcrk d\u00fcnyas\u0131 i\u00e7inde yer almaktan onur duyduklar\u0131n\u0131 ifade eden Tatar, \u201cBir millet \u00fc\u00e7 devlet\u201d ifadelerini kulland\u0131, KKTC\u2019ye verilen deste\u011fe te\u015fekk\u00fcr etti.<br \/>\nBug\u00fcnk\u00fc durumdan geriye gidi\u015f de\u011fil, ileriye gidi\u015f olaca\u011f\u0131n\u0131 belirten Tatar, T\u00fcrkiye Cumhuriyeti Cumhurba\u015fkan\u0131 Erdo\u011fan\u2019\u0131n deste\u011fiyle KKTC\u2019nin g\u00f6r\u00fcn\u00fcrl\u00fc\u011f\u00fcn\u00fcn ve uluslararas\u0131 temaslar\u0131n artt\u0131\u011f\u0131n\u0131 ve daha da art\u0131r\u0131laca\u011f\u0131n\u0131 belirtti.<\/p>\n","protected":false},"excerpt":{"rendered":"<p>Tatar, bug\u00fcnk\u00fc durumdan geriye gidi\u015f de\u011fil, ileriye gidi\u015f olaca\u011f\u0131n\u0131 belirterek, \u00f6zellikle T\u00fcrkiye Cumhuriyeti Cumhurba\u015fkan\u0131 Recep Tayyip Erdo\u011fan\u2019\u0131n deste\u011fiyle KKTC\u2019nin g\u00f6r\u00fcn\u00fcrl\u00fc\u011f\u00fc ile uluslararas\u0131 temaslar\u0131n\u0131n artt\u0131\u011f\u0131n\u0131 ve daha da art\u0131r\u0131laca\u011f\u0131n\u0131 belirtti. Cumhurba\u015fkan\u0131 Tatar,&nbsp;T\u00fcrkiye Marmara Grubu Stratejik ve Sosyal Ara\u015ft\u0131rmalar Vakf\u0131 taraf\u0131ndan d\u00fczenlenen \u201c27. Avrasya Ekonomi Zirvesi\u201dne kat\u0131ld\u0131.&nbsp; \u0130stanbul\u2019da yer alan zirve, \u015fehirler an\u0131s\u0131na sayg\u0131 duru\u015fu ve \u0130stiklal<\/p>\n","protected":false},"author":1,"featured_media":30805,"comment_status":"open","ping_status":"open","sticky":false,"template":"","format":"standard","meta":{"footnotes":""},"categories":[1],"tags":[],"class_list":["post-30804","post","type-post","status-publish","format-standard","has-post-thumbnail","hentry","category-gundem"],"yoast_head":"<!-- This site is optimized with the Yoast SEO plugin v27.4 - https:\/\/yoast.com\/product\/yoast-seo-wordpress\/ -->\n<title>Cumhurba\u015fkan\u0131 Tatar, \u201c27. Avrasya Ekonomi Zirvesi\u201dne kat\u0131ld\u0131 -<\/title>\n<meta name=\"robots\" content=\"index, follow, max-snippet:-1, max-image-preview:large, max-video-preview:-1\" \/>\n<link rel=\"canonical\" href=\"https:\/\/kibrisdakik.com\/?p=30804\" \/>\n<meta property=\"og:locale\" content=\"tr_TR\" \/>\n<meta property=\"og:type\" content=\"article\" \/>\n<meta property=\"og:title\" content=\"Cumhurba\u015fkan\u0131 Tatar, \u201c27. Avrasya Ekonomi Zirvesi\u201dne kat\u0131ld\u0131 -\" \/>\n<meta property=\"og:description\" content=\"Tatar, bug\u00fcnk\u00fc durumdan geriye gidi\u015f de\u011fil, ileriye gidi\u015f olaca\u011f\u0131n\u0131 belirterek, \u00f6zellikle T\u00fcrkiye Cumhuriyeti Cumhurba\u015fkan\u0131 Recep Tayyip Erdo\u011fan\u2019\u0131n deste\u011fiyle KKTC\u2019nin g\u00f6r\u00fcn\u00fcrl\u00fc\u011f\u00fc ile uluslararas\u0131 temaslar\u0131n\u0131n artt\u0131\u011f\u0131n\u0131 ve daha da art\u0131r\u0131laca\u011f\u0131n\u0131 belirtti. Cumhurba\u015fkan\u0131 Tatar,&nbsp;T\u00fcrkiye Marmara Grubu Stratejik ve Sosyal Ara\u015ft\u0131rmalar Vakf\u0131 taraf\u0131ndan d\u00fczenlenen \u201c27. Avrasya Ekonomi Zirvesi\u201dne kat\u0131ld\u0131.&nbsp; \u0130stanbul\u2019da yer alan zirve, \u015fehirler an\u0131s\u0131na sayg\u0131 duru\u015fu ve \u0130stiklal\" \/>\n<meta property=\"og:url\" content=\"https:\/\/kibrisdakik.com\/?p=30804\" \/>\n<meta property=\"article:published_time\" content=\"2024-02-21T18:51:10+00:00\" \/>\n<meta property=\"og:image\" content=\"https:\/\/kibrisdakik.com\/wp-content\/uploads\/2024\/02\/cumhurbaskani-tatar-27-avrasya-ekonomi-zirvesine-katildi-1708520525.webp.webp\" \/>\n\t<meta property=\"og:image:width\" content=\"710\" \/>\n\t<meta property=\"og:image:height\" content=\"370\" \/>\n\t<meta property=\"og:image:type\" content=\"image\/webp\" \/>\n<meta name=\"author\" content=\"admin\" \/>\n<meta name=\"twitter:card\" content=\"summary_large_image\" \/>\n<meta name=\"twitter:label1\" content=\"Yazan:\" \/>\n\t<meta name=\"twitter:data1\" content=\"admin\" \/>\n\t<meta name=\"twitter:label2\" content=\"Tahmini okuma s\u00fcresi\" \/>\n\t<meta name=\"twitter:data2\" content=\"4 dakika\" \/>\n<script type=\"application\/ld+json\" class=\"yoast-schema-graph\">{\"@context\":\"https:\\\/\\\/schema.org\",\"@graph\":[{\"@type\":\"Article\",\"@id\":\"https:\\\/\\\/kibrisdakik.com\\\/?p=30804#article\",\"isPartOf\":{\"@id\":\"https:\\\/\\\/kibrisdakik.com\\\/?p=30804\"},\"author\":{\"name\":\"admin\",\"@id\":\"https:\\\/\\\/kibrisdakik.com\\\/#\\\/schema\\\/person\\\/9cd9d437bbb44f72b73ba127e06d8e79\"},\"headline\":\"Cumhurba\u015fkan\u0131 Tatar, \u201c27. Avrasya Ekonomi Zirvesi\u201dne kat\u0131ld\u0131\",\"datePublished\":\"2024-02-21T18:51:10+00:00\",\"mainEntityOfPage\":{\"@id\":\"https:\\\/\\\/kibrisdakik.com\\\/?p=30804\"},\"wordCount\":742,\"commentCount\":0,\"image\":{\"@id\":\"https:\\\/\\\/kibrisdakik.com\\\/?p=30804#primaryimage\"},\"thumbnailUrl\":\"https:\\\/\\\/kibrisdakik.com\\\/wp-content\\\/uploads\\\/2024\\\/02\\\/cumhurbaskani-tatar-27-avrasya-ekonomi-zirvesine-katildi-1708520525.webp.webp\",\"articleSection\":[\"G\u00fcndem\"],\"inLanguage\":\"tr\",\"potentialAction\":[{\"@type\":\"CommentAction\",\"name\":\"Comment\",\"target\":[\"https:\\\/\\\/kibrisdakik.com\\\/?p=30804#respond\"]}]},{\"@type\":\"WebPage\",\"@id\":\"https:\\\/\\\/kibrisdakik.com\\\/?p=30804\",\"url\":\"https:\\\/\\\/kibrisdakik.com\\\/?p=30804\",\"name\":\"Cumhurba\u015fkan\u0131 Tatar, \u201c27. Avrasya Ekonomi Zirvesi\u201dne kat\u0131ld\u0131 -\",\"isPartOf\":{\"@id\":\"https:\\\/\\\/kibrisdakik.com\\\/#website\"},\"primaryImageOfPage\":{\"@id\":\"https:\\\/\\\/kibrisdakik.com\\\/?p=30804#primaryimage\"},\"image\":{\"@id\":\"https:\\\/\\\/kibrisdakik.com\\\/?p=30804#primaryimage\"},\"thumbnailUrl\":\"https:\\\/\\\/kibrisdakik.com\\\/wp-content\\\/uploads\\\/2024\\\/02\\\/cumhurbaskani-tatar-27-avrasya-ekonomi-zirvesine-katildi-1708520525.webp.webp\",\"datePublished\":\"2024-02-21T18:51:10+00:00\",\"author\":{\"@id\":\"https:\\\/\\\/kibrisdakik.com\\\/#\\\/schema\\\/person\\\/9cd9d437bbb44f72b73ba127e06d8e79\"},\"breadcrumb\":{\"@id\":\"https:\\\/\\\/kibrisdakik.com\\\/?p=30804#breadcrumb\"},\"inLanguage\":\"tr\",\"potentialAction\":[{\"@type\":\"ReadAction\",\"target\":[\"https:\\\/\\\/kibrisdakik.com\\\/?p=30804\"]}]},{\"@type\":\"ImageObject\",\"inLanguage\":\"tr\",\"@id\":\"https:\\\/\\\/kibrisdakik.com\\\/?p=30804#primaryimage\",\"url\":\"https:\\\/\\\/kibrisdakik.com\\\/wp-content\\\/uploads\\\/2024\\\/02\\\/cumhurbaskani-tatar-27-avrasya-ekonomi-zirvesine-katildi-1708520525.webp.webp\",\"contentUrl\":\"https:\\\/\\\/kibrisdakik.com\\\/wp-content\\\/uploads\\\/2024\\\/02\\\/cumhurbaskani-tatar-27-avrasya-ekonomi-zirvesine-katildi-1708520525.webp.webp\",\"width\":710,\"height\":370},{\"@type\":\"BreadcrumbList\",\"@id\":\"https:\\\/\\\/kibrisdakik.com\\\/?p=30804#breadcrumb\",\"itemListElement\":[{\"@type\":\"ListItem\",\"position\":1,\"name\":\"Home\",\"item\":\"https:\\\/\\\/kibrisdakik.com\\\/\"},{\"@type\":\"ListItem\",\"position\":2,\"name\":\"Cumhurba\u015fkan\u0131 Tatar, \u201c27. Avrasya Ekonomi Zirvesi\u201dne kat\u0131ld\u0131\"}]},{\"@type\":\"WebSite\",\"@id\":\"https:\\\/\\\/kibrisdakik.com\\\/#website\",\"url\":\"https:\\\/\\\/kibrisdakik.com\\\/\",\"name\":\"\",\"description\":\"Tam vaktinde haber\",\"potentialAction\":[{\"@type\":\"SearchAction\",\"target\":{\"@type\":\"EntryPoint\",\"urlTemplate\":\"https:\\\/\\\/kibrisdakik.com\\\/?s={search_term_string}\"},\"query-input\":{\"@type\":\"PropertyValueSpecification\",\"valueRequired\":true,\"valueName\":\"search_term_string\"}}],\"inLanguage\":\"tr\"},{\"@type\":\"Person\",\"@id\":\"https:\\\/\\\/kibrisdakik.com\\\/#\\\/schema\\\/person\\\/9cd9d437bbb44f72b73ba127e06d8e79\",\"name\":\"admin\",\"image\":{\"@type\":\"ImageObject\",\"inLanguage\":\"tr\",\"@id\":\"https:\\\/\\\/secure.gravatar.com\\\/avatar\\\/ccc17943b9d660506c869530f897617f7cb1c21a4bf30023f252596d83e1f007?s=96&d=mm&r=g\",\"url\":\"https:\\\/\\\/secure.gravatar.com\\\/avatar\\\/ccc17943b9d660506c869530f897617f7cb1c21a4bf30023f252596d83e1f007?s=96&d=mm&r=g\",\"contentUrl\":\"https:\\\/\\\/secure.gravatar.com\\\/avatar\\\/ccc17943b9d660506c869530f897617f7cb1c21a4bf30023f252596d83e1f007?s=96&d=mm&r=g\",\"caption\":\"admin\"},\"sameAs\":[\"https:\\\/\\\/kibrisdakik.com\"],\"url\":\"https:\\\/\\\/kibrisdakik.com\\\/?author=1\"}]}<\/script>\n<!-- \/ Yoast SEO plugin. -->","yoast_head_json":{"title":"Cumhurba\u015fkan\u0131 Tatar, \u201c27. Avrasya Ekonomi Zirvesi\u201dne kat\u0131ld\u0131 -","robots":{"index":"index","follow":"follow","max-snippet":"max-snippet:-1","max-image-preview":"max-image-preview:large","max-video-preview":"max-video-preview:-1"},"canonical":"https:\/\/kibrisdakik.com\/?p=30804","og_locale":"tr_TR","og_type":"article","og_title":"Cumhurba\u015fkan\u0131 Tatar, \u201c27. Avrasya Ekonomi Zirvesi\u201dne kat\u0131ld\u0131 -","og_description":"Tatar, bug\u00fcnk\u00fc durumdan geriye gidi\u015f de\u011fil, ileriye gidi\u015f olaca\u011f\u0131n\u0131 belirterek, \u00f6zellikle T\u00fcrkiye Cumhuriyeti Cumhurba\u015fkan\u0131 Recep Tayyip Erdo\u011fan\u2019\u0131n deste\u011fiyle KKTC\u2019nin g\u00f6r\u00fcn\u00fcrl\u00fc\u011f\u00fc ile uluslararas\u0131 temaslar\u0131n\u0131n artt\u0131\u011f\u0131n\u0131 ve daha da art\u0131r\u0131laca\u011f\u0131n\u0131 belirtti. Cumhurba\u015fkan\u0131 Tatar,&nbsp;T\u00fcrkiye Marmara Grubu Stratejik ve Sosyal Ara\u015ft\u0131rmalar Vakf\u0131 taraf\u0131ndan d\u00fczenlenen \u201c27. Avrasya Ekonomi Zirvesi\u201dne kat\u0131ld\u0131.&nbsp; \u0130stanbul\u2019da yer alan zirve, \u015fehirler an\u0131s\u0131na sayg\u0131 duru\u015fu ve \u0130stiklal","og_url":"https:\/\/kibrisdakik.com\/?p=30804","article_published_time":"2024-02-21T18:51:10+00:00","og_image":[{"width":710,"height":370,"url":"https:\/\/kibrisdakik.com\/wp-content\/uploads\/2024\/02\/cumhurbaskani-tatar-27-avrasya-ekonomi-zirvesine-katildi-1708520525.webp.webp","type":"image\/webp"}],"author":"admin","twitter_card":"summary_large_image","twitter_misc":{"Yazan:":"admin","Tahmini okuma s\u00fcresi":"4 dakika"},"schema":{"@context":"https:\/\/schema.org","@graph":[{"@type":"Article","@id":"https:\/\/kibrisdakik.com\/?p=30804#article","isPartOf":{"@id":"https:\/\/kibrisdakik.com\/?p=30804"},"author":{"name":"admin","@id":"https:\/\/kibrisdakik.com\/#\/schema\/person\/9cd9d437bbb44f72b73ba127e06d8e79"},"headline":"Cumhurba\u015fkan\u0131 Tatar, \u201c27. Avrasya Ekonomi Zirvesi\u201dne kat\u0131ld\u0131","datePublished":"2024-02-21T18:51:10+00:00","mainEntityOfPage":{"@id":"https:\/\/kibrisdakik.com\/?p=30804"},"wordCount":742,"commentCount":0,"image":{"@id":"https:\/\/kibrisdakik.com\/?p=30804#primaryimage"},"thumbnailUrl":"https:\/\/kibrisdakik.com\/wp-content\/uploads\/2024\/02\/cumhurbaskani-tatar-27-avrasya-ekonomi-zirvesine-katildi-1708520525.webp.webp","articleSection":["G\u00fcndem"],"inLanguage":"tr","potentialAction":[{"@type":"CommentAction","name":"Comment","target":["https:\/\/kibrisdakik.com\/?p=30804#respond"]}]},{"@type":"WebPage","@id":"https:\/\/kibrisdakik.com\/?p=30804","url":"https:\/\/kibrisdakik.com\/?p=30804","name":"Cumhurba\u015fkan\u0131 Tatar, \u201c27. Avrasya Ekonomi Zirvesi\u201dne kat\u0131ld\u0131 -","isPartOf":{"@id":"https:\/\/kibrisdakik.com\/#website"},"primaryImageOfPage":{"@id":"https:\/\/kibrisdakik.com\/?p=30804#primaryimage"},"image":{"@id":"https:\/\/kibrisdakik.com\/?p=30804#primaryimage"},"thumbnailUrl":"https:\/\/kibrisdakik.com\/wp-content\/uploads\/2024\/02\/cumhurbaskani-tatar-27-avrasya-ekonomi-zirvesine-katildi-1708520525.webp.webp","datePublished":"2024-02-21T18:51:10+00:00","author":{"@id":"https:\/\/kibrisdakik.com\/#\/schema\/person\/9cd9d437bbb44f72b73ba127e06d8e79"},"breadcrumb":{"@id":"https:\/\/kibrisdakik.com\/?p=30804#breadcrumb"},"inLanguage":"tr","potentialAction":[{"@type":"ReadAction","target":["https:\/\/kibrisdakik.com\/?p=30804"]}]},{"@type":"ImageObject","inLanguage":"tr","@id":"https:\/\/kibrisdakik.com\/?p=30804#primaryimage","url":"https:\/\/kibrisdakik.com\/wp-content\/uploads\/2024\/02\/cumhurbaskani-tatar-27-avrasya-ekonomi-zirvesine-katildi-1708520525.webp.webp","contentUrl":"https:\/\/kibrisdakik.com\/wp-content\/uploads\/2024\/02\/cumhurbaskani-tatar-27-avrasya-ekonomi-zirvesine-katildi-1708520525.webp.webp","width":710,"height":370},{"@type":"BreadcrumbList","@id":"https:\/\/kibrisdakik.com\/?p=30804#breadcrumb","itemListElement":[{"@type":"ListItem","position":1,"name":"Home","item":"https:\/\/kibrisdakik.com\/"},{"@type":"ListItem","position":2,"name":"Cumhurba\u015fkan\u0131 Tatar, \u201c27. Avrasya Ekonomi Zirvesi\u201dne kat\u0131ld\u0131"}]},{"@type":"WebSite","@id":"https:\/\/kibrisdakik.com\/#website","url":"https:\/\/kibrisdakik.com\/","name":"","description":"Tam vaktinde haber","potentialAction":[{"@type":"SearchAction","target":{"@type":"EntryPoint","urlTemplate":"https:\/\/kibrisdakik.com\/?s={search_term_string}"},"query-input":{"@type":"PropertyValueSpecification","valueRequired":true,"valueName":"search_term_string"}}],"inLanguage":"tr"},{"@type":"Person","@id":"https:\/\/kibrisdakik.com\/#\/schema\/person\/9cd9d437bbb44f72b73ba127e06d8e79","name":"admin","image":{"@type":"ImageObject","inLanguage":"tr","@id":"https:\/\/secure.gravatar.com\/avatar\/ccc17943b9d660506c869530f897617f7cb1c21a4bf30023f252596d83e1f007?s=96&d=mm&r=g","url":"https:\/\/secure.gravatar.com\/avatar\/ccc17943b9d660506c869530f897617f7cb1c21a4bf30023f252596d83e1f007?s=96&d=mm&r=g","contentUrl":"https:\/\/secure.gravatar.com\/avatar\/ccc17943b9d660506c869530f897617f7cb1c21a4bf30023f252596d83e1f007?s=96&d=mm&r=g","caption":"admin"},"sameAs":["https:\/\/kibrisdakik.com"],"url":"https:\/\/kibrisdakik.com\/?author=1"}]}},"_links":{"self":[{"href":"https:\/\/kibrisdakik.com\/index.php?rest_route=\/wp\/v2\/posts\/30804","targetHints":{"allow":["GET"]}}],"collection":[{"href":"https:\/\/kibrisdakik.com\/index.php?rest_route=\/wp\/v2\/posts"}],"about":[{"href":"https:\/\/kibrisdakik.com\/index.php?rest_route=\/wp\/v2\/types\/post"}],"author":[{"embeddable":true,"href":"https:\/\/kibrisdakik.com\/index.php?rest_route=\/wp\/v2\/users\/1"}],"replies":[{"embeddable":true,"href":"https:\/\/kibrisdakik.com\/index.php?rest_route=%2Fwp%2Fv2%2Fcomments&post=30804"}],"version-history":[{"count":0,"href":"https:\/\/kibrisdakik.com\/index.php?rest_route=\/wp\/v2\/posts\/30804\/revisions"}],"wp:featuredmedia":[{"embeddable":true,"href":"https:\/\/kibrisdakik.com\/index.php?rest_route=\/wp\/v2\/media\/30805"}],"wp:attachment":[{"href":"https:\/\/kibrisdakik.com\/index.php?rest_route=%2Fwp%2Fv2%2Fmedia&parent=30804"}],"wp:term":[{"taxonomy":"category","embeddable":true,"href":"https:\/\/kibrisdakik.com\/index.php?rest_route=%2Fwp%2Fv2%2Fcategories&post=30804"},{"taxonomy":"post_tag","embeddable":true,"href":"https:\/\/kibrisdakik.com\/index.php?rest_route=%2Fwp%2Fv2%2Ftags&post=30804"}],"curies":[{"name":"wp","href":"https:\/\/api.w.org\/{rel}","templated":true}]}}