{"id":30828,"date":"2024-02-22T08:09:15","date_gmt":"2024-02-22T08:09:15","guid":{"rendered":"https:\/\/kibrisdakik.com\/index.php\/2024\/02\/22\/kibris-turku-sehitlerini-aniyor-programi-yayin-hayatina-basladi\/"},"modified":"2024-02-22T08:09:15","modified_gmt":"2024-02-22T08:09:15","slug":"kibris-turku-sehitlerini-aniyor-programi-yayin-hayatina-basladi","status":"publish","type":"post","link":"https:\/\/kibrisdakik.com\/?p=30828","title":{"rendered":"K\u0131br\u0131s T\u00fcrk\u00fc \u015eehitlerini An\u0131yor\u2019 program\u0131 yay\u0131n hayat\u0131na ba\u015flad\u0131"},"content":{"rendered":"<p><img decoding=\"async\" src=\"https:\/\/www.kibristurk.com\/images\/haberler\/2024\/02\/kibris-turku-sehitlerini-aniyor-programi-yayin-hayatina-basladi-1708588661.webp\" \/><\/p>\n<p>K\u0131br\u0131s T\u00fcrk\u00fc\u2019n\u00fcn ba\u011f\u0131ms\u0131zl\u0131k m\u00fccadelesini konu alan ve bu u\u011furda canlar\u0131n\u0131 vermi\u015f aziz \u015fehitlerimizin hat\u0131ralar\u0131n\u0131 y\u00e2d ederek ya\u015fad\u0131klar\u0131 ac\u0131lar\u0131, kahramanl\u0131k hikayelerini halk\u0131m\u0131zla payla\u015fmak i\u00e7in metin yazarl\u0131\u011f\u0131 ve y\u00f6netmenli\u011fini Muharrem \u00d6ZDEM\u0130R\u2019in \u00fcstlendi\u011fi, \u201cK\u0131br\u0131s T\u00fcrk\u00fc \u015eehitlerini An\u0131yor\u201d program\u0131, ilk b\u00f6l\u00fcm\u00fc ile 21 \u015eubat 2024 tarihinde BRT1 kanal\u0131nda yay\u0131n hayat\u0131na ba\u015flad\u0131.<\/p>\n<p>Ayda bir kez yay\u0131nlanacak olan \u201cK\u0131br\u0131s T\u00fcrk\u00fc \u015eehitlerini An\u0131yor\u201d program\u0131n\u0131n yay\u0131nlanan ilk b\u00f6l\u00fcm\u00fcnde \u015eehit yak\u0131n\u0131 Ahmet A\u015eIR\u2019\u0131n \u015eehit edilen annesi ve 6 karde\u015fi an\u0131ld\u0131.<\/p>\n<p>Program\u0131n \u00e7ekimleri, Cumhurba\u015fkan\u0131 Say\u0131n Ersin TATAR, Meclis Ba\u015fkan\u0131 Zorlu T\u00d6RE, Y\u00fcksek Mahkeme Ba\u015fkan\u0131 Narin Ferdi \u015eEF\u0130K, T\u00fcrkiye Milli Savunma Bakan Yard\u0131mc\u0131s\u0131 Bilal DURDALI, T\u00fcrkiye\u2019nin Lefko\u015fa B\u00fcy\u00fckel\u00e7isi Metin FEYZ\u0130O\u011eLU, K\u0131br\u0131s T\u00fcrk Bar\u0131\u015f Kuvvetleri Komutan\u0131 T\u00fcmgeneral Sebahattin KILIN\u00c7, G\u00fcvenlik Kuvvetleri Komutan\u0131 T\u00fcmgeneral Osman AYTA\u00c7, G\u00fcvenlik Kuvvetleri Komutan Yard\u0131mc\u0131s\u0131 Tu\u011fgeneral Kadir BAYRAKLI ile K\u0131br\u0131s T\u00fcrk Bar\u0131\u015f Kuvvetleri ve G\u00fcvenlik Kuvvetleri Komutanl\u0131\u011f\u0131 personelinin yan\u0131 s\u0131ra Polis Okulu \u00f6\u011frencilerinin de kat\u0131l\u0131m\u0131yla BRT st\u00fcdyolar\u0131nda ger\u00e7ekle\u015ftirildi.<\/p>\n","protected":false},"excerpt":{"rendered":"<p>K\u0131br\u0131s T\u00fcrk\u00fc\u2019n\u00fcn ba\u011f\u0131ms\u0131zl\u0131k m\u00fccadelesini konu alan ve bu u\u011furda canlar\u0131n\u0131 vermi\u015f aziz \u015fehitlerimizin hat\u0131ralar\u0131n\u0131 y\u00e2d ederek ya\u015fad\u0131klar\u0131 ac\u0131lar\u0131, kahramanl\u0131k hikayelerini halk\u0131m\u0131zla payla\u015fmak i\u00e7in metin yazarl\u0131\u011f\u0131 ve y\u00f6netmenli\u011fini Muharrem \u00d6ZDEM\u0130R\u2019in \u00fcstlendi\u011fi, \u201cK\u0131br\u0131s T\u00fcrk\u00fc \u015eehitlerini An\u0131yor\u201d program\u0131, ilk b\u00f6l\u00fcm\u00fc ile 21 \u015eubat 2024 tarihinde BRT1 kanal\u0131nda yay\u0131n hayat\u0131na ba\u015flad\u0131. Ayda bir kez yay\u0131nlanacak olan \u201cK\u0131br\u0131s T\u00fcrk\u00fc \u015eehitlerini<\/p>\n","protected":false},"author":1,"featured_media":30829,"comment_status":"open","ping_status":"open","sticky":false,"template":"","format":"standard","meta":{"footnotes":""},"categories":[1],"tags":[],"class_list":["post-30828","post","type-post","status-publish","format-standard","has-post-thumbnail","hentry","category-gundem"],"yoast_head":"<!-- This site is optimized with the Yoast SEO plugin v27.5 - https:\/\/yoast.com\/product\/yoast-seo-wordpress\/ -->\n<title>K\u0131br\u0131s T\u00fcrk\u00fc \u015eehitlerini An\u0131yor\u2019 program\u0131 yay\u0131n hayat\u0131na ba\u015flad\u0131 -<\/title>\n<meta name=\"robots\" content=\"index, follow, max-snippet:-1, max-image-preview:large, max-video-preview:-1\" \/>\n<link rel=\"canonical\" href=\"https:\/\/kibrisdakik.com\/?p=30828\" \/>\n<meta property=\"og:locale\" content=\"tr_TR\" \/>\n<meta property=\"og:type\" content=\"article\" \/>\n<meta property=\"og:title\" content=\"K\u0131br\u0131s T\u00fcrk\u00fc \u015eehitlerini An\u0131yor\u2019 program\u0131 yay\u0131n hayat\u0131na ba\u015flad\u0131 -\" \/>\n<meta property=\"og:description\" content=\"K\u0131br\u0131s T\u00fcrk\u00fc\u2019n\u00fcn ba\u011f\u0131ms\u0131zl\u0131k m\u00fccadelesini konu alan ve bu u\u011furda canlar\u0131n\u0131 vermi\u015f aziz \u015fehitlerimizin hat\u0131ralar\u0131n\u0131 y\u00e2d ederek ya\u015fad\u0131klar\u0131 ac\u0131lar\u0131, kahramanl\u0131k hikayelerini halk\u0131m\u0131zla payla\u015fmak i\u00e7in metin yazarl\u0131\u011f\u0131 ve y\u00f6netmenli\u011fini Muharrem \u00d6ZDEM\u0130R\u2019in \u00fcstlendi\u011fi, \u201cK\u0131br\u0131s T\u00fcrk\u00fc \u015eehitlerini An\u0131yor\u201d program\u0131, ilk b\u00f6l\u00fcm\u00fc ile 21 \u015eubat 2024 tarihinde BRT1 kanal\u0131nda yay\u0131n hayat\u0131na ba\u015flad\u0131. Ayda bir kez yay\u0131nlanacak olan \u201cK\u0131br\u0131s T\u00fcrk\u00fc \u015eehitlerini\" \/>\n<meta property=\"og:url\" content=\"https:\/\/kibrisdakik.com\/?p=30828\" \/>\n<meta property=\"article:published_time\" content=\"2024-02-22T08:09:15+00:00\" \/>\n<meta property=\"og:image\" content=\"https:\/\/kibrisdakik.com\/wp-content\/uploads\/2024\/02\/kibris-turku-sehitlerini-aniyor-programi-yayin-hayatina-basladi-1708588661.webp.webp\" \/>\n\t<meta property=\"og:image:width\" content=\"710\" \/>\n\t<meta property=\"og:image:height\" content=\"370\" \/>\n\t<meta property=\"og:image:type\" content=\"image\/webp\" \/>\n<meta name=\"author\" content=\"admin\" \/>\n<meta name=\"twitter:card\" content=\"summary_large_image\" \/>\n<meta name=\"twitter:label1\" content=\"Yazan:\" \/>\n\t<meta name=\"twitter:data1\" content=\"admin\" \/>\n\t<meta name=\"twitter:label2\" content=\"Tahmini okuma s\u00fcresi\" \/>\n\t<meta name=\"twitter:data2\" content=\"1 dakika\" \/>\n<script type=\"application\/ld+json\" class=\"yoast-schema-graph\">{\"@context\":\"https:\\\/\\\/schema.org\",\"@graph\":[{\"@type\":\"Article\",\"@id\":\"https:\\\/\\\/kibrisdakik.com\\\/?p=30828#article\",\"isPartOf\":{\"@id\":\"https:\\\/\\\/kibrisdakik.com\\\/?p=30828\"},\"author\":{\"name\":\"admin\",\"@id\":\"https:\\\/\\\/kibrisdakik.com\\\/#\\\/schema\\\/person\\\/9cd9d437bbb44f72b73ba127e06d8e79\"},\"headline\":\"K\u0131br\u0131s T\u00fcrk\u00fc \u015eehitlerini An\u0131yor\u2019 program\u0131 yay\u0131n hayat\u0131na ba\u015flad\u0131\",\"datePublished\":\"2024-02-22T08:09:15+00:00\",\"mainEntityOfPage\":{\"@id\":\"https:\\\/\\\/kibrisdakik.com\\\/?p=30828\"},\"wordCount\":246,\"commentCount\":0,\"image\":{\"@id\":\"https:\\\/\\\/kibrisdakik.com\\\/?p=30828#primaryimage\"},\"thumbnailUrl\":\"https:\\\/\\\/kibrisdakik.com\\\/wp-content\\\/uploads\\\/2024\\\/02\\\/kibris-turku-sehitlerini-aniyor-programi-yayin-hayatina-basladi-1708588661.webp.webp\",\"articleSection\":[\"G\u00fcndem\"],\"inLanguage\":\"tr\",\"potentialAction\":[{\"@type\":\"CommentAction\",\"name\":\"Comment\",\"target\":[\"https:\\\/\\\/kibrisdakik.com\\\/?p=30828#respond\"]}]},{\"@type\":\"WebPage\",\"@id\":\"https:\\\/\\\/kibrisdakik.com\\\/?p=30828\",\"url\":\"https:\\\/\\\/kibrisdakik.com\\\/?p=30828\",\"name\":\"K\u0131br\u0131s T\u00fcrk\u00fc \u015eehitlerini An\u0131yor\u2019 program\u0131 yay\u0131n hayat\u0131na ba\u015flad\u0131 -\",\"isPartOf\":{\"@id\":\"https:\\\/\\\/kibrisdakik.com\\\/#website\"},\"primaryImageOfPage\":{\"@id\":\"https:\\\/\\\/kibrisdakik.com\\\/?p=30828#primaryimage\"},\"image\":{\"@id\":\"https:\\\/\\\/kibrisdakik.com\\\/?p=30828#primaryimage\"},\"thumbnailUrl\":\"https:\\\/\\\/kibrisdakik.com\\\/wp-content\\\/uploads\\\/2024\\\/02\\\/kibris-turku-sehitlerini-aniyor-programi-yayin-hayatina-basladi-1708588661.webp.webp\",\"datePublished\":\"2024-02-22T08:09:15+00:00\",\"author\":{\"@id\":\"https:\\\/\\\/kibrisdakik.com\\\/#\\\/schema\\\/person\\\/9cd9d437bbb44f72b73ba127e06d8e79\"},\"breadcrumb\":{\"@id\":\"https:\\\/\\\/kibrisdakik.com\\\/?p=30828#breadcrumb\"},\"inLanguage\":\"tr\",\"potentialAction\":[{\"@type\":\"ReadAction\",\"target\":[\"https:\\\/\\\/kibrisdakik.com\\\/?p=30828\"]}]},{\"@type\":\"ImageObject\",\"inLanguage\":\"tr\",\"@id\":\"https:\\\/\\\/kibrisdakik.com\\\/?p=30828#primaryimage\",\"url\":\"https:\\\/\\\/kibrisdakik.com\\\/wp-content\\\/uploads\\\/2024\\\/02\\\/kibris-turku-sehitlerini-aniyor-programi-yayin-hayatina-basladi-1708588661.webp.webp\",\"contentUrl\":\"https:\\\/\\\/kibrisdakik.com\\\/wp-content\\\/uploads\\\/2024\\\/02\\\/kibris-turku-sehitlerini-aniyor-programi-yayin-hayatina-basladi-1708588661.webp.webp\",\"width\":710,\"height\":370},{\"@type\":\"BreadcrumbList\",\"@id\":\"https:\\\/\\\/kibrisdakik.com\\\/?p=30828#breadcrumb\",\"itemListElement\":[{\"@type\":\"ListItem\",\"position\":1,\"name\":\"Home\",\"item\":\"https:\\\/\\\/kibrisdakik.com\\\/\"},{\"@type\":\"ListItem\",\"position\":2,\"name\":\"K\u0131br\u0131s T\u00fcrk\u00fc \u015eehitlerini An\u0131yor\u2019 program\u0131 yay\u0131n hayat\u0131na ba\u015flad\u0131\"}]},{\"@type\":\"WebSite\",\"@id\":\"https:\\\/\\\/kibrisdakik.com\\\/#website\",\"url\":\"https:\\\/\\\/kibrisdakik.com\\\/\",\"name\":\"\",\"description\":\"Tam vaktinde haber\",\"potentialAction\":[{\"@type\":\"SearchAction\",\"target\":{\"@type\":\"EntryPoint\",\"urlTemplate\":\"https:\\\/\\\/kibrisdakik.com\\\/?s={search_term_string}\"},\"query-input\":{\"@type\":\"PropertyValueSpecification\",\"valueRequired\":true,\"valueName\":\"search_term_string\"}}],\"inLanguage\":\"tr\"},{\"@type\":\"Person\",\"@id\":\"https:\\\/\\\/kibrisdakik.com\\\/#\\\/schema\\\/person\\\/9cd9d437bbb44f72b73ba127e06d8e79\",\"name\":\"admin\",\"image\":{\"@type\":\"ImageObject\",\"inLanguage\":\"tr\",\"@id\":\"https:\\\/\\\/secure.gravatar.com\\\/avatar\\\/ccc17943b9d660506c869530f897617f7cb1c21a4bf30023f252596d83e1f007?s=96&d=mm&r=g\",\"url\":\"https:\\\/\\\/secure.gravatar.com\\\/avatar\\\/ccc17943b9d660506c869530f897617f7cb1c21a4bf30023f252596d83e1f007?s=96&d=mm&r=g\",\"contentUrl\":\"https:\\\/\\\/secure.gravatar.com\\\/avatar\\\/ccc17943b9d660506c869530f897617f7cb1c21a4bf30023f252596d83e1f007?s=96&d=mm&r=g\",\"caption\":\"admin\"},\"sameAs\":[\"https:\\\/\\\/kibrisdakik.com\"],\"url\":\"https:\\\/\\\/kibrisdakik.com\\\/?author=1\"}]}<\/script>\n<!-- \/ Yoast SEO plugin. -->","yoast_head_json":{"title":"K\u0131br\u0131s T\u00fcrk\u00fc \u015eehitlerini An\u0131yor\u2019 program\u0131 yay\u0131n hayat\u0131na ba\u015flad\u0131 -","robots":{"index":"index","follow":"follow","max-snippet":"max-snippet:-1","max-image-preview":"max-image-preview:large","max-video-preview":"max-video-preview:-1"},"canonical":"https:\/\/kibrisdakik.com\/?p=30828","og_locale":"tr_TR","og_type":"article","og_title":"K\u0131br\u0131s T\u00fcrk\u00fc \u015eehitlerini An\u0131yor\u2019 program\u0131 yay\u0131n hayat\u0131na ba\u015flad\u0131 -","og_description":"K\u0131br\u0131s T\u00fcrk\u00fc\u2019n\u00fcn ba\u011f\u0131ms\u0131zl\u0131k m\u00fccadelesini konu alan ve bu u\u011furda canlar\u0131n\u0131 vermi\u015f aziz \u015fehitlerimizin hat\u0131ralar\u0131n\u0131 y\u00e2d ederek ya\u015fad\u0131klar\u0131 ac\u0131lar\u0131, kahramanl\u0131k hikayelerini halk\u0131m\u0131zla payla\u015fmak i\u00e7in metin yazarl\u0131\u011f\u0131 ve y\u00f6netmenli\u011fini Muharrem \u00d6ZDEM\u0130R\u2019in \u00fcstlendi\u011fi, \u201cK\u0131br\u0131s T\u00fcrk\u00fc \u015eehitlerini An\u0131yor\u201d program\u0131, ilk b\u00f6l\u00fcm\u00fc ile 21 \u015eubat 2024 tarihinde BRT1 kanal\u0131nda yay\u0131n hayat\u0131na ba\u015flad\u0131. Ayda bir kez yay\u0131nlanacak olan \u201cK\u0131br\u0131s T\u00fcrk\u00fc \u015eehitlerini","og_url":"https:\/\/kibrisdakik.com\/?p=30828","article_published_time":"2024-02-22T08:09:15+00:00","og_image":[{"width":710,"height":370,"url":"https:\/\/kibrisdakik.com\/wp-content\/uploads\/2024\/02\/kibris-turku-sehitlerini-aniyor-programi-yayin-hayatina-basladi-1708588661.webp.webp","type":"image\/webp"}],"author":"admin","twitter_card":"summary_large_image","twitter_misc":{"Yazan:":"admin","Tahmini okuma s\u00fcresi":"1 dakika"},"schema":{"@context":"https:\/\/schema.org","@graph":[{"@type":"Article","@id":"https:\/\/kibrisdakik.com\/?p=30828#article","isPartOf":{"@id":"https:\/\/kibrisdakik.com\/?p=30828"},"author":{"name":"admin","@id":"https:\/\/kibrisdakik.com\/#\/schema\/person\/9cd9d437bbb44f72b73ba127e06d8e79"},"headline":"K\u0131br\u0131s T\u00fcrk\u00fc \u015eehitlerini An\u0131yor\u2019 program\u0131 yay\u0131n hayat\u0131na ba\u015flad\u0131","datePublished":"2024-02-22T08:09:15+00:00","mainEntityOfPage":{"@id":"https:\/\/kibrisdakik.com\/?p=30828"},"wordCount":246,"commentCount":0,"image":{"@id":"https:\/\/kibrisdakik.com\/?p=30828#primaryimage"},"thumbnailUrl":"https:\/\/kibrisdakik.com\/wp-content\/uploads\/2024\/02\/kibris-turku-sehitlerini-aniyor-programi-yayin-hayatina-basladi-1708588661.webp.webp","articleSection":["G\u00fcndem"],"inLanguage":"tr","potentialAction":[{"@type":"CommentAction","name":"Comment","target":["https:\/\/kibrisdakik.com\/?p=30828#respond"]}]},{"@type":"WebPage","@id":"https:\/\/kibrisdakik.com\/?p=30828","url":"https:\/\/kibrisdakik.com\/?p=30828","name":"K\u0131br\u0131s T\u00fcrk\u00fc \u015eehitlerini An\u0131yor\u2019 program\u0131 yay\u0131n hayat\u0131na ba\u015flad\u0131 -","isPartOf":{"@id":"https:\/\/kibrisdakik.com\/#website"},"primaryImageOfPage":{"@id":"https:\/\/kibrisdakik.com\/?p=30828#primaryimage"},"image":{"@id":"https:\/\/kibrisdakik.com\/?p=30828#primaryimage"},"thumbnailUrl":"https:\/\/kibrisdakik.com\/wp-content\/uploads\/2024\/02\/kibris-turku-sehitlerini-aniyor-programi-yayin-hayatina-basladi-1708588661.webp.webp","datePublished":"2024-02-22T08:09:15+00:00","author":{"@id":"https:\/\/kibrisdakik.com\/#\/schema\/person\/9cd9d437bbb44f72b73ba127e06d8e79"},"breadcrumb":{"@id":"https:\/\/kibrisdakik.com\/?p=30828#breadcrumb"},"inLanguage":"tr","potentialAction":[{"@type":"ReadAction","target":["https:\/\/kibrisdakik.com\/?p=30828"]}]},{"@type":"ImageObject","inLanguage":"tr","@id":"https:\/\/kibrisdakik.com\/?p=30828#primaryimage","url":"https:\/\/kibrisdakik.com\/wp-content\/uploads\/2024\/02\/kibris-turku-sehitlerini-aniyor-programi-yayin-hayatina-basladi-1708588661.webp.webp","contentUrl":"https:\/\/kibrisdakik.com\/wp-content\/uploads\/2024\/02\/kibris-turku-sehitlerini-aniyor-programi-yayin-hayatina-basladi-1708588661.webp.webp","width":710,"height":370},{"@type":"BreadcrumbList","@id":"https:\/\/kibrisdakik.com\/?p=30828#breadcrumb","itemListElement":[{"@type":"ListItem","position":1,"name":"Home","item":"https:\/\/kibrisdakik.com\/"},{"@type":"ListItem","position":2,"name":"K\u0131br\u0131s T\u00fcrk\u00fc \u015eehitlerini An\u0131yor\u2019 program\u0131 yay\u0131n hayat\u0131na ba\u015flad\u0131"}]},{"@type":"WebSite","@id":"https:\/\/kibrisdakik.com\/#website","url":"https:\/\/kibrisdakik.com\/","name":"","description":"Tam vaktinde haber","potentialAction":[{"@type":"SearchAction","target":{"@type":"EntryPoint","urlTemplate":"https:\/\/kibrisdakik.com\/?s={search_term_string}"},"query-input":{"@type":"PropertyValueSpecification","valueRequired":true,"valueName":"search_term_string"}}],"inLanguage":"tr"},{"@type":"Person","@id":"https:\/\/kibrisdakik.com\/#\/schema\/person\/9cd9d437bbb44f72b73ba127e06d8e79","name":"admin","image":{"@type":"ImageObject","inLanguage":"tr","@id":"https:\/\/secure.gravatar.com\/avatar\/ccc17943b9d660506c869530f897617f7cb1c21a4bf30023f252596d83e1f007?s=96&d=mm&r=g","url":"https:\/\/secure.gravatar.com\/avatar\/ccc17943b9d660506c869530f897617f7cb1c21a4bf30023f252596d83e1f007?s=96&d=mm&r=g","contentUrl":"https:\/\/secure.gravatar.com\/avatar\/ccc17943b9d660506c869530f897617f7cb1c21a4bf30023f252596d83e1f007?s=96&d=mm&r=g","caption":"admin"},"sameAs":["https:\/\/kibrisdakik.com"],"url":"https:\/\/kibrisdakik.com\/?author=1"}]}},"_links":{"self":[{"href":"https:\/\/kibrisdakik.com\/index.php?rest_route=\/wp\/v2\/posts\/30828","targetHints":{"allow":["GET"]}}],"collection":[{"href":"https:\/\/kibrisdakik.com\/index.php?rest_route=\/wp\/v2\/posts"}],"about":[{"href":"https:\/\/kibrisdakik.com\/index.php?rest_route=\/wp\/v2\/types\/post"}],"author":[{"embeddable":true,"href":"https:\/\/kibrisdakik.com\/index.php?rest_route=\/wp\/v2\/users\/1"}],"replies":[{"embeddable":true,"href":"https:\/\/kibrisdakik.com\/index.php?rest_route=%2Fwp%2Fv2%2Fcomments&post=30828"}],"version-history":[{"count":0,"href":"https:\/\/kibrisdakik.com\/index.php?rest_route=\/wp\/v2\/posts\/30828\/revisions"}],"wp:featuredmedia":[{"embeddable":true,"href":"https:\/\/kibrisdakik.com\/index.php?rest_route=\/wp\/v2\/media\/30829"}],"wp:attachment":[{"href":"https:\/\/kibrisdakik.com\/index.php?rest_route=%2Fwp%2Fv2%2Fmedia&parent=30828"}],"wp:term":[{"taxonomy":"category","embeddable":true,"href":"https:\/\/kibrisdakik.com\/index.php?rest_route=%2Fwp%2Fv2%2Fcategories&post=30828"},{"taxonomy":"post_tag","embeddable":true,"href":"https:\/\/kibrisdakik.com\/index.php?rest_route=%2Fwp%2Fv2%2Ftags&post=30828"}],"curies":[{"name":"wp","href":"https:\/\/api.w.org\/{rel}","templated":true}]}}