{"id":30858,"date":"2024-02-22T11:13:28","date_gmt":"2024-02-22T11:13:28","guid":{"rendered":"https:\/\/kibrisdakik.com\/index.php\/2024\/02\/22\/kulturel-miras-iki-gunluk-sempozyumda-ele-aliniyor\/"},"modified":"2024-02-22T11:13:28","modified_gmt":"2024-02-22T11:13:28","slug":"kulturel-miras-iki-gunluk-sempozyumda-ele-aliniyor","status":"publish","type":"post","link":"https:\/\/kibrisdakik.com\/?p=30858","title":{"rendered":"K\u00fclt\u00fcrel miras iki g\u00fcnl\u00fck sempozyumda ele al\u0131n\u0131yor"},"content":{"rendered":"<p><img decoding=\"async\" src=\"https:\/\/www.kibristurk.com\/images\/haberler\/2024\/02\/kulturel-miras-iki-gunluk-sempozyumda-ele-aliniyor-1708599905.webp\" \/><\/p>\n<p style=\"text-align:left\"><span style=\"font-size:14px\"><span style=\"font-family:Arial,Helvetica,sans-serif\"><span style=\"color:#000000\"><span style=\"background-color:#ffffff\">\u0130lki ger\u00e7ekle\u015ftirilen Sempozyum, Milli Ar\u015fiv ve Ara\u015ft\u0131rma Dairesi, K\u00fclt\u00fcrel Miras\u0131 Koruma ve Ara\u015ft\u0131rma Derne\u011fi (K\u00dcMAD) ve Alashia Terracotta Sanat Toplulu\u011fu i\u015f birli\u011finde bug\u00fcn ve yar\u0131n&nbsp; Acapulco Resort Convention Spa Hotel ev sahipli\u011finde yap\u0131l\u0131yor.<\/span><\/span><\/span><\/span><\/p>\n<p style=\"text-align:left\"><span style=\"font-size:14px\"><span style=\"font-family:Arial,Helvetica,sans-serif\"><span style=\"color:#000000\"><span style=\"background-color:#ffffff\">KKTC Cumhurba\u015fkanl\u0131\u011f\u0131, T\u00fcrkiye Cumhuriyeti Lefko\u015fa B\u00fcy\u00fckel\u00e7ili\u011fi, KKTC Ba\u015fbakan Yard\u0131mc\u0131l\u0131\u011f\u0131 Turizm \u00c7evre ve K\u00fclt\u00fcr Bakanl\u0131\u011f\u0131, T.C. K\u00fclt\u00fcr ve Turizm Bakanl\u0131\u011f\u0131,&nbsp;T\u00fcrkiye Cumhuriyeti Kalk\u0131nma ve Ekonomik \u0130\u015fbirli\u011fi Ofisi (KE\u0130), T\u00fcrk \u0130\u015fbirli\u011fi ve Koordinasyon Ajans\u0131 Lefko\u015fa Ofisi (T\u0130KA), T\u00fcrkiye K\u00fclt\u00fcr Varl\u0131klar\u0131 M\u00fczeler Genel M\u00fcd\u00fcrl\u00fc\u011f\u00fc, KKTC K\u00fclt\u00fcr Dairesi M\u00fcd\u00fcrl\u00fc\u011f\u00fc, &nbsp;Vak\u0131flar \u0130daresi, G\u00f6nyeli-Alayk\u00f6y Belediyesi, Lapta-Alsancak-\u00c7aml\u0131bel Belediyesi, \u00c7atalk\u00f6y -Esentepe Belediyesi, Girne Belediyesi ve T.C. \u0130zmit Belediyesi, Do\u011fu Akdeniz, \u00dcniversitesi, BRTK, T\u00fcrkiye ICOM, M\u00fczeciler Derne\u011fi, K\u0131br\u0131s T\u00fcrk Giri\u015fimci Kad\u0131nlar Derne\u011fi, Fibula M\u00fcze Ekipmanlar\u0131, Mikrokilma, Sa\u011flam Metal, Zemastek Yap\u0131 \u0130n\u015faat Restoraston ile Arkeoloji Haber sponsorlu\u011fu ve payda\u015fl\u0131\u011f\u0131nda d\u00fczenlenen Sempozyumda 40 bildiri sunulacak, farkl\u0131 konu ba\u015fl\u0131klar\u0131nda at\u00f6lyeler yap\u0131lacak.<\/span><\/span><\/span><\/span><\/p>\n<p style=\"text-align:left\">&nbsp;<\/p>\n<p style=\"text-align:left\"><span style=\"font-size:14px\"><span style=\"font-family:Arial,Helvetica,sans-serif\"><span style=\"color:#000000\"><span style=\"background-color:#ffffff\">Sempozyum, sayg\u0131 duru\u015fu ve \u0130stiklal Mar\u015f\u0131\u2019n\u0131n okunmas\u0131n\u0131n ard\u0131ndan a\u00e7\u0131l\u0131\u015f konu\u015fmalar\u0131yla ba\u015flad\u0131. A\u00e7\u0131l\u0131\u015f konu\u015fmalar\u0131, Cumhurba\u015fkan\u0131 Vekili Cumhuriyet Meclisi Ba\u015fkan\u0131 Zorlu T\u00f6re, Cumhurba\u015fkan\u0131 Ersin Tatar\u2019\u0131n e\u015fi Sibel Tatar, T.C. K\u00fclt\u00fcr ve Turizm Bakanl\u0131\u011f\u0131 Ka\u00e7ak\u00e7\u0131l\u0131kla M\u00fccadele Daire Ba\u015fkan\u0131 Zeynep Boz, K\u0131br\u0131s Vak\u0131flar \u0130daresi Genel M\u00fcd\u00fcr\u00fc Mustafa T\u00fcmer, T\u00fcrk \u0130\u015fbirli\u011fi ve Koordinasyon Ajans\u0131 Lefko\u015fa Ofisi Koordinat\u00f6r\u00fc Havva P\u0131nar \u00d6zcan K\u00fc\u00e7\u00fck\u00e7avu\u015f, K\u0131br\u0131s T\u00fcrk Giri\u015fimci Kad\u0131nlar Derne\u011fi Asba\u015fkan\u0131 P\u0131nar Ba\u015fman S\u00fcren, Alashia Terracotta Sanat Toplulu\u011fu ad\u0131na sanat\u00e7\u0131, k\u00fcrat\u00f6r Ayhatun Ate\u015fin ve T.C. K\u00fclt\u00fcr ve Turizm Bakanl\u0131\u011f\u0131 K\u00fclt\u00fcr Varl\u0131klar\u0131 ve M\u00fczeler Genel M\u00fcd\u00fcrl\u00fc\u011f\u00fc Kocaeli M\u00fcze M\u00fcd\u00fcr\u00fc ve K\u00dcMAD K\u00fclt\u00fcrel Miras\u0131 Koruma \u2013Ara\u015ft\u0131rma Derne\u011fi Ba\u015fkan\u0131 Serkan Ged\u00fck konu\u015fma yapt\u0131.<\/span><\/span><\/span><\/span><\/p>\n","protected":false},"excerpt":{"rendered":"<p>\u0130lki ger\u00e7ekle\u015ftirilen Sempozyum, Milli Ar\u015fiv ve Ara\u015ft\u0131rma Dairesi, K\u00fclt\u00fcrel Miras\u0131 Koruma ve Ara\u015ft\u0131rma Derne\u011fi (K\u00dcMAD) ve Alashia Terracotta Sanat Toplulu\u011fu i\u015f birli\u011finde bug\u00fcn ve yar\u0131n&nbsp; Acapulco Resort Convention Spa Hotel ev sahipli\u011finde yap\u0131l\u0131yor. KKTC Cumhurba\u015fkanl\u0131\u011f\u0131, T\u00fcrkiye Cumhuriyeti Lefko\u015fa B\u00fcy\u00fckel\u00e7ili\u011fi, KKTC Ba\u015fbakan Yard\u0131mc\u0131l\u0131\u011f\u0131 Turizm \u00c7evre ve K\u00fclt\u00fcr Bakanl\u0131\u011f\u0131, T.C. K\u00fclt\u00fcr ve Turizm Bakanl\u0131\u011f\u0131,&nbsp;T\u00fcrkiye Cumhuriyeti Kalk\u0131nma ve<\/p>\n","protected":false},"author":1,"featured_media":30859,"comment_status":"open","ping_status":"open","sticky":false,"template":"","format":"standard","meta":{"footnotes":""},"categories":[1],"tags":[],"class_list":["post-30858","post","type-post","status-publish","format-standard","has-post-thumbnail","hentry","category-gundem"],"yoast_head":"<!-- This site is optimized with the Yoast SEO plugin v27.4 - https:\/\/yoast.com\/product\/yoast-seo-wordpress\/ -->\n<title>K\u00fclt\u00fcrel miras iki g\u00fcnl\u00fck sempozyumda ele al\u0131n\u0131yor -<\/title>\n<meta name=\"robots\" content=\"index, follow, max-snippet:-1, max-image-preview:large, max-video-preview:-1\" \/>\n<link rel=\"canonical\" href=\"https:\/\/kibrisdakik.com\/?p=30858\" \/>\n<meta property=\"og:locale\" content=\"tr_TR\" \/>\n<meta property=\"og:type\" content=\"article\" \/>\n<meta property=\"og:title\" content=\"K\u00fclt\u00fcrel miras iki g\u00fcnl\u00fck sempozyumda ele al\u0131n\u0131yor -\" \/>\n<meta property=\"og:description\" content=\"\u0130lki ger\u00e7ekle\u015ftirilen Sempozyum, Milli Ar\u015fiv ve Ara\u015ft\u0131rma Dairesi, K\u00fclt\u00fcrel Miras\u0131 Koruma ve Ara\u015ft\u0131rma Derne\u011fi (K\u00dcMAD) ve Alashia Terracotta Sanat Toplulu\u011fu i\u015f birli\u011finde bug\u00fcn ve yar\u0131n&nbsp; Acapulco Resort Convention Spa Hotel ev sahipli\u011finde yap\u0131l\u0131yor. KKTC Cumhurba\u015fkanl\u0131\u011f\u0131, T\u00fcrkiye Cumhuriyeti Lefko\u015fa B\u00fcy\u00fckel\u00e7ili\u011fi, KKTC Ba\u015fbakan Yard\u0131mc\u0131l\u0131\u011f\u0131 Turizm \u00c7evre ve K\u00fclt\u00fcr Bakanl\u0131\u011f\u0131, T.C. K\u00fclt\u00fcr ve Turizm Bakanl\u0131\u011f\u0131,&nbsp;T\u00fcrkiye Cumhuriyeti Kalk\u0131nma ve\" \/>\n<meta property=\"og:url\" content=\"https:\/\/kibrisdakik.com\/?p=30858\" \/>\n<meta property=\"article:published_time\" content=\"2024-02-22T11:13:28+00:00\" \/>\n<meta property=\"og:image\" content=\"https:\/\/kibrisdakik.com\/wp-content\/uploads\/2024\/02\/kulturel-miras-iki-gunluk-sempozyumda-ele-aliniyor-1708599905.webp.webp\" \/>\n\t<meta property=\"og:image:width\" content=\"710\" \/>\n\t<meta property=\"og:image:height\" content=\"370\" \/>\n\t<meta property=\"og:image:type\" content=\"image\/webp\" \/>\n<meta name=\"author\" content=\"admin\" \/>\n<meta name=\"twitter:card\" content=\"summary_large_image\" \/>\n<meta name=\"twitter:label1\" content=\"Yazan:\" \/>\n\t<meta name=\"twitter:data1\" content=\"admin\" \/>\n\t<meta name=\"twitter:label2\" content=\"Tahmini okuma s\u00fcresi\" \/>\n\t<meta name=\"twitter:data2\" content=\"2 dakika\" \/>\n<script type=\"application\/ld+json\" class=\"yoast-schema-graph\">{\"@context\":\"https:\\\/\\\/schema.org\",\"@graph\":[{\"@type\":\"Article\",\"@id\":\"https:\\\/\\\/kibrisdakik.com\\\/?p=30858#article\",\"isPartOf\":{\"@id\":\"https:\\\/\\\/kibrisdakik.com\\\/?p=30858\"},\"author\":{\"name\":\"admin\",\"@id\":\"https:\\\/\\\/kibrisdakik.com\\\/#\\\/schema\\\/person\\\/9cd9d437bbb44f72b73ba127e06d8e79\"},\"headline\":\"K\u00fclt\u00fcrel miras iki g\u00fcnl\u00fck sempozyumda ele al\u0131n\u0131yor\",\"datePublished\":\"2024-02-22T11:13:28+00:00\",\"mainEntityOfPage\":{\"@id\":\"https:\\\/\\\/kibrisdakik.com\\\/?p=30858\"},\"wordCount\":404,\"commentCount\":0,\"image\":{\"@id\":\"https:\\\/\\\/kibrisdakik.com\\\/?p=30858#primaryimage\"},\"thumbnailUrl\":\"https:\\\/\\\/kibrisdakik.com\\\/wp-content\\\/uploads\\\/2024\\\/02\\\/kulturel-miras-iki-gunluk-sempozyumda-ele-aliniyor-1708599905.webp.webp\",\"articleSection\":[\"G\u00fcndem\"],\"inLanguage\":\"tr\",\"potentialAction\":[{\"@type\":\"CommentAction\",\"name\":\"Comment\",\"target\":[\"https:\\\/\\\/kibrisdakik.com\\\/?p=30858#respond\"]}]},{\"@type\":\"WebPage\",\"@id\":\"https:\\\/\\\/kibrisdakik.com\\\/?p=30858\",\"url\":\"https:\\\/\\\/kibrisdakik.com\\\/?p=30858\",\"name\":\"K\u00fclt\u00fcrel miras iki g\u00fcnl\u00fck sempozyumda ele al\u0131n\u0131yor -\",\"isPartOf\":{\"@id\":\"https:\\\/\\\/kibrisdakik.com\\\/#website\"},\"primaryImageOfPage\":{\"@id\":\"https:\\\/\\\/kibrisdakik.com\\\/?p=30858#primaryimage\"},\"image\":{\"@id\":\"https:\\\/\\\/kibrisdakik.com\\\/?p=30858#primaryimage\"},\"thumbnailUrl\":\"https:\\\/\\\/kibrisdakik.com\\\/wp-content\\\/uploads\\\/2024\\\/02\\\/kulturel-miras-iki-gunluk-sempozyumda-ele-aliniyor-1708599905.webp.webp\",\"datePublished\":\"2024-02-22T11:13:28+00:00\",\"author\":{\"@id\":\"https:\\\/\\\/kibrisdakik.com\\\/#\\\/schema\\\/person\\\/9cd9d437bbb44f72b73ba127e06d8e79\"},\"breadcrumb\":{\"@id\":\"https:\\\/\\\/kibrisdakik.com\\\/?p=30858#breadcrumb\"},\"inLanguage\":\"tr\",\"potentialAction\":[{\"@type\":\"ReadAction\",\"target\":[\"https:\\\/\\\/kibrisdakik.com\\\/?p=30858\"]}]},{\"@type\":\"ImageObject\",\"inLanguage\":\"tr\",\"@id\":\"https:\\\/\\\/kibrisdakik.com\\\/?p=30858#primaryimage\",\"url\":\"https:\\\/\\\/kibrisdakik.com\\\/wp-content\\\/uploads\\\/2024\\\/02\\\/kulturel-miras-iki-gunluk-sempozyumda-ele-aliniyor-1708599905.webp.webp\",\"contentUrl\":\"https:\\\/\\\/kibrisdakik.com\\\/wp-content\\\/uploads\\\/2024\\\/02\\\/kulturel-miras-iki-gunluk-sempozyumda-ele-aliniyor-1708599905.webp.webp\",\"width\":710,\"height\":370},{\"@type\":\"BreadcrumbList\",\"@id\":\"https:\\\/\\\/kibrisdakik.com\\\/?p=30858#breadcrumb\",\"itemListElement\":[{\"@type\":\"ListItem\",\"position\":1,\"name\":\"Home\",\"item\":\"https:\\\/\\\/kibrisdakik.com\\\/\"},{\"@type\":\"ListItem\",\"position\":2,\"name\":\"K\u00fclt\u00fcrel miras iki g\u00fcnl\u00fck sempozyumda ele al\u0131n\u0131yor\"}]},{\"@type\":\"WebSite\",\"@id\":\"https:\\\/\\\/kibrisdakik.com\\\/#website\",\"url\":\"https:\\\/\\\/kibrisdakik.com\\\/\",\"name\":\"\",\"description\":\"Tam vaktinde haber\",\"potentialAction\":[{\"@type\":\"SearchAction\",\"target\":{\"@type\":\"EntryPoint\",\"urlTemplate\":\"https:\\\/\\\/kibrisdakik.com\\\/?s={search_term_string}\"},\"query-input\":{\"@type\":\"PropertyValueSpecification\",\"valueRequired\":true,\"valueName\":\"search_term_string\"}}],\"inLanguage\":\"tr\"},{\"@type\":\"Person\",\"@id\":\"https:\\\/\\\/kibrisdakik.com\\\/#\\\/schema\\\/person\\\/9cd9d437bbb44f72b73ba127e06d8e79\",\"name\":\"admin\",\"image\":{\"@type\":\"ImageObject\",\"inLanguage\":\"tr\",\"@id\":\"https:\\\/\\\/secure.gravatar.com\\\/avatar\\\/ccc17943b9d660506c869530f897617f7cb1c21a4bf30023f252596d83e1f007?s=96&d=mm&r=g\",\"url\":\"https:\\\/\\\/secure.gravatar.com\\\/avatar\\\/ccc17943b9d660506c869530f897617f7cb1c21a4bf30023f252596d83e1f007?s=96&d=mm&r=g\",\"contentUrl\":\"https:\\\/\\\/secure.gravatar.com\\\/avatar\\\/ccc17943b9d660506c869530f897617f7cb1c21a4bf30023f252596d83e1f007?s=96&d=mm&r=g\",\"caption\":\"admin\"},\"sameAs\":[\"https:\\\/\\\/kibrisdakik.com\"],\"url\":\"https:\\\/\\\/kibrisdakik.com\\\/?author=1\"}]}<\/script>\n<!-- \/ Yoast SEO plugin. -->","yoast_head_json":{"title":"K\u00fclt\u00fcrel miras iki g\u00fcnl\u00fck sempozyumda ele al\u0131n\u0131yor -","robots":{"index":"index","follow":"follow","max-snippet":"max-snippet:-1","max-image-preview":"max-image-preview:large","max-video-preview":"max-video-preview:-1"},"canonical":"https:\/\/kibrisdakik.com\/?p=30858","og_locale":"tr_TR","og_type":"article","og_title":"K\u00fclt\u00fcrel miras iki g\u00fcnl\u00fck sempozyumda ele al\u0131n\u0131yor -","og_description":"\u0130lki ger\u00e7ekle\u015ftirilen Sempozyum, Milli Ar\u015fiv ve Ara\u015ft\u0131rma Dairesi, K\u00fclt\u00fcrel Miras\u0131 Koruma ve Ara\u015ft\u0131rma Derne\u011fi (K\u00dcMAD) ve Alashia Terracotta Sanat Toplulu\u011fu i\u015f birli\u011finde bug\u00fcn ve yar\u0131n&nbsp; Acapulco Resort Convention Spa Hotel ev sahipli\u011finde yap\u0131l\u0131yor. KKTC Cumhurba\u015fkanl\u0131\u011f\u0131, T\u00fcrkiye Cumhuriyeti Lefko\u015fa B\u00fcy\u00fckel\u00e7ili\u011fi, KKTC Ba\u015fbakan Yard\u0131mc\u0131l\u0131\u011f\u0131 Turizm \u00c7evre ve K\u00fclt\u00fcr Bakanl\u0131\u011f\u0131, T.C. K\u00fclt\u00fcr ve Turizm Bakanl\u0131\u011f\u0131,&nbsp;T\u00fcrkiye Cumhuriyeti Kalk\u0131nma ve","og_url":"https:\/\/kibrisdakik.com\/?p=30858","article_published_time":"2024-02-22T11:13:28+00:00","og_image":[{"width":710,"height":370,"url":"https:\/\/kibrisdakik.com\/wp-content\/uploads\/2024\/02\/kulturel-miras-iki-gunluk-sempozyumda-ele-aliniyor-1708599905.webp.webp","type":"image\/webp"}],"author":"admin","twitter_card":"summary_large_image","twitter_misc":{"Yazan:":"admin","Tahmini okuma s\u00fcresi":"2 dakika"},"schema":{"@context":"https:\/\/schema.org","@graph":[{"@type":"Article","@id":"https:\/\/kibrisdakik.com\/?p=30858#article","isPartOf":{"@id":"https:\/\/kibrisdakik.com\/?p=30858"},"author":{"name":"admin","@id":"https:\/\/kibrisdakik.com\/#\/schema\/person\/9cd9d437bbb44f72b73ba127e06d8e79"},"headline":"K\u00fclt\u00fcrel miras iki g\u00fcnl\u00fck sempozyumda ele al\u0131n\u0131yor","datePublished":"2024-02-22T11:13:28+00:00","mainEntityOfPage":{"@id":"https:\/\/kibrisdakik.com\/?p=30858"},"wordCount":404,"commentCount":0,"image":{"@id":"https:\/\/kibrisdakik.com\/?p=30858#primaryimage"},"thumbnailUrl":"https:\/\/kibrisdakik.com\/wp-content\/uploads\/2024\/02\/kulturel-miras-iki-gunluk-sempozyumda-ele-aliniyor-1708599905.webp.webp","articleSection":["G\u00fcndem"],"inLanguage":"tr","potentialAction":[{"@type":"CommentAction","name":"Comment","target":["https:\/\/kibrisdakik.com\/?p=30858#respond"]}]},{"@type":"WebPage","@id":"https:\/\/kibrisdakik.com\/?p=30858","url":"https:\/\/kibrisdakik.com\/?p=30858","name":"K\u00fclt\u00fcrel miras iki g\u00fcnl\u00fck sempozyumda ele al\u0131n\u0131yor -","isPartOf":{"@id":"https:\/\/kibrisdakik.com\/#website"},"primaryImageOfPage":{"@id":"https:\/\/kibrisdakik.com\/?p=30858#primaryimage"},"image":{"@id":"https:\/\/kibrisdakik.com\/?p=30858#primaryimage"},"thumbnailUrl":"https:\/\/kibrisdakik.com\/wp-content\/uploads\/2024\/02\/kulturel-miras-iki-gunluk-sempozyumda-ele-aliniyor-1708599905.webp.webp","datePublished":"2024-02-22T11:13:28+00:00","author":{"@id":"https:\/\/kibrisdakik.com\/#\/schema\/person\/9cd9d437bbb44f72b73ba127e06d8e79"},"breadcrumb":{"@id":"https:\/\/kibrisdakik.com\/?p=30858#breadcrumb"},"inLanguage":"tr","potentialAction":[{"@type":"ReadAction","target":["https:\/\/kibrisdakik.com\/?p=30858"]}]},{"@type":"ImageObject","inLanguage":"tr","@id":"https:\/\/kibrisdakik.com\/?p=30858#primaryimage","url":"https:\/\/kibrisdakik.com\/wp-content\/uploads\/2024\/02\/kulturel-miras-iki-gunluk-sempozyumda-ele-aliniyor-1708599905.webp.webp","contentUrl":"https:\/\/kibrisdakik.com\/wp-content\/uploads\/2024\/02\/kulturel-miras-iki-gunluk-sempozyumda-ele-aliniyor-1708599905.webp.webp","width":710,"height":370},{"@type":"BreadcrumbList","@id":"https:\/\/kibrisdakik.com\/?p=30858#breadcrumb","itemListElement":[{"@type":"ListItem","position":1,"name":"Home","item":"https:\/\/kibrisdakik.com\/"},{"@type":"ListItem","position":2,"name":"K\u00fclt\u00fcrel miras iki g\u00fcnl\u00fck sempozyumda ele al\u0131n\u0131yor"}]},{"@type":"WebSite","@id":"https:\/\/kibrisdakik.com\/#website","url":"https:\/\/kibrisdakik.com\/","name":"","description":"Tam vaktinde haber","potentialAction":[{"@type":"SearchAction","target":{"@type":"EntryPoint","urlTemplate":"https:\/\/kibrisdakik.com\/?s={search_term_string}"},"query-input":{"@type":"PropertyValueSpecification","valueRequired":true,"valueName":"search_term_string"}}],"inLanguage":"tr"},{"@type":"Person","@id":"https:\/\/kibrisdakik.com\/#\/schema\/person\/9cd9d437bbb44f72b73ba127e06d8e79","name":"admin","image":{"@type":"ImageObject","inLanguage":"tr","@id":"https:\/\/secure.gravatar.com\/avatar\/ccc17943b9d660506c869530f897617f7cb1c21a4bf30023f252596d83e1f007?s=96&d=mm&r=g","url":"https:\/\/secure.gravatar.com\/avatar\/ccc17943b9d660506c869530f897617f7cb1c21a4bf30023f252596d83e1f007?s=96&d=mm&r=g","contentUrl":"https:\/\/secure.gravatar.com\/avatar\/ccc17943b9d660506c869530f897617f7cb1c21a4bf30023f252596d83e1f007?s=96&d=mm&r=g","caption":"admin"},"sameAs":["https:\/\/kibrisdakik.com"],"url":"https:\/\/kibrisdakik.com\/?author=1"}]}},"_links":{"self":[{"href":"https:\/\/kibrisdakik.com\/index.php?rest_route=\/wp\/v2\/posts\/30858","targetHints":{"allow":["GET"]}}],"collection":[{"href":"https:\/\/kibrisdakik.com\/index.php?rest_route=\/wp\/v2\/posts"}],"about":[{"href":"https:\/\/kibrisdakik.com\/index.php?rest_route=\/wp\/v2\/types\/post"}],"author":[{"embeddable":true,"href":"https:\/\/kibrisdakik.com\/index.php?rest_route=\/wp\/v2\/users\/1"}],"replies":[{"embeddable":true,"href":"https:\/\/kibrisdakik.com\/index.php?rest_route=%2Fwp%2Fv2%2Fcomments&post=30858"}],"version-history":[{"count":0,"href":"https:\/\/kibrisdakik.com\/index.php?rest_route=\/wp\/v2\/posts\/30858\/revisions"}],"wp:featuredmedia":[{"embeddable":true,"href":"https:\/\/kibrisdakik.com\/index.php?rest_route=\/wp\/v2\/media\/30859"}],"wp:attachment":[{"href":"https:\/\/kibrisdakik.com\/index.php?rest_route=%2Fwp%2Fv2%2Fmedia&parent=30858"}],"wp:term":[{"taxonomy":"category","embeddable":true,"href":"https:\/\/kibrisdakik.com\/index.php?rest_route=%2Fwp%2Fv2%2Fcategories&post=30858"},{"taxonomy":"post_tag","embeddable":true,"href":"https:\/\/kibrisdakik.com\/index.php?rest_route=%2Fwp%2Fv2%2Ftags&post=30858"}],"curies":[{"name":"wp","href":"https:\/\/api.w.org\/{rel}","templated":true}]}}