{"id":30884,"date":"2024-02-22T13:52:56","date_gmt":"2024-02-22T13:52:56","guid":{"rendered":"https:\/\/kibrisdakik.com\/index.php\/2024\/02\/22\/tel-sen-baskani-arkan-fiber-altyapisi-ulusal-politika-kapsamindadir-dokundurtmayiz\/"},"modified":"2024-02-22T13:52:56","modified_gmt":"2024-02-22T13:52:56","slug":"tel-sen-baskani-arkan-fiber-altyapisi-ulusal-politika-kapsamindadir-dokundurtmayiz","status":"publish","type":"post","link":"https:\/\/kibrisdakik.com\/?p=30884","title":{"rendered":"Tel-Sen Ba\u015fkan\u0131 Arkan: \u201cFiber altyap\u0131s\u0131 ulusal politika kapsam\u0131ndad\u0131r. Dokundurtmay\u0131z\u201d"},"content":{"rendered":"<p><img decoding=\"async\" src=\"https:\/\/www.kibristurk.com\/images\/haberler\/2024\/02\/tel-sen-baskani-arkan-fiber-altyapisi-ulusal-politika-kapsamindadir-dokundurtmayiz-1708609388.webp\" \/><\/p>\n<p style=\"text-align:left\"><span style=\"font-size:16px\"><span style=\"font-family:Merriweather,serif !important\"><span style=\"color:#000000\"><span style=\"background-color:#ffffff\">Arkan yapt\u0131\u011f\u0131 yaz\u0131l\u0131 a\u00e7\u0131klamada, 5G teknolojisi i\u00e7in \u00fclkenin fiber altyap\u0131s\u0131n\u0131n yeterli oldu\u011funu ifade ederek, bug\u00fcn ada genelindeki t\u00fcm okullara, \u00fcniversitelere, hastanelere ve kamu kurulu\u015flar\u0131na ula\u015fan bir fiber a\u011f\u0131 oldu\u011funu kaydetti.<\/span><\/span><\/span><\/span><\/p>\n<p style=\"text-align:left\"><span style=\"font-size:16px\"><span style=\"font-family:Merriweather,serif !important\"><span style=\"color:#000000\"><span style=\"background-color:#ffffff\">Ada genelindeki baz istasyonlar\u0131na ula\u015fan fiber altyap\u0131n\u0131n da mevcut oldu\u011funu belirten Arkan,&nbsp;<span style=\"font-size:12pt\"><span style=\"font-family:Merriweather,serif !important\"><span style=\"color:#000000 !important\">\u201cTelekom\u00fcnikasyon Dairesinin uhdesinde bulunan altyap\u0131y\u0131 ele ge\u00e7irmek, pe\u015fke\u015f \u00e7ekmek veya kapmak i\u00e7in u\u011fra\u015fanlar\u0131n iddialar\u0131n\u0131n yalan oldu\u011fu 4.5 G ve pandemi s\u00fcrecinde eksiksiz verilen hizmetle kan\u0131tlanm\u0131\u015ft\u0131r.\u201d ifadesini kulland\u0131.<\/span><\/span><\/span><\/span><\/span><\/span><\/span><\/p>\n<p style=\"text-align:left\"><span style=\"font-size:16px\"><span style=\"font-family:Merriweather,serif !important\"><span style=\"color:#000000\"><span style=\"background-color:#ffffff\">\u201cTelekom\u00fcnikasyon Dairesi ve fiber altyap\u0131s\u0131n\u0131 yetersiz g\u00f6stererek, bundan nemalanmaya \u00e7al\u0131\u015fan GSM Operat\u00f6rleri ve bir k\u0131s\u0131m \u0130nternet Servis Sa\u011flay\u0131c\u0131lar\u0131 oldu\u011funu, BTHK Ba\u015fkanl\u0131\u011f\u0131n\u0131n ise buna \u00e7anak tuttu\u011funu\u201d ileri s\u00fcren Arkan, \u201cFiber altyap\u0131s\u0131 ulusal politika kapsam\u0131ndad\u0131r. Dokundurtmay\u0131z\u201d dedi.<\/span><\/span><\/span><\/span><\/p>\n<p style=\"text-align:left\"><span style=\"font-size:16px\"><span style=\"font-family:Merriweather,serif !important\"><span style=\"color:#000000\"><span style=\"background-color:#ffffff\">Arkan, \u201cTabiri caizse belirtmekte bir kez daha fayda g\u00f6r\u00fcyoruz. Nas\u0131l ki, De\u011firmenci Sans Souci, \u2018Berlin\u2019de Hakimler var\u2019 s\u00f6z\u00fcyle Kral\u2019a kar\u015f\u0131 durduysa unutulmas\u0131n ki bu \u00fclkede de yasalar var ve saray \u00f6n\u00fcnde de hakimler var\u201d ifadelerini kulland\u0131.<\/span><\/span><\/span><\/span><\/p>\n<p style=\"text-align:left\"><span style=\"font-size:16px\"><span style=\"font-family:Merriweather,serif !important\"><span style=\"color:#000000\"><span style=\"background-color:#ffffff\">\u201cBu toplumun mal varl\u0131klar\u0131n\u0131n pe\u015fke\u015f \u00e7ekilmesine m\u00fcsaade etmediklerini, etmeyeceklerini\u201d kaydeden Tel-Sen Ba\u015fkan\u0131 Arkan, \u201cTelekom\u00fcnikasyon Dairesini her t\u00fcrl\u00fc bask\u0131ya ra\u011fmen etmedi\u011fimiz gibi, fiber altyap\u0131s\u0131n\u0131 da kurda ku\u015fa yem etmeyece\u011fiz\u201d dedi.<\/span><\/span><\/span><\/span><\/p>\n","protected":false},"excerpt":{"rendered":"<p>Arkan yapt\u0131\u011f\u0131 yaz\u0131l\u0131 a\u00e7\u0131klamada, 5G teknolojisi i\u00e7in \u00fclkenin fiber altyap\u0131s\u0131n\u0131n yeterli oldu\u011funu ifade ederek, bug\u00fcn ada genelindeki t\u00fcm okullara, \u00fcniversitelere, hastanelere ve kamu kurulu\u015flar\u0131na ula\u015fan bir fiber a\u011f\u0131 oldu\u011funu kaydetti. Ada genelindeki baz istasyonlar\u0131na ula\u015fan fiber altyap\u0131n\u0131n da mevcut oldu\u011funu belirten Arkan,&nbsp;\u201cTelekom\u00fcnikasyon Dairesinin uhdesinde bulunan altyap\u0131y\u0131 ele ge\u00e7irmek, pe\u015fke\u015f \u00e7ekmek veya kapmak i\u00e7in u\u011fra\u015fanlar\u0131n iddialar\u0131n\u0131n<\/p>\n","protected":false},"author":1,"featured_media":30885,"comment_status":"open","ping_status":"open","sticky":false,"template":"","format":"standard","meta":{"footnotes":""},"categories":[79],"tags":[],"class_list":["post-30884","post","type-post","status-publish","format-standard","has-post-thumbnail","hentry","category-ekonomi"],"yoast_head":"<!-- This site is optimized with the Yoast SEO plugin v27.5 - https:\/\/yoast.com\/product\/yoast-seo-wordpress\/ -->\n<title>Tel-Sen Ba\u015fkan\u0131 Arkan: \u201cFiber altyap\u0131s\u0131 ulusal politika kapsam\u0131ndad\u0131r. Dokundurtmay\u0131z\u201d -<\/title>\n<meta name=\"robots\" content=\"index, follow, max-snippet:-1, max-image-preview:large, max-video-preview:-1\" \/>\n<link rel=\"canonical\" href=\"https:\/\/kibrisdakik.com\/?p=30884\" \/>\n<meta property=\"og:locale\" content=\"tr_TR\" \/>\n<meta property=\"og:type\" content=\"article\" \/>\n<meta property=\"og:title\" content=\"Tel-Sen Ba\u015fkan\u0131 Arkan: \u201cFiber altyap\u0131s\u0131 ulusal politika kapsam\u0131ndad\u0131r. Dokundurtmay\u0131z\u201d -\" \/>\n<meta property=\"og:description\" content=\"Arkan yapt\u0131\u011f\u0131 yaz\u0131l\u0131 a\u00e7\u0131klamada, 5G teknolojisi i\u00e7in \u00fclkenin fiber altyap\u0131s\u0131n\u0131n yeterli oldu\u011funu ifade ederek, bug\u00fcn ada genelindeki t\u00fcm okullara, \u00fcniversitelere, hastanelere ve kamu kurulu\u015flar\u0131na ula\u015fan bir fiber a\u011f\u0131 oldu\u011funu kaydetti. Ada genelindeki baz istasyonlar\u0131na ula\u015fan fiber altyap\u0131n\u0131n da mevcut oldu\u011funu belirten Arkan,&nbsp;\u201cTelekom\u00fcnikasyon Dairesinin uhdesinde bulunan altyap\u0131y\u0131 ele ge\u00e7irmek, pe\u015fke\u015f \u00e7ekmek veya kapmak i\u00e7in u\u011fra\u015fanlar\u0131n iddialar\u0131n\u0131n\" \/>\n<meta property=\"og:url\" content=\"https:\/\/kibrisdakik.com\/?p=30884\" \/>\n<meta property=\"article:published_time\" content=\"2024-02-22T13:52:56+00:00\" \/>\n<meta property=\"og:image\" content=\"https:\/\/kibrisdakik.com\/wp-content\/uploads\/2024\/02\/tel-sen-baskani-arkan-fiber-altyapisi-ulusal-politika-kapsamindadir-dokundurtmayiz-1708609388.webp.webp\" \/>\n\t<meta property=\"og:image:width\" content=\"710\" \/>\n\t<meta property=\"og:image:height\" content=\"370\" \/>\n\t<meta property=\"og:image:type\" content=\"image\/webp\" \/>\n<meta name=\"author\" content=\"admin\" \/>\n<meta name=\"twitter:card\" content=\"summary_large_image\" \/>\n<meta name=\"twitter:label1\" content=\"Yazan:\" \/>\n\t<meta name=\"twitter:data1\" content=\"admin\" \/>\n\t<meta name=\"twitter:label2\" content=\"Tahmini okuma s\u00fcresi\" \/>\n\t<meta name=\"twitter:data2\" content=\"1 dakika\" \/>\n<script type=\"application\/ld+json\" class=\"yoast-schema-graph\">{\"@context\":\"https:\\\/\\\/schema.org\",\"@graph\":[{\"@type\":\"Article\",\"@id\":\"https:\\\/\\\/kibrisdakik.com\\\/?p=30884#article\",\"isPartOf\":{\"@id\":\"https:\\\/\\\/kibrisdakik.com\\\/?p=30884\"},\"author\":{\"name\":\"admin\",\"@id\":\"https:\\\/\\\/kibrisdakik.com\\\/#\\\/schema\\\/person\\\/9cd9d437bbb44f72b73ba127e06d8e79\"},\"headline\":\"Tel-Sen Ba\u015fkan\u0131 Arkan: \u201cFiber altyap\u0131s\u0131 ulusal politika kapsam\u0131ndad\u0131r. Dokundurtmay\u0131z\u201d\",\"datePublished\":\"2024-02-22T13:52:56+00:00\",\"mainEntityOfPage\":{\"@id\":\"https:\\\/\\\/kibrisdakik.com\\\/?p=30884\"},\"wordCount\":262,\"commentCount\":0,\"image\":{\"@id\":\"https:\\\/\\\/kibrisdakik.com\\\/?p=30884#primaryimage\"},\"thumbnailUrl\":\"https:\\\/\\\/kibrisdakik.com\\\/wp-content\\\/uploads\\\/2024\\\/02\\\/tel-sen-baskani-arkan-fiber-altyapisi-ulusal-politika-kapsamindadir-dokundurtmayiz-1708609388.webp.webp\",\"articleSection\":[\"Ekonomi\"],\"inLanguage\":\"tr\",\"potentialAction\":[{\"@type\":\"CommentAction\",\"name\":\"Comment\",\"target\":[\"https:\\\/\\\/kibrisdakik.com\\\/?p=30884#respond\"]}]},{\"@type\":\"WebPage\",\"@id\":\"https:\\\/\\\/kibrisdakik.com\\\/?p=30884\",\"url\":\"https:\\\/\\\/kibrisdakik.com\\\/?p=30884\",\"name\":\"Tel-Sen Ba\u015fkan\u0131 Arkan: \u201cFiber altyap\u0131s\u0131 ulusal politika kapsam\u0131ndad\u0131r. Dokundurtmay\u0131z\u201d -\",\"isPartOf\":{\"@id\":\"https:\\\/\\\/kibrisdakik.com\\\/#website\"},\"primaryImageOfPage\":{\"@id\":\"https:\\\/\\\/kibrisdakik.com\\\/?p=30884#primaryimage\"},\"image\":{\"@id\":\"https:\\\/\\\/kibrisdakik.com\\\/?p=30884#primaryimage\"},\"thumbnailUrl\":\"https:\\\/\\\/kibrisdakik.com\\\/wp-content\\\/uploads\\\/2024\\\/02\\\/tel-sen-baskani-arkan-fiber-altyapisi-ulusal-politika-kapsamindadir-dokundurtmayiz-1708609388.webp.webp\",\"datePublished\":\"2024-02-22T13:52:56+00:00\",\"author\":{\"@id\":\"https:\\\/\\\/kibrisdakik.com\\\/#\\\/schema\\\/person\\\/9cd9d437bbb44f72b73ba127e06d8e79\"},\"breadcrumb\":{\"@id\":\"https:\\\/\\\/kibrisdakik.com\\\/?p=30884#breadcrumb\"},\"inLanguage\":\"tr\",\"potentialAction\":[{\"@type\":\"ReadAction\",\"target\":[\"https:\\\/\\\/kibrisdakik.com\\\/?p=30884\"]}]},{\"@type\":\"ImageObject\",\"inLanguage\":\"tr\",\"@id\":\"https:\\\/\\\/kibrisdakik.com\\\/?p=30884#primaryimage\",\"url\":\"https:\\\/\\\/kibrisdakik.com\\\/wp-content\\\/uploads\\\/2024\\\/02\\\/tel-sen-baskani-arkan-fiber-altyapisi-ulusal-politika-kapsamindadir-dokundurtmayiz-1708609388.webp.webp\",\"contentUrl\":\"https:\\\/\\\/kibrisdakik.com\\\/wp-content\\\/uploads\\\/2024\\\/02\\\/tel-sen-baskani-arkan-fiber-altyapisi-ulusal-politika-kapsamindadir-dokundurtmayiz-1708609388.webp.webp\",\"width\":710,\"height\":370},{\"@type\":\"BreadcrumbList\",\"@id\":\"https:\\\/\\\/kibrisdakik.com\\\/?p=30884#breadcrumb\",\"itemListElement\":[{\"@type\":\"ListItem\",\"position\":1,\"name\":\"Home\",\"item\":\"https:\\\/\\\/kibrisdakik.com\\\/\"},{\"@type\":\"ListItem\",\"position\":2,\"name\":\"Tel-Sen Ba\u015fkan\u0131 Arkan: \u201cFiber altyap\u0131s\u0131 ulusal politika kapsam\u0131ndad\u0131r. Dokundurtmay\u0131z\u201d\"}]},{\"@type\":\"WebSite\",\"@id\":\"https:\\\/\\\/kibrisdakik.com\\\/#website\",\"url\":\"https:\\\/\\\/kibrisdakik.com\\\/\",\"name\":\"\",\"description\":\"Tam vaktinde haber\",\"potentialAction\":[{\"@type\":\"SearchAction\",\"target\":{\"@type\":\"EntryPoint\",\"urlTemplate\":\"https:\\\/\\\/kibrisdakik.com\\\/?s={search_term_string}\"},\"query-input\":{\"@type\":\"PropertyValueSpecification\",\"valueRequired\":true,\"valueName\":\"search_term_string\"}}],\"inLanguage\":\"tr\"},{\"@type\":\"Person\",\"@id\":\"https:\\\/\\\/kibrisdakik.com\\\/#\\\/schema\\\/person\\\/9cd9d437bbb44f72b73ba127e06d8e79\",\"name\":\"admin\",\"image\":{\"@type\":\"ImageObject\",\"inLanguage\":\"tr\",\"@id\":\"https:\\\/\\\/secure.gravatar.com\\\/avatar\\\/ccc17943b9d660506c869530f897617f7cb1c21a4bf30023f252596d83e1f007?s=96&d=mm&r=g\",\"url\":\"https:\\\/\\\/secure.gravatar.com\\\/avatar\\\/ccc17943b9d660506c869530f897617f7cb1c21a4bf30023f252596d83e1f007?s=96&d=mm&r=g\",\"contentUrl\":\"https:\\\/\\\/secure.gravatar.com\\\/avatar\\\/ccc17943b9d660506c869530f897617f7cb1c21a4bf30023f252596d83e1f007?s=96&d=mm&r=g\",\"caption\":\"admin\"},\"sameAs\":[\"https:\\\/\\\/kibrisdakik.com\"],\"url\":\"https:\\\/\\\/kibrisdakik.com\\\/?author=1\"}]}<\/script>\n<!-- \/ Yoast SEO plugin. -->","yoast_head_json":{"title":"Tel-Sen Ba\u015fkan\u0131 Arkan: \u201cFiber altyap\u0131s\u0131 ulusal politika kapsam\u0131ndad\u0131r. Dokundurtmay\u0131z\u201d -","robots":{"index":"index","follow":"follow","max-snippet":"max-snippet:-1","max-image-preview":"max-image-preview:large","max-video-preview":"max-video-preview:-1"},"canonical":"https:\/\/kibrisdakik.com\/?p=30884","og_locale":"tr_TR","og_type":"article","og_title":"Tel-Sen Ba\u015fkan\u0131 Arkan: \u201cFiber altyap\u0131s\u0131 ulusal politika kapsam\u0131ndad\u0131r. Dokundurtmay\u0131z\u201d -","og_description":"Arkan yapt\u0131\u011f\u0131 yaz\u0131l\u0131 a\u00e7\u0131klamada, 5G teknolojisi i\u00e7in \u00fclkenin fiber altyap\u0131s\u0131n\u0131n yeterli oldu\u011funu ifade ederek, bug\u00fcn ada genelindeki t\u00fcm okullara, \u00fcniversitelere, hastanelere ve kamu kurulu\u015flar\u0131na ula\u015fan bir fiber a\u011f\u0131 oldu\u011funu kaydetti. Ada genelindeki baz istasyonlar\u0131na ula\u015fan fiber altyap\u0131n\u0131n da mevcut oldu\u011funu belirten Arkan,&nbsp;\u201cTelekom\u00fcnikasyon Dairesinin uhdesinde bulunan altyap\u0131y\u0131 ele ge\u00e7irmek, pe\u015fke\u015f \u00e7ekmek veya kapmak i\u00e7in u\u011fra\u015fanlar\u0131n iddialar\u0131n\u0131n","og_url":"https:\/\/kibrisdakik.com\/?p=30884","article_published_time":"2024-02-22T13:52:56+00:00","og_image":[{"width":710,"height":370,"url":"https:\/\/kibrisdakik.com\/wp-content\/uploads\/2024\/02\/tel-sen-baskani-arkan-fiber-altyapisi-ulusal-politika-kapsamindadir-dokundurtmayiz-1708609388.webp.webp","type":"image\/webp"}],"author":"admin","twitter_card":"summary_large_image","twitter_misc":{"Yazan:":"admin","Tahmini okuma s\u00fcresi":"1 dakika"},"schema":{"@context":"https:\/\/schema.org","@graph":[{"@type":"Article","@id":"https:\/\/kibrisdakik.com\/?p=30884#article","isPartOf":{"@id":"https:\/\/kibrisdakik.com\/?p=30884"},"author":{"name":"admin","@id":"https:\/\/kibrisdakik.com\/#\/schema\/person\/9cd9d437bbb44f72b73ba127e06d8e79"},"headline":"Tel-Sen Ba\u015fkan\u0131 Arkan: \u201cFiber altyap\u0131s\u0131 ulusal politika kapsam\u0131ndad\u0131r. Dokundurtmay\u0131z\u201d","datePublished":"2024-02-22T13:52:56+00:00","mainEntityOfPage":{"@id":"https:\/\/kibrisdakik.com\/?p=30884"},"wordCount":262,"commentCount":0,"image":{"@id":"https:\/\/kibrisdakik.com\/?p=30884#primaryimage"},"thumbnailUrl":"https:\/\/kibrisdakik.com\/wp-content\/uploads\/2024\/02\/tel-sen-baskani-arkan-fiber-altyapisi-ulusal-politika-kapsamindadir-dokundurtmayiz-1708609388.webp.webp","articleSection":["Ekonomi"],"inLanguage":"tr","potentialAction":[{"@type":"CommentAction","name":"Comment","target":["https:\/\/kibrisdakik.com\/?p=30884#respond"]}]},{"@type":"WebPage","@id":"https:\/\/kibrisdakik.com\/?p=30884","url":"https:\/\/kibrisdakik.com\/?p=30884","name":"Tel-Sen Ba\u015fkan\u0131 Arkan: \u201cFiber altyap\u0131s\u0131 ulusal politika kapsam\u0131ndad\u0131r. Dokundurtmay\u0131z\u201d -","isPartOf":{"@id":"https:\/\/kibrisdakik.com\/#website"},"primaryImageOfPage":{"@id":"https:\/\/kibrisdakik.com\/?p=30884#primaryimage"},"image":{"@id":"https:\/\/kibrisdakik.com\/?p=30884#primaryimage"},"thumbnailUrl":"https:\/\/kibrisdakik.com\/wp-content\/uploads\/2024\/02\/tel-sen-baskani-arkan-fiber-altyapisi-ulusal-politika-kapsamindadir-dokundurtmayiz-1708609388.webp.webp","datePublished":"2024-02-22T13:52:56+00:00","author":{"@id":"https:\/\/kibrisdakik.com\/#\/schema\/person\/9cd9d437bbb44f72b73ba127e06d8e79"},"breadcrumb":{"@id":"https:\/\/kibrisdakik.com\/?p=30884#breadcrumb"},"inLanguage":"tr","potentialAction":[{"@type":"ReadAction","target":["https:\/\/kibrisdakik.com\/?p=30884"]}]},{"@type":"ImageObject","inLanguage":"tr","@id":"https:\/\/kibrisdakik.com\/?p=30884#primaryimage","url":"https:\/\/kibrisdakik.com\/wp-content\/uploads\/2024\/02\/tel-sen-baskani-arkan-fiber-altyapisi-ulusal-politika-kapsamindadir-dokundurtmayiz-1708609388.webp.webp","contentUrl":"https:\/\/kibrisdakik.com\/wp-content\/uploads\/2024\/02\/tel-sen-baskani-arkan-fiber-altyapisi-ulusal-politika-kapsamindadir-dokundurtmayiz-1708609388.webp.webp","width":710,"height":370},{"@type":"BreadcrumbList","@id":"https:\/\/kibrisdakik.com\/?p=30884#breadcrumb","itemListElement":[{"@type":"ListItem","position":1,"name":"Home","item":"https:\/\/kibrisdakik.com\/"},{"@type":"ListItem","position":2,"name":"Tel-Sen Ba\u015fkan\u0131 Arkan: \u201cFiber altyap\u0131s\u0131 ulusal politika kapsam\u0131ndad\u0131r. Dokundurtmay\u0131z\u201d"}]},{"@type":"WebSite","@id":"https:\/\/kibrisdakik.com\/#website","url":"https:\/\/kibrisdakik.com\/","name":"","description":"Tam vaktinde haber","potentialAction":[{"@type":"SearchAction","target":{"@type":"EntryPoint","urlTemplate":"https:\/\/kibrisdakik.com\/?s={search_term_string}"},"query-input":{"@type":"PropertyValueSpecification","valueRequired":true,"valueName":"search_term_string"}}],"inLanguage":"tr"},{"@type":"Person","@id":"https:\/\/kibrisdakik.com\/#\/schema\/person\/9cd9d437bbb44f72b73ba127e06d8e79","name":"admin","image":{"@type":"ImageObject","inLanguage":"tr","@id":"https:\/\/secure.gravatar.com\/avatar\/ccc17943b9d660506c869530f897617f7cb1c21a4bf30023f252596d83e1f007?s=96&d=mm&r=g","url":"https:\/\/secure.gravatar.com\/avatar\/ccc17943b9d660506c869530f897617f7cb1c21a4bf30023f252596d83e1f007?s=96&d=mm&r=g","contentUrl":"https:\/\/secure.gravatar.com\/avatar\/ccc17943b9d660506c869530f897617f7cb1c21a4bf30023f252596d83e1f007?s=96&d=mm&r=g","caption":"admin"},"sameAs":["https:\/\/kibrisdakik.com"],"url":"https:\/\/kibrisdakik.com\/?author=1"}]}},"_links":{"self":[{"href":"https:\/\/kibrisdakik.com\/index.php?rest_route=\/wp\/v2\/posts\/30884","targetHints":{"allow":["GET"]}}],"collection":[{"href":"https:\/\/kibrisdakik.com\/index.php?rest_route=\/wp\/v2\/posts"}],"about":[{"href":"https:\/\/kibrisdakik.com\/index.php?rest_route=\/wp\/v2\/types\/post"}],"author":[{"embeddable":true,"href":"https:\/\/kibrisdakik.com\/index.php?rest_route=\/wp\/v2\/users\/1"}],"replies":[{"embeddable":true,"href":"https:\/\/kibrisdakik.com\/index.php?rest_route=%2Fwp%2Fv2%2Fcomments&post=30884"}],"version-history":[{"count":0,"href":"https:\/\/kibrisdakik.com\/index.php?rest_route=\/wp\/v2\/posts\/30884\/revisions"}],"wp:featuredmedia":[{"embeddable":true,"href":"https:\/\/kibrisdakik.com\/index.php?rest_route=\/wp\/v2\/media\/30885"}],"wp:attachment":[{"href":"https:\/\/kibrisdakik.com\/index.php?rest_route=%2Fwp%2Fv2%2Fmedia&parent=30884"}],"wp:term":[{"taxonomy":"category","embeddable":true,"href":"https:\/\/kibrisdakik.com\/index.php?rest_route=%2Fwp%2Fv2%2Fcategories&post=30884"},{"taxonomy":"post_tag","embeddable":true,"href":"https:\/\/kibrisdakik.com\/index.php?rest_route=%2Fwp%2Fv2%2Ftags&post=30884"}],"curies":[{"name":"wp","href":"https:\/\/api.w.org\/{rel}","templated":true}]}}