{"id":30930,"date":"2024-02-22T18:20:57","date_gmt":"2024-02-22T18:20:57","guid":{"rendered":"https:\/\/kibrisdakik.com\/index.php\/2024\/02\/22\/degirmenlik-akincilar-belediyesi-tarafindan-demirhan-karakoluna-iki-arac-hibe-edildi\/"},"modified":"2024-02-22T18:20:57","modified_gmt":"2024-02-22T18:20:57","slug":"degirmenlik-akincilar-belediyesi-tarafindan-demirhan-karakoluna-iki-arac-hibe-edildi","status":"publish","type":"post","link":"https:\/\/kibrisdakik.com\/?p=30930","title":{"rendered":"De\u011firmenlik-Ak\u0131nc\u0131lar Belediyesi taraf\u0131ndan Demirhan Karakoluna iki ara\u00e7 hibe edildi"},"content":{"rendered":"<p><img decoding=\"async\" src=\"https:\/\/www.kibristurk.com\/images\/haberler\/2024\/02\/degirmenlik-akincilar-belediyesi-tarafindan-demirhan-karakoluna-iki-arac-hibe-edildi-1708625072.webp\" \/><\/p>\n<p style=\"text-align:left\"><span style=\"font-size:16px\"><span style=\"font-family:Merriweather,serif !important\"><span style=\"color:#000000\"><span style=\"background-color:#ffffff\">Polisten verilen bilgiye g\u00f6re, Demirhan Polis Karakolunda yap\u0131lan ara\u00e7 devir-teslim t\u00f6reninde, Lefko\u015fa Polis M\u00fcd\u00fcr Yard\u0131mc\u0131s\u0131 Aziz Nizamo\u011flu, Lefko\u015fa Polis M\u00fcd\u00fcrl\u00fc\u011f\u00fc \u0130dari Polis Amiri Cemil Ba\u015fkut ve Demirhan Polis Karakolu Amiri \u00d6m\u00fcr Dalk\u0131ran da haz\u0131r bulundu.<\/span><\/span><\/span><\/span><\/p>\n<p style=\"text-align:left\">&nbsp;<\/p>\n<p style=\"text-align:left\"><span style=\"font-size:16px\"><span style=\"font-family:Merriweather,serif !important\"><span style=\"color:#000000\"><span style=\"background-color:#ffffff\">-Karavezirler<\/span><\/span><\/span><\/span><\/p>\n<p style=\"text-align:left\"><span style=\"font-size:16px\"><span style=\"font-family:Merriweather,serif !important\"><span style=\"color:#000000\"><span style=\"background-color:#ffffff\">De\u011firmenlik-Ak\u0131nc\u0131lar Belediye Ba\u015fkan\u0131 Ali Karavezirler t\u00f6rende yapt\u0131\u011f\u0131 konu\u015fmada, Demirhan Polis Karakolunun geni\u015f bir sorumluluk alan\u0131 bulundu\u011funu ifade ederek, b\u00f6lgede 22 yerle\u015fim yerine g\u00fcvenlik hizmeti verildi\u011fini kaydetti.<\/span><\/span><\/span><\/span><\/p>\n<p style=\"text-align:left\"><span style=\"font-size:16px\"><span style=\"font-family:Merriweather,serif !important\"><span style=\"color:#000000\"><span style=\"background-color:#ffffff\">Karavezirler, halka kaliteli hizmet verebilmek ve meydana gelen olaylara daha h\u0131zl\u0131 m\u00fcdahale etmek ad\u0131na karakolun ihtiya\u00e7lar\u0131 do\u011frultusunda Belediye taraf\u0131ndan iki ara\u00e7 al\u0131m\u0131 ger\u00e7ekle\u015ftirdiklerini belirtti.<\/span><\/span><\/span><\/span><\/p>\n<p style=\"text-align:left\"><span style=\"font-size:16px\"><span style=\"font-family:Merriweather,serif !important\"><span style=\"color:#000000\"><span style=\"background-color:#ffffff\">Polis ile i\u015f birli\u011fine \u00f6nem verdiklerini ifade eden Karavezirler, Belediye olarak genelde Polis Genel M\u00fcd\u00fcrl\u00fc\u011f\u00fcne, \u00f6zelde de Demirhan Polis Karakoluna olan desteklerinin devam edece\u011fini kaydederek, ara\u00e7lar\u0131n polis te\u015fkilat\u0131 ile b\u00f6lge halk\u0131na hay\u0131rl\u0131 olmas\u0131n\u0131 temenni etti.<\/span><\/span><\/span><\/span><\/p>\n<p style=\"text-align:left\">&nbsp;<\/p>\n<p style=\"text-align:left\"><span style=\"font-size:16px\"><span style=\"font-family:Merriweather,serif !important\"><span style=\"color:#000000\"><span style=\"background-color:#ffffff\">-Karagil<\/span><\/span><\/span><\/span><\/p>\n<p style=\"text-align:left\"><span style=\"font-size:16px\"><span style=\"font-family:Merriweather,serif !important\"><span style=\"color:#000000\"><span style=\"background-color:#ffffff\">Lefko\u015fa Polis M\u00fcd\u00fcr\u00fc G\u00f6kay Karagil ise, Demirhan Polis Karakoluna yap\u0131lan bu anlaml\u0131 ba\u011f\u0131\u015ftan dolay\u0131 De\u011firmenlik-Ak\u0131nc\u0131lar Belediyesi Ba\u015fkan\u0131 Ali Karavezirler\u2019e te\u015fekk\u00fcr ederek, plaket takdiminde bulundu.<\/span><\/span><\/span><\/span><\/p>\n<p style=\"text-align:left\"><span style=\"font-size:16px\"><span style=\"font-family:Merriweather,serif !important\"><span style=\"color:#000000\"><span style=\"background-color:#ffffff\">Karagil, De\u011firmenlik-Ak\u0131nc\u0131lar Belediyesi ile i\u015f birliklerinin devam edece\u011fini belirtti.<\/span><\/span><\/span><\/span><\/p>\n","protected":false},"excerpt":{"rendered":"<p>Polisten verilen bilgiye g\u00f6re, Demirhan Polis Karakolunda yap\u0131lan ara\u00e7 devir-teslim t\u00f6reninde, Lefko\u015fa Polis M\u00fcd\u00fcr Yard\u0131mc\u0131s\u0131 Aziz Nizamo\u011flu, Lefko\u015fa Polis M\u00fcd\u00fcrl\u00fc\u011f\u00fc \u0130dari Polis Amiri Cemil Ba\u015fkut ve Demirhan Polis Karakolu Amiri \u00d6m\u00fcr Dalk\u0131ran da haz\u0131r bulundu. &nbsp; -Karavezirler De\u011firmenlik-Ak\u0131nc\u0131lar Belediye Ba\u015fkan\u0131 Ali Karavezirler t\u00f6rende yapt\u0131\u011f\u0131 konu\u015fmada, Demirhan Polis Karakolunun geni\u015f bir sorumluluk alan\u0131 bulundu\u011funu ifade ederek,<\/p>\n","protected":false},"author":1,"featured_media":30931,"comment_status":"open","ping_status":"open","sticky":false,"template":"","format":"standard","meta":{"footnotes":""},"categories":[1],"tags":[],"class_list":["post-30930","post","type-post","status-publish","format-standard","has-post-thumbnail","hentry","category-gundem"],"yoast_head":"<!-- This site is optimized with the Yoast SEO plugin v27.4 - https:\/\/yoast.com\/product\/yoast-seo-wordpress\/ -->\n<title>De\u011firmenlik-Ak\u0131nc\u0131lar Belediyesi taraf\u0131ndan Demirhan Karakoluna iki ara\u00e7 hibe edildi -<\/title>\n<meta name=\"robots\" content=\"index, follow, max-snippet:-1, max-image-preview:large, max-video-preview:-1\" \/>\n<link rel=\"canonical\" href=\"https:\/\/kibrisdakik.com\/?p=30930\" \/>\n<meta property=\"og:locale\" content=\"tr_TR\" \/>\n<meta property=\"og:type\" content=\"article\" \/>\n<meta property=\"og:title\" content=\"De\u011firmenlik-Ak\u0131nc\u0131lar Belediyesi taraf\u0131ndan Demirhan Karakoluna iki ara\u00e7 hibe edildi -\" \/>\n<meta property=\"og:description\" content=\"Polisten verilen bilgiye g\u00f6re, Demirhan Polis Karakolunda yap\u0131lan ara\u00e7 devir-teslim t\u00f6reninde, Lefko\u015fa Polis M\u00fcd\u00fcr Yard\u0131mc\u0131s\u0131 Aziz Nizamo\u011flu, Lefko\u015fa Polis M\u00fcd\u00fcrl\u00fc\u011f\u00fc \u0130dari Polis Amiri Cemil Ba\u015fkut ve Demirhan Polis Karakolu Amiri \u00d6m\u00fcr Dalk\u0131ran da haz\u0131r bulundu. &nbsp; -Karavezirler De\u011firmenlik-Ak\u0131nc\u0131lar Belediye Ba\u015fkan\u0131 Ali Karavezirler t\u00f6rende yapt\u0131\u011f\u0131 konu\u015fmada, Demirhan Polis Karakolunun geni\u015f bir sorumluluk alan\u0131 bulundu\u011funu ifade ederek,\" \/>\n<meta property=\"og:url\" content=\"https:\/\/kibrisdakik.com\/?p=30930\" \/>\n<meta property=\"article:published_time\" content=\"2024-02-22T18:20:57+00:00\" \/>\n<meta property=\"og:image\" content=\"https:\/\/kibrisdakik.com\/wp-content\/uploads\/2024\/02\/degirmenlik-akincilar-belediyesi-tarafindan-demirhan-karakoluna-iki-arac-hibe-edildi-1708625072.webp.webp\" \/>\n\t<meta property=\"og:image:width\" content=\"710\" \/>\n\t<meta property=\"og:image:height\" content=\"370\" \/>\n\t<meta property=\"og:image:type\" content=\"image\/webp\" \/>\n<meta name=\"author\" content=\"admin\" \/>\n<meta name=\"twitter:card\" content=\"summary_large_image\" \/>\n<meta name=\"twitter:label1\" content=\"Yazan:\" \/>\n\t<meta name=\"twitter:data1\" content=\"admin\" \/>\n\t<meta name=\"twitter:label2\" content=\"Tahmini okuma s\u00fcresi\" \/>\n\t<meta name=\"twitter:data2\" content=\"1 dakika\" \/>\n<script type=\"application\/ld+json\" class=\"yoast-schema-graph\">{\"@context\":\"https:\\\/\\\/schema.org\",\"@graph\":[{\"@type\":\"Article\",\"@id\":\"https:\\\/\\\/kibrisdakik.com\\\/?p=30930#article\",\"isPartOf\":{\"@id\":\"https:\\\/\\\/kibrisdakik.com\\\/?p=30930\"},\"author\":{\"name\":\"admin\",\"@id\":\"https:\\\/\\\/kibrisdakik.com\\\/#\\\/schema\\\/person\\\/9cd9d437bbb44f72b73ba127e06d8e79\"},\"headline\":\"De\u011firmenlik-Ak\u0131nc\u0131lar Belediyesi taraf\u0131ndan Demirhan Karakoluna iki ara\u00e7 hibe edildi\",\"datePublished\":\"2024-02-22T18:20:57+00:00\",\"mainEntityOfPage\":{\"@id\":\"https:\\\/\\\/kibrisdakik.com\\\/?p=30930\"},\"wordCount\":234,\"commentCount\":0,\"image\":{\"@id\":\"https:\\\/\\\/kibrisdakik.com\\\/?p=30930#primaryimage\"},\"thumbnailUrl\":\"https:\\\/\\\/kibrisdakik.com\\\/wp-content\\\/uploads\\\/2024\\\/02\\\/degirmenlik-akincilar-belediyesi-tarafindan-demirhan-karakoluna-iki-arac-hibe-edildi-1708625072.webp.webp\",\"articleSection\":[\"G\u00fcndem\"],\"inLanguage\":\"tr\",\"potentialAction\":[{\"@type\":\"CommentAction\",\"name\":\"Comment\",\"target\":[\"https:\\\/\\\/kibrisdakik.com\\\/?p=30930#respond\"]}]},{\"@type\":\"WebPage\",\"@id\":\"https:\\\/\\\/kibrisdakik.com\\\/?p=30930\",\"url\":\"https:\\\/\\\/kibrisdakik.com\\\/?p=30930\",\"name\":\"De\u011firmenlik-Ak\u0131nc\u0131lar Belediyesi taraf\u0131ndan Demirhan Karakoluna iki ara\u00e7 hibe edildi -\",\"isPartOf\":{\"@id\":\"https:\\\/\\\/kibrisdakik.com\\\/#website\"},\"primaryImageOfPage\":{\"@id\":\"https:\\\/\\\/kibrisdakik.com\\\/?p=30930#primaryimage\"},\"image\":{\"@id\":\"https:\\\/\\\/kibrisdakik.com\\\/?p=30930#primaryimage\"},\"thumbnailUrl\":\"https:\\\/\\\/kibrisdakik.com\\\/wp-content\\\/uploads\\\/2024\\\/02\\\/degirmenlik-akincilar-belediyesi-tarafindan-demirhan-karakoluna-iki-arac-hibe-edildi-1708625072.webp.webp\",\"datePublished\":\"2024-02-22T18:20:57+00:00\",\"author\":{\"@id\":\"https:\\\/\\\/kibrisdakik.com\\\/#\\\/schema\\\/person\\\/9cd9d437bbb44f72b73ba127e06d8e79\"},\"breadcrumb\":{\"@id\":\"https:\\\/\\\/kibrisdakik.com\\\/?p=30930#breadcrumb\"},\"inLanguage\":\"tr\",\"potentialAction\":[{\"@type\":\"ReadAction\",\"target\":[\"https:\\\/\\\/kibrisdakik.com\\\/?p=30930\"]}]},{\"@type\":\"ImageObject\",\"inLanguage\":\"tr\",\"@id\":\"https:\\\/\\\/kibrisdakik.com\\\/?p=30930#primaryimage\",\"url\":\"https:\\\/\\\/kibrisdakik.com\\\/wp-content\\\/uploads\\\/2024\\\/02\\\/degirmenlik-akincilar-belediyesi-tarafindan-demirhan-karakoluna-iki-arac-hibe-edildi-1708625072.webp.webp\",\"contentUrl\":\"https:\\\/\\\/kibrisdakik.com\\\/wp-content\\\/uploads\\\/2024\\\/02\\\/degirmenlik-akincilar-belediyesi-tarafindan-demirhan-karakoluna-iki-arac-hibe-edildi-1708625072.webp.webp\",\"width\":710,\"height\":370},{\"@type\":\"BreadcrumbList\",\"@id\":\"https:\\\/\\\/kibrisdakik.com\\\/?p=30930#breadcrumb\",\"itemListElement\":[{\"@type\":\"ListItem\",\"position\":1,\"name\":\"Home\",\"item\":\"https:\\\/\\\/kibrisdakik.com\\\/\"},{\"@type\":\"ListItem\",\"position\":2,\"name\":\"De\u011firmenlik-Ak\u0131nc\u0131lar Belediyesi taraf\u0131ndan Demirhan Karakoluna iki ara\u00e7 hibe edildi\"}]},{\"@type\":\"WebSite\",\"@id\":\"https:\\\/\\\/kibrisdakik.com\\\/#website\",\"url\":\"https:\\\/\\\/kibrisdakik.com\\\/\",\"name\":\"\",\"description\":\"Tam vaktinde haber\",\"potentialAction\":[{\"@type\":\"SearchAction\",\"target\":{\"@type\":\"EntryPoint\",\"urlTemplate\":\"https:\\\/\\\/kibrisdakik.com\\\/?s={search_term_string}\"},\"query-input\":{\"@type\":\"PropertyValueSpecification\",\"valueRequired\":true,\"valueName\":\"search_term_string\"}}],\"inLanguage\":\"tr\"},{\"@type\":\"Person\",\"@id\":\"https:\\\/\\\/kibrisdakik.com\\\/#\\\/schema\\\/person\\\/9cd9d437bbb44f72b73ba127e06d8e79\",\"name\":\"admin\",\"image\":{\"@type\":\"ImageObject\",\"inLanguage\":\"tr\",\"@id\":\"https:\\\/\\\/secure.gravatar.com\\\/avatar\\\/ccc17943b9d660506c869530f897617f7cb1c21a4bf30023f252596d83e1f007?s=96&d=mm&r=g\",\"url\":\"https:\\\/\\\/secure.gravatar.com\\\/avatar\\\/ccc17943b9d660506c869530f897617f7cb1c21a4bf30023f252596d83e1f007?s=96&d=mm&r=g\",\"contentUrl\":\"https:\\\/\\\/secure.gravatar.com\\\/avatar\\\/ccc17943b9d660506c869530f897617f7cb1c21a4bf30023f252596d83e1f007?s=96&d=mm&r=g\",\"caption\":\"admin\"},\"sameAs\":[\"https:\\\/\\\/kibrisdakik.com\"],\"url\":\"https:\\\/\\\/kibrisdakik.com\\\/?author=1\"}]}<\/script>\n<!-- \/ Yoast SEO plugin. -->","yoast_head_json":{"title":"De\u011firmenlik-Ak\u0131nc\u0131lar Belediyesi taraf\u0131ndan Demirhan Karakoluna iki ara\u00e7 hibe edildi -","robots":{"index":"index","follow":"follow","max-snippet":"max-snippet:-1","max-image-preview":"max-image-preview:large","max-video-preview":"max-video-preview:-1"},"canonical":"https:\/\/kibrisdakik.com\/?p=30930","og_locale":"tr_TR","og_type":"article","og_title":"De\u011firmenlik-Ak\u0131nc\u0131lar Belediyesi taraf\u0131ndan Demirhan Karakoluna iki ara\u00e7 hibe edildi -","og_description":"Polisten verilen bilgiye g\u00f6re, Demirhan Polis Karakolunda yap\u0131lan ara\u00e7 devir-teslim t\u00f6reninde, Lefko\u015fa Polis M\u00fcd\u00fcr Yard\u0131mc\u0131s\u0131 Aziz Nizamo\u011flu, Lefko\u015fa Polis M\u00fcd\u00fcrl\u00fc\u011f\u00fc \u0130dari Polis Amiri Cemil Ba\u015fkut ve Demirhan Polis Karakolu Amiri \u00d6m\u00fcr Dalk\u0131ran da haz\u0131r bulundu. &nbsp; -Karavezirler De\u011firmenlik-Ak\u0131nc\u0131lar Belediye Ba\u015fkan\u0131 Ali Karavezirler t\u00f6rende yapt\u0131\u011f\u0131 konu\u015fmada, Demirhan Polis Karakolunun geni\u015f bir sorumluluk alan\u0131 bulundu\u011funu ifade ederek,","og_url":"https:\/\/kibrisdakik.com\/?p=30930","article_published_time":"2024-02-22T18:20:57+00:00","og_image":[{"width":710,"height":370,"url":"https:\/\/kibrisdakik.com\/wp-content\/uploads\/2024\/02\/degirmenlik-akincilar-belediyesi-tarafindan-demirhan-karakoluna-iki-arac-hibe-edildi-1708625072.webp.webp","type":"image\/webp"}],"author":"admin","twitter_card":"summary_large_image","twitter_misc":{"Yazan:":"admin","Tahmini okuma s\u00fcresi":"1 dakika"},"schema":{"@context":"https:\/\/schema.org","@graph":[{"@type":"Article","@id":"https:\/\/kibrisdakik.com\/?p=30930#article","isPartOf":{"@id":"https:\/\/kibrisdakik.com\/?p=30930"},"author":{"name":"admin","@id":"https:\/\/kibrisdakik.com\/#\/schema\/person\/9cd9d437bbb44f72b73ba127e06d8e79"},"headline":"De\u011firmenlik-Ak\u0131nc\u0131lar Belediyesi taraf\u0131ndan Demirhan Karakoluna iki ara\u00e7 hibe edildi","datePublished":"2024-02-22T18:20:57+00:00","mainEntityOfPage":{"@id":"https:\/\/kibrisdakik.com\/?p=30930"},"wordCount":234,"commentCount":0,"image":{"@id":"https:\/\/kibrisdakik.com\/?p=30930#primaryimage"},"thumbnailUrl":"https:\/\/kibrisdakik.com\/wp-content\/uploads\/2024\/02\/degirmenlik-akincilar-belediyesi-tarafindan-demirhan-karakoluna-iki-arac-hibe-edildi-1708625072.webp.webp","articleSection":["G\u00fcndem"],"inLanguage":"tr","potentialAction":[{"@type":"CommentAction","name":"Comment","target":["https:\/\/kibrisdakik.com\/?p=30930#respond"]}]},{"@type":"WebPage","@id":"https:\/\/kibrisdakik.com\/?p=30930","url":"https:\/\/kibrisdakik.com\/?p=30930","name":"De\u011firmenlik-Ak\u0131nc\u0131lar Belediyesi taraf\u0131ndan Demirhan Karakoluna iki ara\u00e7 hibe edildi -","isPartOf":{"@id":"https:\/\/kibrisdakik.com\/#website"},"primaryImageOfPage":{"@id":"https:\/\/kibrisdakik.com\/?p=30930#primaryimage"},"image":{"@id":"https:\/\/kibrisdakik.com\/?p=30930#primaryimage"},"thumbnailUrl":"https:\/\/kibrisdakik.com\/wp-content\/uploads\/2024\/02\/degirmenlik-akincilar-belediyesi-tarafindan-demirhan-karakoluna-iki-arac-hibe-edildi-1708625072.webp.webp","datePublished":"2024-02-22T18:20:57+00:00","author":{"@id":"https:\/\/kibrisdakik.com\/#\/schema\/person\/9cd9d437bbb44f72b73ba127e06d8e79"},"breadcrumb":{"@id":"https:\/\/kibrisdakik.com\/?p=30930#breadcrumb"},"inLanguage":"tr","potentialAction":[{"@type":"ReadAction","target":["https:\/\/kibrisdakik.com\/?p=30930"]}]},{"@type":"ImageObject","inLanguage":"tr","@id":"https:\/\/kibrisdakik.com\/?p=30930#primaryimage","url":"https:\/\/kibrisdakik.com\/wp-content\/uploads\/2024\/02\/degirmenlik-akincilar-belediyesi-tarafindan-demirhan-karakoluna-iki-arac-hibe-edildi-1708625072.webp.webp","contentUrl":"https:\/\/kibrisdakik.com\/wp-content\/uploads\/2024\/02\/degirmenlik-akincilar-belediyesi-tarafindan-demirhan-karakoluna-iki-arac-hibe-edildi-1708625072.webp.webp","width":710,"height":370},{"@type":"BreadcrumbList","@id":"https:\/\/kibrisdakik.com\/?p=30930#breadcrumb","itemListElement":[{"@type":"ListItem","position":1,"name":"Home","item":"https:\/\/kibrisdakik.com\/"},{"@type":"ListItem","position":2,"name":"De\u011firmenlik-Ak\u0131nc\u0131lar Belediyesi taraf\u0131ndan Demirhan Karakoluna iki ara\u00e7 hibe edildi"}]},{"@type":"WebSite","@id":"https:\/\/kibrisdakik.com\/#website","url":"https:\/\/kibrisdakik.com\/","name":"","description":"Tam vaktinde haber","potentialAction":[{"@type":"SearchAction","target":{"@type":"EntryPoint","urlTemplate":"https:\/\/kibrisdakik.com\/?s={search_term_string}"},"query-input":{"@type":"PropertyValueSpecification","valueRequired":true,"valueName":"search_term_string"}}],"inLanguage":"tr"},{"@type":"Person","@id":"https:\/\/kibrisdakik.com\/#\/schema\/person\/9cd9d437bbb44f72b73ba127e06d8e79","name":"admin","image":{"@type":"ImageObject","inLanguage":"tr","@id":"https:\/\/secure.gravatar.com\/avatar\/ccc17943b9d660506c869530f897617f7cb1c21a4bf30023f252596d83e1f007?s=96&d=mm&r=g","url":"https:\/\/secure.gravatar.com\/avatar\/ccc17943b9d660506c869530f897617f7cb1c21a4bf30023f252596d83e1f007?s=96&d=mm&r=g","contentUrl":"https:\/\/secure.gravatar.com\/avatar\/ccc17943b9d660506c869530f897617f7cb1c21a4bf30023f252596d83e1f007?s=96&d=mm&r=g","caption":"admin"},"sameAs":["https:\/\/kibrisdakik.com"],"url":"https:\/\/kibrisdakik.com\/?author=1"}]}},"_links":{"self":[{"href":"https:\/\/kibrisdakik.com\/index.php?rest_route=\/wp\/v2\/posts\/30930","targetHints":{"allow":["GET"]}}],"collection":[{"href":"https:\/\/kibrisdakik.com\/index.php?rest_route=\/wp\/v2\/posts"}],"about":[{"href":"https:\/\/kibrisdakik.com\/index.php?rest_route=\/wp\/v2\/types\/post"}],"author":[{"embeddable":true,"href":"https:\/\/kibrisdakik.com\/index.php?rest_route=\/wp\/v2\/users\/1"}],"replies":[{"embeddable":true,"href":"https:\/\/kibrisdakik.com\/index.php?rest_route=%2Fwp%2Fv2%2Fcomments&post=30930"}],"version-history":[{"count":0,"href":"https:\/\/kibrisdakik.com\/index.php?rest_route=\/wp\/v2\/posts\/30930\/revisions"}],"wp:featuredmedia":[{"embeddable":true,"href":"https:\/\/kibrisdakik.com\/index.php?rest_route=\/wp\/v2\/media\/30931"}],"wp:attachment":[{"href":"https:\/\/kibrisdakik.com\/index.php?rest_route=%2Fwp%2Fv2%2Fmedia&parent=30930"}],"wp:term":[{"taxonomy":"category","embeddable":true,"href":"https:\/\/kibrisdakik.com\/index.php?rest_route=%2Fwp%2Fv2%2Fcategories&post=30930"},{"taxonomy":"post_tag","embeddable":true,"href":"https:\/\/kibrisdakik.com\/index.php?rest_route=%2Fwp%2Fv2%2Ftags&post=30930"}],"curies":[{"name":"wp","href":"https:\/\/api.w.org\/{rel}","templated":true}]}}