{"id":30934,"date":"2024-02-22T18:56:56","date_gmt":"2024-02-22T18:56:56","guid":{"rendered":"https:\/\/kibrisdakik.com\/index.php\/2024\/02\/22\/carpisan-2-aracin-surucusu-alkolden-tutuklandi\/"},"modified":"2024-02-22T18:56:56","modified_gmt":"2024-02-22T18:56:56","slug":"carpisan-2-aracin-surucusu-alkolden-tutuklandi","status":"publish","type":"post","link":"https:\/\/kibrisdakik.com\/?p=30934","title":{"rendered":"\u00c7arp\u0131\u015fan 2 arac\u0131n s\u00fcr\u00fcc\u00fcs\u00fc alkolden tutukland\u0131"},"content":{"rendered":"<p><img decoding=\"async\" src=\"https:\/\/www.kibristurk.com\/images\/haberler\/2024\/02\/carpisan-2-aracin-surucusu-alkolden-tutuklandi-1708608401.webp\" \/><\/p>\n<p><span style=\"font-size:11pt\"><span style=\"font-family:Calibri,sans-serif\">Metehan-Alayk\u00f6y \u00e7evre yolundaki kazada 280 mlgr alkol tesiri alt\u0131ndaki Ahmet \u015eahin (E-51), UT 700 plakal\u0131 ara\u00e7 ile Gen\u00e7 Yap\u0131 \u00e7emberine geldi\u011finde, dikkatsizli\u011fi sonucu direksiyon hakimiyetini kaybederek, yolun solundan \u00e7\u0131k\u0131p tarla i\u00e7erisinde durdu.<\/span><\/span><\/p>\n<p><span style=\"font-size:11pt\"><span style=\"font-family:Calibri,sans-serif\">Polis Bas\u0131n Subayl\u0131\u011f\u0131ndan yap\u0131lan a\u00e7\u0131klamaya g\u00f6re, kaza sonucu yaralanan olmad\u0131, soru\u015fturma devam ediyor.&nbsp;<\/span><\/span><\/p>\n<p>&nbsp;<\/p>\n<p><span style=\"font-size:11pt\"><span style=\"font-family:Calibri,sans-serif\">&#8211; Girne\u2019deki kazada iki s\u00fcr\u00fcc\u00fcn\u00fcn de alkoll\u00fc oldu\u011fu tespit edildi<\/span><\/span><\/p>\n<p><span style=\"font-size:11pt\"><span style=\"font-family:Calibri,sans-serif\">Girne Be\u015fparmaklar Caddesi\u2019nde bug\u00fcn saat 03.15&#8217;te meydana gelen kazada, \u00e7arp\u0131\u015fan ara\u00e7lar\u0131n s\u00fcr\u00fcc\u00fclerinin&nbsp; 300 mlgr\u2019dan fazla alkol tesiri alt\u0131nda oldu\u011fu tespit edildi.<\/span><\/span><\/p>\n<p><span style=\"font-size:11pt\"><span style=\"font-family:Calibri,sans-serif\">Polis Bas\u0131n Subayl\u0131\u011f\u0131ndan yap\u0131lan a\u00e7\u0131klamaya g\u00f6re kaza, 337 mlgr alkol tesiri alt\u0131nda olan 62 ya\u015f\u0131ndaki Alev Develio\u011flu\u2019nun MB 816 plakal\u0131 ara\u00e7la seyretti\u011fi s\u0131rada, dikkatsizce yolun sa\u011f\u0131na ge\u00e7mesi sonucu meydana geldi.<\/span><\/span><\/p>\n<p><span style=\"font-size:11pt\"><span style=\"font-family:Calibri,sans-serif\">Develio\u011flu, o esnada kar\u015f\u0131 istikamette 326 mlgr alkol tesiri alt\u0131nda, UH 677 plakal\u0131 ara\u00e7 ile seyreden 29 ya\u015f\u0131ndaki Mustafa Karabakan ile \u00e7arp\u0131\u015ft\u0131.&nbsp;<\/span><\/span><\/p>\n<p><span style=\"font-size:11pt\"><span style=\"font-family:Calibri,sans-serif\">Yaralanan olmayan kazada, her iki s\u00fcr\u00fcc\u00fc de tutukland\u0131. Soru\u015fturma devam ediyor.&nbsp;<\/span><\/span><\/p>\n<p>&nbsp;<\/p>\n<p><span style=\"font-size:11pt\"><span style=\"font-family:Calibri,sans-serif\">-Er\u00fclk\u00fc S\u00fcpermarket \u00f6n\u00fcndeki kazada kamyonet salon ara\u00e7 \u00fczerine devrildi, yaralanan olmad\u0131<\/span><\/span><\/p>\n<p><span style=\"font-size:11pt\"><span style=\"font-family:Calibri,sans-serif\">Lefko\u015fa- Gazima\u011fusa ana yolunda bug\u00fcn saat 07.30 s\u0131ralar\u0131nda meydana gelen kazada ise, kamyonet salon arac\u0131n \u00fczerine devrildi. Kazada yaralanan olmad\u0131.<\/span><\/span><\/p>\n<p><span style=\"font-size:11pt\"><span style=\"font-family:Calibri,sans-serif\">Kaza, 36 ya\u015f\u0131ndaki G\u00fcrhan Kafkaso\u011flu\u2019nun TNE 686 plakal\u0131 salon arac\u0131 soldan birinci \u015feritte s\u00fcratli bir \u015fekilde Gazima\u011fusa\u2019ya do\u011fru kulland\u0131\u011f\u0131 s\u0131rada, Er\u00fclk\u00fc S\u00fcpermarket \u00f6n\u00fcne geldi\u011finde, o esnada \u00f6n\u00fcnde ayn\u0131 istikamete do\u011fru seyreden 39 ya\u015f\u0131ndaki Halit Sayar\u2019\u0131n y\u00f6netimindeki HA 698 plakal\u0131 kamyonetin sa\u011f arka k\u0131sm\u0131na \u00e7arpmas\u0131yla meydana geldi.&nbsp;<\/span><\/span><\/p>\n<p><span style=\"font-size:11pt\"><span style=\"font-family:Calibri,sans-serif\">Kazada, \u00e7arpman\u0131n etkisiyle kontrols\u00fcz bir \u015fekilde savrulan kamyonet, yol ortas\u0131ndaki beton bariyerlere \u00e7arparak, sa\u011f yan k\u0131sm\u0131 ile TNE 686 plakal\u0131 arac\u0131n \u00f6n k\u0131sm\u0131 \u00fczerine devrildi.<\/span><\/span><\/p>\n<p><span style=\"font-size:11pt\"><span style=\"font-family:Calibri,sans-serif\">Polis, kazayla ilgili soru\u015fturman\u0131n devam etti\u011fini kaydetti.<\/span><\/span><\/p>\n<p>&nbsp;<\/p>\n<p><span style=\"font-size:11pt\"><span style=\"font-family:Calibri,sans-serif\">&#8211; Trafik denetimlerinde d\u00f6rt s\u00fcr\u00fcc\u00fc tutukland\u0131, 36 ara\u00e7 trafikten men edildi<\/span><\/span><\/p>\n<p><span style=\"font-size:11pt\"><span style=\"font-family:Calibri,sans-serif\">\u00d6te yandan \u00fclke genelinde d\u00fcn yap\u0131lan trafik denetimlerinde 1648 ara\u00e7 s\u00fcr\u00fcc\u00fcs\u00fc kontrol edildi.&nbsp;<\/span><\/span><\/p>\n<p><span style=\"font-size:11pt\"><span style=\"font-family:Calibri,sans-serif\">Kontrollerde, 248\u2019i yasal h\u0131z s\u0131n\u0131r\u0131 \u00fczerinde s\u00fcratli ara\u00e7 kullanmak, 19\u2019u seyr\u00fcsefer ruhsats\u0131z ara\u00e7 kullanmak, 11\u2019i alkoll\u00fc i\u00e7ki tesiri alt\u0131nda ara\u00e7 kullanmak, 10\u2019u s\u00fcr\u00fc\u015f esnas\u0131nda cep telefonu kullanmak,&nbsp;8\u2019i emniyet kemeri takmadan ara\u00e7 kullanmak, 6\u2019s\u0131 sigortas\u0131z ara\u00e7 kullanmak, 3\u2019\u00fc s\u00fcr\u00fc\u015f ehliyetsiz ve sigorta kapsamaks\u0131z\u0131n ara\u00e7 kullanmak ve 107\u2019si di\u011fer trafik su\u00e7lar\u0131ndan olmak \u00fczere toplam 412 ara\u00e7 s\u00fcr\u00fcc\u00fcs\u00fc \u00e7e\u015fitli trafik su\u00e7lar\u0131ndan rapor edilerek, aleyhlerinde yasal i\u015flem ba\u015flat\u0131ld\u0131.<\/span><\/span><\/p>\n<p><span style=\"font-size:11pt\"><span style=\"font-family:Calibri,sans-serif\">Denetimlerde ayr\u0131ca d\u00f6rt s\u00fcr\u00fcc\u00fc tutuklan\u0131rken, 36 ara\u00e7 trafikten men edildi.&nbsp;<\/span><\/span><\/p>\n","protected":false},"excerpt":{"rendered":"<p>Metehan-Alayk\u00f6y \u00e7evre yolundaki kazada 280 mlgr alkol tesiri alt\u0131ndaki Ahmet \u015eahin (E-51), UT 700 plakal\u0131 ara\u00e7 ile Gen\u00e7 Yap\u0131 \u00e7emberine geldi\u011finde, dikkatsizli\u011fi sonucu direksiyon hakimiyetini kaybederek, yolun solundan \u00e7\u0131k\u0131p tarla i\u00e7erisinde durdu. Polis Bas\u0131n Subayl\u0131\u011f\u0131ndan yap\u0131lan a\u00e7\u0131klamaya g\u00f6re, kaza sonucu yaralanan olmad\u0131, soru\u015fturma devam ediyor.&nbsp; &nbsp; &#8211; Girne\u2019deki kazada iki s\u00fcr\u00fcc\u00fcn\u00fcn de alkoll\u00fc oldu\u011fu tespit<\/p>\n","protected":false},"author":1,"featured_media":30935,"comment_status":"open","ping_status":"open","sticky":false,"template":"","format":"standard","meta":{"footnotes":""},"categories":[85],"tags":[],"class_list":["post-30934","post","type-post","status-publish","format-standard","has-post-thumbnail","hentry","category-spor"],"yoast_head":"<!-- This site is optimized with the Yoast SEO plugin v27.4 - https:\/\/yoast.com\/product\/yoast-seo-wordpress\/ -->\n<title>\u00c7arp\u0131\u015fan 2 arac\u0131n s\u00fcr\u00fcc\u00fcs\u00fc alkolden tutukland\u0131 -<\/title>\n<meta name=\"robots\" content=\"index, follow, max-snippet:-1, max-image-preview:large, max-video-preview:-1\" \/>\n<link rel=\"canonical\" href=\"https:\/\/kibrisdakik.com\/?p=30934\" \/>\n<meta property=\"og:locale\" content=\"tr_TR\" \/>\n<meta property=\"og:type\" content=\"article\" \/>\n<meta property=\"og:title\" content=\"\u00c7arp\u0131\u015fan 2 arac\u0131n s\u00fcr\u00fcc\u00fcs\u00fc alkolden tutukland\u0131 -\" \/>\n<meta property=\"og:description\" content=\"Metehan-Alayk\u00f6y \u00e7evre yolundaki kazada 280 mlgr alkol tesiri alt\u0131ndaki Ahmet \u015eahin (E-51), UT 700 plakal\u0131 ara\u00e7 ile Gen\u00e7 Yap\u0131 \u00e7emberine geldi\u011finde, dikkatsizli\u011fi sonucu direksiyon hakimiyetini kaybederek, yolun solundan \u00e7\u0131k\u0131p tarla i\u00e7erisinde durdu. Polis Bas\u0131n Subayl\u0131\u011f\u0131ndan yap\u0131lan a\u00e7\u0131klamaya g\u00f6re, kaza sonucu yaralanan olmad\u0131, soru\u015fturma devam ediyor.&nbsp; &nbsp; &#8211; Girne\u2019deki kazada iki s\u00fcr\u00fcc\u00fcn\u00fcn de alkoll\u00fc oldu\u011fu tespit\" \/>\n<meta property=\"og:url\" content=\"https:\/\/kibrisdakik.com\/?p=30934\" \/>\n<meta property=\"article:published_time\" content=\"2024-02-22T18:56:56+00:00\" \/>\n<meta property=\"og:image\" content=\"https:\/\/kibrisdakik.com\/wp-content\/uploads\/2024\/02\/carpisan-2-aracin-surucusu-alkolden-tutuklandi-1708608401.webp.webp\" \/>\n\t<meta property=\"og:image:width\" content=\"710\" \/>\n\t<meta property=\"og:image:height\" content=\"370\" \/>\n\t<meta property=\"og:image:type\" content=\"image\/webp\" \/>\n<meta name=\"author\" content=\"admin\" \/>\n<meta name=\"twitter:card\" content=\"summary_large_image\" \/>\n<meta name=\"twitter:label1\" content=\"Yazan:\" \/>\n\t<meta name=\"twitter:data1\" content=\"admin\" \/>\n\t<meta name=\"twitter:label2\" content=\"Tahmini okuma s\u00fcresi\" \/>\n\t<meta name=\"twitter:data2\" content=\"2 dakika\" \/>\n<script type=\"application\/ld+json\" class=\"yoast-schema-graph\">{\"@context\":\"https:\\\/\\\/schema.org\",\"@graph\":[{\"@type\":\"Article\",\"@id\":\"https:\\\/\\\/kibrisdakik.com\\\/?p=30934#article\",\"isPartOf\":{\"@id\":\"https:\\\/\\\/kibrisdakik.com\\\/?p=30934\"},\"author\":{\"name\":\"admin\",\"@id\":\"https:\\\/\\\/kibrisdakik.com\\\/#\\\/schema\\\/person\\\/9cd9d437bbb44f72b73ba127e06d8e79\"},\"headline\":\"\u00c7arp\u0131\u015fan 2 arac\u0131n s\u00fcr\u00fcc\u00fcs\u00fc alkolden tutukland\u0131\",\"datePublished\":\"2024-02-22T18:56:56+00:00\",\"mainEntityOfPage\":{\"@id\":\"https:\\\/\\\/kibrisdakik.com\\\/?p=30934\"},\"wordCount\":477,\"commentCount\":0,\"image\":{\"@id\":\"https:\\\/\\\/kibrisdakik.com\\\/?p=30934#primaryimage\"},\"thumbnailUrl\":\"https:\\\/\\\/kibrisdakik.com\\\/wp-content\\\/uploads\\\/2024\\\/02\\\/carpisan-2-aracin-surucusu-alkolden-tutuklandi-1708608401.webp.webp\",\"articleSection\":[\"Spor\"],\"inLanguage\":\"tr\",\"potentialAction\":[{\"@type\":\"CommentAction\",\"name\":\"Comment\",\"target\":[\"https:\\\/\\\/kibrisdakik.com\\\/?p=30934#respond\"]}]},{\"@type\":\"WebPage\",\"@id\":\"https:\\\/\\\/kibrisdakik.com\\\/?p=30934\",\"url\":\"https:\\\/\\\/kibrisdakik.com\\\/?p=30934\",\"name\":\"\u00c7arp\u0131\u015fan 2 arac\u0131n s\u00fcr\u00fcc\u00fcs\u00fc alkolden tutukland\u0131 -\",\"isPartOf\":{\"@id\":\"https:\\\/\\\/kibrisdakik.com\\\/#website\"},\"primaryImageOfPage\":{\"@id\":\"https:\\\/\\\/kibrisdakik.com\\\/?p=30934#primaryimage\"},\"image\":{\"@id\":\"https:\\\/\\\/kibrisdakik.com\\\/?p=30934#primaryimage\"},\"thumbnailUrl\":\"https:\\\/\\\/kibrisdakik.com\\\/wp-content\\\/uploads\\\/2024\\\/02\\\/carpisan-2-aracin-surucusu-alkolden-tutuklandi-1708608401.webp.webp\",\"datePublished\":\"2024-02-22T18:56:56+00:00\",\"author\":{\"@id\":\"https:\\\/\\\/kibrisdakik.com\\\/#\\\/schema\\\/person\\\/9cd9d437bbb44f72b73ba127e06d8e79\"},\"breadcrumb\":{\"@id\":\"https:\\\/\\\/kibrisdakik.com\\\/?p=30934#breadcrumb\"},\"inLanguage\":\"tr\",\"potentialAction\":[{\"@type\":\"ReadAction\",\"target\":[\"https:\\\/\\\/kibrisdakik.com\\\/?p=30934\"]}]},{\"@type\":\"ImageObject\",\"inLanguage\":\"tr\",\"@id\":\"https:\\\/\\\/kibrisdakik.com\\\/?p=30934#primaryimage\",\"url\":\"https:\\\/\\\/kibrisdakik.com\\\/wp-content\\\/uploads\\\/2024\\\/02\\\/carpisan-2-aracin-surucusu-alkolden-tutuklandi-1708608401.webp.webp\",\"contentUrl\":\"https:\\\/\\\/kibrisdakik.com\\\/wp-content\\\/uploads\\\/2024\\\/02\\\/carpisan-2-aracin-surucusu-alkolden-tutuklandi-1708608401.webp.webp\",\"width\":710,\"height\":370},{\"@type\":\"BreadcrumbList\",\"@id\":\"https:\\\/\\\/kibrisdakik.com\\\/?p=30934#breadcrumb\",\"itemListElement\":[{\"@type\":\"ListItem\",\"position\":1,\"name\":\"Home\",\"item\":\"https:\\\/\\\/kibrisdakik.com\\\/\"},{\"@type\":\"ListItem\",\"position\":2,\"name\":\"\u00c7arp\u0131\u015fan 2 arac\u0131n s\u00fcr\u00fcc\u00fcs\u00fc alkolden tutukland\u0131\"}]},{\"@type\":\"WebSite\",\"@id\":\"https:\\\/\\\/kibrisdakik.com\\\/#website\",\"url\":\"https:\\\/\\\/kibrisdakik.com\\\/\",\"name\":\"\",\"description\":\"Tam vaktinde haber\",\"potentialAction\":[{\"@type\":\"SearchAction\",\"target\":{\"@type\":\"EntryPoint\",\"urlTemplate\":\"https:\\\/\\\/kibrisdakik.com\\\/?s={search_term_string}\"},\"query-input\":{\"@type\":\"PropertyValueSpecification\",\"valueRequired\":true,\"valueName\":\"search_term_string\"}}],\"inLanguage\":\"tr\"},{\"@type\":\"Person\",\"@id\":\"https:\\\/\\\/kibrisdakik.com\\\/#\\\/schema\\\/person\\\/9cd9d437bbb44f72b73ba127e06d8e79\",\"name\":\"admin\",\"image\":{\"@type\":\"ImageObject\",\"inLanguage\":\"tr\",\"@id\":\"https:\\\/\\\/secure.gravatar.com\\\/avatar\\\/ccc17943b9d660506c869530f897617f7cb1c21a4bf30023f252596d83e1f007?s=96&d=mm&r=g\",\"url\":\"https:\\\/\\\/secure.gravatar.com\\\/avatar\\\/ccc17943b9d660506c869530f897617f7cb1c21a4bf30023f252596d83e1f007?s=96&d=mm&r=g\",\"contentUrl\":\"https:\\\/\\\/secure.gravatar.com\\\/avatar\\\/ccc17943b9d660506c869530f897617f7cb1c21a4bf30023f252596d83e1f007?s=96&d=mm&r=g\",\"caption\":\"admin\"},\"sameAs\":[\"https:\\\/\\\/kibrisdakik.com\"],\"url\":\"https:\\\/\\\/kibrisdakik.com\\\/?author=1\"}]}<\/script>\n<!-- \/ Yoast SEO plugin. -->","yoast_head_json":{"title":"\u00c7arp\u0131\u015fan 2 arac\u0131n s\u00fcr\u00fcc\u00fcs\u00fc alkolden tutukland\u0131 -","robots":{"index":"index","follow":"follow","max-snippet":"max-snippet:-1","max-image-preview":"max-image-preview:large","max-video-preview":"max-video-preview:-1"},"canonical":"https:\/\/kibrisdakik.com\/?p=30934","og_locale":"tr_TR","og_type":"article","og_title":"\u00c7arp\u0131\u015fan 2 arac\u0131n s\u00fcr\u00fcc\u00fcs\u00fc alkolden tutukland\u0131 -","og_description":"Metehan-Alayk\u00f6y \u00e7evre yolundaki kazada 280 mlgr alkol tesiri alt\u0131ndaki Ahmet \u015eahin (E-51), UT 700 plakal\u0131 ara\u00e7 ile Gen\u00e7 Yap\u0131 \u00e7emberine geldi\u011finde, dikkatsizli\u011fi sonucu direksiyon hakimiyetini kaybederek, yolun solundan \u00e7\u0131k\u0131p tarla i\u00e7erisinde durdu. Polis Bas\u0131n Subayl\u0131\u011f\u0131ndan yap\u0131lan a\u00e7\u0131klamaya g\u00f6re, kaza sonucu yaralanan olmad\u0131, soru\u015fturma devam ediyor.&nbsp; &nbsp; &#8211; Girne\u2019deki kazada iki s\u00fcr\u00fcc\u00fcn\u00fcn de alkoll\u00fc oldu\u011fu tespit","og_url":"https:\/\/kibrisdakik.com\/?p=30934","article_published_time":"2024-02-22T18:56:56+00:00","og_image":[{"width":710,"height":370,"url":"https:\/\/kibrisdakik.com\/wp-content\/uploads\/2024\/02\/carpisan-2-aracin-surucusu-alkolden-tutuklandi-1708608401.webp.webp","type":"image\/webp"}],"author":"admin","twitter_card":"summary_large_image","twitter_misc":{"Yazan:":"admin","Tahmini okuma s\u00fcresi":"2 dakika"},"schema":{"@context":"https:\/\/schema.org","@graph":[{"@type":"Article","@id":"https:\/\/kibrisdakik.com\/?p=30934#article","isPartOf":{"@id":"https:\/\/kibrisdakik.com\/?p=30934"},"author":{"name":"admin","@id":"https:\/\/kibrisdakik.com\/#\/schema\/person\/9cd9d437bbb44f72b73ba127e06d8e79"},"headline":"\u00c7arp\u0131\u015fan 2 arac\u0131n s\u00fcr\u00fcc\u00fcs\u00fc alkolden tutukland\u0131","datePublished":"2024-02-22T18:56:56+00:00","mainEntityOfPage":{"@id":"https:\/\/kibrisdakik.com\/?p=30934"},"wordCount":477,"commentCount":0,"image":{"@id":"https:\/\/kibrisdakik.com\/?p=30934#primaryimage"},"thumbnailUrl":"https:\/\/kibrisdakik.com\/wp-content\/uploads\/2024\/02\/carpisan-2-aracin-surucusu-alkolden-tutuklandi-1708608401.webp.webp","articleSection":["Spor"],"inLanguage":"tr","potentialAction":[{"@type":"CommentAction","name":"Comment","target":["https:\/\/kibrisdakik.com\/?p=30934#respond"]}]},{"@type":"WebPage","@id":"https:\/\/kibrisdakik.com\/?p=30934","url":"https:\/\/kibrisdakik.com\/?p=30934","name":"\u00c7arp\u0131\u015fan 2 arac\u0131n s\u00fcr\u00fcc\u00fcs\u00fc alkolden tutukland\u0131 -","isPartOf":{"@id":"https:\/\/kibrisdakik.com\/#website"},"primaryImageOfPage":{"@id":"https:\/\/kibrisdakik.com\/?p=30934#primaryimage"},"image":{"@id":"https:\/\/kibrisdakik.com\/?p=30934#primaryimage"},"thumbnailUrl":"https:\/\/kibrisdakik.com\/wp-content\/uploads\/2024\/02\/carpisan-2-aracin-surucusu-alkolden-tutuklandi-1708608401.webp.webp","datePublished":"2024-02-22T18:56:56+00:00","author":{"@id":"https:\/\/kibrisdakik.com\/#\/schema\/person\/9cd9d437bbb44f72b73ba127e06d8e79"},"breadcrumb":{"@id":"https:\/\/kibrisdakik.com\/?p=30934#breadcrumb"},"inLanguage":"tr","potentialAction":[{"@type":"ReadAction","target":["https:\/\/kibrisdakik.com\/?p=30934"]}]},{"@type":"ImageObject","inLanguage":"tr","@id":"https:\/\/kibrisdakik.com\/?p=30934#primaryimage","url":"https:\/\/kibrisdakik.com\/wp-content\/uploads\/2024\/02\/carpisan-2-aracin-surucusu-alkolden-tutuklandi-1708608401.webp.webp","contentUrl":"https:\/\/kibrisdakik.com\/wp-content\/uploads\/2024\/02\/carpisan-2-aracin-surucusu-alkolden-tutuklandi-1708608401.webp.webp","width":710,"height":370},{"@type":"BreadcrumbList","@id":"https:\/\/kibrisdakik.com\/?p=30934#breadcrumb","itemListElement":[{"@type":"ListItem","position":1,"name":"Home","item":"https:\/\/kibrisdakik.com\/"},{"@type":"ListItem","position":2,"name":"\u00c7arp\u0131\u015fan 2 arac\u0131n s\u00fcr\u00fcc\u00fcs\u00fc alkolden tutukland\u0131"}]},{"@type":"WebSite","@id":"https:\/\/kibrisdakik.com\/#website","url":"https:\/\/kibrisdakik.com\/","name":"","description":"Tam vaktinde haber","potentialAction":[{"@type":"SearchAction","target":{"@type":"EntryPoint","urlTemplate":"https:\/\/kibrisdakik.com\/?s={search_term_string}"},"query-input":{"@type":"PropertyValueSpecification","valueRequired":true,"valueName":"search_term_string"}}],"inLanguage":"tr"},{"@type":"Person","@id":"https:\/\/kibrisdakik.com\/#\/schema\/person\/9cd9d437bbb44f72b73ba127e06d8e79","name":"admin","image":{"@type":"ImageObject","inLanguage":"tr","@id":"https:\/\/secure.gravatar.com\/avatar\/ccc17943b9d660506c869530f897617f7cb1c21a4bf30023f252596d83e1f007?s=96&d=mm&r=g","url":"https:\/\/secure.gravatar.com\/avatar\/ccc17943b9d660506c869530f897617f7cb1c21a4bf30023f252596d83e1f007?s=96&d=mm&r=g","contentUrl":"https:\/\/secure.gravatar.com\/avatar\/ccc17943b9d660506c869530f897617f7cb1c21a4bf30023f252596d83e1f007?s=96&d=mm&r=g","caption":"admin"},"sameAs":["https:\/\/kibrisdakik.com"],"url":"https:\/\/kibrisdakik.com\/?author=1"}]}},"_links":{"self":[{"href":"https:\/\/kibrisdakik.com\/index.php?rest_route=\/wp\/v2\/posts\/30934","targetHints":{"allow":["GET"]}}],"collection":[{"href":"https:\/\/kibrisdakik.com\/index.php?rest_route=\/wp\/v2\/posts"}],"about":[{"href":"https:\/\/kibrisdakik.com\/index.php?rest_route=\/wp\/v2\/types\/post"}],"author":[{"embeddable":true,"href":"https:\/\/kibrisdakik.com\/index.php?rest_route=\/wp\/v2\/users\/1"}],"replies":[{"embeddable":true,"href":"https:\/\/kibrisdakik.com\/index.php?rest_route=%2Fwp%2Fv2%2Fcomments&post=30934"}],"version-history":[{"count":0,"href":"https:\/\/kibrisdakik.com\/index.php?rest_route=\/wp\/v2\/posts\/30934\/revisions"}],"wp:featuredmedia":[{"embeddable":true,"href":"https:\/\/kibrisdakik.com\/index.php?rest_route=\/wp\/v2\/media\/30935"}],"wp:attachment":[{"href":"https:\/\/kibrisdakik.com\/index.php?rest_route=%2Fwp%2Fv2%2Fmedia&parent=30934"}],"wp:term":[{"taxonomy":"category","embeddable":true,"href":"https:\/\/kibrisdakik.com\/index.php?rest_route=%2Fwp%2Fv2%2Fcategories&post=30934"},{"taxonomy":"post_tag","embeddable":true,"href":"https:\/\/kibrisdakik.com\/index.php?rest_route=%2Fwp%2Fv2%2Ftags&post=30934"}],"curies":[{"name":"wp","href":"https:\/\/api.w.org\/{rel}","templated":true}]}}