{"id":30942,"date":"2024-02-22T19:47:49","date_gmt":"2024-02-22T19:47:49","guid":{"rendered":"https:\/\/kibrisdakik.com\/index.php\/2024\/02\/22\/tartistigi-oglunu-oldurup-intihar-etti\/"},"modified":"2024-02-22T19:47:49","modified_gmt":"2024-02-22T19:47:49","slug":"tartistigi-oglunu-oldurup-intihar-etti","status":"publish","type":"post","link":"https:\/\/kibrisdakik.com\/?p=30942","title":{"rendered":"Tart\u0131\u015ft\u0131\u011f\u0131 o\u011flunu \u00f6ld\u00fcr\u00fcp intihar etti"},"content":{"rendered":"<p><\/p>\n<p>Kahramanmara\u015f&#8217;ta&nbsp;dehlete d\u00fc\u015f\u00fcren bir olay ya\u015fand\u0131.<\/p>\n<p>Dervi\u015f Nebi K\u00f6se, (52) ile 25 ya\u015f\u0131ndaki o\u011flu O\u011fuz Ka\u011fan K\u00f6se aras\u0131nda P\u0131narba\u015f\u0131 Mahallesi \u015eamil Sokak&#8217;taki evlerinde tart\u0131\u015fma ya\u015fand\u0131.<\/p>\n<p><img decoding=\"async\" alt=\"Tart\u0131\u015ft\u0131\u011f\u0131 o\u011flunu \u00f6ld\u00fcr\u00fcp intihar etti - 1\" src=\"https:\/\/cdn1.ntv.com.tr\/gorsel\/goW4TJaYHUu5BeEU9z8R9Q.jpg?width=960&amp;mode=crop&amp;scale=both\" \/><\/p>\n<p>&nbsp;<\/p>\n<p><strong>BABA-O\u011eUL HASTANEDE YA\u015eAMLARINI Y\u0130T\u0130RD\u0130<\/strong><\/p>\n<p>Tart\u0131\u015fman\u0131n sokakta devam etmesi \u00fczerine baba K\u00f6se, o\u011flunu tabancayla vurduktan sonra ayn\u0131 silahla intihar etti.<\/p>\n<p>A\u011f\u0131r yaralanan baba ve o\u011ful, 112 Acil Sa\u011fl\u0131k ekiplerince kald\u0131r\u0131ld\u0131klar\u0131 Elbistan Devlet Hastanesi&#8217;nde ya\u015famlar\u0131n\u0131 yitirdi.<\/p>\n","protected":false},"excerpt":{"rendered":"<p>Kahramanmara\u015f&#8217;ta&nbsp;dehlete d\u00fc\u015f\u00fcren bir olay ya\u015fand\u0131. Dervi\u015f Nebi K\u00f6se, (52) ile 25 ya\u015f\u0131ndaki o\u011flu O\u011fuz Ka\u011fan K\u00f6se aras\u0131nda P\u0131narba\u015f\u0131 Mahallesi \u015eamil Sokak&#8217;taki evlerinde tart\u0131\u015fma ya\u015fand\u0131. &nbsp; BABA-O\u011eUL HASTANEDE YA\u015eAMLARINI Y\u0130T\u0130RD\u0130 Tart\u0131\u015fman\u0131n sokakta devam etmesi \u00fczerine baba K\u00f6se, o\u011flunu tabancayla vurduktan sonra ayn\u0131 silahla intihar etti. A\u011f\u0131r yaralanan baba ve o\u011ful, 112 Acil Sa\u011fl\u0131k ekiplerince kald\u0131r\u0131ld\u0131klar\u0131 Elbistan<\/p>\n","protected":false},"author":1,"featured_media":30943,"comment_status":"open","ping_status":"open","sticky":false,"template":"","format":"standard","meta":{"footnotes":""},"categories":[1],"tags":[],"class_list":["post-30942","post","type-post","status-publish","format-standard","has-post-thumbnail","hentry","category-gundem"],"yoast_head":"<!-- This site is optimized with the Yoast SEO plugin v28.4 - https:\/\/yoast.com\/product\/yoast-seo-wordpress\/ -->\n<title>Tart\u0131\u015ft\u0131\u011f\u0131 o\u011flunu \u00f6ld\u00fcr\u00fcp intihar etti -<\/title>\n<meta name=\"robots\" content=\"index, follow, max-snippet:-1, max-image-preview:large, max-video-preview:-1\" \/>\n<link rel=\"canonical\" href=\"https:\/\/kibrisdakik.com\/?p=30942\" \/>\n<meta property=\"og:locale\" content=\"tr_TR\" \/>\n<meta property=\"og:type\" content=\"article\" \/>\n<meta property=\"og:title\" content=\"Tart\u0131\u015ft\u0131\u011f\u0131 o\u011flunu \u00f6ld\u00fcr\u00fcp intihar etti -\" \/>\n<meta property=\"og:description\" content=\"Kahramanmara\u015f&#8217;ta&nbsp;dehlete d\u00fc\u015f\u00fcren bir olay ya\u015fand\u0131. Dervi\u015f Nebi K\u00f6se, (52) ile 25 ya\u015f\u0131ndaki o\u011flu O\u011fuz Ka\u011fan K\u00f6se aras\u0131nda P\u0131narba\u015f\u0131 Mahallesi \u015eamil Sokak&#8217;taki evlerinde tart\u0131\u015fma ya\u015fand\u0131. &nbsp; BABA-O\u011eUL HASTANEDE YA\u015eAMLARINI Y\u0130T\u0130RD\u0130 Tart\u0131\u015fman\u0131n sokakta devam etmesi \u00fczerine baba K\u00f6se, o\u011flunu tabancayla vurduktan sonra ayn\u0131 silahla intihar etti. A\u011f\u0131r yaralanan baba ve o\u011ful, 112 Acil Sa\u011fl\u0131k ekiplerince kald\u0131r\u0131ld\u0131klar\u0131 Elbistan\" \/>\n<meta property=\"og:url\" content=\"https:\/\/kibrisdakik.com\/?p=30942\" \/>\n<meta property=\"article:published_time\" content=\"2024-02-22T19:47:49+00:00\" \/>\n<meta property=\"og:image\" content=\"https:\/\/kibrisdakik.com\/wp-content\/uploads\/2024\/02\/goW4TJaYHUu5BeEU9z8R9Q-740x420.jpg\" \/>\n\t<meta property=\"og:image:width\" content=\"960\" \/>\n\t<meta property=\"og:image:height\" content=\"573\" \/>\n\t<meta property=\"og:image:type\" content=\"image\/jpeg\" \/>\n<meta name=\"author\" content=\"admin\" \/>\n<meta name=\"twitter:card\" content=\"summary_large_image\" \/>\n<meta name=\"twitter:label1\" content=\"Yazan:\" \/>\n\t<meta name=\"twitter:data1\" content=\"admin\" \/>\n<script type=\"application\/ld+json\" class=\"yoast-schema-graph\">{\"@context\":\"https:\\\/\\\/schema.org\",\"@graph\":[{\"@type\":\"Article\",\"@id\":\"https:\\\/\\\/kibrisdakik.com\\\/?p=30942#article\",\"isPartOf\":{\"@id\":\"https:\\\/\\\/kibrisdakik.com\\\/?p=30942\"},\"author\":{\"name\":\"admin\",\"@id\":\"https:\\\/\\\/kibrisdakik.com\\\/#\\\/schema\\\/person\\\/9cd9d437bbb44f72b73ba127e06d8e79\"},\"headline\":\"Tart\u0131\u015ft\u0131\u011f\u0131 o\u011flunu \u00f6ld\u00fcr\u00fcp intihar etti\",\"datePublished\":\"2024-02-22T19:47:49+00:00\",\"mainEntityOfPage\":{\"@id\":\"https:\\\/\\\/kibrisdakik.com\\\/?p=30942\"},\"wordCount\":99,\"commentCount\":0,\"publisher\":{\"@id\":\"https:\\\/\\\/kibrisdakik.com\\\/#organization\"},\"image\":{\"@id\":\"https:\\\/\\\/kibrisdakik.com\\\/?p=30942#primaryimage\"},\"thumbnailUrl\":\"https:\\\/\\\/kibrisdakik.com\\\/wp-content\\\/uploads\\\/2024\\\/02\\\/goW4TJaYHUu5BeEU9z8R9Q-740x420.jpg\",\"articleSection\":[\"G\u00fcndem\"],\"inLanguage\":\"tr\",\"potentialAction\":[{\"@type\":\"CommentAction\",\"name\":\"Comment\",\"target\":[\"https:\\\/\\\/kibrisdakik.com\\\/?p=30942#respond\"]}]},{\"@type\":\"WebPage\",\"@id\":\"https:\\\/\\\/kibrisdakik.com\\\/?p=30942\",\"url\":\"https:\\\/\\\/kibrisdakik.com\\\/?p=30942\",\"name\":\"Tart\u0131\u015ft\u0131\u011f\u0131 o\u011flunu \u00f6ld\u00fcr\u00fcp intihar etti -\",\"isPartOf\":{\"@id\":\"https:\\\/\\\/kibrisdakik.com\\\/#website\"},\"primaryImageOfPage\":{\"@id\":\"https:\\\/\\\/kibrisdakik.com\\\/?p=30942#primaryimage\"},\"image\":{\"@id\":\"https:\\\/\\\/kibrisdakik.com\\\/?p=30942#primaryimage\"},\"thumbnailUrl\":\"https:\\\/\\\/kibrisdakik.com\\\/wp-content\\\/uploads\\\/2024\\\/02\\\/goW4TJaYHUu5BeEU9z8R9Q-740x420.jpg\",\"datePublished\":\"2024-02-22T19:47:49+00:00\",\"breadcrumb\":{\"@id\":\"https:\\\/\\\/kibrisdakik.com\\\/?p=30942#breadcrumb\"},\"inLanguage\":\"tr\",\"potentialAction\":[{\"@type\":\"ReadAction\",\"target\":[\"https:\\\/\\\/kibrisdakik.com\\\/?p=30942\"]}]},{\"@type\":\"ImageObject\",\"inLanguage\":\"tr\",\"@id\":\"https:\\\/\\\/kibrisdakik.com\\\/?p=30942#primaryimage\",\"url\":\"https:\\\/\\\/kibrisdakik.com\\\/wp-content\\\/uploads\\\/2024\\\/02\\\/goW4TJaYHUu5BeEU9z8R9Q-740x420.jpg\",\"contentUrl\":\"https:\\\/\\\/kibrisdakik.com\\\/wp-content\\\/uploads\\\/2024\\\/02\\\/goW4TJaYHUu5BeEU9z8R9Q-740x420.jpg\",\"width\":960,\"height\":573},{\"@type\":\"BreadcrumbList\",\"@id\":\"https:\\\/\\\/kibrisdakik.com\\\/?p=30942#breadcrumb\",\"itemListElement\":[{\"@type\":\"ListItem\",\"position\":1,\"name\":\"Home\",\"item\":\"https:\\\/\\\/kibrisdakik.com\\\/\"},{\"@type\":\"ListItem\",\"position\":2,\"name\":\"Tart\u0131\u015ft\u0131\u011f\u0131 o\u011flunu \u00f6ld\u00fcr\u00fcp intihar etti\"}]},{\"@type\":\"WebSite\",\"@id\":\"https:\\\/\\\/kibrisdakik.com\\\/#website\",\"url\":\"https:\\\/\\\/kibrisdakik.com\\\/\",\"name\":\"K\u0131br\u0131s Dakik\",\"description\":\"Tam vaktinde haber\",\"publisher\":{\"@id\":\"https:\\\/\\\/kibrisdakik.com\\\/#organization\"},\"potentialAction\":[{\"@type\":\"SearchAction\",\"target\":{\"@type\":\"EntryPoint\",\"urlTemplate\":\"https:\\\/\\\/kibrisdakik.com\\\/?s={search_term_string}\"},\"query-input\":{\"@type\":\"PropertyValueSpecification\",\"valueRequired\":true,\"valueName\":\"search_term_string\"}}],\"inLanguage\":\"tr\"},{\"@type\":\"Organization\",\"@id\":\"https:\\\/\\\/kibrisdakik.com\\\/#organization\",\"name\":\"K\u0131br\u0131s Dakik\",\"url\":\"https:\\\/\\\/kibrisdakik.com\\\/\",\"logo\":{\"@type\":\"ImageObject\",\"inLanguage\":\"tr\",\"@id\":\"https:\\\/\\\/kibrisdakik.com\\\/#\\\/schema\\\/logo\\\/image\\\/\",\"url\":\"https:\\\/\\\/kibrisdakik.com\\\/wp-content\\\/uploads\\\/2025\\\/10\\\/cropped-WhatsApp-Image-2025-10-02-at-12.58.31.jpeg\",\"contentUrl\":\"https:\\\/\\\/kibrisdakik.com\\\/wp-content\\\/uploads\\\/2025\\\/10\\\/cropped-WhatsApp-Image-2025-10-02-at-12.58.31.jpeg\",\"width\":1237,\"height\":190,\"caption\":\"K\u0131br\u0131s Dakik\"},\"image\":{\"@id\":\"https:\\\/\\\/kibrisdakik.com\\\/#\\\/schema\\\/logo\\\/image\\\/\"}},{\"@type\":\"Person\",\"@id\":\"https:\\\/\\\/kibrisdakik.com\\\/#\\\/schema\\\/person\\\/9cd9d437bbb44f72b73ba127e06d8e79\",\"name\":\"admin\",\"image\":{\"@type\":\"ImageObject\",\"inLanguage\":\"tr\",\"@id\":\"https:\\\/\\\/secure.gravatar.com\\\/avatar\\\/ccc17943b9d660506c869530f897617f7cb1c21a4bf30023f252596d83e1f007?s=96&d=mm&r=g\",\"url\":\"https:\\\/\\\/secure.gravatar.com\\\/avatar\\\/ccc17943b9d660506c869530f897617f7cb1c21a4bf30023f252596d83e1f007?s=96&d=mm&r=g\",\"contentUrl\":\"https:\\\/\\\/secure.gravatar.com\\\/avatar\\\/ccc17943b9d660506c869530f897617f7cb1c21a4bf30023f252596d83e1f007?s=96&d=mm&r=g\",\"caption\":\"admin\"},\"sameAs\":[\"https:\\\/\\\/kibrisdakik.com\"],\"url\":\"https:\\\/\\\/kibrisdakik.com\\\/?author=1\"}]}<\/script>\n<!-- \/ Yoast SEO plugin. -->","yoast_head_json":{"title":"Tart\u0131\u015ft\u0131\u011f\u0131 o\u011flunu \u00f6ld\u00fcr\u00fcp intihar etti -","robots":{"index":"index","follow":"follow","max-snippet":"max-snippet:-1","max-image-preview":"max-image-preview:large","max-video-preview":"max-video-preview:-1"},"canonical":"https:\/\/kibrisdakik.com\/?p=30942","og_locale":"tr_TR","og_type":"article","og_title":"Tart\u0131\u015ft\u0131\u011f\u0131 o\u011flunu \u00f6ld\u00fcr\u00fcp intihar etti -","og_description":"Kahramanmara\u015f&#8217;ta&nbsp;dehlete d\u00fc\u015f\u00fcren bir olay ya\u015fand\u0131. Dervi\u015f Nebi K\u00f6se, (52) ile 25 ya\u015f\u0131ndaki o\u011flu O\u011fuz Ka\u011fan K\u00f6se aras\u0131nda P\u0131narba\u015f\u0131 Mahallesi \u015eamil Sokak&#8217;taki evlerinde tart\u0131\u015fma ya\u015fand\u0131. &nbsp; BABA-O\u011eUL HASTANEDE YA\u015eAMLARINI Y\u0130T\u0130RD\u0130 Tart\u0131\u015fman\u0131n sokakta devam etmesi \u00fczerine baba K\u00f6se, o\u011flunu tabancayla vurduktan sonra ayn\u0131 silahla intihar etti. A\u011f\u0131r yaralanan baba ve o\u011ful, 112 Acil Sa\u011fl\u0131k ekiplerince kald\u0131r\u0131ld\u0131klar\u0131 Elbistan","og_url":"https:\/\/kibrisdakik.com\/?p=30942","article_published_time":"2024-02-22T19:47:49+00:00","og_image":[{"width":960,"height":573,"url":"https:\/\/kibrisdakik.com\/wp-content\/uploads\/2024\/02\/goW4TJaYHUu5BeEU9z8R9Q-740x420.jpg","type":"image\/jpeg"}],"author":"admin","twitter_card":"summary_large_image","twitter_misc":{"Yazan:":"admin"},"schema":{"@context":"https:\/\/schema.org","@graph":[{"@type":"Article","@id":"https:\/\/kibrisdakik.com\/?p=30942#article","isPartOf":{"@id":"https:\/\/kibrisdakik.com\/?p=30942"},"author":{"name":"admin","@id":"https:\/\/kibrisdakik.com\/#\/schema\/person\/9cd9d437bbb44f72b73ba127e06d8e79"},"headline":"Tart\u0131\u015ft\u0131\u011f\u0131 o\u011flunu \u00f6ld\u00fcr\u00fcp intihar etti","datePublished":"2024-02-22T19:47:49+00:00","mainEntityOfPage":{"@id":"https:\/\/kibrisdakik.com\/?p=30942"},"wordCount":99,"commentCount":0,"publisher":{"@id":"https:\/\/kibrisdakik.com\/#organization"},"image":{"@id":"https:\/\/kibrisdakik.com\/?p=30942#primaryimage"},"thumbnailUrl":"https:\/\/kibrisdakik.com\/wp-content\/uploads\/2024\/02\/goW4TJaYHUu5BeEU9z8R9Q-740x420.jpg","articleSection":["G\u00fcndem"],"inLanguage":"tr","potentialAction":[{"@type":"CommentAction","name":"Comment","target":["https:\/\/kibrisdakik.com\/?p=30942#respond"]}]},{"@type":"WebPage","@id":"https:\/\/kibrisdakik.com\/?p=30942","url":"https:\/\/kibrisdakik.com\/?p=30942","name":"Tart\u0131\u015ft\u0131\u011f\u0131 o\u011flunu \u00f6ld\u00fcr\u00fcp intihar etti -","isPartOf":{"@id":"https:\/\/kibrisdakik.com\/#website"},"primaryImageOfPage":{"@id":"https:\/\/kibrisdakik.com\/?p=30942#primaryimage"},"image":{"@id":"https:\/\/kibrisdakik.com\/?p=30942#primaryimage"},"thumbnailUrl":"https:\/\/kibrisdakik.com\/wp-content\/uploads\/2024\/02\/goW4TJaYHUu5BeEU9z8R9Q-740x420.jpg","datePublished":"2024-02-22T19:47:49+00:00","breadcrumb":{"@id":"https:\/\/kibrisdakik.com\/?p=30942#breadcrumb"},"inLanguage":"tr","potentialAction":[{"@type":"ReadAction","target":["https:\/\/kibrisdakik.com\/?p=30942"]}]},{"@type":"ImageObject","inLanguage":"tr","@id":"https:\/\/kibrisdakik.com\/?p=30942#primaryimage","url":"https:\/\/kibrisdakik.com\/wp-content\/uploads\/2024\/02\/goW4TJaYHUu5BeEU9z8R9Q-740x420.jpg","contentUrl":"https:\/\/kibrisdakik.com\/wp-content\/uploads\/2024\/02\/goW4TJaYHUu5BeEU9z8R9Q-740x420.jpg","width":960,"height":573},{"@type":"BreadcrumbList","@id":"https:\/\/kibrisdakik.com\/?p=30942#breadcrumb","itemListElement":[{"@type":"ListItem","position":1,"name":"Home","item":"https:\/\/kibrisdakik.com\/"},{"@type":"ListItem","position":2,"name":"Tart\u0131\u015ft\u0131\u011f\u0131 o\u011flunu \u00f6ld\u00fcr\u00fcp intihar etti"}]},{"@type":"WebSite","@id":"https:\/\/kibrisdakik.com\/#website","url":"https:\/\/kibrisdakik.com\/","name":"K\u0131br\u0131s Dakik","description":"Tam vaktinde haber","publisher":{"@id":"https:\/\/kibrisdakik.com\/#organization"},"potentialAction":[{"@type":"SearchAction","target":{"@type":"EntryPoint","urlTemplate":"https:\/\/kibrisdakik.com\/?s={search_term_string}"},"query-input":{"@type":"PropertyValueSpecification","valueRequired":true,"valueName":"search_term_string"}}],"inLanguage":"tr"},{"@type":"Organization","@id":"https:\/\/kibrisdakik.com\/#organization","name":"K\u0131br\u0131s Dakik","url":"https:\/\/kibrisdakik.com\/","logo":{"@type":"ImageObject","inLanguage":"tr","@id":"https:\/\/kibrisdakik.com\/#\/schema\/logo\/image\/","url":"https:\/\/kibrisdakik.com\/wp-content\/uploads\/2025\/10\/cropped-WhatsApp-Image-2025-10-02-at-12.58.31.jpeg","contentUrl":"https:\/\/kibrisdakik.com\/wp-content\/uploads\/2025\/10\/cropped-WhatsApp-Image-2025-10-02-at-12.58.31.jpeg","width":1237,"height":190,"caption":"K\u0131br\u0131s Dakik"},"image":{"@id":"https:\/\/kibrisdakik.com\/#\/schema\/logo\/image\/"}},{"@type":"Person","@id":"https:\/\/kibrisdakik.com\/#\/schema\/person\/9cd9d437bbb44f72b73ba127e06d8e79","name":"admin","image":{"@type":"ImageObject","inLanguage":"tr","@id":"https:\/\/secure.gravatar.com\/avatar\/ccc17943b9d660506c869530f897617f7cb1c21a4bf30023f252596d83e1f007?s=96&d=mm&r=g","url":"https:\/\/secure.gravatar.com\/avatar\/ccc17943b9d660506c869530f897617f7cb1c21a4bf30023f252596d83e1f007?s=96&d=mm&r=g","contentUrl":"https:\/\/secure.gravatar.com\/avatar\/ccc17943b9d660506c869530f897617f7cb1c21a4bf30023f252596d83e1f007?s=96&d=mm&r=g","caption":"admin"},"sameAs":["https:\/\/kibrisdakik.com"],"url":"https:\/\/kibrisdakik.com\/?author=1"}]}},"_links":{"self":[{"href":"https:\/\/kibrisdakik.com\/index.php?rest_route=\/wp\/v2\/posts\/30942","targetHints":{"allow":["GET"]}}],"collection":[{"href":"https:\/\/kibrisdakik.com\/index.php?rest_route=\/wp\/v2\/posts"}],"about":[{"href":"https:\/\/kibrisdakik.com\/index.php?rest_route=\/wp\/v2\/types\/post"}],"author":[{"embeddable":true,"href":"https:\/\/kibrisdakik.com\/index.php?rest_route=\/wp\/v2\/users\/1"}],"replies":[{"embeddable":true,"href":"https:\/\/kibrisdakik.com\/index.php?rest_route=%2Fwp%2Fv2%2Fcomments&post=30942"}],"version-history":[{"count":0,"href":"https:\/\/kibrisdakik.com\/index.php?rest_route=\/wp\/v2\/posts\/30942\/revisions"}],"wp:featuredmedia":[{"embeddable":true,"href":"https:\/\/kibrisdakik.com\/index.php?rest_route=\/wp\/v2\/media\/30943"}],"wp:attachment":[{"href":"https:\/\/kibrisdakik.com\/index.php?rest_route=%2Fwp%2Fv2%2Fmedia&parent=30942"}],"wp:term":[{"taxonomy":"category","embeddable":true,"href":"https:\/\/kibrisdakik.com\/index.php?rest_route=%2Fwp%2Fv2%2Fcategories&post=30942"},{"taxonomy":"post_tag","embeddable":true,"href":"https:\/\/kibrisdakik.com\/index.php?rest_route=%2Fwp%2Fv2%2Ftags&post=30942"}],"curies":[{"name":"wp","href":"https:\/\/api.w.org\/{rel}","templated":true}]}}