{"id":31034,"date":"2024-02-23T12:44:00","date_gmt":"2024-02-23T12:44:00","guid":{"rendered":"https:\/\/kibrisdakik.com\/index.php\/2024\/02\/23\/ktams-ihtiyat-sandiginda-grev-yapti\/"},"modified":"2024-02-23T12:44:00","modified_gmt":"2024-02-23T12:44:00","slug":"ktams-ihtiyat-sandiginda-grev-yapti","status":"publish","type":"post","link":"https:\/\/kibrisdakik.com\/?p=31034","title":{"rendered":"KTAMS, \u0130htiyat Sand\u0131\u011f\u0131nda grev yapt\u0131"},"content":{"rendered":"<p><img decoding=\"async\" src=\"https:\/\/www.kibristurk.com\/images\/haberler\/2024\/02\/ktams-ihtiyat-sandiginda-grev-yapti-1708692423.webp\" \/><\/p>\n<p style=\"text-align:left\"><span style=\"font-size:16px\"><span style=\"font-family:Merriweather,serif !important\"><span style=\"color:#000000\"><span style=\"background-color:#ffffff\">Eyleme, K\u0131br\u0131s T\u00fcrk \u00d6\u011fretmenler Sendikas\u0131 (KT\u00d6S) ve K\u0131br\u0131s T\u00fcrk Orta E\u011fitim \u00d6\u011fretmenler Sendikas\u0131 (KTOE\u00d6S) da destek verdi.<\/span><\/span><\/span><\/span><\/p>\n<p style=\"text-align:left\"><span style=\"font-size:16px\"><span style=\"font-family:Merriweather,serif !important\"><span style=\"color:#000000\"><span style=\"background-color:#ffffff\">&nbsp;<\/span><\/span><\/span><\/span><\/p>\n<p style=\"text-align:left\"><span style=\"font-size:16px\"><span style=\"font-family:Merriweather,serif !important\"><span style=\"color:#000000\"><span style=\"background-color:#ffffff\">Sendika temsilcileri \u0130htiyat Sand\u0131\u011f\u0131 Fonunun iyi y\u00f6netilmedi\u011fini&nbsp; iddia ederek, t\u00fcm kamu \u00e7al\u0131\u015fanlar\u0131n\u0131n yat\u0131r\u0131mlar\u0131n\u0131n \u0130htiyat Sand\u0131\u011f\u0131na yap\u0131lmas\u0131 nedeniyle&nbsp; kendilerinin de \u0130htiyat Sand\u0131\u011f\u0131 Y\u00f6netim Kurulunda temsiliyetlerinin olmas\u0131 gerekti\u011fini belirtti.<\/span><\/span><\/span><\/span><\/p>\n<p style=\"text-align:left\"><span style=\"font-size:16px\"><span style=\"font-family:Merriweather,serif !important\"><span style=\"color:#000000\"><span style=\"background-color:#ffffff\">&nbsp;<\/span><\/span><\/span><\/span><\/p>\n<p style=\"text-align:left\"><span style=\"font-size:16px\"><span style=\"font-family:Merriweather,serif !important\"><span style=\"color:#000000\"><span style=\"background-color:#ffffff\">KTAMS Ba\u015fkan\u0131 G\u00fcven Bengihan \u0130htiyat Sand\u0131\u011f\u0131 \u00f6n\u00fcnde bas\u0131na yapt\u0131\u011f\u0131 a\u00e7\u0131klamada \u0130htiyat Sand\u0131\u011f\u0131 Y\u00f6netim Kurulunda en \u00e7ok kamu g\u00f6revlisi \u00fcyeye sahip sendikan\u0131n temsiliyetinin bulunmad\u0131\u011f\u0131n\u0131, dolay\u0131s\u0131yla \u0130htiyat Sand\u0131\u011f\u0131 Fonunda da s\u00f6z hakk\u0131n\u0131n bulunmad\u0131\u011f\u0131n\u0131, grevi temsiliyet hakk\u0131n\u0131 vurgulamak i\u00e7in d\u00fczenlediklerini s\u00f6yledi. &nbsp;<\/span><\/span><\/span><\/span><\/p>\n<p style=\"text-align:left\"><span style=\"font-size:16px\"><span style=\"font-family:Merriweather,serif !important\"><span style=\"color:#000000\"><span style=\"background-color:#ffffff\">&nbsp;<\/span><\/span><\/span><\/span><\/p>\n<p style=\"text-align:left\"><span style=\"font-size:16px\"><span style=\"font-family:Merriweather,serif !important\"><span style=\"color:#000000\"><span style=\"background-color:#ffffff\">\u0130htiyat Sand\u0131\u011f\u0131 Y\u00f6netim Kurulunda temsiliyet hakk\u0131 i\u00e7in pek \u00e7ok giri\u015fim yapt\u0131klar\u0131n\u0131 kaydeden Bengihan, temsiliyet \u0131srarlar\u0131n\u0131 \u201cdemokratik kat\u0131l\u0131mc\u0131l\u0131k ilkesi\u201d &nbsp;temelinde yapt\u0131klar\u0131n\u0131 ifade etti.<\/span><\/span><\/span><\/span><\/p>\n<p style=\"text-align:left\"><span style=\"font-size:16px\"><span style=\"font-family:Merriweather,serif !important\"><span style=\"color:#000000\"><span style=\"background-color:#ffffff\">&nbsp;<\/span><\/span><\/span><\/span><\/p>\n<p style=\"text-align:left\"><span style=\"font-size:16px\"><span style=\"font-family:Merriweather,serif !important\"><span style=\"color:#000000\"><span style=\"background-color:#ffffff\">2008\u2019de y\u00fcr\u00fcrl\u00fc\u011fe giren Sosyal Sigortalar Yasas\u0131&#8217;yla t\u00fcm kamu \u00e7al\u0131\u015fanlar\u0131n\u0131n yat\u0131r\u0131mlar\u0131n\u0131n \u0130htiyat Sand\u0131\u011f\u0131 ve Sosyal Sigortalara yap\u0131lmaya ba\u015flad\u0131\u011f\u0131n\u0131 kaydeden Bengihan, bunun \u00fczerine \u0130htiyat Sand\u0131\u011f\u0131 Yasas\u0131&#8217;n\u0131n g\u00fcncellenmesi gerekti\u011fini \u00c7al\u0131\u015fma ve Sosyal G\u00fcvenlik Bakanl\u0131\u011f\u0131na bildirmelerine ra\u011fmen Yasa&#8217;n\u0131n g\u00fcncellenmesi i\u00e7in ad\u0131m at\u0131lmad\u0131\u011f\u0131n\u0131 belirtti.<\/span><\/span><\/span><\/span><\/p>\n<p style=\"text-align:left\"><span style=\"font-size:16px\"><span style=\"font-family:Merriweather,serif !important\"><span style=\"color:#000000\"><span style=\"background-color:#ffffff\">&nbsp;<\/span><\/span><\/span><\/span><\/p>\n<p style=\"text-align:left\"><span style=\"font-size:16px\"><span style=\"font-family:Merriweather,serif !important\"><span style=\"color:#000000\"><span style=\"background-color:#ffffff\">\u00c7al\u0131\u015fma ve Sosyal G\u00fcvenlik Bakanl\u0131\u011f\u0131n\u0131n \u0130htiyat Sand\u0131\u011f\u0131 Yasas\u0131&#8217;nda de\u011fi\u015fiklik istemedi\u011fini, sendikalar\u0131n temsiliyetinden &nbsp;rahats\u0131zl\u0131k duydu\u011funu ileri s\u00fcren Bengihan, \u0130htiyat Sand\u0131\u011f\u0131 Y\u00f6netim Kurulunda \u00e7o\u011funlu\u011fun h\u00fck\u00fcmeti temsil edenlerden oldu\u011funu belirtti. Bengihan, Fon&#8217;un keyfi ve siyasi maksatlarla kullan\u0131lmas\u0131na cevaz verecek durumda olundu\u011funu ifade etti.<\/span><\/span><\/span><\/span><\/p>\n<p style=\"text-align:left\"><span style=\"font-size:16px\"><span style=\"font-family:Merriweather,serif !important\"><span style=\"color:#000000\"><span style=\"background-color:#ffffff\">&nbsp;<\/span><\/span><\/span><\/span><\/p>\n<p style=\"text-align:left\"><span style=\"font-size:16px\"><span style=\"font-family:Merriweather,serif !important\"><span style=\"color:#000000\"><span style=\"background-color:#ffffff\">Bengihan, Sendikan\u0131n yasa de\u011fi\u015fiklik \u00f6nerilerini de sunduklar\u0131n\u0131 ancak dikkate al\u0131nmad\u0131\u011f\u0131n\u0131 ifade etti.<\/span><\/span><\/span><\/span><\/p>\n<p style=\"text-align:left\"><span style=\"font-size:16px\"><span style=\"font-family:Merriweather,serif !important\"><span style=\"color:#000000\"><span style=\"background-color:#ffffff\">\u0130htiyat Sand\u0131\u011f\u0131 Y\u00f6netim Kurulunda&nbsp;\u0130\u015f\u00e7i Sendikas\u0131 Federasyonu&#8217;nun iki \u00fcyelik yeri bulundu\u011funa i\u015faret eden Bengihan, Yasa&#8217;da d\u00fczenleme yap\u0131lmad\u0131\u011f\u0131 takdirde, kamuda \u00f6rg\u00fctl\u00fc di\u011fer sendikalarla birlikte, \u0130htiyat Sand\u0131\u011f\u0131 Y\u00f6netim Kurulunda yer almak maksad\u0131yla federasyon kurma noktas\u0131nda ad\u0131m atacaklar\u0131n\u0131 belirtti.<\/span><\/span><\/span><\/span><\/p>\n<p style=\"text-align:left\"><span style=\"font-size:16px\"><span style=\"font-family:Merriweather,serif !important\"><span style=\"color:#000000\"><span style=\"background-color:#ffffff\">&nbsp;<\/span><\/span><\/span><\/span><\/p>\n<p style=\"text-align:left\"><span style=\"font-size:16px\"><span style=\"font-family:Merriweather,serif !important\"><span style=\"color:#000000\"><span style=\"background-color:#ffffff\">Bengihan, \u00f6\u011fretmen, asker, memur ve polisin haklar\u0131n\u0131 savunmak i\u00e7in temsiliyet istediklerini belirtti.<\/span><\/span><\/span><\/span><\/p>\n","protected":false},"excerpt":{"rendered":"<p>Eyleme, K\u0131br\u0131s T\u00fcrk \u00d6\u011fretmenler Sendikas\u0131 (KT\u00d6S) ve K\u0131br\u0131s T\u00fcrk Orta E\u011fitim \u00d6\u011fretmenler Sendikas\u0131 (KTOE\u00d6S) da destek verdi. &nbsp; Sendika temsilcileri \u0130htiyat Sand\u0131\u011f\u0131 Fonunun iyi y\u00f6netilmedi\u011fini&nbsp; iddia ederek, t\u00fcm kamu \u00e7al\u0131\u015fanlar\u0131n\u0131n yat\u0131r\u0131mlar\u0131n\u0131n \u0130htiyat Sand\u0131\u011f\u0131na yap\u0131lmas\u0131 nedeniyle&nbsp; kendilerinin de \u0130htiyat Sand\u0131\u011f\u0131 Y\u00f6netim Kurulunda temsiliyetlerinin olmas\u0131 gerekti\u011fini belirtti. &nbsp; KTAMS Ba\u015fkan\u0131 G\u00fcven Bengihan \u0130htiyat Sand\u0131\u011f\u0131 \u00f6n\u00fcnde bas\u0131na yapt\u0131\u011f\u0131<\/p>\n","protected":false},"author":1,"featured_media":31035,"comment_status":"open","ping_status":"open","sticky":false,"template":"","format":"standard","meta":{"footnotes":""},"categories":[1],"tags":[],"class_list":["post-31034","post","type-post","status-publish","format-standard","has-post-thumbnail","hentry","category-gundem"],"yoast_head":"<!-- This site is optimized with the Yoast SEO plugin v27.5 - https:\/\/yoast.com\/product\/yoast-seo-wordpress\/ -->\n<title>KTAMS, \u0130htiyat Sand\u0131\u011f\u0131nda grev yapt\u0131 -<\/title>\n<meta name=\"robots\" content=\"index, follow, max-snippet:-1, max-image-preview:large, max-video-preview:-1\" \/>\n<link rel=\"canonical\" href=\"https:\/\/kibrisdakik.com\/?p=31034\" \/>\n<meta property=\"og:locale\" content=\"tr_TR\" \/>\n<meta property=\"og:type\" content=\"article\" \/>\n<meta property=\"og:title\" content=\"KTAMS, \u0130htiyat Sand\u0131\u011f\u0131nda grev yapt\u0131 -\" \/>\n<meta property=\"og:description\" content=\"Eyleme, K\u0131br\u0131s T\u00fcrk \u00d6\u011fretmenler Sendikas\u0131 (KT\u00d6S) ve K\u0131br\u0131s T\u00fcrk Orta E\u011fitim \u00d6\u011fretmenler Sendikas\u0131 (KTOE\u00d6S) da destek verdi. &nbsp; Sendika temsilcileri \u0130htiyat Sand\u0131\u011f\u0131 Fonunun iyi y\u00f6netilmedi\u011fini&nbsp; iddia ederek, t\u00fcm kamu \u00e7al\u0131\u015fanlar\u0131n\u0131n yat\u0131r\u0131mlar\u0131n\u0131n \u0130htiyat Sand\u0131\u011f\u0131na yap\u0131lmas\u0131 nedeniyle&nbsp; kendilerinin de \u0130htiyat Sand\u0131\u011f\u0131 Y\u00f6netim Kurulunda temsiliyetlerinin olmas\u0131 gerekti\u011fini belirtti. &nbsp; KTAMS Ba\u015fkan\u0131 G\u00fcven Bengihan \u0130htiyat Sand\u0131\u011f\u0131 \u00f6n\u00fcnde bas\u0131na yapt\u0131\u011f\u0131\" \/>\n<meta property=\"og:url\" content=\"https:\/\/kibrisdakik.com\/?p=31034\" \/>\n<meta property=\"article:published_time\" content=\"2024-02-23T12:44:00+00:00\" \/>\n<meta property=\"og:image\" content=\"https:\/\/kibrisdakik.com\/wp-content\/uploads\/2024\/02\/ktams-ihtiyat-sandiginda-grev-yapti-1708692423.webp.webp\" \/>\n\t<meta property=\"og:image:width\" content=\"710\" \/>\n\t<meta property=\"og:image:height\" content=\"370\" \/>\n\t<meta property=\"og:image:type\" content=\"image\/webp\" \/>\n<meta name=\"author\" content=\"admin\" \/>\n<meta name=\"twitter:card\" content=\"summary_large_image\" \/>\n<meta name=\"twitter:label1\" content=\"Yazan:\" \/>\n\t<meta name=\"twitter:data1\" content=\"admin\" \/>\n\t<meta name=\"twitter:label2\" content=\"Tahmini okuma s\u00fcresi\" \/>\n\t<meta name=\"twitter:data2\" content=\"2 dakika\" \/>\n<script type=\"application\/ld+json\" class=\"yoast-schema-graph\">{\"@context\":\"https:\\\/\\\/schema.org\",\"@graph\":[{\"@type\":\"Article\",\"@id\":\"https:\\\/\\\/kibrisdakik.com\\\/?p=31034#article\",\"isPartOf\":{\"@id\":\"https:\\\/\\\/kibrisdakik.com\\\/?p=31034\"},\"author\":{\"name\":\"admin\",\"@id\":\"https:\\\/\\\/kibrisdakik.com\\\/#\\\/schema\\\/person\\\/9cd9d437bbb44f72b73ba127e06d8e79\"},\"headline\":\"KTAMS, \u0130htiyat Sand\u0131\u011f\u0131nda grev yapt\u0131\",\"datePublished\":\"2024-02-23T12:44:00+00:00\",\"mainEntityOfPage\":{\"@id\":\"https:\\\/\\\/kibrisdakik.com\\\/?p=31034\"},\"wordCount\":387,\"commentCount\":0,\"image\":{\"@id\":\"https:\\\/\\\/kibrisdakik.com\\\/?p=31034#primaryimage\"},\"thumbnailUrl\":\"https:\\\/\\\/kibrisdakik.com\\\/wp-content\\\/uploads\\\/2024\\\/02\\\/ktams-ihtiyat-sandiginda-grev-yapti-1708692423.webp.webp\",\"articleSection\":[\"G\u00fcndem\"],\"inLanguage\":\"tr\",\"potentialAction\":[{\"@type\":\"CommentAction\",\"name\":\"Comment\",\"target\":[\"https:\\\/\\\/kibrisdakik.com\\\/?p=31034#respond\"]}]},{\"@type\":\"WebPage\",\"@id\":\"https:\\\/\\\/kibrisdakik.com\\\/?p=31034\",\"url\":\"https:\\\/\\\/kibrisdakik.com\\\/?p=31034\",\"name\":\"KTAMS, \u0130htiyat Sand\u0131\u011f\u0131nda grev yapt\u0131 -\",\"isPartOf\":{\"@id\":\"https:\\\/\\\/kibrisdakik.com\\\/#website\"},\"primaryImageOfPage\":{\"@id\":\"https:\\\/\\\/kibrisdakik.com\\\/?p=31034#primaryimage\"},\"image\":{\"@id\":\"https:\\\/\\\/kibrisdakik.com\\\/?p=31034#primaryimage\"},\"thumbnailUrl\":\"https:\\\/\\\/kibrisdakik.com\\\/wp-content\\\/uploads\\\/2024\\\/02\\\/ktams-ihtiyat-sandiginda-grev-yapti-1708692423.webp.webp\",\"datePublished\":\"2024-02-23T12:44:00+00:00\",\"author\":{\"@id\":\"https:\\\/\\\/kibrisdakik.com\\\/#\\\/schema\\\/person\\\/9cd9d437bbb44f72b73ba127e06d8e79\"},\"breadcrumb\":{\"@id\":\"https:\\\/\\\/kibrisdakik.com\\\/?p=31034#breadcrumb\"},\"inLanguage\":\"tr\",\"potentialAction\":[{\"@type\":\"ReadAction\",\"target\":[\"https:\\\/\\\/kibrisdakik.com\\\/?p=31034\"]}]},{\"@type\":\"ImageObject\",\"inLanguage\":\"tr\",\"@id\":\"https:\\\/\\\/kibrisdakik.com\\\/?p=31034#primaryimage\",\"url\":\"https:\\\/\\\/kibrisdakik.com\\\/wp-content\\\/uploads\\\/2024\\\/02\\\/ktams-ihtiyat-sandiginda-grev-yapti-1708692423.webp.webp\",\"contentUrl\":\"https:\\\/\\\/kibrisdakik.com\\\/wp-content\\\/uploads\\\/2024\\\/02\\\/ktams-ihtiyat-sandiginda-grev-yapti-1708692423.webp.webp\",\"width\":710,\"height\":370},{\"@type\":\"BreadcrumbList\",\"@id\":\"https:\\\/\\\/kibrisdakik.com\\\/?p=31034#breadcrumb\",\"itemListElement\":[{\"@type\":\"ListItem\",\"position\":1,\"name\":\"Home\",\"item\":\"https:\\\/\\\/kibrisdakik.com\\\/\"},{\"@type\":\"ListItem\",\"position\":2,\"name\":\"KTAMS, \u0130htiyat Sand\u0131\u011f\u0131nda grev yapt\u0131\"}]},{\"@type\":\"WebSite\",\"@id\":\"https:\\\/\\\/kibrisdakik.com\\\/#website\",\"url\":\"https:\\\/\\\/kibrisdakik.com\\\/\",\"name\":\"\",\"description\":\"Tam vaktinde haber\",\"potentialAction\":[{\"@type\":\"SearchAction\",\"target\":{\"@type\":\"EntryPoint\",\"urlTemplate\":\"https:\\\/\\\/kibrisdakik.com\\\/?s={search_term_string}\"},\"query-input\":{\"@type\":\"PropertyValueSpecification\",\"valueRequired\":true,\"valueName\":\"search_term_string\"}}],\"inLanguage\":\"tr\"},{\"@type\":\"Person\",\"@id\":\"https:\\\/\\\/kibrisdakik.com\\\/#\\\/schema\\\/person\\\/9cd9d437bbb44f72b73ba127e06d8e79\",\"name\":\"admin\",\"image\":{\"@type\":\"ImageObject\",\"inLanguage\":\"tr\",\"@id\":\"https:\\\/\\\/secure.gravatar.com\\\/avatar\\\/ccc17943b9d660506c869530f897617f7cb1c21a4bf30023f252596d83e1f007?s=96&d=mm&r=g\",\"url\":\"https:\\\/\\\/secure.gravatar.com\\\/avatar\\\/ccc17943b9d660506c869530f897617f7cb1c21a4bf30023f252596d83e1f007?s=96&d=mm&r=g\",\"contentUrl\":\"https:\\\/\\\/secure.gravatar.com\\\/avatar\\\/ccc17943b9d660506c869530f897617f7cb1c21a4bf30023f252596d83e1f007?s=96&d=mm&r=g\",\"caption\":\"admin\"},\"sameAs\":[\"https:\\\/\\\/kibrisdakik.com\"],\"url\":\"https:\\\/\\\/kibrisdakik.com\\\/?author=1\"}]}<\/script>\n<!-- \/ Yoast SEO plugin. -->","yoast_head_json":{"title":"KTAMS, \u0130htiyat Sand\u0131\u011f\u0131nda grev yapt\u0131 -","robots":{"index":"index","follow":"follow","max-snippet":"max-snippet:-1","max-image-preview":"max-image-preview:large","max-video-preview":"max-video-preview:-1"},"canonical":"https:\/\/kibrisdakik.com\/?p=31034","og_locale":"tr_TR","og_type":"article","og_title":"KTAMS, \u0130htiyat Sand\u0131\u011f\u0131nda grev yapt\u0131 -","og_description":"Eyleme, K\u0131br\u0131s T\u00fcrk \u00d6\u011fretmenler Sendikas\u0131 (KT\u00d6S) ve K\u0131br\u0131s T\u00fcrk Orta E\u011fitim \u00d6\u011fretmenler Sendikas\u0131 (KTOE\u00d6S) da destek verdi. &nbsp; Sendika temsilcileri \u0130htiyat Sand\u0131\u011f\u0131 Fonunun iyi y\u00f6netilmedi\u011fini&nbsp; iddia ederek, t\u00fcm kamu \u00e7al\u0131\u015fanlar\u0131n\u0131n yat\u0131r\u0131mlar\u0131n\u0131n \u0130htiyat Sand\u0131\u011f\u0131na yap\u0131lmas\u0131 nedeniyle&nbsp; kendilerinin de \u0130htiyat Sand\u0131\u011f\u0131 Y\u00f6netim Kurulunda temsiliyetlerinin olmas\u0131 gerekti\u011fini belirtti. &nbsp; KTAMS Ba\u015fkan\u0131 G\u00fcven Bengihan \u0130htiyat Sand\u0131\u011f\u0131 \u00f6n\u00fcnde bas\u0131na yapt\u0131\u011f\u0131","og_url":"https:\/\/kibrisdakik.com\/?p=31034","article_published_time":"2024-02-23T12:44:00+00:00","og_image":[{"width":710,"height":370,"url":"https:\/\/kibrisdakik.com\/wp-content\/uploads\/2024\/02\/ktams-ihtiyat-sandiginda-grev-yapti-1708692423.webp.webp","type":"image\/webp"}],"author":"admin","twitter_card":"summary_large_image","twitter_misc":{"Yazan:":"admin","Tahmini okuma s\u00fcresi":"2 dakika"},"schema":{"@context":"https:\/\/schema.org","@graph":[{"@type":"Article","@id":"https:\/\/kibrisdakik.com\/?p=31034#article","isPartOf":{"@id":"https:\/\/kibrisdakik.com\/?p=31034"},"author":{"name":"admin","@id":"https:\/\/kibrisdakik.com\/#\/schema\/person\/9cd9d437bbb44f72b73ba127e06d8e79"},"headline":"KTAMS, \u0130htiyat Sand\u0131\u011f\u0131nda grev yapt\u0131","datePublished":"2024-02-23T12:44:00+00:00","mainEntityOfPage":{"@id":"https:\/\/kibrisdakik.com\/?p=31034"},"wordCount":387,"commentCount":0,"image":{"@id":"https:\/\/kibrisdakik.com\/?p=31034#primaryimage"},"thumbnailUrl":"https:\/\/kibrisdakik.com\/wp-content\/uploads\/2024\/02\/ktams-ihtiyat-sandiginda-grev-yapti-1708692423.webp.webp","articleSection":["G\u00fcndem"],"inLanguage":"tr","potentialAction":[{"@type":"CommentAction","name":"Comment","target":["https:\/\/kibrisdakik.com\/?p=31034#respond"]}]},{"@type":"WebPage","@id":"https:\/\/kibrisdakik.com\/?p=31034","url":"https:\/\/kibrisdakik.com\/?p=31034","name":"KTAMS, \u0130htiyat Sand\u0131\u011f\u0131nda grev yapt\u0131 -","isPartOf":{"@id":"https:\/\/kibrisdakik.com\/#website"},"primaryImageOfPage":{"@id":"https:\/\/kibrisdakik.com\/?p=31034#primaryimage"},"image":{"@id":"https:\/\/kibrisdakik.com\/?p=31034#primaryimage"},"thumbnailUrl":"https:\/\/kibrisdakik.com\/wp-content\/uploads\/2024\/02\/ktams-ihtiyat-sandiginda-grev-yapti-1708692423.webp.webp","datePublished":"2024-02-23T12:44:00+00:00","author":{"@id":"https:\/\/kibrisdakik.com\/#\/schema\/person\/9cd9d437bbb44f72b73ba127e06d8e79"},"breadcrumb":{"@id":"https:\/\/kibrisdakik.com\/?p=31034#breadcrumb"},"inLanguage":"tr","potentialAction":[{"@type":"ReadAction","target":["https:\/\/kibrisdakik.com\/?p=31034"]}]},{"@type":"ImageObject","inLanguage":"tr","@id":"https:\/\/kibrisdakik.com\/?p=31034#primaryimage","url":"https:\/\/kibrisdakik.com\/wp-content\/uploads\/2024\/02\/ktams-ihtiyat-sandiginda-grev-yapti-1708692423.webp.webp","contentUrl":"https:\/\/kibrisdakik.com\/wp-content\/uploads\/2024\/02\/ktams-ihtiyat-sandiginda-grev-yapti-1708692423.webp.webp","width":710,"height":370},{"@type":"BreadcrumbList","@id":"https:\/\/kibrisdakik.com\/?p=31034#breadcrumb","itemListElement":[{"@type":"ListItem","position":1,"name":"Home","item":"https:\/\/kibrisdakik.com\/"},{"@type":"ListItem","position":2,"name":"KTAMS, \u0130htiyat Sand\u0131\u011f\u0131nda grev yapt\u0131"}]},{"@type":"WebSite","@id":"https:\/\/kibrisdakik.com\/#website","url":"https:\/\/kibrisdakik.com\/","name":"","description":"Tam vaktinde haber","potentialAction":[{"@type":"SearchAction","target":{"@type":"EntryPoint","urlTemplate":"https:\/\/kibrisdakik.com\/?s={search_term_string}"},"query-input":{"@type":"PropertyValueSpecification","valueRequired":true,"valueName":"search_term_string"}}],"inLanguage":"tr"},{"@type":"Person","@id":"https:\/\/kibrisdakik.com\/#\/schema\/person\/9cd9d437bbb44f72b73ba127e06d8e79","name":"admin","image":{"@type":"ImageObject","inLanguage":"tr","@id":"https:\/\/secure.gravatar.com\/avatar\/ccc17943b9d660506c869530f897617f7cb1c21a4bf30023f252596d83e1f007?s=96&d=mm&r=g","url":"https:\/\/secure.gravatar.com\/avatar\/ccc17943b9d660506c869530f897617f7cb1c21a4bf30023f252596d83e1f007?s=96&d=mm&r=g","contentUrl":"https:\/\/secure.gravatar.com\/avatar\/ccc17943b9d660506c869530f897617f7cb1c21a4bf30023f252596d83e1f007?s=96&d=mm&r=g","caption":"admin"},"sameAs":["https:\/\/kibrisdakik.com"],"url":"https:\/\/kibrisdakik.com\/?author=1"}]}},"_links":{"self":[{"href":"https:\/\/kibrisdakik.com\/index.php?rest_route=\/wp\/v2\/posts\/31034","targetHints":{"allow":["GET"]}}],"collection":[{"href":"https:\/\/kibrisdakik.com\/index.php?rest_route=\/wp\/v2\/posts"}],"about":[{"href":"https:\/\/kibrisdakik.com\/index.php?rest_route=\/wp\/v2\/types\/post"}],"author":[{"embeddable":true,"href":"https:\/\/kibrisdakik.com\/index.php?rest_route=\/wp\/v2\/users\/1"}],"replies":[{"embeddable":true,"href":"https:\/\/kibrisdakik.com\/index.php?rest_route=%2Fwp%2Fv2%2Fcomments&post=31034"}],"version-history":[{"count":0,"href":"https:\/\/kibrisdakik.com\/index.php?rest_route=\/wp\/v2\/posts\/31034\/revisions"}],"wp:featuredmedia":[{"embeddable":true,"href":"https:\/\/kibrisdakik.com\/index.php?rest_route=\/wp\/v2\/media\/31035"}],"wp:attachment":[{"href":"https:\/\/kibrisdakik.com\/index.php?rest_route=%2Fwp%2Fv2%2Fmedia&parent=31034"}],"wp:term":[{"taxonomy":"category","embeddable":true,"href":"https:\/\/kibrisdakik.com\/index.php?rest_route=%2Fwp%2Fv2%2Fcategories&post=31034"},{"taxonomy":"post_tag","embeddable":true,"href":"https:\/\/kibrisdakik.com\/index.php?rest_route=%2Fwp%2Fv2%2Ftags&post=31034"}],"curies":[{"name":"wp","href":"https:\/\/api.w.org\/{rel}","templated":true}]}}