{"id":31066,"date":"2024-02-23T18:32:14","date_gmt":"2024-02-23T18:32:14","guid":{"rendered":"https:\/\/kibrisdakik.com\/index.php\/2024\/02\/23\/almanya-basbakani-scholz-hakkinda-suc-duyurusu\/"},"modified":"2024-02-23T18:32:14","modified_gmt":"2024-02-23T18:32:14","slug":"almanya-basbakani-scholz-hakkinda-suc-duyurusu","status":"publish","type":"post","link":"https:\/\/kibrisdakik.com\/?p=31066","title":{"rendered":"Almanya Ba\u015fbakan\u0131 Scholz hakk\u0131nda su\u00e7 duyurusu"},"content":{"rendered":"<p><img decoding=\"async\" src=\"https:\/\/www.kibristurk.com\/images\/haberler\/2024\/02\/almanya-basbakani-scholz-hakkinda-suc-duyurusu-1708712493.webp\" \/><\/p>\n<p>\u0130srail\u2019in Gazze \u015eeridi\u2019ne y\u00f6nelik sald\u0131r\u0131lar\u0131 s\u00fcrerken, d\u00fcnyan\u0131n d\u00f6rt bir yan\u0131nda milyonlar bu sald\u0131r\u0131lar\u0131n durmas\u0131 i\u00e7in tepki g\u00f6stermeye devam ediyor.&nbsp;Almanya\u2019da Filistinlileri temsil eden avukatlar,&nbsp;Almanya&nbsp;Ba\u015fbakan\u0131 Olaf&nbsp;Scholz, D\u0131\u015fi\u015fleri Bakan\u0131 Annalena Baerbock,&nbsp;Ekonomi&nbsp;Bakan\u0131 Robert Habeck, Maliye Bakan\u0131 Christian Lindner ve di\u011fer bakanlar ile Federal G\u00fcvenlik Konseyi\u2019nin baz\u0131 \u00fcyeleri hakk\u0131nda su\u00e7 duyurusunda bulundu.<\/p>\n<p><strong>&#8220;\u0130SRA\u0130L&#8217;E EN G\u00dc\u00c7L\u00dc S\u0130YAS\u0130 VE MADD\u0130 DESTE\u011e\u0130 VEREN \u00dcLKELERDEN B\u0130R\u0130&#8221;<\/strong><\/p>\n<p>Alman federal savc\u0131l\u0131\u011f\u0131na ba\u015fvuran avukatlar, Scholz, Alman bakanlar ile ulusal g\u00fcvenlik politikas\u0131n\u0131 y\u00f6nlendiren ve \u0130srail\u2019e silah ihracat\u0131na izin veren Federal G\u00fcvenlik Konseyi\u2019nin baz\u0131 \u00fcyelerini \u0130srail\u2019in Gazze\u2019de i\u015fledi\u011fi soyk\u0131r\u0131ma \u201cyard\u0131m ve yatakl\u0131k yapmakla\u201d su\u00e7lad\u0131. Yap\u0131lan ortak a\u00e7\u0131klamada, \u201cAlman devleti, Gazze \u015eeridi ve Filistinlilere y\u00f6nelik sald\u0131r\u0131lar\u0131nda \u0130srail\u2019e en g\u00fc\u00e7l\u00fc siyasi ve maddi deste\u011fi veren \u00fclkelerden biridir\u201d ifadeleri yer ald\u0131.<\/p>\n<p>&nbsp;<\/p>\n<p><strong>&#8220;D\u00dcNYA \u00c7APINDA YAYINLANAN CANLI B\u0130R SOYKIRIM&#8221;<\/strong><\/p>\n<p>Davaya destek veren avukatlardan Alexander Gorski, Almanya\u2019daki siyasi ortam g\u00f6z \u00f6n\u00fcne al\u0131nd\u0131\u011f\u0131nda bu davan\u0131n hukuki a\u00e7\u0131dan zor bir dava olaca\u011f\u0131n\u0131 belirtti. Gorski, \u201cAncak yarg\u0131 sekt\u00f6r\u00fcnde \u00e7al\u0131\u015fan insanlar olarak bir \u015feyler yapmaya \u00e7al\u0131\u015fman\u0131n bizim sorumlulu\u011fumuz oldu\u011funa inan\u0131yoruz. D\u00fcnya \u00e7ap\u0131nda canl\u0131 yay\u0131nlanan bir soyk\u0131r\u0131m g\u00f6r\u00fcyoruz ve buna ra\u011fmen \u0130srail h\u00fck\u00fcmeti hala \u00fclkeler taraf\u0131ndan destekleniyor, onlardan silah almaya devam ediyor\u201d dedi.<\/p>\n<p>&nbsp;<\/p>\n<p>Avrupa Hukuki Destek Merkezi, Filistin Kamu Diplomasisi Enstit\u00fcs\u00fc, \u0130ngiltere merkezli Filistin i\u00e7in Hukuk adl\u0131 sivil toplum kurulu\u015flar\u0131, Almanya&#8217;n\u0131n \u0130srail&#8217;e silah ihracat\u0131na da odaklanacak olan davaya destek veren kurulu\u015flar aras\u0131nda yer al\u0131yor.<\/p>\n","protected":false},"excerpt":{"rendered":"<p>\u0130srail\u2019in Gazze \u015eeridi\u2019ne y\u00f6nelik sald\u0131r\u0131lar\u0131 s\u00fcrerken, d\u00fcnyan\u0131n d\u00f6rt bir yan\u0131nda milyonlar bu sald\u0131r\u0131lar\u0131n durmas\u0131 i\u00e7in tepki g\u00f6stermeye devam ediyor.&nbsp;Almanya\u2019da Filistinlileri temsil eden avukatlar,&nbsp;Almanya&nbsp;Ba\u015fbakan\u0131 Olaf&nbsp;Scholz, D\u0131\u015fi\u015fleri Bakan\u0131 Annalena Baerbock,&nbsp;Ekonomi&nbsp;Bakan\u0131 Robert Habeck, Maliye Bakan\u0131 Christian Lindner ve di\u011fer bakanlar ile Federal G\u00fcvenlik Konseyi\u2019nin baz\u0131 \u00fcyeleri hakk\u0131nda su\u00e7 duyurusunda bulundu. &#8220;\u0130SRA\u0130L&#8217;E EN G\u00dc\u00c7L\u00dc S\u0130YAS\u0130 VE MADD\u0130 DESTE\u011e\u0130 VEREN<\/p>\n","protected":false},"author":1,"featured_media":31067,"comment_status":"open","ping_status":"open","sticky":false,"template":"","format":"standard","meta":{"footnotes":""},"categories":[86],"tags":[],"class_list":["post-31066","post","type-post","status-publish","format-standard","has-post-thumbnail","hentry","category-turkiye"],"yoast_head":"<!-- This site is optimized with the Yoast SEO plugin v27.4 - https:\/\/yoast.com\/product\/yoast-seo-wordpress\/ -->\n<title>Almanya Ba\u015fbakan\u0131 Scholz hakk\u0131nda su\u00e7 duyurusu -<\/title>\n<meta name=\"robots\" content=\"index, follow, max-snippet:-1, max-image-preview:large, max-video-preview:-1\" \/>\n<link rel=\"canonical\" href=\"https:\/\/kibrisdakik.com\/?p=31066\" \/>\n<meta property=\"og:locale\" content=\"tr_TR\" \/>\n<meta property=\"og:type\" content=\"article\" \/>\n<meta property=\"og:title\" content=\"Almanya Ba\u015fbakan\u0131 Scholz hakk\u0131nda su\u00e7 duyurusu -\" \/>\n<meta property=\"og:description\" content=\"\u0130srail\u2019in Gazze \u015eeridi\u2019ne y\u00f6nelik sald\u0131r\u0131lar\u0131 s\u00fcrerken, d\u00fcnyan\u0131n d\u00f6rt bir yan\u0131nda milyonlar bu sald\u0131r\u0131lar\u0131n durmas\u0131 i\u00e7in tepki g\u00f6stermeye devam ediyor.&nbsp;Almanya\u2019da Filistinlileri temsil eden avukatlar,&nbsp;Almanya&nbsp;Ba\u015fbakan\u0131 Olaf&nbsp;Scholz, D\u0131\u015fi\u015fleri Bakan\u0131 Annalena Baerbock,&nbsp;Ekonomi&nbsp;Bakan\u0131 Robert Habeck, Maliye Bakan\u0131 Christian Lindner ve di\u011fer bakanlar ile Federal G\u00fcvenlik Konseyi\u2019nin baz\u0131 \u00fcyeleri hakk\u0131nda su\u00e7 duyurusunda bulundu. &#8220;\u0130SRA\u0130L&#8217;E EN G\u00dc\u00c7L\u00dc S\u0130YAS\u0130 VE MADD\u0130 DESTE\u011e\u0130 VEREN\" \/>\n<meta property=\"og:url\" content=\"https:\/\/kibrisdakik.com\/?p=31066\" \/>\n<meta property=\"article:published_time\" content=\"2024-02-23T18:32:14+00:00\" \/>\n<meta property=\"og:image\" content=\"https:\/\/kibrisdakik.com\/wp-content\/uploads\/2024\/02\/almanya-basbakani-scholz-hakkinda-suc-duyurusu-1708712493.webp.webp\" \/>\n\t<meta property=\"og:image:width\" content=\"710\" \/>\n\t<meta property=\"og:image:height\" content=\"370\" \/>\n\t<meta property=\"og:image:type\" content=\"image\/webp\" \/>\n<meta name=\"author\" content=\"admin\" \/>\n<meta name=\"twitter:card\" content=\"summary_large_image\" \/>\n<meta name=\"twitter:label1\" content=\"Yazan:\" \/>\n\t<meta name=\"twitter:data1\" content=\"admin\" \/>\n\t<meta name=\"twitter:label2\" content=\"Tahmini okuma s\u00fcresi\" \/>\n\t<meta name=\"twitter:data2\" content=\"2 dakika\" \/>\n<script type=\"application\/ld+json\" class=\"yoast-schema-graph\">{\"@context\":\"https:\\\/\\\/schema.org\",\"@graph\":[{\"@type\":\"Article\",\"@id\":\"https:\\\/\\\/kibrisdakik.com\\\/?p=31066#article\",\"isPartOf\":{\"@id\":\"https:\\\/\\\/kibrisdakik.com\\\/?p=31066\"},\"author\":{\"name\":\"admin\",\"@id\":\"https:\\\/\\\/kibrisdakik.com\\\/#\\\/schema\\\/person\\\/9cd9d437bbb44f72b73ba127e06d8e79\"},\"headline\":\"Almanya Ba\u015fbakan\u0131 Scholz hakk\u0131nda su\u00e7 duyurusu\",\"datePublished\":\"2024-02-23T18:32:14+00:00\",\"mainEntityOfPage\":{\"@id\":\"https:\\\/\\\/kibrisdakik.com\\\/?p=31066\"},\"wordCount\":323,\"commentCount\":0,\"image\":{\"@id\":\"https:\\\/\\\/kibrisdakik.com\\\/?p=31066#primaryimage\"},\"thumbnailUrl\":\"https:\\\/\\\/kibrisdakik.com\\\/wp-content\\\/uploads\\\/2024\\\/02\\\/almanya-basbakani-scholz-hakkinda-suc-duyurusu-1708712493.webp.webp\",\"articleSection\":[\"T\u00fcrkiye\"],\"inLanguage\":\"tr\",\"potentialAction\":[{\"@type\":\"CommentAction\",\"name\":\"Comment\",\"target\":[\"https:\\\/\\\/kibrisdakik.com\\\/?p=31066#respond\"]}]},{\"@type\":\"WebPage\",\"@id\":\"https:\\\/\\\/kibrisdakik.com\\\/?p=31066\",\"url\":\"https:\\\/\\\/kibrisdakik.com\\\/?p=31066\",\"name\":\"Almanya Ba\u015fbakan\u0131 Scholz hakk\u0131nda su\u00e7 duyurusu -\",\"isPartOf\":{\"@id\":\"https:\\\/\\\/kibrisdakik.com\\\/#website\"},\"primaryImageOfPage\":{\"@id\":\"https:\\\/\\\/kibrisdakik.com\\\/?p=31066#primaryimage\"},\"image\":{\"@id\":\"https:\\\/\\\/kibrisdakik.com\\\/?p=31066#primaryimage\"},\"thumbnailUrl\":\"https:\\\/\\\/kibrisdakik.com\\\/wp-content\\\/uploads\\\/2024\\\/02\\\/almanya-basbakani-scholz-hakkinda-suc-duyurusu-1708712493.webp.webp\",\"datePublished\":\"2024-02-23T18:32:14+00:00\",\"author\":{\"@id\":\"https:\\\/\\\/kibrisdakik.com\\\/#\\\/schema\\\/person\\\/9cd9d437bbb44f72b73ba127e06d8e79\"},\"breadcrumb\":{\"@id\":\"https:\\\/\\\/kibrisdakik.com\\\/?p=31066#breadcrumb\"},\"inLanguage\":\"tr\",\"potentialAction\":[{\"@type\":\"ReadAction\",\"target\":[\"https:\\\/\\\/kibrisdakik.com\\\/?p=31066\"]}]},{\"@type\":\"ImageObject\",\"inLanguage\":\"tr\",\"@id\":\"https:\\\/\\\/kibrisdakik.com\\\/?p=31066#primaryimage\",\"url\":\"https:\\\/\\\/kibrisdakik.com\\\/wp-content\\\/uploads\\\/2024\\\/02\\\/almanya-basbakani-scholz-hakkinda-suc-duyurusu-1708712493.webp.webp\",\"contentUrl\":\"https:\\\/\\\/kibrisdakik.com\\\/wp-content\\\/uploads\\\/2024\\\/02\\\/almanya-basbakani-scholz-hakkinda-suc-duyurusu-1708712493.webp.webp\",\"width\":710,\"height\":370},{\"@type\":\"BreadcrumbList\",\"@id\":\"https:\\\/\\\/kibrisdakik.com\\\/?p=31066#breadcrumb\",\"itemListElement\":[{\"@type\":\"ListItem\",\"position\":1,\"name\":\"Home\",\"item\":\"https:\\\/\\\/kibrisdakik.com\\\/\"},{\"@type\":\"ListItem\",\"position\":2,\"name\":\"Almanya Ba\u015fbakan\u0131 Scholz hakk\u0131nda su\u00e7 duyurusu\"}]},{\"@type\":\"WebSite\",\"@id\":\"https:\\\/\\\/kibrisdakik.com\\\/#website\",\"url\":\"https:\\\/\\\/kibrisdakik.com\\\/\",\"name\":\"\",\"description\":\"Tam vaktinde haber\",\"potentialAction\":[{\"@type\":\"SearchAction\",\"target\":{\"@type\":\"EntryPoint\",\"urlTemplate\":\"https:\\\/\\\/kibrisdakik.com\\\/?s={search_term_string}\"},\"query-input\":{\"@type\":\"PropertyValueSpecification\",\"valueRequired\":true,\"valueName\":\"search_term_string\"}}],\"inLanguage\":\"tr\"},{\"@type\":\"Person\",\"@id\":\"https:\\\/\\\/kibrisdakik.com\\\/#\\\/schema\\\/person\\\/9cd9d437bbb44f72b73ba127e06d8e79\",\"name\":\"admin\",\"image\":{\"@type\":\"ImageObject\",\"inLanguage\":\"tr\",\"@id\":\"https:\\\/\\\/secure.gravatar.com\\\/avatar\\\/ccc17943b9d660506c869530f897617f7cb1c21a4bf30023f252596d83e1f007?s=96&d=mm&r=g\",\"url\":\"https:\\\/\\\/secure.gravatar.com\\\/avatar\\\/ccc17943b9d660506c869530f897617f7cb1c21a4bf30023f252596d83e1f007?s=96&d=mm&r=g\",\"contentUrl\":\"https:\\\/\\\/secure.gravatar.com\\\/avatar\\\/ccc17943b9d660506c869530f897617f7cb1c21a4bf30023f252596d83e1f007?s=96&d=mm&r=g\",\"caption\":\"admin\"},\"sameAs\":[\"https:\\\/\\\/kibrisdakik.com\"],\"url\":\"https:\\\/\\\/kibrisdakik.com\\\/?author=1\"}]}<\/script>\n<!-- \/ Yoast SEO plugin. -->","yoast_head_json":{"title":"Almanya Ba\u015fbakan\u0131 Scholz hakk\u0131nda su\u00e7 duyurusu -","robots":{"index":"index","follow":"follow","max-snippet":"max-snippet:-1","max-image-preview":"max-image-preview:large","max-video-preview":"max-video-preview:-1"},"canonical":"https:\/\/kibrisdakik.com\/?p=31066","og_locale":"tr_TR","og_type":"article","og_title":"Almanya Ba\u015fbakan\u0131 Scholz hakk\u0131nda su\u00e7 duyurusu -","og_description":"\u0130srail\u2019in Gazze \u015eeridi\u2019ne y\u00f6nelik sald\u0131r\u0131lar\u0131 s\u00fcrerken, d\u00fcnyan\u0131n d\u00f6rt bir yan\u0131nda milyonlar bu sald\u0131r\u0131lar\u0131n durmas\u0131 i\u00e7in tepki g\u00f6stermeye devam ediyor.&nbsp;Almanya\u2019da Filistinlileri temsil eden avukatlar,&nbsp;Almanya&nbsp;Ba\u015fbakan\u0131 Olaf&nbsp;Scholz, D\u0131\u015fi\u015fleri Bakan\u0131 Annalena Baerbock,&nbsp;Ekonomi&nbsp;Bakan\u0131 Robert Habeck, Maliye Bakan\u0131 Christian Lindner ve di\u011fer bakanlar ile Federal G\u00fcvenlik Konseyi\u2019nin baz\u0131 \u00fcyeleri hakk\u0131nda su\u00e7 duyurusunda bulundu. &#8220;\u0130SRA\u0130L&#8217;E EN G\u00dc\u00c7L\u00dc S\u0130YAS\u0130 VE MADD\u0130 DESTE\u011e\u0130 VEREN","og_url":"https:\/\/kibrisdakik.com\/?p=31066","article_published_time":"2024-02-23T18:32:14+00:00","og_image":[{"width":710,"height":370,"url":"https:\/\/kibrisdakik.com\/wp-content\/uploads\/2024\/02\/almanya-basbakani-scholz-hakkinda-suc-duyurusu-1708712493.webp.webp","type":"image\/webp"}],"author":"admin","twitter_card":"summary_large_image","twitter_misc":{"Yazan:":"admin","Tahmini okuma s\u00fcresi":"2 dakika"},"schema":{"@context":"https:\/\/schema.org","@graph":[{"@type":"Article","@id":"https:\/\/kibrisdakik.com\/?p=31066#article","isPartOf":{"@id":"https:\/\/kibrisdakik.com\/?p=31066"},"author":{"name":"admin","@id":"https:\/\/kibrisdakik.com\/#\/schema\/person\/9cd9d437bbb44f72b73ba127e06d8e79"},"headline":"Almanya Ba\u015fbakan\u0131 Scholz hakk\u0131nda su\u00e7 duyurusu","datePublished":"2024-02-23T18:32:14+00:00","mainEntityOfPage":{"@id":"https:\/\/kibrisdakik.com\/?p=31066"},"wordCount":323,"commentCount":0,"image":{"@id":"https:\/\/kibrisdakik.com\/?p=31066#primaryimage"},"thumbnailUrl":"https:\/\/kibrisdakik.com\/wp-content\/uploads\/2024\/02\/almanya-basbakani-scholz-hakkinda-suc-duyurusu-1708712493.webp.webp","articleSection":["T\u00fcrkiye"],"inLanguage":"tr","potentialAction":[{"@type":"CommentAction","name":"Comment","target":["https:\/\/kibrisdakik.com\/?p=31066#respond"]}]},{"@type":"WebPage","@id":"https:\/\/kibrisdakik.com\/?p=31066","url":"https:\/\/kibrisdakik.com\/?p=31066","name":"Almanya Ba\u015fbakan\u0131 Scholz hakk\u0131nda su\u00e7 duyurusu -","isPartOf":{"@id":"https:\/\/kibrisdakik.com\/#website"},"primaryImageOfPage":{"@id":"https:\/\/kibrisdakik.com\/?p=31066#primaryimage"},"image":{"@id":"https:\/\/kibrisdakik.com\/?p=31066#primaryimage"},"thumbnailUrl":"https:\/\/kibrisdakik.com\/wp-content\/uploads\/2024\/02\/almanya-basbakani-scholz-hakkinda-suc-duyurusu-1708712493.webp.webp","datePublished":"2024-02-23T18:32:14+00:00","author":{"@id":"https:\/\/kibrisdakik.com\/#\/schema\/person\/9cd9d437bbb44f72b73ba127e06d8e79"},"breadcrumb":{"@id":"https:\/\/kibrisdakik.com\/?p=31066#breadcrumb"},"inLanguage":"tr","potentialAction":[{"@type":"ReadAction","target":["https:\/\/kibrisdakik.com\/?p=31066"]}]},{"@type":"ImageObject","inLanguage":"tr","@id":"https:\/\/kibrisdakik.com\/?p=31066#primaryimage","url":"https:\/\/kibrisdakik.com\/wp-content\/uploads\/2024\/02\/almanya-basbakani-scholz-hakkinda-suc-duyurusu-1708712493.webp.webp","contentUrl":"https:\/\/kibrisdakik.com\/wp-content\/uploads\/2024\/02\/almanya-basbakani-scholz-hakkinda-suc-duyurusu-1708712493.webp.webp","width":710,"height":370},{"@type":"BreadcrumbList","@id":"https:\/\/kibrisdakik.com\/?p=31066#breadcrumb","itemListElement":[{"@type":"ListItem","position":1,"name":"Home","item":"https:\/\/kibrisdakik.com\/"},{"@type":"ListItem","position":2,"name":"Almanya Ba\u015fbakan\u0131 Scholz hakk\u0131nda su\u00e7 duyurusu"}]},{"@type":"WebSite","@id":"https:\/\/kibrisdakik.com\/#website","url":"https:\/\/kibrisdakik.com\/","name":"","description":"Tam vaktinde haber","potentialAction":[{"@type":"SearchAction","target":{"@type":"EntryPoint","urlTemplate":"https:\/\/kibrisdakik.com\/?s={search_term_string}"},"query-input":{"@type":"PropertyValueSpecification","valueRequired":true,"valueName":"search_term_string"}}],"inLanguage":"tr"},{"@type":"Person","@id":"https:\/\/kibrisdakik.com\/#\/schema\/person\/9cd9d437bbb44f72b73ba127e06d8e79","name":"admin","image":{"@type":"ImageObject","inLanguage":"tr","@id":"https:\/\/secure.gravatar.com\/avatar\/ccc17943b9d660506c869530f897617f7cb1c21a4bf30023f252596d83e1f007?s=96&d=mm&r=g","url":"https:\/\/secure.gravatar.com\/avatar\/ccc17943b9d660506c869530f897617f7cb1c21a4bf30023f252596d83e1f007?s=96&d=mm&r=g","contentUrl":"https:\/\/secure.gravatar.com\/avatar\/ccc17943b9d660506c869530f897617f7cb1c21a4bf30023f252596d83e1f007?s=96&d=mm&r=g","caption":"admin"},"sameAs":["https:\/\/kibrisdakik.com"],"url":"https:\/\/kibrisdakik.com\/?author=1"}]}},"_links":{"self":[{"href":"https:\/\/kibrisdakik.com\/index.php?rest_route=\/wp\/v2\/posts\/31066","targetHints":{"allow":["GET"]}}],"collection":[{"href":"https:\/\/kibrisdakik.com\/index.php?rest_route=\/wp\/v2\/posts"}],"about":[{"href":"https:\/\/kibrisdakik.com\/index.php?rest_route=\/wp\/v2\/types\/post"}],"author":[{"embeddable":true,"href":"https:\/\/kibrisdakik.com\/index.php?rest_route=\/wp\/v2\/users\/1"}],"replies":[{"embeddable":true,"href":"https:\/\/kibrisdakik.com\/index.php?rest_route=%2Fwp%2Fv2%2Fcomments&post=31066"}],"version-history":[{"count":0,"href":"https:\/\/kibrisdakik.com\/index.php?rest_route=\/wp\/v2\/posts\/31066\/revisions"}],"wp:featuredmedia":[{"embeddable":true,"href":"https:\/\/kibrisdakik.com\/index.php?rest_route=\/wp\/v2\/media\/31067"}],"wp:attachment":[{"href":"https:\/\/kibrisdakik.com\/index.php?rest_route=%2Fwp%2Fv2%2Fmedia&parent=31066"}],"wp:term":[{"taxonomy":"category","embeddable":true,"href":"https:\/\/kibrisdakik.com\/index.php?rest_route=%2Fwp%2Fv2%2Fcategories&post=31066"},{"taxonomy":"post_tag","embeddable":true,"href":"https:\/\/kibrisdakik.com\/index.php?rest_route=%2Fwp%2Fv2%2Ftags&post=31066"}],"curies":[{"name":"wp","href":"https:\/\/api.w.org\/{rel}","templated":true}]}}