{"id":31114,"date":"2024-02-24T12:40:44","date_gmt":"2024-02-24T12:40:44","guid":{"rendered":"https:\/\/kibrisdakik.com\/index.php\/2024\/02\/24\/tore-berat-kandili-dolayisiyla-mesaj-yayimladi\/"},"modified":"2024-02-24T12:40:44","modified_gmt":"2024-02-24T12:40:44","slug":"tore-berat-kandili-dolayisiyla-mesaj-yayimladi","status":"publish","type":"post","link":"https:\/\/kibrisdakik.com\/?p=31114","title":{"rendered":"T\u00f6re, Berat Kandili dolay\u0131s\u0131yla mesaj yay\u0131mlad\u0131"},"content":{"rendered":"<p><img decoding=\"async\" src=\"https:\/\/www.kibristurk.com\/images\/haberler\/2024\/02\/tore-berat-kandili-dolayisiyla-mesaj-yayimladi-1708776620.webp\" \/><\/p>\n<p style=\"text-align:left\"><span style=\"font-size:16px\"><span style=\"font-family:Merriweather,serif !important\"><span style=\"color:#000000\"><span style=\"background-color:#ffffff\">T\u00f6re mesaj\u0131nda \u015fu ifadelere yer verdi:<\/span><\/span><\/span><\/span><\/p>\n<p style=\"text-align:left\"><span style=\"font-size:16px\"><span style=\"font-family:Merriweather,serif !important\"><span style=\"color:#000000\"><span style=\"background-color:#ffffff\">&nbsp;<\/span><\/span><\/span><\/span><\/p>\n<p style=\"text-align:left\"><span style=\"font-size:16px\"><span style=\"font-family:Merriweather,serif !important\"><span style=\"color:#000000\"><span style=\"background-color:#ffffff\">\u201cBerat Kandili gecesini ya\u015faman\u0131n manevi mutlulu\u011fu ve sevinci i\u00e7indeyiz.&nbsp;<span style=\"font-size:12pt\"><span style=\"font-family:Merriweather,serif !important\"><span style=\"color:#000000 !important\">Dinimizde \u00fc\u00e7 aylar i\u00e7erisinde m\u00fcstesna bir yeri olan ve \u201ckurtulu\u015f, af ve ar\u0131nma\u201d gibi anlamlara gelen bu \u00f6zel gecenin bar\u0131\u015f\u0131n, dostlu\u011fun ve karde\u015fli\u011fin peki\u015ftirilmesine vesile olmas\u0131n\u0131 diliyorum.<\/span><\/span><\/span><\/span><\/span><\/span><\/span><\/p>\n<p style=\"text-align:left\"><span style=\"font-size:16px\"><span style=\"font-family:Merriweather,serif !important\"><span style=\"color:#000000\"><span style=\"background-color:#ffffff\">&nbsp;<\/span><\/span><\/span><\/span><\/p>\n<p style=\"text-align:left\"><span style=\"font-size:16px\"><span style=\"font-family:Merriweather,serif !important\"><span style=\"color:#000000\"><span style=\"background-color:#ffffff\">\u015eampiyon Melekler&#8217;imiz ba\u015fta olmak \u00fczere, depremde hayat\u0131n\u0131 kaybeden t\u00fcm karde\u015flerimizi, Kuzey K\u0131br\u0131s T\u00fcrk Cumhuriyeti\u2019nin devlet a\u015famas\u0131na gelinceye kadar m\u00fccadele veren aziz \u015fehitlerimizi ve hayatta olmayan gazilerimizi de Berat Kandili gecesinde sayg\u0131 ve rahmet ile an\u0131yorum.<\/span><\/span><\/span><\/span><\/p>\n<p style=\"text-align:left\"><span style=\"font-size:16px\"><span style=\"font-family:Merriweather,serif !important\"><span style=\"color:#000000\"><span style=\"background-color:#ffffff\">&nbsp;<\/span><\/span><\/span><\/span><\/p>\n<p style=\"text-align:left\"><span style=\"font-size:16px\"><span style=\"font-family:Merriweather,serif !important\"><span style=\"color:#000000\"><span style=\"background-color:#ffffff\">Bu duygu ve d\u00fc\u015f\u00fcnlerle bu anlaml\u0131 gecenin \u00fclkemize, Anavatan T\u00fcrkiye\u2019ye, &nbsp;T\u00fcrk milletine ve \u0130slam \u00e2lemine hay\u0131rlar getirmesini diliyor; t\u00fcm insanl\u0131\u011f\u0131n sa\u011fl\u0131k, bar\u0131\u015f ve huzuruna vesile olmas\u0131n\u0131 Cenab-\u0131 Allah&#8217;tan niyaz ediyorum.\u201d<\/span><\/span><\/span><\/span><\/p>\n","protected":false},"excerpt":{"rendered":"<p>T\u00f6re mesaj\u0131nda \u015fu ifadelere yer verdi: &nbsp; \u201cBerat Kandili gecesini ya\u015faman\u0131n manevi mutlulu\u011fu ve sevinci i\u00e7indeyiz.&nbsp;Dinimizde \u00fc\u00e7 aylar i\u00e7erisinde m\u00fcstesna bir yeri olan ve \u201ckurtulu\u015f, af ve ar\u0131nma\u201d gibi anlamlara gelen bu \u00f6zel gecenin bar\u0131\u015f\u0131n, dostlu\u011fun ve karde\u015fli\u011fin peki\u015ftirilmesine vesile olmas\u0131n\u0131 diliyorum. &nbsp; \u015eampiyon Melekler&#8217;imiz ba\u015fta olmak \u00fczere, depremde hayat\u0131n\u0131 kaybeden t\u00fcm karde\u015flerimizi, Kuzey K\u0131br\u0131s<\/p>\n","protected":false},"author":1,"featured_media":31115,"comment_status":"open","ping_status":"open","sticky":false,"template":"","format":"standard","meta":{"footnotes":""},"categories":[79],"tags":[],"class_list":["post-31114","post","type-post","status-publish","format-standard","has-post-thumbnail","hentry","category-ekonomi"],"yoast_head":"<!-- This site is optimized with the Yoast SEO plugin v27.5 - https:\/\/yoast.com\/product\/yoast-seo-wordpress\/ -->\n<title>T\u00f6re, Berat Kandili dolay\u0131s\u0131yla mesaj yay\u0131mlad\u0131 -<\/title>\n<meta name=\"robots\" content=\"index, follow, max-snippet:-1, max-image-preview:large, max-video-preview:-1\" \/>\n<link rel=\"canonical\" href=\"https:\/\/kibrisdakik.com\/?p=31114\" \/>\n<meta property=\"og:locale\" content=\"tr_TR\" \/>\n<meta property=\"og:type\" content=\"article\" \/>\n<meta property=\"og:title\" content=\"T\u00f6re, Berat Kandili dolay\u0131s\u0131yla mesaj yay\u0131mlad\u0131 -\" \/>\n<meta property=\"og:description\" content=\"T\u00f6re mesaj\u0131nda \u015fu ifadelere yer verdi: &nbsp; \u201cBerat Kandili gecesini ya\u015faman\u0131n manevi mutlulu\u011fu ve sevinci i\u00e7indeyiz.&nbsp;Dinimizde \u00fc\u00e7 aylar i\u00e7erisinde m\u00fcstesna bir yeri olan ve \u201ckurtulu\u015f, af ve ar\u0131nma\u201d gibi anlamlara gelen bu \u00f6zel gecenin bar\u0131\u015f\u0131n, dostlu\u011fun ve karde\u015fli\u011fin peki\u015ftirilmesine vesile olmas\u0131n\u0131 diliyorum. &nbsp; \u015eampiyon Melekler&#8217;imiz ba\u015fta olmak \u00fczere, depremde hayat\u0131n\u0131 kaybeden t\u00fcm karde\u015flerimizi, Kuzey K\u0131br\u0131s\" \/>\n<meta property=\"og:url\" content=\"https:\/\/kibrisdakik.com\/?p=31114\" \/>\n<meta property=\"article:published_time\" content=\"2024-02-24T12:40:44+00:00\" \/>\n<meta property=\"og:image\" content=\"https:\/\/kibrisdakik.com\/wp-content\/uploads\/2024\/02\/tore-berat-kandili-dolayisiyla-mesaj-yayimladi-1708776620.webp.webp\" \/>\n\t<meta property=\"og:image:width\" content=\"710\" \/>\n\t<meta property=\"og:image:height\" content=\"370\" \/>\n\t<meta property=\"og:image:type\" content=\"image\/webp\" \/>\n<meta name=\"author\" content=\"admin\" \/>\n<meta name=\"twitter:card\" content=\"summary_large_image\" \/>\n<meta name=\"twitter:label1\" content=\"Yazan:\" \/>\n\t<meta name=\"twitter:data1\" content=\"admin\" \/>\n\t<meta name=\"twitter:label2\" content=\"Tahmini okuma s\u00fcresi\" \/>\n\t<meta name=\"twitter:data2\" content=\"1 dakika\" \/>\n<script type=\"application\/ld+json\" class=\"yoast-schema-graph\">{\"@context\":\"https:\\\/\\\/schema.org\",\"@graph\":[{\"@type\":\"Article\",\"@id\":\"https:\\\/\\\/kibrisdakik.com\\\/?p=31114#article\",\"isPartOf\":{\"@id\":\"https:\\\/\\\/kibrisdakik.com\\\/?p=31114\"},\"author\":{\"name\":\"admin\",\"@id\":\"https:\\\/\\\/kibrisdakik.com\\\/#\\\/schema\\\/person\\\/9cd9d437bbb44f72b73ba127e06d8e79\"},\"headline\":\"T\u00f6re, Berat Kandili dolay\u0131s\u0131yla mesaj yay\u0131mlad\u0131\",\"datePublished\":\"2024-02-24T12:40:44+00:00\",\"mainEntityOfPage\":{\"@id\":\"https:\\\/\\\/kibrisdakik.com\\\/?p=31114\"},\"wordCount\":158,\"commentCount\":0,\"image\":{\"@id\":\"https:\\\/\\\/kibrisdakik.com\\\/?p=31114#primaryimage\"},\"thumbnailUrl\":\"https:\\\/\\\/kibrisdakik.com\\\/wp-content\\\/uploads\\\/2024\\\/02\\\/tore-berat-kandili-dolayisiyla-mesaj-yayimladi-1708776620.webp.webp\",\"articleSection\":[\"Ekonomi\"],\"inLanguage\":\"tr\",\"potentialAction\":[{\"@type\":\"CommentAction\",\"name\":\"Comment\",\"target\":[\"https:\\\/\\\/kibrisdakik.com\\\/?p=31114#respond\"]}]},{\"@type\":\"WebPage\",\"@id\":\"https:\\\/\\\/kibrisdakik.com\\\/?p=31114\",\"url\":\"https:\\\/\\\/kibrisdakik.com\\\/?p=31114\",\"name\":\"T\u00f6re, Berat Kandili dolay\u0131s\u0131yla mesaj yay\u0131mlad\u0131 -\",\"isPartOf\":{\"@id\":\"https:\\\/\\\/kibrisdakik.com\\\/#website\"},\"primaryImageOfPage\":{\"@id\":\"https:\\\/\\\/kibrisdakik.com\\\/?p=31114#primaryimage\"},\"image\":{\"@id\":\"https:\\\/\\\/kibrisdakik.com\\\/?p=31114#primaryimage\"},\"thumbnailUrl\":\"https:\\\/\\\/kibrisdakik.com\\\/wp-content\\\/uploads\\\/2024\\\/02\\\/tore-berat-kandili-dolayisiyla-mesaj-yayimladi-1708776620.webp.webp\",\"datePublished\":\"2024-02-24T12:40:44+00:00\",\"author\":{\"@id\":\"https:\\\/\\\/kibrisdakik.com\\\/#\\\/schema\\\/person\\\/9cd9d437bbb44f72b73ba127e06d8e79\"},\"breadcrumb\":{\"@id\":\"https:\\\/\\\/kibrisdakik.com\\\/?p=31114#breadcrumb\"},\"inLanguage\":\"tr\",\"potentialAction\":[{\"@type\":\"ReadAction\",\"target\":[\"https:\\\/\\\/kibrisdakik.com\\\/?p=31114\"]}]},{\"@type\":\"ImageObject\",\"inLanguage\":\"tr\",\"@id\":\"https:\\\/\\\/kibrisdakik.com\\\/?p=31114#primaryimage\",\"url\":\"https:\\\/\\\/kibrisdakik.com\\\/wp-content\\\/uploads\\\/2024\\\/02\\\/tore-berat-kandili-dolayisiyla-mesaj-yayimladi-1708776620.webp.webp\",\"contentUrl\":\"https:\\\/\\\/kibrisdakik.com\\\/wp-content\\\/uploads\\\/2024\\\/02\\\/tore-berat-kandili-dolayisiyla-mesaj-yayimladi-1708776620.webp.webp\",\"width\":710,\"height\":370},{\"@type\":\"BreadcrumbList\",\"@id\":\"https:\\\/\\\/kibrisdakik.com\\\/?p=31114#breadcrumb\",\"itemListElement\":[{\"@type\":\"ListItem\",\"position\":1,\"name\":\"Home\",\"item\":\"https:\\\/\\\/kibrisdakik.com\\\/\"},{\"@type\":\"ListItem\",\"position\":2,\"name\":\"T\u00f6re, Berat Kandili dolay\u0131s\u0131yla mesaj yay\u0131mlad\u0131\"}]},{\"@type\":\"WebSite\",\"@id\":\"https:\\\/\\\/kibrisdakik.com\\\/#website\",\"url\":\"https:\\\/\\\/kibrisdakik.com\\\/\",\"name\":\"\",\"description\":\"Tam vaktinde haber\",\"potentialAction\":[{\"@type\":\"SearchAction\",\"target\":{\"@type\":\"EntryPoint\",\"urlTemplate\":\"https:\\\/\\\/kibrisdakik.com\\\/?s={search_term_string}\"},\"query-input\":{\"@type\":\"PropertyValueSpecification\",\"valueRequired\":true,\"valueName\":\"search_term_string\"}}],\"inLanguage\":\"tr\"},{\"@type\":\"Person\",\"@id\":\"https:\\\/\\\/kibrisdakik.com\\\/#\\\/schema\\\/person\\\/9cd9d437bbb44f72b73ba127e06d8e79\",\"name\":\"admin\",\"image\":{\"@type\":\"ImageObject\",\"inLanguage\":\"tr\",\"@id\":\"https:\\\/\\\/secure.gravatar.com\\\/avatar\\\/ccc17943b9d660506c869530f897617f7cb1c21a4bf30023f252596d83e1f007?s=96&d=mm&r=g\",\"url\":\"https:\\\/\\\/secure.gravatar.com\\\/avatar\\\/ccc17943b9d660506c869530f897617f7cb1c21a4bf30023f252596d83e1f007?s=96&d=mm&r=g\",\"contentUrl\":\"https:\\\/\\\/secure.gravatar.com\\\/avatar\\\/ccc17943b9d660506c869530f897617f7cb1c21a4bf30023f252596d83e1f007?s=96&d=mm&r=g\",\"caption\":\"admin\"},\"sameAs\":[\"https:\\\/\\\/kibrisdakik.com\"],\"url\":\"https:\\\/\\\/kibrisdakik.com\\\/?author=1\"}]}<\/script>\n<!-- \/ Yoast SEO plugin. -->","yoast_head_json":{"title":"T\u00f6re, Berat Kandili dolay\u0131s\u0131yla mesaj yay\u0131mlad\u0131 -","robots":{"index":"index","follow":"follow","max-snippet":"max-snippet:-1","max-image-preview":"max-image-preview:large","max-video-preview":"max-video-preview:-1"},"canonical":"https:\/\/kibrisdakik.com\/?p=31114","og_locale":"tr_TR","og_type":"article","og_title":"T\u00f6re, Berat Kandili dolay\u0131s\u0131yla mesaj yay\u0131mlad\u0131 -","og_description":"T\u00f6re mesaj\u0131nda \u015fu ifadelere yer verdi: &nbsp; \u201cBerat Kandili gecesini ya\u015faman\u0131n manevi mutlulu\u011fu ve sevinci i\u00e7indeyiz.&nbsp;Dinimizde \u00fc\u00e7 aylar i\u00e7erisinde m\u00fcstesna bir yeri olan ve \u201ckurtulu\u015f, af ve ar\u0131nma\u201d gibi anlamlara gelen bu \u00f6zel gecenin bar\u0131\u015f\u0131n, dostlu\u011fun ve karde\u015fli\u011fin peki\u015ftirilmesine vesile olmas\u0131n\u0131 diliyorum. &nbsp; \u015eampiyon Melekler&#8217;imiz ba\u015fta olmak \u00fczere, depremde hayat\u0131n\u0131 kaybeden t\u00fcm karde\u015flerimizi, Kuzey K\u0131br\u0131s","og_url":"https:\/\/kibrisdakik.com\/?p=31114","article_published_time":"2024-02-24T12:40:44+00:00","og_image":[{"width":710,"height":370,"url":"https:\/\/kibrisdakik.com\/wp-content\/uploads\/2024\/02\/tore-berat-kandili-dolayisiyla-mesaj-yayimladi-1708776620.webp.webp","type":"image\/webp"}],"author":"admin","twitter_card":"summary_large_image","twitter_misc":{"Yazan:":"admin","Tahmini okuma s\u00fcresi":"1 dakika"},"schema":{"@context":"https:\/\/schema.org","@graph":[{"@type":"Article","@id":"https:\/\/kibrisdakik.com\/?p=31114#article","isPartOf":{"@id":"https:\/\/kibrisdakik.com\/?p=31114"},"author":{"name":"admin","@id":"https:\/\/kibrisdakik.com\/#\/schema\/person\/9cd9d437bbb44f72b73ba127e06d8e79"},"headline":"T\u00f6re, Berat Kandili dolay\u0131s\u0131yla mesaj yay\u0131mlad\u0131","datePublished":"2024-02-24T12:40:44+00:00","mainEntityOfPage":{"@id":"https:\/\/kibrisdakik.com\/?p=31114"},"wordCount":158,"commentCount":0,"image":{"@id":"https:\/\/kibrisdakik.com\/?p=31114#primaryimage"},"thumbnailUrl":"https:\/\/kibrisdakik.com\/wp-content\/uploads\/2024\/02\/tore-berat-kandili-dolayisiyla-mesaj-yayimladi-1708776620.webp.webp","articleSection":["Ekonomi"],"inLanguage":"tr","potentialAction":[{"@type":"CommentAction","name":"Comment","target":["https:\/\/kibrisdakik.com\/?p=31114#respond"]}]},{"@type":"WebPage","@id":"https:\/\/kibrisdakik.com\/?p=31114","url":"https:\/\/kibrisdakik.com\/?p=31114","name":"T\u00f6re, Berat Kandili dolay\u0131s\u0131yla mesaj yay\u0131mlad\u0131 -","isPartOf":{"@id":"https:\/\/kibrisdakik.com\/#website"},"primaryImageOfPage":{"@id":"https:\/\/kibrisdakik.com\/?p=31114#primaryimage"},"image":{"@id":"https:\/\/kibrisdakik.com\/?p=31114#primaryimage"},"thumbnailUrl":"https:\/\/kibrisdakik.com\/wp-content\/uploads\/2024\/02\/tore-berat-kandili-dolayisiyla-mesaj-yayimladi-1708776620.webp.webp","datePublished":"2024-02-24T12:40:44+00:00","author":{"@id":"https:\/\/kibrisdakik.com\/#\/schema\/person\/9cd9d437bbb44f72b73ba127e06d8e79"},"breadcrumb":{"@id":"https:\/\/kibrisdakik.com\/?p=31114#breadcrumb"},"inLanguage":"tr","potentialAction":[{"@type":"ReadAction","target":["https:\/\/kibrisdakik.com\/?p=31114"]}]},{"@type":"ImageObject","inLanguage":"tr","@id":"https:\/\/kibrisdakik.com\/?p=31114#primaryimage","url":"https:\/\/kibrisdakik.com\/wp-content\/uploads\/2024\/02\/tore-berat-kandili-dolayisiyla-mesaj-yayimladi-1708776620.webp.webp","contentUrl":"https:\/\/kibrisdakik.com\/wp-content\/uploads\/2024\/02\/tore-berat-kandili-dolayisiyla-mesaj-yayimladi-1708776620.webp.webp","width":710,"height":370},{"@type":"BreadcrumbList","@id":"https:\/\/kibrisdakik.com\/?p=31114#breadcrumb","itemListElement":[{"@type":"ListItem","position":1,"name":"Home","item":"https:\/\/kibrisdakik.com\/"},{"@type":"ListItem","position":2,"name":"T\u00f6re, Berat Kandili dolay\u0131s\u0131yla mesaj yay\u0131mlad\u0131"}]},{"@type":"WebSite","@id":"https:\/\/kibrisdakik.com\/#website","url":"https:\/\/kibrisdakik.com\/","name":"","description":"Tam vaktinde haber","potentialAction":[{"@type":"SearchAction","target":{"@type":"EntryPoint","urlTemplate":"https:\/\/kibrisdakik.com\/?s={search_term_string}"},"query-input":{"@type":"PropertyValueSpecification","valueRequired":true,"valueName":"search_term_string"}}],"inLanguage":"tr"},{"@type":"Person","@id":"https:\/\/kibrisdakik.com\/#\/schema\/person\/9cd9d437bbb44f72b73ba127e06d8e79","name":"admin","image":{"@type":"ImageObject","inLanguage":"tr","@id":"https:\/\/secure.gravatar.com\/avatar\/ccc17943b9d660506c869530f897617f7cb1c21a4bf30023f252596d83e1f007?s=96&d=mm&r=g","url":"https:\/\/secure.gravatar.com\/avatar\/ccc17943b9d660506c869530f897617f7cb1c21a4bf30023f252596d83e1f007?s=96&d=mm&r=g","contentUrl":"https:\/\/secure.gravatar.com\/avatar\/ccc17943b9d660506c869530f897617f7cb1c21a4bf30023f252596d83e1f007?s=96&d=mm&r=g","caption":"admin"},"sameAs":["https:\/\/kibrisdakik.com"],"url":"https:\/\/kibrisdakik.com\/?author=1"}]}},"_links":{"self":[{"href":"https:\/\/kibrisdakik.com\/index.php?rest_route=\/wp\/v2\/posts\/31114","targetHints":{"allow":["GET"]}}],"collection":[{"href":"https:\/\/kibrisdakik.com\/index.php?rest_route=\/wp\/v2\/posts"}],"about":[{"href":"https:\/\/kibrisdakik.com\/index.php?rest_route=\/wp\/v2\/types\/post"}],"author":[{"embeddable":true,"href":"https:\/\/kibrisdakik.com\/index.php?rest_route=\/wp\/v2\/users\/1"}],"replies":[{"embeddable":true,"href":"https:\/\/kibrisdakik.com\/index.php?rest_route=%2Fwp%2Fv2%2Fcomments&post=31114"}],"version-history":[{"count":0,"href":"https:\/\/kibrisdakik.com\/index.php?rest_route=\/wp\/v2\/posts\/31114\/revisions"}],"wp:featuredmedia":[{"embeddable":true,"href":"https:\/\/kibrisdakik.com\/index.php?rest_route=\/wp\/v2\/media\/31115"}],"wp:attachment":[{"href":"https:\/\/kibrisdakik.com\/index.php?rest_route=%2Fwp%2Fv2%2Fmedia&parent=31114"}],"wp:term":[{"taxonomy":"category","embeddable":true,"href":"https:\/\/kibrisdakik.com\/index.php?rest_route=%2Fwp%2Fv2%2Fcategories&post=31114"},{"taxonomy":"post_tag","embeddable":true,"href":"https:\/\/kibrisdakik.com\/index.php?rest_route=%2Fwp%2Fv2%2Ftags&post=31114"}],"curies":[{"name":"wp","href":"https:\/\/api.w.org\/{rel}","templated":true}]}}