{"id":31122,"date":"2024-02-24T13:51:09","date_gmt":"2024-02-24T13:51:09","guid":{"rendered":"https:\/\/kibrisdakik.com\/index.php\/2024\/02\/24\/basbakan-yardimcisi-ataoglunun-berat-kandili-mesaji\/"},"modified":"2024-02-24T13:51:09","modified_gmt":"2024-02-24T13:51:09","slug":"basbakan-yardimcisi-ataoglunun-berat-kandili-mesaji","status":"publish","type":"post","link":"https:\/\/kibrisdakik.com\/?p=31122","title":{"rendered":"Ba\u015fbakan Yard\u0131mc\u0131s\u0131 Atao\u011flu\u2019nun Berat Kandili mesaj\u0131\u2026"},"content":{"rendered":"<p><img decoding=\"async\" src=\"https:\/\/www.kibristurk.com\/images\/haberler\/2024\/02\/basbakan-yardimcisi-ataoglunun-berat-kandili-mesaji-1708782084.webp\" \/><\/p>\n<p style=\"text-align:left\"><span style=\"font-size:16px\"><span style=\"font-family:Merriweather,serif !important\"><span style=\"color:#000000\"><span style=\"background-color:#ffffff\">Atao\u011flu mesaj\u0131nda \u015fu ifadelere yer verdi;<\/span><\/span><\/span><\/span><\/p>\n<p style=\"text-align:left\">&nbsp;<\/p>\n<p style=\"text-align:left\"><span style=\"font-size:16px\"><span style=\"font-family:Merriweather,serif !important\"><span style=\"color:#000000\"><span style=\"background-color:#ffffff\">\u201cM\u00fcbarek Berat Kandili&#8217;nin manevi atmosferi i\u00e7erisinde, birlik ve beraberlik duygular\u0131m\u0131z\u0131n daha da g\u00fc\u00e7lenmesi, \u00fclkemizin her kar\u0131\u015f topra\u011f\u0131nda sevgi ve ho\u015fg\u00f6r\u00fcyle dolup ta\u015fmas\u0131 dile\u011fiyle, ba\u015fta \u0130slam aleminin olmak \u00fczere t\u00fcm milletimizin Berat Kandili m\u00fcbarek olsun. Birbirimize kenetlenerek, \u00fclkemizi daha ayd\u0131nl\u0131k yar\u0131nlara ta\u015f\u0131ma azmiyle doluyuz. Rabbim, milletimize ve vatan\u0131m\u0131za her daim mutluluk ve huzur versin.<\/span><\/span><\/span><\/span><\/p>\n<p style=\"text-align:left\">&nbsp;<\/p>\n<p style=\"text-align:left\"><span style=\"font-size:16px\"><span style=\"font-family:Merriweather,serif !important\"><span style=\"color:#000000\"><span style=\"background-color:#ffffff\">Sevdiklerimizle, birlik ve beraberlik i\u00e7inde ge\u00e7irece\u011fimiz bu m\u00fcbarek gecede dualar\u0131m\u0131z\u0131n birle\u015fmesi dile\u011fiyle. Hay\u0131rl\u0131 Kandiller.\u201d<\/span><\/span><\/span><\/span><\/p>\n","protected":false},"excerpt":{"rendered":"<p>Atao\u011flu mesaj\u0131nda \u015fu ifadelere yer verdi; &nbsp; \u201cM\u00fcbarek Berat Kandili&#8217;nin manevi atmosferi i\u00e7erisinde, birlik ve beraberlik duygular\u0131m\u0131z\u0131n daha da g\u00fc\u00e7lenmesi, \u00fclkemizin her kar\u0131\u015f topra\u011f\u0131nda sevgi ve ho\u015fg\u00f6r\u00fcyle dolup ta\u015fmas\u0131 dile\u011fiyle, ba\u015fta \u0130slam aleminin olmak \u00fczere t\u00fcm milletimizin Berat Kandili m\u00fcbarek olsun. Birbirimize kenetlenerek, \u00fclkemizi daha ayd\u0131nl\u0131k yar\u0131nlara ta\u015f\u0131ma azmiyle doluyuz. Rabbim, milletimize ve vatan\u0131m\u0131za her<\/p>\n","protected":false},"author":1,"featured_media":31123,"comment_status":"open","ping_status":"open","sticky":false,"template":"","format":"standard","meta":{"footnotes":""},"categories":[86],"tags":[],"class_list":["post-31122","post","type-post","status-publish","format-standard","has-post-thumbnail","hentry","category-turkiye"],"yoast_head":"<!-- This site is optimized with the Yoast SEO plugin v27.5 - https:\/\/yoast.com\/product\/yoast-seo-wordpress\/ -->\n<title>Ba\u015fbakan Yard\u0131mc\u0131s\u0131 Atao\u011flu\u2019nun Berat Kandili mesaj\u0131\u2026 -<\/title>\n<meta name=\"robots\" content=\"index, follow, max-snippet:-1, max-image-preview:large, max-video-preview:-1\" \/>\n<link rel=\"canonical\" href=\"https:\/\/kibrisdakik.com\/?p=31122\" \/>\n<meta property=\"og:locale\" content=\"tr_TR\" \/>\n<meta property=\"og:type\" content=\"article\" \/>\n<meta property=\"og:title\" content=\"Ba\u015fbakan Yard\u0131mc\u0131s\u0131 Atao\u011flu\u2019nun Berat Kandili mesaj\u0131\u2026 -\" \/>\n<meta property=\"og:description\" content=\"Atao\u011flu mesaj\u0131nda \u015fu ifadelere yer verdi; &nbsp; \u201cM\u00fcbarek Berat Kandili&#8217;nin manevi atmosferi i\u00e7erisinde, birlik ve beraberlik duygular\u0131m\u0131z\u0131n daha da g\u00fc\u00e7lenmesi, \u00fclkemizin her kar\u0131\u015f topra\u011f\u0131nda sevgi ve ho\u015fg\u00f6r\u00fcyle dolup ta\u015fmas\u0131 dile\u011fiyle, ba\u015fta \u0130slam aleminin olmak \u00fczere t\u00fcm milletimizin Berat Kandili m\u00fcbarek olsun. Birbirimize kenetlenerek, \u00fclkemizi daha ayd\u0131nl\u0131k yar\u0131nlara ta\u015f\u0131ma azmiyle doluyuz. Rabbim, milletimize ve vatan\u0131m\u0131za her\" \/>\n<meta property=\"og:url\" content=\"https:\/\/kibrisdakik.com\/?p=31122\" \/>\n<meta property=\"article:published_time\" content=\"2024-02-24T13:51:09+00:00\" \/>\n<meta property=\"og:image\" content=\"https:\/\/kibrisdakik.com\/wp-content\/uploads\/2024\/02\/basbakan-yardimcisi-ataoglunun-berat-kandili-mesaji-1708782084.webp.webp\" \/>\n\t<meta property=\"og:image:width\" content=\"710\" \/>\n\t<meta property=\"og:image:height\" content=\"370\" \/>\n\t<meta property=\"og:image:type\" content=\"image\/webp\" \/>\n<meta name=\"author\" content=\"admin\" \/>\n<meta name=\"twitter:card\" content=\"summary_large_image\" \/>\n<meta name=\"twitter:label1\" content=\"Yazan:\" \/>\n\t<meta name=\"twitter:data1\" content=\"admin\" \/>\n\t<meta name=\"twitter:label2\" content=\"Tahmini okuma s\u00fcresi\" \/>\n\t<meta name=\"twitter:data2\" content=\"1 dakika\" \/>\n<script type=\"application\/ld+json\" class=\"yoast-schema-graph\">{\"@context\":\"https:\\\/\\\/schema.org\",\"@graph\":[{\"@type\":\"Article\",\"@id\":\"https:\\\/\\\/kibrisdakik.com\\\/?p=31122#article\",\"isPartOf\":{\"@id\":\"https:\\\/\\\/kibrisdakik.com\\\/?p=31122\"},\"author\":{\"name\":\"admin\",\"@id\":\"https:\\\/\\\/kibrisdakik.com\\\/#\\\/schema\\\/person\\\/9cd9d437bbb44f72b73ba127e06d8e79\"},\"headline\":\"Ba\u015fbakan Yard\u0131mc\u0131s\u0131 Atao\u011flu\u2019nun Berat Kandili mesaj\u0131\u2026\",\"datePublished\":\"2024-02-24T13:51:09+00:00\",\"mainEntityOfPage\":{\"@id\":\"https:\\\/\\\/kibrisdakik.com\\\/?p=31122\"},\"wordCount\":119,\"commentCount\":0,\"image\":{\"@id\":\"https:\\\/\\\/kibrisdakik.com\\\/?p=31122#primaryimage\"},\"thumbnailUrl\":\"https:\\\/\\\/kibrisdakik.com\\\/wp-content\\\/uploads\\\/2024\\\/02\\\/basbakan-yardimcisi-ataoglunun-berat-kandili-mesaji-1708782084.webp.webp\",\"articleSection\":[\"T\u00fcrkiye\"],\"inLanguage\":\"tr\",\"potentialAction\":[{\"@type\":\"CommentAction\",\"name\":\"Comment\",\"target\":[\"https:\\\/\\\/kibrisdakik.com\\\/?p=31122#respond\"]}]},{\"@type\":\"WebPage\",\"@id\":\"https:\\\/\\\/kibrisdakik.com\\\/?p=31122\",\"url\":\"https:\\\/\\\/kibrisdakik.com\\\/?p=31122\",\"name\":\"Ba\u015fbakan Yard\u0131mc\u0131s\u0131 Atao\u011flu\u2019nun Berat Kandili mesaj\u0131\u2026 -\",\"isPartOf\":{\"@id\":\"https:\\\/\\\/kibrisdakik.com\\\/#website\"},\"primaryImageOfPage\":{\"@id\":\"https:\\\/\\\/kibrisdakik.com\\\/?p=31122#primaryimage\"},\"image\":{\"@id\":\"https:\\\/\\\/kibrisdakik.com\\\/?p=31122#primaryimage\"},\"thumbnailUrl\":\"https:\\\/\\\/kibrisdakik.com\\\/wp-content\\\/uploads\\\/2024\\\/02\\\/basbakan-yardimcisi-ataoglunun-berat-kandili-mesaji-1708782084.webp.webp\",\"datePublished\":\"2024-02-24T13:51:09+00:00\",\"author\":{\"@id\":\"https:\\\/\\\/kibrisdakik.com\\\/#\\\/schema\\\/person\\\/9cd9d437bbb44f72b73ba127e06d8e79\"},\"breadcrumb\":{\"@id\":\"https:\\\/\\\/kibrisdakik.com\\\/?p=31122#breadcrumb\"},\"inLanguage\":\"tr\",\"potentialAction\":[{\"@type\":\"ReadAction\",\"target\":[\"https:\\\/\\\/kibrisdakik.com\\\/?p=31122\"]}]},{\"@type\":\"ImageObject\",\"inLanguage\":\"tr\",\"@id\":\"https:\\\/\\\/kibrisdakik.com\\\/?p=31122#primaryimage\",\"url\":\"https:\\\/\\\/kibrisdakik.com\\\/wp-content\\\/uploads\\\/2024\\\/02\\\/basbakan-yardimcisi-ataoglunun-berat-kandili-mesaji-1708782084.webp.webp\",\"contentUrl\":\"https:\\\/\\\/kibrisdakik.com\\\/wp-content\\\/uploads\\\/2024\\\/02\\\/basbakan-yardimcisi-ataoglunun-berat-kandili-mesaji-1708782084.webp.webp\",\"width\":710,\"height\":370},{\"@type\":\"BreadcrumbList\",\"@id\":\"https:\\\/\\\/kibrisdakik.com\\\/?p=31122#breadcrumb\",\"itemListElement\":[{\"@type\":\"ListItem\",\"position\":1,\"name\":\"Home\",\"item\":\"https:\\\/\\\/kibrisdakik.com\\\/\"},{\"@type\":\"ListItem\",\"position\":2,\"name\":\"Ba\u015fbakan Yard\u0131mc\u0131s\u0131 Atao\u011flu\u2019nun Berat Kandili mesaj\u0131\u2026\"}]},{\"@type\":\"WebSite\",\"@id\":\"https:\\\/\\\/kibrisdakik.com\\\/#website\",\"url\":\"https:\\\/\\\/kibrisdakik.com\\\/\",\"name\":\"\",\"description\":\"Tam vaktinde haber\",\"potentialAction\":[{\"@type\":\"SearchAction\",\"target\":{\"@type\":\"EntryPoint\",\"urlTemplate\":\"https:\\\/\\\/kibrisdakik.com\\\/?s={search_term_string}\"},\"query-input\":{\"@type\":\"PropertyValueSpecification\",\"valueRequired\":true,\"valueName\":\"search_term_string\"}}],\"inLanguage\":\"tr\"},{\"@type\":\"Person\",\"@id\":\"https:\\\/\\\/kibrisdakik.com\\\/#\\\/schema\\\/person\\\/9cd9d437bbb44f72b73ba127e06d8e79\",\"name\":\"admin\",\"image\":{\"@type\":\"ImageObject\",\"inLanguage\":\"tr\",\"@id\":\"https:\\\/\\\/secure.gravatar.com\\\/avatar\\\/ccc17943b9d660506c869530f897617f7cb1c21a4bf30023f252596d83e1f007?s=96&d=mm&r=g\",\"url\":\"https:\\\/\\\/secure.gravatar.com\\\/avatar\\\/ccc17943b9d660506c869530f897617f7cb1c21a4bf30023f252596d83e1f007?s=96&d=mm&r=g\",\"contentUrl\":\"https:\\\/\\\/secure.gravatar.com\\\/avatar\\\/ccc17943b9d660506c869530f897617f7cb1c21a4bf30023f252596d83e1f007?s=96&d=mm&r=g\",\"caption\":\"admin\"},\"sameAs\":[\"https:\\\/\\\/kibrisdakik.com\"],\"url\":\"https:\\\/\\\/kibrisdakik.com\\\/?author=1\"}]}<\/script>\n<!-- \/ Yoast SEO plugin. -->","yoast_head_json":{"title":"Ba\u015fbakan Yard\u0131mc\u0131s\u0131 Atao\u011flu\u2019nun Berat Kandili mesaj\u0131\u2026 -","robots":{"index":"index","follow":"follow","max-snippet":"max-snippet:-1","max-image-preview":"max-image-preview:large","max-video-preview":"max-video-preview:-1"},"canonical":"https:\/\/kibrisdakik.com\/?p=31122","og_locale":"tr_TR","og_type":"article","og_title":"Ba\u015fbakan Yard\u0131mc\u0131s\u0131 Atao\u011flu\u2019nun Berat Kandili mesaj\u0131\u2026 -","og_description":"Atao\u011flu mesaj\u0131nda \u015fu ifadelere yer verdi; &nbsp; \u201cM\u00fcbarek Berat Kandili&#8217;nin manevi atmosferi i\u00e7erisinde, birlik ve beraberlik duygular\u0131m\u0131z\u0131n daha da g\u00fc\u00e7lenmesi, \u00fclkemizin her kar\u0131\u015f topra\u011f\u0131nda sevgi ve ho\u015fg\u00f6r\u00fcyle dolup ta\u015fmas\u0131 dile\u011fiyle, ba\u015fta \u0130slam aleminin olmak \u00fczere t\u00fcm milletimizin Berat Kandili m\u00fcbarek olsun. Birbirimize kenetlenerek, \u00fclkemizi daha ayd\u0131nl\u0131k yar\u0131nlara ta\u015f\u0131ma azmiyle doluyuz. Rabbim, milletimize ve vatan\u0131m\u0131za her","og_url":"https:\/\/kibrisdakik.com\/?p=31122","article_published_time":"2024-02-24T13:51:09+00:00","og_image":[{"width":710,"height":370,"url":"https:\/\/kibrisdakik.com\/wp-content\/uploads\/2024\/02\/basbakan-yardimcisi-ataoglunun-berat-kandili-mesaji-1708782084.webp.webp","type":"image\/webp"}],"author":"admin","twitter_card":"summary_large_image","twitter_misc":{"Yazan:":"admin","Tahmini okuma s\u00fcresi":"1 dakika"},"schema":{"@context":"https:\/\/schema.org","@graph":[{"@type":"Article","@id":"https:\/\/kibrisdakik.com\/?p=31122#article","isPartOf":{"@id":"https:\/\/kibrisdakik.com\/?p=31122"},"author":{"name":"admin","@id":"https:\/\/kibrisdakik.com\/#\/schema\/person\/9cd9d437bbb44f72b73ba127e06d8e79"},"headline":"Ba\u015fbakan Yard\u0131mc\u0131s\u0131 Atao\u011flu\u2019nun Berat Kandili mesaj\u0131\u2026","datePublished":"2024-02-24T13:51:09+00:00","mainEntityOfPage":{"@id":"https:\/\/kibrisdakik.com\/?p=31122"},"wordCount":119,"commentCount":0,"image":{"@id":"https:\/\/kibrisdakik.com\/?p=31122#primaryimage"},"thumbnailUrl":"https:\/\/kibrisdakik.com\/wp-content\/uploads\/2024\/02\/basbakan-yardimcisi-ataoglunun-berat-kandili-mesaji-1708782084.webp.webp","articleSection":["T\u00fcrkiye"],"inLanguage":"tr","potentialAction":[{"@type":"CommentAction","name":"Comment","target":["https:\/\/kibrisdakik.com\/?p=31122#respond"]}]},{"@type":"WebPage","@id":"https:\/\/kibrisdakik.com\/?p=31122","url":"https:\/\/kibrisdakik.com\/?p=31122","name":"Ba\u015fbakan Yard\u0131mc\u0131s\u0131 Atao\u011flu\u2019nun Berat Kandili mesaj\u0131\u2026 -","isPartOf":{"@id":"https:\/\/kibrisdakik.com\/#website"},"primaryImageOfPage":{"@id":"https:\/\/kibrisdakik.com\/?p=31122#primaryimage"},"image":{"@id":"https:\/\/kibrisdakik.com\/?p=31122#primaryimage"},"thumbnailUrl":"https:\/\/kibrisdakik.com\/wp-content\/uploads\/2024\/02\/basbakan-yardimcisi-ataoglunun-berat-kandili-mesaji-1708782084.webp.webp","datePublished":"2024-02-24T13:51:09+00:00","author":{"@id":"https:\/\/kibrisdakik.com\/#\/schema\/person\/9cd9d437bbb44f72b73ba127e06d8e79"},"breadcrumb":{"@id":"https:\/\/kibrisdakik.com\/?p=31122#breadcrumb"},"inLanguage":"tr","potentialAction":[{"@type":"ReadAction","target":["https:\/\/kibrisdakik.com\/?p=31122"]}]},{"@type":"ImageObject","inLanguage":"tr","@id":"https:\/\/kibrisdakik.com\/?p=31122#primaryimage","url":"https:\/\/kibrisdakik.com\/wp-content\/uploads\/2024\/02\/basbakan-yardimcisi-ataoglunun-berat-kandili-mesaji-1708782084.webp.webp","contentUrl":"https:\/\/kibrisdakik.com\/wp-content\/uploads\/2024\/02\/basbakan-yardimcisi-ataoglunun-berat-kandili-mesaji-1708782084.webp.webp","width":710,"height":370},{"@type":"BreadcrumbList","@id":"https:\/\/kibrisdakik.com\/?p=31122#breadcrumb","itemListElement":[{"@type":"ListItem","position":1,"name":"Home","item":"https:\/\/kibrisdakik.com\/"},{"@type":"ListItem","position":2,"name":"Ba\u015fbakan Yard\u0131mc\u0131s\u0131 Atao\u011flu\u2019nun Berat Kandili mesaj\u0131\u2026"}]},{"@type":"WebSite","@id":"https:\/\/kibrisdakik.com\/#website","url":"https:\/\/kibrisdakik.com\/","name":"","description":"Tam vaktinde haber","potentialAction":[{"@type":"SearchAction","target":{"@type":"EntryPoint","urlTemplate":"https:\/\/kibrisdakik.com\/?s={search_term_string}"},"query-input":{"@type":"PropertyValueSpecification","valueRequired":true,"valueName":"search_term_string"}}],"inLanguage":"tr"},{"@type":"Person","@id":"https:\/\/kibrisdakik.com\/#\/schema\/person\/9cd9d437bbb44f72b73ba127e06d8e79","name":"admin","image":{"@type":"ImageObject","inLanguage":"tr","@id":"https:\/\/secure.gravatar.com\/avatar\/ccc17943b9d660506c869530f897617f7cb1c21a4bf30023f252596d83e1f007?s=96&d=mm&r=g","url":"https:\/\/secure.gravatar.com\/avatar\/ccc17943b9d660506c869530f897617f7cb1c21a4bf30023f252596d83e1f007?s=96&d=mm&r=g","contentUrl":"https:\/\/secure.gravatar.com\/avatar\/ccc17943b9d660506c869530f897617f7cb1c21a4bf30023f252596d83e1f007?s=96&d=mm&r=g","caption":"admin"},"sameAs":["https:\/\/kibrisdakik.com"],"url":"https:\/\/kibrisdakik.com\/?author=1"}]}},"_links":{"self":[{"href":"https:\/\/kibrisdakik.com\/index.php?rest_route=\/wp\/v2\/posts\/31122","targetHints":{"allow":["GET"]}}],"collection":[{"href":"https:\/\/kibrisdakik.com\/index.php?rest_route=\/wp\/v2\/posts"}],"about":[{"href":"https:\/\/kibrisdakik.com\/index.php?rest_route=\/wp\/v2\/types\/post"}],"author":[{"embeddable":true,"href":"https:\/\/kibrisdakik.com\/index.php?rest_route=\/wp\/v2\/users\/1"}],"replies":[{"embeddable":true,"href":"https:\/\/kibrisdakik.com\/index.php?rest_route=%2Fwp%2Fv2%2Fcomments&post=31122"}],"version-history":[{"count":0,"href":"https:\/\/kibrisdakik.com\/index.php?rest_route=\/wp\/v2\/posts\/31122\/revisions"}],"wp:featuredmedia":[{"embeddable":true,"href":"https:\/\/kibrisdakik.com\/index.php?rest_route=\/wp\/v2\/media\/31123"}],"wp:attachment":[{"href":"https:\/\/kibrisdakik.com\/index.php?rest_route=%2Fwp%2Fv2%2Fmedia&parent=31122"}],"wp:term":[{"taxonomy":"category","embeddable":true,"href":"https:\/\/kibrisdakik.com\/index.php?rest_route=%2Fwp%2Fv2%2Fcategories&post=31122"},{"taxonomy":"post_tag","embeddable":true,"href":"https:\/\/kibrisdakik.com\/index.php?rest_route=%2Fwp%2Fv2%2Ftags&post=31122"}],"curies":[{"name":"wp","href":"https:\/\/api.w.org\/{rel}","templated":true}]}}