{"id":31134,"date":"2024-02-24T17:34:49","date_gmt":"2024-02-24T17:34:49","guid":{"rendered":"https:\/\/kibrisdakik.com\/index.php\/2024\/02\/24\/turkiyenin-gucune-guc-katacak-selcuk-bayraktar-paylasti-akinci-c-adeta-sahlandi\/"},"modified":"2024-02-24T17:34:49","modified_gmt":"2024-02-24T17:34:49","slug":"turkiyenin-gucune-guc-katacak-selcuk-bayraktar-paylasti-akinci-c-adeta-sahlandi","status":"publish","type":"post","link":"https:\/\/kibrisdakik.com\/?p=31134","title":{"rendered":"T\u00fcrkiye&#039;nin g\u00fcc\u00fcne g\u00fc\u00e7 katacak! Sel\u00e7uk Bayraktar payla\u015ft\u0131: AKINCI-C adeta \u015fahland\u0131!"},"content":{"rendered":"<p><\/p>\n<p>T\u00fcrkiye&#8217;nin savunma sanayi at\u0131l\u0131mlar\u0131 d\u00fcnyan\u0131n dikkatini \u00e7ekmeye devam ederken Sel\u00e7uk Bayraktar&#8217;dan AKINCI-C&#8217;nin ilk u\u00e7u\u015funa dair bir payla\u015f\u0131m geldi.<\/p>\n<p>Baykar taraf\u0131ndan geli\u015ftirilen AKINCI Taarruzi \u0130nsans\u0131z Hava Arac\u0131 (T\u0130HA), geli\u015fimine devam ediyor. \u0130lk olarak Ukrayna \u00fcretimi 450HP\u2019lik Al-450T motorunu kullanan AKINCI-A konfig\u00fcrasyonuyla kullan\u0131ma giren AKINCI T\u0130HA\u2019n\u0131n, Pratt&amp;Whitney \u00fcretimi 750HP\u2019lik PT6A-135A motorunu kullanan AKINCI-B konfig\u00fcrasyonu da geli\u015ftirilmi\u015fti. Son olarak AKINCI T\u0130HA\u2019n\u0131n 850HP\u2019lik motorlar ile te\u00e7hiz edilen AKINCI-C konfig\u00fcrasyonu geli\u015ftirildi.<\/p>\n<p>Sel\u00e7uk Bayraktar sosyal medya hesab\u0131ndan &#8220;G\u00f6ky\u00fcz\u00fcn\u00fcn AKINCI\u2019lar\u0131na Yeni G\u00fc\u00e7!&#8221; notu ile AKINCI&#8217;C&#8217;nin ilk u\u00e7u\u015f videosunu payla\u015ft\u0131.<\/p>\n<p>&nbsp;<\/p>\n<\/p>\n<p>&nbsp;<\/p>\n<h3><img decoding=\"async\" alt=\"T\u00fcrkiye'nin g\u00fcc\u00fcne g\u00fc\u00e7 katacak! Sel\u00e7uk Bayraktar payla\u015ft\u0131: AKINCI-C adeta \u015fahland\u0131! - 1. Resim\" src=\"https:\/\/i.tgrthaber.com.tr\/images\/haberler\/24-02\/24\/turkiyenin-gucune-guc-katacak-selcuk-bayraktar-paylasti-akinci-c-adeta-sahlandi-17087943542143_1.jpg\" style=\"width:850px\" \/><br \/>\nBAYRAKTAR AKINCI 1700 HP G\u00dcC\u00dcNDE<\/h3>\n<p>Bayraktar AKINCI C, 2 X 850 HP olmak \u00fczere toplamda 1700 HP sahip oldu\u011fu g\u00fc\u00e7 ile s\u0131n\u0131f\u0131n\u0131n en etkili ve kabiliyeti muharip platformu olacak. Bug\u00fcn ger\u00e7ekle\u015ftirilen test faaliyetinde Bayraktar AKINCI-C, 1 saatten fazla havada kald\u0131. U\u00e7u\u015f s\u0131ras\u0131nda aerodinamik parametre ad\u0131mlar\u0131 ba\u015far\u0131yla test edildi.<\/p>\n<p><img decoding=\"async\" alt=\"T\u00fcrkiye'nin g\u00fcc\u00fcne g\u00fc\u00e7 katacak! Sel\u00e7uk Bayraktar payla\u015ft\u0131: AKINCI-C adeta \u015fahland\u0131! - 2. Resim\" src=\"https:\/\/i.tgrthaber.com.tr\/images\/haberler\/24-02\/24\/turkiyenin-gucune-guc-katacak-selcuk-bayraktar-paylasti-akinci-c-adeta-sahlandi-17087943541531_2.jpg\" style=\"width:850px\" \/><\/p>\n<h3>TEK SEFERDE EN B\u00dcY\u00dcK \u0130HRACAT ANLA\u015eMASI<\/h3>\n<p>\u0130lk u\u00e7u\u015funu 6 Aral\u0131k 2019\u2019da yapan Bayraktar AKINCI T\u0130HA, 29 A\u011fustos 2021\u2019de envantere girdi. Yak\u0131n d\u00f6nemde 2X450 HP g\u00fcc\u00fcndeki Bayraktar AKINCI A ve 2X750 HP g\u00fcc\u00fcndeki Bayraktar AKINCI B, T\u00fcrk g\u00fcvenlik g\u00fc\u00e7lerinin yan\u0131 s\u0131ra ba\u015fta Azerbaycan olmak \u00fczere dost ve m\u00fcttefik \u00fclkelerin envanterine de kat\u0131lmaya ba\u015flad\u0131.<\/p>\n<p>Azerbaycan envanterine giren Bayraktar AKINCI T\u0130HA\u2019n\u0131n 9 \u015eubat\u2019ta ger\u00e7ekle\u015ftirdi\u011fi ilk u\u00e7u\u015funu Cumhurba\u015fkan\u0131 \u0130lham Aliyev ve Baykar Y\u00f6netim Kurulu Ba\u015fkan\u0131 Sel\u00e7uk Bayraktar birlikte izledi. Suudi Arabistan Krall\u0131\u011f\u0131 ile ge\u00e7en y\u0131l yap\u0131lan ihracat ve i\u015f birli\u011fi anla\u015fmas\u0131, Cumhuriyet tarihinde T\u00fcrk savunma ve havac\u0131l\u0131k sanayisinin tek seferde yapt\u0131\u011f\u0131 en b\u00fcy\u00fck ihracat anla\u015fmas\u0131 oldu.<\/p>\n<p><img decoding=\"async\" alt=\"T\u00fcrkiye'nin g\u00fcc\u00fcne g\u00fc\u00e7 katacak! Sel\u00e7uk Bayraktar payla\u015ft\u0131: AKINCI-C adeta \u015fahland\u0131! - 3. Resim\" src=\"https:\/\/i.tgrthaber.com.tr\/images\/haberler\/24-02\/24\/turkiyenin-gucune-guc-katacak-selcuk-bayraktar-paylasti-akinci-c-adeta-sahlandi-17087943544288_3.jpg\" style=\"width:850px\" \/><\/p>\n<h3>ASELFLIR-500 \u0130LE VURDU<\/h3>\n<p>22 \u015eubat\u2019ta icra edilen test kapsam\u0131nda Bayraktar AKINCI, Aselsan taraf\u0131ndan milli olarak geli\u015ftirilen ASELFLIR-500 Elektro-Optik Ke\u015fif, G\u00f6zetleme ve Hedefleme Sistemi\u2019ni kullanarak deniz \u00fcst\u00fcnde seyreden Albatros \u0130DA\u2019y\u0131 ba\u015far\u0131yla imha etti.<\/p>\n<p><img decoding=\"async\" alt=\"T\u00fcrkiye'nin g\u00fcc\u00fcne g\u00fc\u00e7 katacak! Sel\u00e7uk Bayraktar payla\u015ft\u0131: AKINCI-C adeta \u015fahland\u0131! - 4. Resim\" src=\"https:\/\/i.tgrthaber.com.tr\/images\/haberler\/24-02\/24\/turkiyenin-gucune-guc-katacak-selcuk-bayraktar-paylasti-akinci-c-adeta-sahlandi-17087943548656_4.jpg\" style=\"width:850px\" \/><\/p>\n<h3>40 B\u0130N U\u00c7U\u015e SAAT\u0130<\/h3>\n<p>T\u00fcrkiye\u2019nin ilk milli insans\u0131z hava ara\u00e7lar\u0131n\u0131 \u00fcreten Baykar\u2019\u0131n milli ve \u00f6zg\u00fcn olarak geli\u015ftirdi\u011fi Bayraktar AKINCI T\u0130HA, 40 bin u\u00e7u\u015f saatini ba\u015far\u0131yla tamamlayarak T\u00fcrk havac\u0131l\u0131k tarihinde \u00f6nemli bir kilometre ta\u015f\u0131n\u0131 daha geride b\u0131rakt\u0131.<\/p>\n<p><img decoding=\"async\" alt=\"T\u00fcrkiye'nin g\u00fcc\u00fcne g\u00fc\u00e7 katacak! Sel\u00e7uk Bayraktar payla\u015ft\u0131: AKINCI-C adeta \u015fahland\u0131! - 5. Resim\" src=\"https:\/\/i.tgrthaber.com.tr\/images\/haberler\/24-02\/24\/turkiyenin-gucune-guc-katacak-selcuk-bayraktar-paylasti-akinci-c-adeta-sahlandi-17087943544435_5.jpg\" style=\"width:850px\" \/><\/p>\n<h3>3 \u00dcLKEY\u0130 U\u00c7ARAK GE\u00c7T\u0130<\/h3>\n<p>45 bin 118 feet ile milli havac\u0131l\u0131k irtifa rekoruna sahip olan Bayraktar AKINCI, 2023 y\u0131l\u0131nda 3 \u00fclkeyi u\u00e7arak ge\u00e7mek suretiyle Bak\u00fc\u2019ye gitti. Bu u\u00e7u\u015f i\u00e7in Tekirda\u011f-\u00c7orlu\u2019dan havalanan T\u0130HA, T\u00fcrkiye, G\u00fcrcistan ve Azerbaycan\u2019\u0131 bir u\u00e7tan bir uca katetti. Ayr\u0131ca, 2022 y\u0131l\u0131nda Efes Tatbikat\u0131 kapsam\u0131nda Batman\u2019dan kalkarak \u0130zmir\u2019deki hedefleri ba\u015far\u0131yla vurmu\u015ftu.<\/p>\n<p><img decoding=\"async\" alt=\"T\u00fcrkiye'nin g\u00fcc\u00fcne g\u00fc\u00e7 katacak! Sel\u00e7uk Bayraktar payla\u015ft\u0131: AKINCI-C adeta \u015fahland\u0131! - 6. Resim\" src=\"https:\/\/i.tgrthaber.com.tr\/images\/haberler\/24-02\/24\/turkiyenin-gucune-guc-katacak-selcuk-bayraktar-paylasti-akinci-c-adeta-sahlandi-17087943546642_6.jpg\" style=\"width:850px\" \/><\/p>\n<h3>HAVACILI\u011eIN \u0130HRACAT \u015eAMP\u0130YONU<\/h3>\n<p>Ba\u015flang\u0131\u00e7tan bug\u00fcne t\u00fcm projelerini \u00f6z kaynaklar\u0131 ile y\u00fcr\u00fcten Baykar, 2003 y\u0131l\u0131ndaki \u0130HA Ar-Ge s\u00fcrecinin ba\u015flang\u0131c\u0131ndan itibaren t\u00fcm gelirlerinin %83\u2019\u00fcn\u00fc ihracattan elde etti. 2021 ve 2022 y\u0131llar\u0131nda T\u00fcrkiye \u0130hracat\u00e7\u0131lar Meclisi (T\u0130M) verilerine g\u00f6re savunma ve havac\u0131l\u0131k sekt\u00f6r\u00fcn\u00fcn ihracat lideri oldu.<\/p>\n<p>Savunma Sanayii Ba\u015fkanl\u0131\u011f\u0131 taraf\u0131ndan 2023\u2019te de sekt\u00f6r\u00fcn ihracat \u015fampiyonu oldu\u011fu a\u00e7\u0131klanan Baykar, ge\u00e7en y\u0131l 1.8 milyar dolarl\u0131k ihracat ger\u00e7ekle\u015ftirdi. Son y\u0131llarda gelirlerinin %90\u2019\u0131ndan fazlas\u0131n\u0131 ihracattan elde eden Baykar, 2023\u2019te savunma ve havac\u0131l\u0131k sekt\u00f6r\u00fcndeki ihracat\u0131n 3\u2019te 1\u2019ini tek ba\u015f\u0131na yapt\u0131. Bayraktar TB2 S\u0130HA i\u00e7in 33 \u00fclkeyle, Bayraktar AKINCI T\u0130HA i\u00e7in ise \u015fimdiye kadar 9 \u00fclke ile olmak \u00fczere toplam 34 \u00fclkeyle ihracat anla\u015fmas\u0131 imzaland\u0131.<\/p>\n","protected":false},"excerpt":{"rendered":"<p>T\u00fcrkiye&#8217;nin savunma sanayi at\u0131l\u0131mlar\u0131 d\u00fcnyan\u0131n dikkatini \u00e7ekmeye devam ederken Sel\u00e7uk Bayraktar&#8217;dan AKINCI-C&#8217;nin ilk u\u00e7u\u015funa dair bir payla\u015f\u0131m geldi. Baykar taraf\u0131ndan geli\u015ftirilen AKINCI Taarruzi \u0130nsans\u0131z Hava Arac\u0131 (T\u0130HA), geli\u015fimine devam ediyor. \u0130lk olarak Ukrayna \u00fcretimi 450HP\u2019lik Al-450T motorunu kullanan AKINCI-A konfig\u00fcrasyonuyla kullan\u0131ma giren AKINCI T\u0130HA\u2019n\u0131n, Pratt&amp;Whitney \u00fcretimi 750HP\u2019lik PT6A-135A motorunu kullanan AKINCI-B konfig\u00fcrasyonu da geli\u015ftirilmi\u015fti. Son<\/p>\n","protected":false},"author":1,"featured_media":31135,"comment_status":"open","ping_status":"open","sticky":false,"template":"","format":"standard","meta":{"footnotes":""},"categories":[1],"tags":[],"class_list":["post-31134","post","type-post","status-publish","format-standard","has-post-thumbnail","hentry","category-gundem"],"yoast_head":"<!-- This site is optimized with the Yoast SEO plugin v27.4 - https:\/\/yoast.com\/product\/yoast-seo-wordpress\/ -->\n<title>T\u00fcrkiye&#039;nin g\u00fcc\u00fcne g\u00fc\u00e7 katacak! Sel\u00e7uk Bayraktar payla\u015ft\u0131: AKINCI-C adeta \u015fahland\u0131! -<\/title>\n<meta name=\"robots\" content=\"index, follow, max-snippet:-1, max-image-preview:large, max-video-preview:-1\" \/>\n<link rel=\"canonical\" href=\"https:\/\/kibrisdakik.com\/?p=31134\" \/>\n<meta property=\"og:locale\" content=\"tr_TR\" \/>\n<meta property=\"og:type\" content=\"article\" \/>\n<meta property=\"og:title\" content=\"T\u00fcrkiye&#039;nin g\u00fcc\u00fcne g\u00fc\u00e7 katacak! Sel\u00e7uk Bayraktar payla\u015ft\u0131: AKINCI-C adeta \u015fahland\u0131! -\" \/>\n<meta property=\"og:description\" content=\"T\u00fcrkiye&#8217;nin savunma sanayi at\u0131l\u0131mlar\u0131 d\u00fcnyan\u0131n dikkatini \u00e7ekmeye devam ederken Sel\u00e7uk Bayraktar&#8217;dan AKINCI-C&#8217;nin ilk u\u00e7u\u015funa dair bir payla\u015f\u0131m geldi. Baykar taraf\u0131ndan geli\u015ftirilen AKINCI Taarruzi \u0130nsans\u0131z Hava Arac\u0131 (T\u0130HA), geli\u015fimine devam ediyor. \u0130lk olarak Ukrayna \u00fcretimi 450HP\u2019lik Al-450T motorunu kullanan AKINCI-A konfig\u00fcrasyonuyla kullan\u0131ma giren AKINCI T\u0130HA\u2019n\u0131n, Pratt&amp;Whitney \u00fcretimi 750HP\u2019lik PT6A-135A motorunu kullanan AKINCI-B konfig\u00fcrasyonu da geli\u015ftirilmi\u015fti. Son\" \/>\n<meta property=\"og:url\" content=\"https:\/\/kibrisdakik.com\/?p=31134\" \/>\n<meta property=\"article:published_time\" content=\"2024-02-24T17:34:49+00:00\" \/>\n<meta property=\"og:image\" content=\"https:\/\/kibrisdakik.com\/wp-content\/uploads\/2024\/02\/turkiyenin-gucune-guc-katacak-selcuk-bayraktar-paylasti-akinci-c-adeta-sahlandi-17087943542143_1.jpg\" \/>\n\t<meta property=\"og:image:width\" content=\"1280\" \/>\n\t<meta property=\"og:image:height\" content=\"720\" \/>\n\t<meta property=\"og:image:type\" content=\"image\/jpeg\" \/>\n<meta name=\"author\" content=\"admin\" \/>\n<meta name=\"twitter:card\" content=\"summary_large_image\" \/>\n<meta name=\"twitter:label1\" content=\"Yazan:\" \/>\n\t<meta name=\"twitter:data1\" content=\"admin\" \/>\n\t<meta name=\"twitter:label2\" content=\"Tahmini okuma s\u00fcresi\" \/>\n\t<meta name=\"twitter:data2\" content=\"3 dakika\" \/>\n<script type=\"application\/ld+json\" class=\"yoast-schema-graph\">{\"@context\":\"https:\\\/\\\/schema.org\",\"@graph\":[{\"@type\":\"Article\",\"@id\":\"https:\\\/\\\/kibrisdakik.com\\\/?p=31134#article\",\"isPartOf\":{\"@id\":\"https:\\\/\\\/kibrisdakik.com\\\/?p=31134\"},\"author\":{\"name\":\"admin\",\"@id\":\"https:\\\/\\\/kibrisdakik.com\\\/#\\\/schema\\\/person\\\/9cd9d437bbb44f72b73ba127e06d8e79\"},\"headline\":\"T\u00fcrkiye&#039;nin g\u00fcc\u00fcne g\u00fc\u00e7 katacak! Sel\u00e7uk Bayraktar payla\u015ft\u0131: AKINCI-C adeta \u015fahland\u0131!\",\"datePublished\":\"2024-02-24T17:34:49+00:00\",\"mainEntityOfPage\":{\"@id\":\"https:\\\/\\\/kibrisdakik.com\\\/?p=31134\"},\"wordCount\":668,\"commentCount\":0,\"image\":{\"@id\":\"https:\\\/\\\/kibrisdakik.com\\\/?p=31134#primaryimage\"},\"thumbnailUrl\":\"https:\\\/\\\/kibrisdakik.com\\\/wp-content\\\/uploads\\\/2024\\\/02\\\/turkiyenin-gucune-guc-katacak-selcuk-bayraktar-paylasti-akinci-c-adeta-sahlandi-17087943542143_1.jpg\",\"articleSection\":[\"G\u00fcndem\"],\"inLanguage\":\"tr\",\"potentialAction\":[{\"@type\":\"CommentAction\",\"name\":\"Comment\",\"target\":[\"https:\\\/\\\/kibrisdakik.com\\\/?p=31134#respond\"]}]},{\"@type\":\"WebPage\",\"@id\":\"https:\\\/\\\/kibrisdakik.com\\\/?p=31134\",\"url\":\"https:\\\/\\\/kibrisdakik.com\\\/?p=31134\",\"name\":\"T\u00fcrkiye&#039;nin g\u00fcc\u00fcne g\u00fc\u00e7 katacak! Sel\u00e7uk Bayraktar payla\u015ft\u0131: AKINCI-C adeta \u015fahland\u0131! -\",\"isPartOf\":{\"@id\":\"https:\\\/\\\/kibrisdakik.com\\\/#website\"},\"primaryImageOfPage\":{\"@id\":\"https:\\\/\\\/kibrisdakik.com\\\/?p=31134#primaryimage\"},\"image\":{\"@id\":\"https:\\\/\\\/kibrisdakik.com\\\/?p=31134#primaryimage\"},\"thumbnailUrl\":\"https:\\\/\\\/kibrisdakik.com\\\/wp-content\\\/uploads\\\/2024\\\/02\\\/turkiyenin-gucune-guc-katacak-selcuk-bayraktar-paylasti-akinci-c-adeta-sahlandi-17087943542143_1.jpg\",\"datePublished\":\"2024-02-24T17:34:49+00:00\",\"author\":{\"@id\":\"https:\\\/\\\/kibrisdakik.com\\\/#\\\/schema\\\/person\\\/9cd9d437bbb44f72b73ba127e06d8e79\"},\"breadcrumb\":{\"@id\":\"https:\\\/\\\/kibrisdakik.com\\\/?p=31134#breadcrumb\"},\"inLanguage\":\"tr\",\"potentialAction\":[{\"@type\":\"ReadAction\",\"target\":[\"https:\\\/\\\/kibrisdakik.com\\\/?p=31134\"]}]},{\"@type\":\"ImageObject\",\"inLanguage\":\"tr\",\"@id\":\"https:\\\/\\\/kibrisdakik.com\\\/?p=31134#primaryimage\",\"url\":\"https:\\\/\\\/kibrisdakik.com\\\/wp-content\\\/uploads\\\/2024\\\/02\\\/turkiyenin-gucune-guc-katacak-selcuk-bayraktar-paylasti-akinci-c-adeta-sahlandi-17087943542143_1.jpg\",\"contentUrl\":\"https:\\\/\\\/kibrisdakik.com\\\/wp-content\\\/uploads\\\/2024\\\/02\\\/turkiyenin-gucune-guc-katacak-selcuk-bayraktar-paylasti-akinci-c-adeta-sahlandi-17087943542143_1.jpg\",\"width\":1280,\"height\":720},{\"@type\":\"BreadcrumbList\",\"@id\":\"https:\\\/\\\/kibrisdakik.com\\\/?p=31134#breadcrumb\",\"itemListElement\":[{\"@type\":\"ListItem\",\"position\":1,\"name\":\"Home\",\"item\":\"https:\\\/\\\/kibrisdakik.com\\\/\"},{\"@type\":\"ListItem\",\"position\":2,\"name\":\"T\u00fcrkiye&#039;nin g\u00fcc\u00fcne g\u00fc\u00e7 katacak! Sel\u00e7uk Bayraktar payla\u015ft\u0131: AKINCI-C adeta \u015fahland\u0131!\"}]},{\"@type\":\"WebSite\",\"@id\":\"https:\\\/\\\/kibrisdakik.com\\\/#website\",\"url\":\"https:\\\/\\\/kibrisdakik.com\\\/\",\"name\":\"\",\"description\":\"Tam vaktinde haber\",\"potentialAction\":[{\"@type\":\"SearchAction\",\"target\":{\"@type\":\"EntryPoint\",\"urlTemplate\":\"https:\\\/\\\/kibrisdakik.com\\\/?s={search_term_string}\"},\"query-input\":{\"@type\":\"PropertyValueSpecification\",\"valueRequired\":true,\"valueName\":\"search_term_string\"}}],\"inLanguage\":\"tr\"},{\"@type\":\"Person\",\"@id\":\"https:\\\/\\\/kibrisdakik.com\\\/#\\\/schema\\\/person\\\/9cd9d437bbb44f72b73ba127e06d8e79\",\"name\":\"admin\",\"image\":{\"@type\":\"ImageObject\",\"inLanguage\":\"tr\",\"@id\":\"https:\\\/\\\/secure.gravatar.com\\\/avatar\\\/ccc17943b9d660506c869530f897617f7cb1c21a4bf30023f252596d83e1f007?s=96&d=mm&r=g\",\"url\":\"https:\\\/\\\/secure.gravatar.com\\\/avatar\\\/ccc17943b9d660506c869530f897617f7cb1c21a4bf30023f252596d83e1f007?s=96&d=mm&r=g\",\"contentUrl\":\"https:\\\/\\\/secure.gravatar.com\\\/avatar\\\/ccc17943b9d660506c869530f897617f7cb1c21a4bf30023f252596d83e1f007?s=96&d=mm&r=g\",\"caption\":\"admin\"},\"sameAs\":[\"https:\\\/\\\/kibrisdakik.com\"],\"url\":\"https:\\\/\\\/kibrisdakik.com\\\/?author=1\"}]}<\/script>\n<!-- \/ Yoast SEO plugin. -->","yoast_head_json":{"title":"T\u00fcrkiye&#039;nin g\u00fcc\u00fcne g\u00fc\u00e7 katacak! Sel\u00e7uk Bayraktar payla\u015ft\u0131: AKINCI-C adeta \u015fahland\u0131! -","robots":{"index":"index","follow":"follow","max-snippet":"max-snippet:-1","max-image-preview":"max-image-preview:large","max-video-preview":"max-video-preview:-1"},"canonical":"https:\/\/kibrisdakik.com\/?p=31134","og_locale":"tr_TR","og_type":"article","og_title":"T\u00fcrkiye&#039;nin g\u00fcc\u00fcne g\u00fc\u00e7 katacak! Sel\u00e7uk Bayraktar payla\u015ft\u0131: AKINCI-C adeta \u015fahland\u0131! -","og_description":"T\u00fcrkiye&#8217;nin savunma sanayi at\u0131l\u0131mlar\u0131 d\u00fcnyan\u0131n dikkatini \u00e7ekmeye devam ederken Sel\u00e7uk Bayraktar&#8217;dan AKINCI-C&#8217;nin ilk u\u00e7u\u015funa dair bir payla\u015f\u0131m geldi. Baykar taraf\u0131ndan geli\u015ftirilen AKINCI Taarruzi \u0130nsans\u0131z Hava Arac\u0131 (T\u0130HA), geli\u015fimine devam ediyor. \u0130lk olarak Ukrayna \u00fcretimi 450HP\u2019lik Al-450T motorunu kullanan AKINCI-A konfig\u00fcrasyonuyla kullan\u0131ma giren AKINCI T\u0130HA\u2019n\u0131n, Pratt&amp;Whitney \u00fcretimi 750HP\u2019lik PT6A-135A motorunu kullanan AKINCI-B konfig\u00fcrasyonu da geli\u015ftirilmi\u015fti. Son","og_url":"https:\/\/kibrisdakik.com\/?p=31134","article_published_time":"2024-02-24T17:34:49+00:00","og_image":[{"width":1280,"height":720,"url":"https:\/\/kibrisdakik.com\/wp-content\/uploads\/2024\/02\/turkiyenin-gucune-guc-katacak-selcuk-bayraktar-paylasti-akinci-c-adeta-sahlandi-17087943542143_1.jpg","type":"image\/jpeg"}],"author":"admin","twitter_card":"summary_large_image","twitter_misc":{"Yazan:":"admin","Tahmini okuma s\u00fcresi":"3 dakika"},"schema":{"@context":"https:\/\/schema.org","@graph":[{"@type":"Article","@id":"https:\/\/kibrisdakik.com\/?p=31134#article","isPartOf":{"@id":"https:\/\/kibrisdakik.com\/?p=31134"},"author":{"name":"admin","@id":"https:\/\/kibrisdakik.com\/#\/schema\/person\/9cd9d437bbb44f72b73ba127e06d8e79"},"headline":"T\u00fcrkiye&#039;nin g\u00fcc\u00fcne g\u00fc\u00e7 katacak! Sel\u00e7uk Bayraktar payla\u015ft\u0131: AKINCI-C adeta \u015fahland\u0131!","datePublished":"2024-02-24T17:34:49+00:00","mainEntityOfPage":{"@id":"https:\/\/kibrisdakik.com\/?p=31134"},"wordCount":668,"commentCount":0,"image":{"@id":"https:\/\/kibrisdakik.com\/?p=31134#primaryimage"},"thumbnailUrl":"https:\/\/kibrisdakik.com\/wp-content\/uploads\/2024\/02\/turkiyenin-gucune-guc-katacak-selcuk-bayraktar-paylasti-akinci-c-adeta-sahlandi-17087943542143_1.jpg","articleSection":["G\u00fcndem"],"inLanguage":"tr","potentialAction":[{"@type":"CommentAction","name":"Comment","target":["https:\/\/kibrisdakik.com\/?p=31134#respond"]}]},{"@type":"WebPage","@id":"https:\/\/kibrisdakik.com\/?p=31134","url":"https:\/\/kibrisdakik.com\/?p=31134","name":"T\u00fcrkiye&#039;nin g\u00fcc\u00fcne g\u00fc\u00e7 katacak! Sel\u00e7uk Bayraktar payla\u015ft\u0131: AKINCI-C adeta \u015fahland\u0131! -","isPartOf":{"@id":"https:\/\/kibrisdakik.com\/#website"},"primaryImageOfPage":{"@id":"https:\/\/kibrisdakik.com\/?p=31134#primaryimage"},"image":{"@id":"https:\/\/kibrisdakik.com\/?p=31134#primaryimage"},"thumbnailUrl":"https:\/\/kibrisdakik.com\/wp-content\/uploads\/2024\/02\/turkiyenin-gucune-guc-katacak-selcuk-bayraktar-paylasti-akinci-c-adeta-sahlandi-17087943542143_1.jpg","datePublished":"2024-02-24T17:34:49+00:00","author":{"@id":"https:\/\/kibrisdakik.com\/#\/schema\/person\/9cd9d437bbb44f72b73ba127e06d8e79"},"breadcrumb":{"@id":"https:\/\/kibrisdakik.com\/?p=31134#breadcrumb"},"inLanguage":"tr","potentialAction":[{"@type":"ReadAction","target":["https:\/\/kibrisdakik.com\/?p=31134"]}]},{"@type":"ImageObject","inLanguage":"tr","@id":"https:\/\/kibrisdakik.com\/?p=31134#primaryimage","url":"https:\/\/kibrisdakik.com\/wp-content\/uploads\/2024\/02\/turkiyenin-gucune-guc-katacak-selcuk-bayraktar-paylasti-akinci-c-adeta-sahlandi-17087943542143_1.jpg","contentUrl":"https:\/\/kibrisdakik.com\/wp-content\/uploads\/2024\/02\/turkiyenin-gucune-guc-katacak-selcuk-bayraktar-paylasti-akinci-c-adeta-sahlandi-17087943542143_1.jpg","width":1280,"height":720},{"@type":"BreadcrumbList","@id":"https:\/\/kibrisdakik.com\/?p=31134#breadcrumb","itemListElement":[{"@type":"ListItem","position":1,"name":"Home","item":"https:\/\/kibrisdakik.com\/"},{"@type":"ListItem","position":2,"name":"T\u00fcrkiye&#039;nin g\u00fcc\u00fcne g\u00fc\u00e7 katacak! Sel\u00e7uk Bayraktar payla\u015ft\u0131: AKINCI-C adeta \u015fahland\u0131!"}]},{"@type":"WebSite","@id":"https:\/\/kibrisdakik.com\/#website","url":"https:\/\/kibrisdakik.com\/","name":"","description":"Tam vaktinde haber","potentialAction":[{"@type":"SearchAction","target":{"@type":"EntryPoint","urlTemplate":"https:\/\/kibrisdakik.com\/?s={search_term_string}"},"query-input":{"@type":"PropertyValueSpecification","valueRequired":true,"valueName":"search_term_string"}}],"inLanguage":"tr"},{"@type":"Person","@id":"https:\/\/kibrisdakik.com\/#\/schema\/person\/9cd9d437bbb44f72b73ba127e06d8e79","name":"admin","image":{"@type":"ImageObject","inLanguage":"tr","@id":"https:\/\/secure.gravatar.com\/avatar\/ccc17943b9d660506c869530f897617f7cb1c21a4bf30023f252596d83e1f007?s=96&d=mm&r=g","url":"https:\/\/secure.gravatar.com\/avatar\/ccc17943b9d660506c869530f897617f7cb1c21a4bf30023f252596d83e1f007?s=96&d=mm&r=g","contentUrl":"https:\/\/secure.gravatar.com\/avatar\/ccc17943b9d660506c869530f897617f7cb1c21a4bf30023f252596d83e1f007?s=96&d=mm&r=g","caption":"admin"},"sameAs":["https:\/\/kibrisdakik.com"],"url":"https:\/\/kibrisdakik.com\/?author=1"}]}},"_links":{"self":[{"href":"https:\/\/kibrisdakik.com\/index.php?rest_route=\/wp\/v2\/posts\/31134","targetHints":{"allow":["GET"]}}],"collection":[{"href":"https:\/\/kibrisdakik.com\/index.php?rest_route=\/wp\/v2\/posts"}],"about":[{"href":"https:\/\/kibrisdakik.com\/index.php?rest_route=\/wp\/v2\/types\/post"}],"author":[{"embeddable":true,"href":"https:\/\/kibrisdakik.com\/index.php?rest_route=\/wp\/v2\/users\/1"}],"replies":[{"embeddable":true,"href":"https:\/\/kibrisdakik.com\/index.php?rest_route=%2Fwp%2Fv2%2Fcomments&post=31134"}],"version-history":[{"count":0,"href":"https:\/\/kibrisdakik.com\/index.php?rest_route=\/wp\/v2\/posts\/31134\/revisions"}],"wp:featuredmedia":[{"embeddable":true,"href":"https:\/\/kibrisdakik.com\/index.php?rest_route=\/wp\/v2\/media\/31135"}],"wp:attachment":[{"href":"https:\/\/kibrisdakik.com\/index.php?rest_route=%2Fwp%2Fv2%2Fmedia&parent=31134"}],"wp:term":[{"taxonomy":"category","embeddable":true,"href":"https:\/\/kibrisdakik.com\/index.php?rest_route=%2Fwp%2Fv2%2Fcategories&post=31134"},{"taxonomy":"post_tag","embeddable":true,"href":"https:\/\/kibrisdakik.com\/index.php?rest_route=%2Fwp%2Fv2%2Ftags&post=31134"}],"curies":[{"name":"wp","href":"https:\/\/api.w.org\/{rel}","templated":true}]}}