{"id":31171,"date":"2024-02-25T09:28:48","date_gmt":"2024-02-25T09:28:48","guid":{"rendered":"https:\/\/kibrisdakik.com\/index.php\/2024\/02\/25\/tahil-islahi-tae-tarafindan-yapilmaya-baslandi\/"},"modified":"2024-02-25T09:28:48","modified_gmt":"2024-02-25T09:28:48","slug":"tahil-islahi-tae-tarafindan-yapilmaya-baslandi","status":"publish","type":"post","link":"https:\/\/kibrisdakik.com\/?p=31171","title":{"rendered":"Tah\u0131l \u0131slah\u0131 TAE taraf\u0131ndan yap\u0131lmaya ba\u015fland\u0131"},"content":{"rendered":"<p><img decoding=\"async\" src=\"https:\/\/www.kibristurk.com\/images\/haberler\/2024\/02\/tahil-islahi-tae-tarafindan-yapilmaya-baslandi-1708852821.webp\" \/><\/p>\n<p style=\"text-align:left\"><span style=\"font-size:16px\"><span style=\"font-family:Merriweather,serif !important\"><span style=\"color:#000000\"><span style=\"background-color:#ffffff\">T\u00fcrkiye Tar\u0131msal Ara\u015ft\u0131rma ve Politikalar Genel M\u00fcd\u00fcrl\u00fc\u011f\u00fc (TAGEM) ile 2013\u2019te ba\u015flat\u0131lan \u0131slah \u00e7al\u0131\u015fmalar\u0131nda bug\u00fcne kadar KKTC \u015fartlar\u0131na uygun, mevcut \u00e7e\u015fitlerden d\u00f6n\u00fcm ba\u015f\u0131na verimi daha y\u00fcksek \u201cRe\u015fatbey\u201d ve \u201cBe\u015fparmak\u201d \u00e7e\u015fitleri geli\u015ftirildi.<\/span><\/span><\/span><\/span><\/p>\n<p style=\"text-align:left\"><span style=\"font-size:16px\"><span style=\"font-family:Merriweather,serif !important\"><span style=\"color:#000000\"><span style=\"background-color:#ffffff\">&nbsp;<\/span><\/span><\/span><\/span><\/p>\n<p style=\"text-align:left\"><span style=\"font-size:16px\"><span style=\"font-family:Merriweather,serif !important\"><span style=\"color:#000000\"><span style=\"background-color:#ffffff\">TAGEM ile ba\u015flat\u0131lan melezleme \u00e7al\u0131\u015fmalar\u0131 art\u0131k TAE Lefko\u015fa Fidan Bah\u00e7esinde, TAE uzmanlar\u0131nca yap\u0131l\u0131yor.<\/span><\/span><\/span><\/span><\/p>\n<p style=\"text-align:left\"><span style=\"font-size:16px\"><span style=\"font-family:Merriweather,serif !important\"><span style=\"color:#000000\"><span style=\"background-color:#ffffff\">&nbsp;<\/span><\/span><\/span><\/span><\/p>\n<p style=\"text-align:left\"><span style=\"font-size:16px\"><span style=\"font-family:Merriweather,serif !important\"><span style=\"color:#000000\"><span style=\"background-color:#ffffff\">TAE M\u00fcd\u00fcr\u00fc Cem Karaca TAK\u2019a yapt\u0131\u011f\u0131 a\u00e7\u0131klamada, \u201c\u0130klim, hastal\u0131k ve zararl\u0131lar de\u011fi\u015fken oldu\u011fundan, g\u00fcn\u00fcn \u015fartlar\u0131na daha dayan\u0131kl\u0131 \u00e7e\u015fitlerin \u00e7ift\u00e7ilere sunulmas\u0131 gerekiyor. Bu nedenle devaml\u0131l\u0131k gerektiren melezleme \u00e7al\u0131\u015fmalar\u0131n\u0131n art\u0131k TAE uzmanlar\u0131 taraf\u0131ndan y\u00fcr\u00fct\u00fclmeye ba\u015flanmas\u0131 \u00e7ok \u00f6nemli bir geli\u015fmedir\u201d dedi.<\/span><\/span><\/span><\/span><\/p>\n<p style=\"text-align:left\"><span style=\"font-size:16px\"><span style=\"font-family:Merriweather,serif !important\"><span style=\"color:#000000\"><span style=\"background-color:#ffffff\">&nbsp;<\/span><\/span><\/span><\/span><\/p>\n<p style=\"text-align:left\"><span style=\"font-size:16px\"><span style=\"font-family:Merriweather,serif !important\"><span style=\"color:#000000\"><span style=\"background-color:#ffffff\">Cem Karaca, ama\u00e7lar\u0131n\u0131n kurakl\u0131\u011fa dayan\u0131kl\u0131, g\u00fcn\u00fcn iklim, hastal\u0131k ve zararl\u0131lar\u0131na daha dayan\u0131kl\u0131 ve daha \u00e7ok y\u00fcksek kalitede verim veren \u00e7e\u015fitleri \u00fcretmek oldu\u011funu belirtti.<\/span><\/span><\/span><\/span><\/p>\n<p style=\"text-align:left\"><span style=\"font-size:16px\"><span style=\"font-family:Merriweather,serif !important\"><span style=\"color:#000000\"><span style=\"background-color:#ffffff\">&nbsp;<\/span><\/span><\/span><\/span><\/p>\n<p style=\"text-align:left\"><span style=\"font-size:16px\"><span style=\"font-family:Merriweather,serif !important\"><span style=\"color:#000000\"><span style=\"background-color:#ffffff\">Tah\u0131l \u0131slah \u00e7al\u0131\u015fmalar\u0131n\u0131n \u00fclkede 2013\u2019te TAGEM uzmanlar\u0131yla yap\u0131lmaya ba\u015fland\u0131\u011f\u0131n\u0131 ifade eden Karaca, bu y\u0131ldan itibaren ise TAE uzmanlar\u0131 taraf\u0131ndan melezleme \u00e7al\u0131\u015fmalar\u0131na ba\u015fland\u0131\u011f\u0131n\u0131 a\u00e7\u0131klad\u0131.<\/span><\/span><\/span><\/span><\/p>\n<p style=\"text-align:left\"><span style=\"font-size:16px\"><span style=\"font-family:Merriweather,serif !important\"><span style=\"color:#000000\"><span style=\"background-color:#ffffff\">&nbsp;<\/span><\/span><\/span><\/span><\/p>\n<p style=\"text-align:left\"><span style=\"font-size:16px\"><span style=\"font-family:Merriweather,serif !important\"><span style=\"color:#000000\"><span style=\"background-color:#ffffff\">Karaca, \u201cDeneme parseli kurup, sonu\u00e7 alabilecek bir duruma geldik\u201d dedi.<\/span><\/span><\/span><\/span><\/p>\n<p style=\"text-align:left\"><span style=\"font-size:16px\"><span style=\"font-family:Merriweather,serif !important\"><span style=\"color:#000000\"><span style=\"background-color:#ffffff\">&nbsp;<\/span><\/span><\/span><\/span><\/p>\n<p style=\"text-align:left\"><span style=\"font-size:16px\"><span style=\"font-family:Merriweather,serif !important\"><span style=\"color:#000000\"><span style=\"background-color:#ffffff\">-Kar\u015f\u0131l\u0131: \u201c83 farkl\u0131 arpa bu\u011fdaydan parsel kurduk\u201d<\/span><\/span><\/span><\/span><\/p>\n<p style=\"text-align:left\"><span style=\"font-size:16px\"><span style=\"font-family:Merriweather,serif !important\"><span style=\"color:#000000\"><span style=\"background-color:#ffffff\">&nbsp;<\/span><\/span><\/span><\/span><\/p>\n<p style=\"text-align:left\"><span style=\"font-size:16px\"><span style=\"font-family:Merriweather,serif !important\"><span style=\"color:#000000\"><span style=\"background-color:#ffffff\">TAE Arpa Bu\u011fday Islah Proje Lideri Ziraat M\u00fchendisi Mehmet Kar\u015f\u0131l\u0131, her arpa ve bu\u011fday \u00e7e\u015fidinin genotipinin farkl\u0131 oldu\u011funu, farkl\u0131 \u00f6zelliklere sahip olduklar\u0131n\u0131, melezleme \u00e7al\u0131\u015fmas\u0131nda \u201ciki farkl\u0131 bireyden iyi bir birey \u00e7\u0131kartmaya\u201d \u00e7abalad\u0131klar\u0131n\u0131 kaydetti.<\/span><\/span><\/span><\/span><\/p>\n<p style=\"text-align:left\"><span style=\"font-size:16px\"><span style=\"font-family:Merriweather,serif !important\"><span style=\"color:#000000\"><span style=\"background-color:#ffffff\">&nbsp;<\/span><\/span><\/span><\/span><\/p>\n<p style=\"text-align:left\"><span style=\"font-size:16px\"><span style=\"font-family:Merriweather,serif !important\"><span style=\"color:#000000\"><span style=\"background-color:#ffffff\">TAE Lefko\u015fa \u0130stasyonunda 83 farkl\u0131 \u00e7e\u015fit arpa bu\u011fdaydan olu\u015fan bir parsel kurduklar\u0131n\u0131 belirten Kar\u015f\u0131l\u0131, mevcut parselden 500 adet melez \u00e7\u0131kar\u0131laca\u011f\u0131n\u0131, 300 melezin TAE\u2019nin T\u00fcrkmenk\u00f6y \u0130stasyonunda 5 y\u0131l s\u00fcrecek denemeye al\u0131naca\u011f\u0131n\u0131, burada be\u015f-alt\u0131 istikrarl\u0131 (durulmu\u015f) \u00e7e\u015fidi ise verim denemesine tabi tutacaklar\u0131n\u0131 anlatt\u0131.<\/span><\/span><\/span><\/span><\/p>\n<p style=\"text-align:left\"><span style=\"font-size:16px\"><span style=\"font-family:Merriweather,serif !important\"><span style=\"color:#000000\"><span style=\"background-color:#ffffff\">&nbsp;<\/span><\/span><\/span><\/span><\/p>\n<p style=\"text-align:left\"><span style=\"font-size:16px\"><span style=\"font-family:Merriweather,serif !important\"><span style=\"color:#000000\"><span style=\"background-color:#ffffff\">Bu denemede durulmu\u015f bir hatt\u0131n verimine, hastal\u0131klara ve kurakl\u0131\u011fa kar\u015f\u0131 dayan\u0131kl\u0131l\u0131\u011f\u0131na bak\u0131laca\u011f\u0131n\u0131 belirten Kar\u015f\u0131l\u0131, t\u00fcm s\u00fcrecin yedi-sekiz y\u0131l s\u00fcrece\u011fini belirtti.<\/span><\/span><\/span><\/span><\/p>\n<p style=\"text-align:left\"><span style=\"font-size:16px\"><span style=\"font-family:Merriweather,serif !important\"><span style=\"color:#000000\"><span style=\"background-color:#ffffff\">&nbsp;<\/span><\/span><\/span><\/span><\/p>\n<p style=\"text-align:left\"><span style=\"font-size:16px\"><span style=\"font-family:Merriweather,serif !important\"><span style=\"color:#000000\"><span style=\"background-color:#ffffff\">Kar\u015f\u0131l\u0131, \u201cAmac\u0131m\u0131z TAE olarak kendi melez bah\u00e7emizi kendimizin y\u00f6netmesidir\u201d dedi.<\/span><\/span><\/span><\/span><\/p>\n<p style=\"text-align:left\"><span style=\"font-size:16px\"><span style=\"font-family:Merriweather,serif !important\"><span style=\"color:#000000\"><span style=\"background-color:#ffffff\">&nbsp;<\/span><\/span><\/span><\/span><\/p>\n<p style=\"text-align:left\"><span style=\"font-size:16px\"><span style=\"font-family:Merriweather,serif !important\"><span style=\"color:#000000\"><span style=\"background-color:#ffffff\">-Melezleme<\/span><\/span><\/span><\/span><\/p>\n<p style=\"text-align:left\"><span style=\"font-size:16px\"><span style=\"font-family:Merriweather,serif !important\"><span style=\"color:#000000\"><span style=\"background-color:#ffffff\">&nbsp;<\/span><\/span><\/span><\/span><\/p>\n<p style=\"text-align:left\"><span style=\"font-size:16px\"><span style=\"font-family:Merriweather,serif !important\"><span style=\"color:#000000\"><span style=\"background-color:#ffffff\">Melezleme \u00e7al\u0131\u015fmas\u0131 TAE Lefko\u015fa Fidanl\u0131\u011f\u0131nda kurulan parselde y\u00fcr\u00fct\u00fcl\u00fcyor. \u0130lk a\u015faman\u0131n kastrasyon (k\u0131s\u0131rla\u015ft\u0131rma) i\u015flemi oldu\u011funu belirten Kar\u015f\u0131l\u0131, bu a\u015famada erkek organlardan ayr\u0131lan ba\u015faklar\u0131 \u00f6zel bir zarf i\u00e7ine kapatt\u0131klar\u0131n\u0131, \u00fc\u00e7 g\u00fcn sonra da ba\u015fka bir ba\u015faktan al\u0131nan erkek organlar\u0131 zarf\u0131n i\u00e7ine b\u0131rakt\u0131klar\u0131n\u0131 anlatt\u0131.<\/span><\/span><\/span><\/span><\/p>\n<p style=\"text-align:left\"><span style=\"font-size:16px\"><span style=\"font-family:Merriweather,serif !important\"><span style=\"color:#000000\"><span style=\"background-color:#ffffff\">&nbsp;<\/span><\/span><\/span><\/span><\/p>\n<p style=\"text-align:left\"><span style=\"font-size:16px\"><span style=\"font-family:Merriweather,serif !important\"><span style=\"color:#000000\"><span style=\"background-color:#ffffff\">Melezleme \u00e7al\u0131\u015fmas\u0131nda \u00f6zellikle \u00e7ok eksik y\u00f6nleri olan hatlar\u0131 (\u00e7e\u015fitleri) kullanmad\u0131klar\u0131n\u0131, art\u0131s\u0131 olanlar\u0131 tercih ettiklerini anlatan Kar\u015f\u0131l\u0131, bir y\u00f6n\u00fc eksik hatt\u0131n bazen farkl\u0131 \u00f6zelliklere sahip olabildi\u011fini, geni\u015f yaprakl\u0131, dik geli\u015fen, yatmaya kar\u015f\u0131 direnci olan verimi y\u00fcksek olan hatlar\u0131n bulundu\u011funu anlatt\u0131.<\/span><\/span><\/span><\/span><\/p>\n<p style=\"text-align:left\"><span style=\"font-size:16px\"><span style=\"font-family:Merriweather,serif !important\"><span style=\"color:#000000\"><span style=\"background-color:#ffffff\">&nbsp;<\/span><\/span><\/span><\/span><\/p>\n<p style=\"text-align:left\"><span style=\"font-size:16px\"><span style=\"font-family:Merriweather,serif !important\"><span style=\"color:#000000\"><span style=\"background-color:#ffffff\">Kar\u015f\u0131l\u0131 \u201cTemel ama\u00e7 iyi \u00f6zelli\u011fe sahip iki \u00e7e\u015fidi bir yere toplamakt\u0131r\u201d dedi.<\/span><\/span><\/span><\/span><\/p>\n","protected":false},"excerpt":{"rendered":"<p>T\u00fcrkiye Tar\u0131msal Ara\u015ft\u0131rma ve Politikalar Genel M\u00fcd\u00fcrl\u00fc\u011f\u00fc (TAGEM) ile 2013\u2019te ba\u015flat\u0131lan \u0131slah \u00e7al\u0131\u015fmalar\u0131nda bug\u00fcne kadar KKTC \u015fartlar\u0131na uygun, mevcut \u00e7e\u015fitlerden d\u00f6n\u00fcm ba\u015f\u0131na verimi daha y\u00fcksek \u201cRe\u015fatbey\u201d ve \u201cBe\u015fparmak\u201d \u00e7e\u015fitleri geli\u015ftirildi. &nbsp; TAGEM ile ba\u015flat\u0131lan melezleme \u00e7al\u0131\u015fmalar\u0131 art\u0131k TAE Lefko\u015fa Fidan Bah\u00e7esinde, TAE uzmanlar\u0131nca yap\u0131l\u0131yor. &nbsp; TAE M\u00fcd\u00fcr\u00fc Cem Karaca TAK\u2019a yapt\u0131\u011f\u0131 a\u00e7\u0131klamada, \u201c\u0130klim, hastal\u0131k ve<\/p>\n","protected":false},"author":1,"featured_media":31172,"comment_status":"open","ping_status":"open","sticky":false,"template":"","format":"standard","meta":{"footnotes":""},"categories":[1],"tags":[],"class_list":["post-31171","post","type-post","status-publish","format-standard","has-post-thumbnail","hentry","category-gundem"],"yoast_head":"<!-- This site is optimized with the Yoast SEO plugin v27.5 - https:\/\/yoast.com\/product\/yoast-seo-wordpress\/ -->\n<title>Tah\u0131l \u0131slah\u0131 TAE taraf\u0131ndan yap\u0131lmaya ba\u015fland\u0131 -<\/title>\n<meta name=\"robots\" content=\"index, follow, max-snippet:-1, max-image-preview:large, max-video-preview:-1\" \/>\n<link rel=\"canonical\" href=\"https:\/\/kibrisdakik.com\/?p=31171\" \/>\n<meta property=\"og:locale\" content=\"tr_TR\" \/>\n<meta property=\"og:type\" content=\"article\" \/>\n<meta property=\"og:title\" content=\"Tah\u0131l \u0131slah\u0131 TAE taraf\u0131ndan yap\u0131lmaya ba\u015fland\u0131 -\" \/>\n<meta property=\"og:description\" content=\"T\u00fcrkiye Tar\u0131msal Ara\u015ft\u0131rma ve Politikalar Genel M\u00fcd\u00fcrl\u00fc\u011f\u00fc (TAGEM) ile 2013\u2019te ba\u015flat\u0131lan \u0131slah \u00e7al\u0131\u015fmalar\u0131nda bug\u00fcne kadar KKTC \u015fartlar\u0131na uygun, mevcut \u00e7e\u015fitlerden d\u00f6n\u00fcm ba\u015f\u0131na verimi daha y\u00fcksek \u201cRe\u015fatbey\u201d ve \u201cBe\u015fparmak\u201d \u00e7e\u015fitleri geli\u015ftirildi. &nbsp; TAGEM ile ba\u015flat\u0131lan melezleme \u00e7al\u0131\u015fmalar\u0131 art\u0131k TAE Lefko\u015fa Fidan Bah\u00e7esinde, TAE uzmanlar\u0131nca yap\u0131l\u0131yor. &nbsp; TAE M\u00fcd\u00fcr\u00fc Cem Karaca TAK\u2019a yapt\u0131\u011f\u0131 a\u00e7\u0131klamada, \u201c\u0130klim, hastal\u0131k ve\" \/>\n<meta property=\"og:url\" content=\"https:\/\/kibrisdakik.com\/?p=31171\" \/>\n<meta property=\"article:published_time\" content=\"2024-02-25T09:28:48+00:00\" \/>\n<meta property=\"og:image\" content=\"https:\/\/kibrisdakik.com\/wp-content\/uploads\/2024\/02\/tahil-islahi-tae-tarafindan-yapilmaya-baslandi-1708852821.webp.webp\" \/>\n\t<meta property=\"og:image:width\" content=\"710\" \/>\n\t<meta property=\"og:image:height\" content=\"370\" \/>\n\t<meta property=\"og:image:type\" content=\"image\/webp\" \/>\n<meta name=\"author\" content=\"admin\" \/>\n<meta name=\"twitter:card\" content=\"summary_large_image\" \/>\n<meta name=\"twitter:label1\" content=\"Yazan:\" \/>\n\t<meta name=\"twitter:data1\" content=\"admin\" \/>\n\t<meta name=\"twitter:label2\" content=\"Tahmini okuma s\u00fcresi\" \/>\n\t<meta name=\"twitter:data2\" content=\"3 dakika\" \/>\n<script type=\"application\/ld+json\" class=\"yoast-schema-graph\">{\"@context\":\"https:\\\/\\\/schema.org\",\"@graph\":[{\"@type\":\"Article\",\"@id\":\"https:\\\/\\\/kibrisdakik.com\\\/?p=31171#article\",\"isPartOf\":{\"@id\":\"https:\\\/\\\/kibrisdakik.com\\\/?p=31171\"},\"author\":{\"name\":\"admin\",\"@id\":\"https:\\\/\\\/kibrisdakik.com\\\/#\\\/schema\\\/person\\\/9cd9d437bbb44f72b73ba127e06d8e79\"},\"headline\":\"Tah\u0131l \u0131slah\u0131 TAE taraf\u0131ndan yap\u0131lmaya ba\u015fland\u0131\",\"datePublished\":\"2024-02-25T09:28:48+00:00\",\"mainEntityOfPage\":{\"@id\":\"https:\\\/\\\/kibrisdakik.com\\\/?p=31171\"},\"wordCount\":545,\"commentCount\":0,\"image\":{\"@id\":\"https:\\\/\\\/kibrisdakik.com\\\/?p=31171#primaryimage\"},\"thumbnailUrl\":\"https:\\\/\\\/kibrisdakik.com\\\/wp-content\\\/uploads\\\/2024\\\/02\\\/tahil-islahi-tae-tarafindan-yapilmaya-baslandi-1708852821.webp.webp\",\"articleSection\":[\"G\u00fcndem\"],\"inLanguage\":\"tr\",\"potentialAction\":[{\"@type\":\"CommentAction\",\"name\":\"Comment\",\"target\":[\"https:\\\/\\\/kibrisdakik.com\\\/?p=31171#respond\"]}]},{\"@type\":\"WebPage\",\"@id\":\"https:\\\/\\\/kibrisdakik.com\\\/?p=31171\",\"url\":\"https:\\\/\\\/kibrisdakik.com\\\/?p=31171\",\"name\":\"Tah\u0131l \u0131slah\u0131 TAE taraf\u0131ndan yap\u0131lmaya ba\u015fland\u0131 -\",\"isPartOf\":{\"@id\":\"https:\\\/\\\/kibrisdakik.com\\\/#website\"},\"primaryImageOfPage\":{\"@id\":\"https:\\\/\\\/kibrisdakik.com\\\/?p=31171#primaryimage\"},\"image\":{\"@id\":\"https:\\\/\\\/kibrisdakik.com\\\/?p=31171#primaryimage\"},\"thumbnailUrl\":\"https:\\\/\\\/kibrisdakik.com\\\/wp-content\\\/uploads\\\/2024\\\/02\\\/tahil-islahi-tae-tarafindan-yapilmaya-baslandi-1708852821.webp.webp\",\"datePublished\":\"2024-02-25T09:28:48+00:00\",\"author\":{\"@id\":\"https:\\\/\\\/kibrisdakik.com\\\/#\\\/schema\\\/person\\\/9cd9d437bbb44f72b73ba127e06d8e79\"},\"breadcrumb\":{\"@id\":\"https:\\\/\\\/kibrisdakik.com\\\/?p=31171#breadcrumb\"},\"inLanguage\":\"tr\",\"potentialAction\":[{\"@type\":\"ReadAction\",\"target\":[\"https:\\\/\\\/kibrisdakik.com\\\/?p=31171\"]}]},{\"@type\":\"ImageObject\",\"inLanguage\":\"tr\",\"@id\":\"https:\\\/\\\/kibrisdakik.com\\\/?p=31171#primaryimage\",\"url\":\"https:\\\/\\\/kibrisdakik.com\\\/wp-content\\\/uploads\\\/2024\\\/02\\\/tahil-islahi-tae-tarafindan-yapilmaya-baslandi-1708852821.webp.webp\",\"contentUrl\":\"https:\\\/\\\/kibrisdakik.com\\\/wp-content\\\/uploads\\\/2024\\\/02\\\/tahil-islahi-tae-tarafindan-yapilmaya-baslandi-1708852821.webp.webp\",\"width\":710,\"height\":370},{\"@type\":\"BreadcrumbList\",\"@id\":\"https:\\\/\\\/kibrisdakik.com\\\/?p=31171#breadcrumb\",\"itemListElement\":[{\"@type\":\"ListItem\",\"position\":1,\"name\":\"Home\",\"item\":\"https:\\\/\\\/kibrisdakik.com\\\/\"},{\"@type\":\"ListItem\",\"position\":2,\"name\":\"Tah\u0131l \u0131slah\u0131 TAE taraf\u0131ndan yap\u0131lmaya ba\u015fland\u0131\"}]},{\"@type\":\"WebSite\",\"@id\":\"https:\\\/\\\/kibrisdakik.com\\\/#website\",\"url\":\"https:\\\/\\\/kibrisdakik.com\\\/\",\"name\":\"\",\"description\":\"Tam vaktinde haber\",\"potentialAction\":[{\"@type\":\"SearchAction\",\"target\":{\"@type\":\"EntryPoint\",\"urlTemplate\":\"https:\\\/\\\/kibrisdakik.com\\\/?s={search_term_string}\"},\"query-input\":{\"@type\":\"PropertyValueSpecification\",\"valueRequired\":true,\"valueName\":\"search_term_string\"}}],\"inLanguage\":\"tr\"},{\"@type\":\"Person\",\"@id\":\"https:\\\/\\\/kibrisdakik.com\\\/#\\\/schema\\\/person\\\/9cd9d437bbb44f72b73ba127e06d8e79\",\"name\":\"admin\",\"image\":{\"@type\":\"ImageObject\",\"inLanguage\":\"tr\",\"@id\":\"https:\\\/\\\/secure.gravatar.com\\\/avatar\\\/ccc17943b9d660506c869530f897617f7cb1c21a4bf30023f252596d83e1f007?s=96&d=mm&r=g\",\"url\":\"https:\\\/\\\/secure.gravatar.com\\\/avatar\\\/ccc17943b9d660506c869530f897617f7cb1c21a4bf30023f252596d83e1f007?s=96&d=mm&r=g\",\"contentUrl\":\"https:\\\/\\\/secure.gravatar.com\\\/avatar\\\/ccc17943b9d660506c869530f897617f7cb1c21a4bf30023f252596d83e1f007?s=96&d=mm&r=g\",\"caption\":\"admin\"},\"sameAs\":[\"https:\\\/\\\/kibrisdakik.com\"],\"url\":\"https:\\\/\\\/kibrisdakik.com\\\/?author=1\"}]}<\/script>\n<!-- \/ Yoast SEO plugin. -->","yoast_head_json":{"title":"Tah\u0131l \u0131slah\u0131 TAE taraf\u0131ndan yap\u0131lmaya ba\u015fland\u0131 -","robots":{"index":"index","follow":"follow","max-snippet":"max-snippet:-1","max-image-preview":"max-image-preview:large","max-video-preview":"max-video-preview:-1"},"canonical":"https:\/\/kibrisdakik.com\/?p=31171","og_locale":"tr_TR","og_type":"article","og_title":"Tah\u0131l \u0131slah\u0131 TAE taraf\u0131ndan yap\u0131lmaya ba\u015fland\u0131 -","og_description":"T\u00fcrkiye Tar\u0131msal Ara\u015ft\u0131rma ve Politikalar Genel M\u00fcd\u00fcrl\u00fc\u011f\u00fc (TAGEM) ile 2013\u2019te ba\u015flat\u0131lan \u0131slah \u00e7al\u0131\u015fmalar\u0131nda bug\u00fcne kadar KKTC \u015fartlar\u0131na uygun, mevcut \u00e7e\u015fitlerden d\u00f6n\u00fcm ba\u015f\u0131na verimi daha y\u00fcksek \u201cRe\u015fatbey\u201d ve \u201cBe\u015fparmak\u201d \u00e7e\u015fitleri geli\u015ftirildi. &nbsp; TAGEM ile ba\u015flat\u0131lan melezleme \u00e7al\u0131\u015fmalar\u0131 art\u0131k TAE Lefko\u015fa Fidan Bah\u00e7esinde, TAE uzmanlar\u0131nca yap\u0131l\u0131yor. &nbsp; TAE M\u00fcd\u00fcr\u00fc Cem Karaca TAK\u2019a yapt\u0131\u011f\u0131 a\u00e7\u0131klamada, \u201c\u0130klim, hastal\u0131k ve","og_url":"https:\/\/kibrisdakik.com\/?p=31171","article_published_time":"2024-02-25T09:28:48+00:00","og_image":[{"width":710,"height":370,"url":"https:\/\/kibrisdakik.com\/wp-content\/uploads\/2024\/02\/tahil-islahi-tae-tarafindan-yapilmaya-baslandi-1708852821.webp.webp","type":"image\/webp"}],"author":"admin","twitter_card":"summary_large_image","twitter_misc":{"Yazan:":"admin","Tahmini okuma s\u00fcresi":"3 dakika"},"schema":{"@context":"https:\/\/schema.org","@graph":[{"@type":"Article","@id":"https:\/\/kibrisdakik.com\/?p=31171#article","isPartOf":{"@id":"https:\/\/kibrisdakik.com\/?p=31171"},"author":{"name":"admin","@id":"https:\/\/kibrisdakik.com\/#\/schema\/person\/9cd9d437bbb44f72b73ba127e06d8e79"},"headline":"Tah\u0131l \u0131slah\u0131 TAE taraf\u0131ndan yap\u0131lmaya ba\u015fland\u0131","datePublished":"2024-02-25T09:28:48+00:00","mainEntityOfPage":{"@id":"https:\/\/kibrisdakik.com\/?p=31171"},"wordCount":545,"commentCount":0,"image":{"@id":"https:\/\/kibrisdakik.com\/?p=31171#primaryimage"},"thumbnailUrl":"https:\/\/kibrisdakik.com\/wp-content\/uploads\/2024\/02\/tahil-islahi-tae-tarafindan-yapilmaya-baslandi-1708852821.webp.webp","articleSection":["G\u00fcndem"],"inLanguage":"tr","potentialAction":[{"@type":"CommentAction","name":"Comment","target":["https:\/\/kibrisdakik.com\/?p=31171#respond"]}]},{"@type":"WebPage","@id":"https:\/\/kibrisdakik.com\/?p=31171","url":"https:\/\/kibrisdakik.com\/?p=31171","name":"Tah\u0131l \u0131slah\u0131 TAE taraf\u0131ndan yap\u0131lmaya ba\u015fland\u0131 -","isPartOf":{"@id":"https:\/\/kibrisdakik.com\/#website"},"primaryImageOfPage":{"@id":"https:\/\/kibrisdakik.com\/?p=31171#primaryimage"},"image":{"@id":"https:\/\/kibrisdakik.com\/?p=31171#primaryimage"},"thumbnailUrl":"https:\/\/kibrisdakik.com\/wp-content\/uploads\/2024\/02\/tahil-islahi-tae-tarafindan-yapilmaya-baslandi-1708852821.webp.webp","datePublished":"2024-02-25T09:28:48+00:00","author":{"@id":"https:\/\/kibrisdakik.com\/#\/schema\/person\/9cd9d437bbb44f72b73ba127e06d8e79"},"breadcrumb":{"@id":"https:\/\/kibrisdakik.com\/?p=31171#breadcrumb"},"inLanguage":"tr","potentialAction":[{"@type":"ReadAction","target":["https:\/\/kibrisdakik.com\/?p=31171"]}]},{"@type":"ImageObject","inLanguage":"tr","@id":"https:\/\/kibrisdakik.com\/?p=31171#primaryimage","url":"https:\/\/kibrisdakik.com\/wp-content\/uploads\/2024\/02\/tahil-islahi-tae-tarafindan-yapilmaya-baslandi-1708852821.webp.webp","contentUrl":"https:\/\/kibrisdakik.com\/wp-content\/uploads\/2024\/02\/tahil-islahi-tae-tarafindan-yapilmaya-baslandi-1708852821.webp.webp","width":710,"height":370},{"@type":"BreadcrumbList","@id":"https:\/\/kibrisdakik.com\/?p=31171#breadcrumb","itemListElement":[{"@type":"ListItem","position":1,"name":"Home","item":"https:\/\/kibrisdakik.com\/"},{"@type":"ListItem","position":2,"name":"Tah\u0131l \u0131slah\u0131 TAE taraf\u0131ndan yap\u0131lmaya ba\u015fland\u0131"}]},{"@type":"WebSite","@id":"https:\/\/kibrisdakik.com\/#website","url":"https:\/\/kibrisdakik.com\/","name":"","description":"Tam vaktinde haber","potentialAction":[{"@type":"SearchAction","target":{"@type":"EntryPoint","urlTemplate":"https:\/\/kibrisdakik.com\/?s={search_term_string}"},"query-input":{"@type":"PropertyValueSpecification","valueRequired":true,"valueName":"search_term_string"}}],"inLanguage":"tr"},{"@type":"Person","@id":"https:\/\/kibrisdakik.com\/#\/schema\/person\/9cd9d437bbb44f72b73ba127e06d8e79","name":"admin","image":{"@type":"ImageObject","inLanguage":"tr","@id":"https:\/\/secure.gravatar.com\/avatar\/ccc17943b9d660506c869530f897617f7cb1c21a4bf30023f252596d83e1f007?s=96&d=mm&r=g","url":"https:\/\/secure.gravatar.com\/avatar\/ccc17943b9d660506c869530f897617f7cb1c21a4bf30023f252596d83e1f007?s=96&d=mm&r=g","contentUrl":"https:\/\/secure.gravatar.com\/avatar\/ccc17943b9d660506c869530f897617f7cb1c21a4bf30023f252596d83e1f007?s=96&d=mm&r=g","caption":"admin"},"sameAs":["https:\/\/kibrisdakik.com"],"url":"https:\/\/kibrisdakik.com\/?author=1"}]}},"_links":{"self":[{"href":"https:\/\/kibrisdakik.com\/index.php?rest_route=\/wp\/v2\/posts\/31171","targetHints":{"allow":["GET"]}}],"collection":[{"href":"https:\/\/kibrisdakik.com\/index.php?rest_route=\/wp\/v2\/posts"}],"about":[{"href":"https:\/\/kibrisdakik.com\/index.php?rest_route=\/wp\/v2\/types\/post"}],"author":[{"embeddable":true,"href":"https:\/\/kibrisdakik.com\/index.php?rest_route=\/wp\/v2\/users\/1"}],"replies":[{"embeddable":true,"href":"https:\/\/kibrisdakik.com\/index.php?rest_route=%2Fwp%2Fv2%2Fcomments&post=31171"}],"version-history":[{"count":0,"href":"https:\/\/kibrisdakik.com\/index.php?rest_route=\/wp\/v2\/posts\/31171\/revisions"}],"wp:featuredmedia":[{"embeddable":true,"href":"https:\/\/kibrisdakik.com\/index.php?rest_route=\/wp\/v2\/media\/31172"}],"wp:attachment":[{"href":"https:\/\/kibrisdakik.com\/index.php?rest_route=%2Fwp%2Fv2%2Fmedia&parent=31171"}],"wp:term":[{"taxonomy":"category","embeddable":true,"href":"https:\/\/kibrisdakik.com\/index.php?rest_route=%2Fwp%2Fv2%2Fcategories&post=31171"},{"taxonomy":"post_tag","embeddable":true,"href":"https:\/\/kibrisdakik.com\/index.php?rest_route=%2Fwp%2Fv2%2Ftags&post=31171"}],"curies":[{"name":"wp","href":"https:\/\/api.w.org\/{rel}","templated":true}]}}