{"id":31197,"date":"2024-02-25T16:01:43","date_gmt":"2024-02-25T16:01:43","guid":{"rendered":"https:\/\/kibrisdakik.com\/index.php\/2024\/02\/25\/narenciye-ureticilerini-ziyaret-eden-erhurman-ureticiyi-korumak-icin-planlama-sart\/"},"modified":"2024-02-25T16:01:43","modified_gmt":"2024-02-25T16:01:43","slug":"narenciye-ureticilerini-ziyaret-eden-erhurman-ureticiyi-korumak-icin-planlama-sart","status":"publish","type":"post","link":"https:\/\/kibrisdakik.com\/?p=31197","title":{"rendered":"Narenciye \u00fcreticilerini ziyaret eden Erh\u00fcrman: &quot;\u00dcreticiyi korumak i\u00e7in planlama \u015fart&quot;"},"content":{"rendered":"<p><img decoding=\"async\" src=\"https:\/\/www.kibristurk.com\/images\/haberler\/2024\/02\/narenciye-ureticilerini-ziyaret-eden-erhurman-ureticiyi-korumak-icin-planlama-sart-1708876008.webp\" \/><\/p>\n<p><span style=\"font-size:12pt\"><span style=\"font-family:Calibri,sans-serif\">CTP&#8217;den yap\u0131lan a\u00e7\u0131klamaya g\u00f6re Erh\u00fcrman, ge\u00e7ti\u011fimiz g\u00fcn Lefke\u2019de narenciye \u00fcreticileriyle bir araya geldi ve ya\u015fanan sorunlar\u0131 dinledi, \u00e7\u00f6z\u00fcm \u00f6nerilerini payla\u015ft\u0131. Erh\u00fcrman\u2019a ziyaretlerinde Lefke \u0130l\u00e7e Ba\u015fkan\u0131 Vehit Nekipzade, G\u00fczelyurt \u0130l\u00e7e Ba\u015fkan\u0131 \u00c7a\u011flar Gulamkadir, milletvekilleri, MYK \u00fcyeleri ve \u0130l\u00e7e Y\u00f6netim Kurulu \u00fcyeleri e\u015flik etti. \u0130lk olarak Ye\u015filyurt b\u00f6lgesindeki \u00fcreticilerle bir araya gelen CTP heyeti, ard\u0131ndan Gaziveren ve Do\u011fanc\u0131\u2019daki \u00fcreticilerle bulu\u015ftu. CTP heyeti ayr\u0131ca, b\u00f6lgede dal\u0131nda kalan mandoralar\u0131n oldu\u011fu bah\u00e7eleri de gezerek \u00fcreticilerin sorunlar\u0131n\u0131 yerinde tespit etti. <\/span><\/span><\/p>\n<p>&nbsp;<\/p>\n<p><span style=\"font-size:12pt\"><span style=\"font-family:Calibri,sans-serif\">-\u201cT\u00fcrkiye ile imzalanan taahh\u00fctname yeniden g\u00f6r\u00fc\u015f\u00fclmeli\u201d<\/span><\/span><\/p>\n<p>&nbsp;<\/p>\n<p><span style=\"font-size:12pt\"><span style=\"font-family:Calibri,sans-serif\">Tar\u0131m Bakanl\u0131\u011f\u0131 ile T\u00fcrkiye aras\u0131nda imzalanan taahh\u00fctnameye g\u00f6re, 15 bin ton mandora ihracat\u0131n\u0131n onayland\u0131\u011f\u0131n\u0131 ancak bu rakam\u0131n t\u00fcm ihracat\u00e7\u0131lar\u0131n g\u00f6r\u00fc\u015f\u00fcn\u00fc yans\u0131tmad\u0131\u011f\u0131n\u0131 ifade eden CTP Genel Ba\u015fkan\u0131 Tufan Erh\u00fcrman, bu konuda T\u00fcrkiye Cumhuriyeti yetkilileriyle yeniden g\u00f6r\u00fc\u015fme yap\u0131lmas\u0131 gerekti\u011fini s\u00f6yledi. T\u00fcrkiye\u2019nin 7 bu\u00e7uk milyon ton ihracat hacminin oldu\u011funu, bu rakam\u0131n yan\u0131nda Kuzey K\u0131br\u0131s\u2019tan g\u00f6nderilecek \u00fcr\u00fcnlerin \u00e7ok da b\u00fcy\u00fck bir \u00f6l\u00e7ek olmad\u0131\u011f\u0131n\u0131 dile getiren Erh\u00fcrman, vekt\u00f6r b\u00f6ce\u011finden dolay\u0131 olu\u015fan riskin 15 bin tonda da, 35 bin tonda da ayn\u0131 olaca\u011f\u0131n\u0131 belirtti. <\/span><\/span><\/p>\n<p>&nbsp;<\/p>\n<p>&nbsp;<\/p>\n<p>&nbsp;<\/p>\n<p><span style=\"font-size:12pt\"><span style=\"font-family:Calibri,sans-serif\">-\u201cVekt\u00f6r b\u00f6cek 2023 y\u0131l\u0131n\u0131n A\u011fustos ay\u0131nda tespit edildi\u201d<\/span><\/span><\/p>\n<p>&nbsp;<\/p>\n<p><span style=\"font-size:12pt\"><span style=\"font-family:Calibri,sans-serif\">G\u00fcney K\u0131br\u0131s\u2019\u0131n AB ile yapt\u0131\u011f\u0131 ara\u015ft\u0131rma sonucunda 2023 y\u0131l\u0131n\u0131n A\u011fustos ay\u0131nda vekt\u00f6r b\u00f6ce\u011fi tespit etti\u011fini an\u0131msatan Erh\u00fcrman, bu konuda K\u0131br\u0131sl\u0131 T\u00fcrk yetkililerin ne yapt\u0131\u011f\u0131n\u0131 sordu. Vekt\u00f6r b\u00f6ce\u011fin ge\u00e7i\u015f kap\u0131lar\u0131ndan pasaport g\u00f6stererek ge\u00e7meyece\u011fini, u\u00e7arak g\u00fcneyden kuzeye, kuzeyden de g\u00fcneye ge\u00e7ebilece\u011fini belirten Erh\u00fcrman, \u201cA\u011fustos\u2019ta bu b\u00f6cek tespit edildiyse ve Tar\u0131m Bakanl\u0131\u011f\u0131 Kas\u0131m\u2019da bundan haberdar olmu\u015fsa, \u00e7al\u0131\u015fmalara da ondan sonra ba\u015flam\u0131\u015fsa zaten yeti\u015femezler.\u201d dedi. Ne olursa olsun \u00fcreticinin elinde kalan \u00fcr\u00fcnlerin al\u0131nmas\u0131 gerekti\u011fini vurgulayan Erh\u00fcrman, Bunun i\u00e7in karar\u0131n \u00e7\u0131kmas\u0131 ve bah\u00e7elerdeki tespitlerin yap\u0131lmas\u0131 laz\u0131m. Bu paran\u0131n ne zaman \u00f6denece\u011fi de \u00e7ok \u00f6nemli. T\u00fcrkiye\u2019de 31 Mart\u2019ta se\u00e7im var ve sonras\u0131nda d\u00f6vizin y\u00fckselece\u011fi \u00f6ng\u00f6r\u00fcl\u00fcyor. Bug\u00fcn TL \u00fczerinden bi\u00e7ecekleri de\u011fer, \u00f6deme s\u00fcresinin uzamas\u0131 halinde de\u011fer kaybedecek. B\u00f6yle bir risk var. Biz stabil para birimine endeksli muhasebe derken i\u015fte bu sorunlar\u0131n \u00f6n\u00fcne ge\u00e7mek i\u00e7in diyoruz.\u201d diye konu\u015ftu.<\/span><\/span><\/p>\n<p>&nbsp;<\/p>\n<p>&nbsp;<\/p>\n<p>&nbsp;<\/p>\n<p><span style=\"font-size:12pt\"><span style=\"font-family:Calibri,sans-serif\">-\u201cBir an \u00f6nce bah\u00e7elere girilip do\u011fru tespitin yap\u0131lmas\u0131 laz\u0131m\u201d<\/span><\/span><\/p>\n<p>&nbsp;<\/p>\n<p><span style=\"font-size:12pt\"><span style=\"font-family:Calibri,sans-serif\">H\u00fck\u00fcmet oldu\u011funu iddia edenlerin AB ile derhal temasa ge\u00e7mesi gerekti\u011finin alt\u0131n\u0131 \u00e7izen Erh\u00fcrman, \u201cVekt\u00f6r b\u00f6cek A\u011fustos 2023\u2019te geldi. Avrupa Birli\u011fi\u2019ni ikna etmeye \u00e7al\u0131\u015f\u0131n ki, bize bir t\u00fcr ambargo da onlar uygulamas\u0131n.\u201d dedi. Bakanlar Kurulu\u2019nun bir an \u00f6nce toplan\u0131p karar almas\u0131 ve bah\u00e7elere girerek do\u011fru tespiti yapmas\u0131 gerekti\u011fini i\u015faret eden Erh\u00fcrman, \u201c\u0130nsanlar\u0131 Kas\u0131m ay\u0131na kadar bekletmeyin. Bir an \u00f6nce G\u00fcney K\u0131br\u0131s\u2019la da ileti\u015fime ge\u00e7ip bu hastal\u0131\u011f\u0131n nas\u0131l yok edilebilece\u011fine dair isti\u015fare kurulmas\u0131 gerekiyor. Bunu da ada sath\u0131nda bir planlamayla Avrupa Birli\u011fi\u2019nin finansman\u0131yla yap\u0131lmas\u0131 gerekir. Vekt\u00f6r b\u00f6cek s\u0131n\u0131rda pasaport g\u00f6stermez, oradan buraya, buradan da oraya u\u00e7acak. Dolay\u0131s\u0131 ile ancak adan\u0131n tamam\u0131nda bir \u00e7al\u0131\u015fma yap\u0131l\u0131rsa sonu\u00e7 al\u0131nabilir. Bizim CTP olarak yapmay\u0131 planlad\u0131\u011f\u0131m\u0131z giri\u015fimlerin y\u00f6nelece\u011fi adresler bunlard\u0131r.\u201d dedi.<\/span><\/span><\/p>\n","protected":false},"excerpt":{"rendered":"<p>CTP&#8217;den yap\u0131lan a\u00e7\u0131klamaya g\u00f6re Erh\u00fcrman, ge\u00e7ti\u011fimiz g\u00fcn Lefke\u2019de narenciye \u00fcreticileriyle bir araya geldi ve ya\u015fanan sorunlar\u0131 dinledi, \u00e7\u00f6z\u00fcm \u00f6nerilerini payla\u015ft\u0131. Erh\u00fcrman\u2019a ziyaretlerinde Lefke \u0130l\u00e7e Ba\u015fkan\u0131 Vehit Nekipzade, G\u00fczelyurt \u0130l\u00e7e Ba\u015fkan\u0131 \u00c7a\u011flar Gulamkadir, milletvekilleri, MYK \u00fcyeleri ve \u0130l\u00e7e Y\u00f6netim Kurulu \u00fcyeleri e\u015flik etti. \u0130lk olarak Ye\u015filyurt b\u00f6lgesindeki \u00fcreticilerle bir araya gelen CTP heyeti, ard\u0131ndan Gaziveren ve<\/p>\n","protected":false},"author":1,"featured_media":31198,"comment_status":"open","ping_status":"open","sticky":false,"template":"","format":"standard","meta":{"footnotes":""},"categories":[1],"tags":[],"class_list":["post-31197","post","type-post","status-publish","format-standard","has-post-thumbnail","hentry","category-gundem"],"yoast_head":"<!-- This site is optimized with the Yoast SEO plugin v27.5 - https:\/\/yoast.com\/product\/yoast-seo-wordpress\/ -->\n<title>Narenciye \u00fcreticilerini ziyaret eden Erh\u00fcrman: &quot;\u00dcreticiyi korumak i\u00e7in planlama \u015fart&quot; -<\/title>\n<meta name=\"robots\" content=\"index, follow, max-snippet:-1, max-image-preview:large, max-video-preview:-1\" \/>\n<link rel=\"canonical\" href=\"https:\/\/kibrisdakik.com\/?p=31197\" \/>\n<meta property=\"og:locale\" content=\"tr_TR\" \/>\n<meta property=\"og:type\" content=\"article\" \/>\n<meta property=\"og:title\" content=\"Narenciye \u00fcreticilerini ziyaret eden Erh\u00fcrman: &quot;\u00dcreticiyi korumak i\u00e7in planlama \u015fart&quot; -\" \/>\n<meta property=\"og:description\" content=\"CTP&#8217;den yap\u0131lan a\u00e7\u0131klamaya g\u00f6re Erh\u00fcrman, ge\u00e7ti\u011fimiz g\u00fcn Lefke\u2019de narenciye \u00fcreticileriyle bir araya geldi ve ya\u015fanan sorunlar\u0131 dinledi, \u00e7\u00f6z\u00fcm \u00f6nerilerini payla\u015ft\u0131. Erh\u00fcrman\u2019a ziyaretlerinde Lefke \u0130l\u00e7e Ba\u015fkan\u0131 Vehit Nekipzade, G\u00fczelyurt \u0130l\u00e7e Ba\u015fkan\u0131 \u00c7a\u011flar Gulamkadir, milletvekilleri, MYK \u00fcyeleri ve \u0130l\u00e7e Y\u00f6netim Kurulu \u00fcyeleri e\u015flik etti. \u0130lk olarak Ye\u015filyurt b\u00f6lgesindeki \u00fcreticilerle bir araya gelen CTP heyeti, ard\u0131ndan Gaziveren ve\" \/>\n<meta property=\"og:url\" content=\"https:\/\/kibrisdakik.com\/?p=31197\" \/>\n<meta property=\"article:published_time\" content=\"2024-02-25T16:01:43+00:00\" \/>\n<meta property=\"og:image\" content=\"https:\/\/kibrisdakik.com\/wp-content\/uploads\/2024\/02\/narenciye-ureticilerini-ziyaret-eden-erhurman-ureticiyi-korumak-icin-planlama-sart-1708876008.webp.webp\" \/>\n\t<meta property=\"og:image:width\" content=\"710\" \/>\n\t<meta property=\"og:image:height\" content=\"370\" \/>\n\t<meta property=\"og:image:type\" content=\"image\/webp\" \/>\n<meta name=\"author\" content=\"admin\" \/>\n<meta name=\"twitter:card\" content=\"summary_large_image\" \/>\n<meta name=\"twitter:label1\" content=\"Yazan:\" \/>\n\t<meta name=\"twitter:data1\" content=\"admin\" \/>\n\t<meta name=\"twitter:label2\" content=\"Tahmini okuma s\u00fcresi\" \/>\n\t<meta name=\"twitter:data2\" content=\"3 dakika\" \/>\n<script type=\"application\/ld+json\" class=\"yoast-schema-graph\">{\"@context\":\"https:\\\/\\\/schema.org\",\"@graph\":[{\"@type\":\"Article\",\"@id\":\"https:\\\/\\\/kibrisdakik.com\\\/?p=31197#article\",\"isPartOf\":{\"@id\":\"https:\\\/\\\/kibrisdakik.com\\\/?p=31197\"},\"author\":{\"name\":\"admin\",\"@id\":\"https:\\\/\\\/kibrisdakik.com\\\/#\\\/schema\\\/person\\\/9cd9d437bbb44f72b73ba127e06d8e79\"},\"headline\":\"Narenciye \u00fcreticilerini ziyaret eden Erh\u00fcrman: &quot;\u00dcreticiyi korumak i\u00e7in planlama \u015fart&quot;\",\"datePublished\":\"2024-02-25T16:01:43+00:00\",\"mainEntityOfPage\":{\"@id\":\"https:\\\/\\\/kibrisdakik.com\\\/?p=31197\"},\"wordCount\":673,\"commentCount\":0,\"image\":{\"@id\":\"https:\\\/\\\/kibrisdakik.com\\\/?p=31197#primaryimage\"},\"thumbnailUrl\":\"https:\\\/\\\/kibrisdakik.com\\\/wp-content\\\/uploads\\\/2024\\\/02\\\/narenciye-ureticilerini-ziyaret-eden-erhurman-ureticiyi-korumak-icin-planlama-sart-1708876008.webp.webp\",\"articleSection\":[\"G\u00fcndem\"],\"inLanguage\":\"tr\",\"potentialAction\":[{\"@type\":\"CommentAction\",\"name\":\"Comment\",\"target\":[\"https:\\\/\\\/kibrisdakik.com\\\/?p=31197#respond\"]}]},{\"@type\":\"WebPage\",\"@id\":\"https:\\\/\\\/kibrisdakik.com\\\/?p=31197\",\"url\":\"https:\\\/\\\/kibrisdakik.com\\\/?p=31197\",\"name\":\"Narenciye \u00fcreticilerini ziyaret eden Erh\u00fcrman: &quot;\u00dcreticiyi korumak i\u00e7in planlama \u015fart&quot; -\",\"isPartOf\":{\"@id\":\"https:\\\/\\\/kibrisdakik.com\\\/#website\"},\"primaryImageOfPage\":{\"@id\":\"https:\\\/\\\/kibrisdakik.com\\\/?p=31197#primaryimage\"},\"image\":{\"@id\":\"https:\\\/\\\/kibrisdakik.com\\\/?p=31197#primaryimage\"},\"thumbnailUrl\":\"https:\\\/\\\/kibrisdakik.com\\\/wp-content\\\/uploads\\\/2024\\\/02\\\/narenciye-ureticilerini-ziyaret-eden-erhurman-ureticiyi-korumak-icin-planlama-sart-1708876008.webp.webp\",\"datePublished\":\"2024-02-25T16:01:43+00:00\",\"author\":{\"@id\":\"https:\\\/\\\/kibrisdakik.com\\\/#\\\/schema\\\/person\\\/9cd9d437bbb44f72b73ba127e06d8e79\"},\"breadcrumb\":{\"@id\":\"https:\\\/\\\/kibrisdakik.com\\\/?p=31197#breadcrumb\"},\"inLanguage\":\"tr\",\"potentialAction\":[{\"@type\":\"ReadAction\",\"target\":[\"https:\\\/\\\/kibrisdakik.com\\\/?p=31197\"]}]},{\"@type\":\"ImageObject\",\"inLanguage\":\"tr\",\"@id\":\"https:\\\/\\\/kibrisdakik.com\\\/?p=31197#primaryimage\",\"url\":\"https:\\\/\\\/kibrisdakik.com\\\/wp-content\\\/uploads\\\/2024\\\/02\\\/narenciye-ureticilerini-ziyaret-eden-erhurman-ureticiyi-korumak-icin-planlama-sart-1708876008.webp.webp\",\"contentUrl\":\"https:\\\/\\\/kibrisdakik.com\\\/wp-content\\\/uploads\\\/2024\\\/02\\\/narenciye-ureticilerini-ziyaret-eden-erhurman-ureticiyi-korumak-icin-planlama-sart-1708876008.webp.webp\",\"width\":710,\"height\":370},{\"@type\":\"BreadcrumbList\",\"@id\":\"https:\\\/\\\/kibrisdakik.com\\\/?p=31197#breadcrumb\",\"itemListElement\":[{\"@type\":\"ListItem\",\"position\":1,\"name\":\"Home\",\"item\":\"https:\\\/\\\/kibrisdakik.com\\\/\"},{\"@type\":\"ListItem\",\"position\":2,\"name\":\"Narenciye \u00fcreticilerini ziyaret eden Erh\u00fcrman: &quot;\u00dcreticiyi korumak i\u00e7in planlama \u015fart&quot;\"}]},{\"@type\":\"WebSite\",\"@id\":\"https:\\\/\\\/kibrisdakik.com\\\/#website\",\"url\":\"https:\\\/\\\/kibrisdakik.com\\\/\",\"name\":\"\",\"description\":\"Tam vaktinde haber\",\"potentialAction\":[{\"@type\":\"SearchAction\",\"target\":{\"@type\":\"EntryPoint\",\"urlTemplate\":\"https:\\\/\\\/kibrisdakik.com\\\/?s={search_term_string}\"},\"query-input\":{\"@type\":\"PropertyValueSpecification\",\"valueRequired\":true,\"valueName\":\"search_term_string\"}}],\"inLanguage\":\"tr\"},{\"@type\":\"Person\",\"@id\":\"https:\\\/\\\/kibrisdakik.com\\\/#\\\/schema\\\/person\\\/9cd9d437bbb44f72b73ba127e06d8e79\",\"name\":\"admin\",\"image\":{\"@type\":\"ImageObject\",\"inLanguage\":\"tr\",\"@id\":\"https:\\\/\\\/secure.gravatar.com\\\/avatar\\\/ccc17943b9d660506c869530f897617f7cb1c21a4bf30023f252596d83e1f007?s=96&d=mm&r=g\",\"url\":\"https:\\\/\\\/secure.gravatar.com\\\/avatar\\\/ccc17943b9d660506c869530f897617f7cb1c21a4bf30023f252596d83e1f007?s=96&d=mm&r=g\",\"contentUrl\":\"https:\\\/\\\/secure.gravatar.com\\\/avatar\\\/ccc17943b9d660506c869530f897617f7cb1c21a4bf30023f252596d83e1f007?s=96&d=mm&r=g\",\"caption\":\"admin\"},\"sameAs\":[\"https:\\\/\\\/kibrisdakik.com\"],\"url\":\"https:\\\/\\\/kibrisdakik.com\\\/?author=1\"}]}<\/script>\n<!-- \/ Yoast SEO plugin. -->","yoast_head_json":{"title":"Narenciye \u00fcreticilerini ziyaret eden Erh\u00fcrman: &quot;\u00dcreticiyi korumak i\u00e7in planlama \u015fart&quot; -","robots":{"index":"index","follow":"follow","max-snippet":"max-snippet:-1","max-image-preview":"max-image-preview:large","max-video-preview":"max-video-preview:-1"},"canonical":"https:\/\/kibrisdakik.com\/?p=31197","og_locale":"tr_TR","og_type":"article","og_title":"Narenciye \u00fcreticilerini ziyaret eden Erh\u00fcrman: &quot;\u00dcreticiyi korumak i\u00e7in planlama \u015fart&quot; -","og_description":"CTP&#8217;den yap\u0131lan a\u00e7\u0131klamaya g\u00f6re Erh\u00fcrman, ge\u00e7ti\u011fimiz g\u00fcn Lefke\u2019de narenciye \u00fcreticileriyle bir araya geldi ve ya\u015fanan sorunlar\u0131 dinledi, \u00e7\u00f6z\u00fcm \u00f6nerilerini payla\u015ft\u0131. Erh\u00fcrman\u2019a ziyaretlerinde Lefke \u0130l\u00e7e Ba\u015fkan\u0131 Vehit Nekipzade, G\u00fczelyurt \u0130l\u00e7e Ba\u015fkan\u0131 \u00c7a\u011flar Gulamkadir, milletvekilleri, MYK \u00fcyeleri ve \u0130l\u00e7e Y\u00f6netim Kurulu \u00fcyeleri e\u015flik etti. \u0130lk olarak Ye\u015filyurt b\u00f6lgesindeki \u00fcreticilerle bir araya gelen CTP heyeti, ard\u0131ndan Gaziveren ve","og_url":"https:\/\/kibrisdakik.com\/?p=31197","article_published_time":"2024-02-25T16:01:43+00:00","og_image":[{"width":710,"height":370,"url":"https:\/\/kibrisdakik.com\/wp-content\/uploads\/2024\/02\/narenciye-ureticilerini-ziyaret-eden-erhurman-ureticiyi-korumak-icin-planlama-sart-1708876008.webp.webp","type":"image\/webp"}],"author":"admin","twitter_card":"summary_large_image","twitter_misc":{"Yazan:":"admin","Tahmini okuma s\u00fcresi":"3 dakika"},"schema":{"@context":"https:\/\/schema.org","@graph":[{"@type":"Article","@id":"https:\/\/kibrisdakik.com\/?p=31197#article","isPartOf":{"@id":"https:\/\/kibrisdakik.com\/?p=31197"},"author":{"name":"admin","@id":"https:\/\/kibrisdakik.com\/#\/schema\/person\/9cd9d437bbb44f72b73ba127e06d8e79"},"headline":"Narenciye \u00fcreticilerini ziyaret eden Erh\u00fcrman: &quot;\u00dcreticiyi korumak i\u00e7in planlama \u015fart&quot;","datePublished":"2024-02-25T16:01:43+00:00","mainEntityOfPage":{"@id":"https:\/\/kibrisdakik.com\/?p=31197"},"wordCount":673,"commentCount":0,"image":{"@id":"https:\/\/kibrisdakik.com\/?p=31197#primaryimage"},"thumbnailUrl":"https:\/\/kibrisdakik.com\/wp-content\/uploads\/2024\/02\/narenciye-ureticilerini-ziyaret-eden-erhurman-ureticiyi-korumak-icin-planlama-sart-1708876008.webp.webp","articleSection":["G\u00fcndem"],"inLanguage":"tr","potentialAction":[{"@type":"CommentAction","name":"Comment","target":["https:\/\/kibrisdakik.com\/?p=31197#respond"]}]},{"@type":"WebPage","@id":"https:\/\/kibrisdakik.com\/?p=31197","url":"https:\/\/kibrisdakik.com\/?p=31197","name":"Narenciye \u00fcreticilerini ziyaret eden Erh\u00fcrman: &quot;\u00dcreticiyi korumak i\u00e7in planlama \u015fart&quot; -","isPartOf":{"@id":"https:\/\/kibrisdakik.com\/#website"},"primaryImageOfPage":{"@id":"https:\/\/kibrisdakik.com\/?p=31197#primaryimage"},"image":{"@id":"https:\/\/kibrisdakik.com\/?p=31197#primaryimage"},"thumbnailUrl":"https:\/\/kibrisdakik.com\/wp-content\/uploads\/2024\/02\/narenciye-ureticilerini-ziyaret-eden-erhurman-ureticiyi-korumak-icin-planlama-sart-1708876008.webp.webp","datePublished":"2024-02-25T16:01:43+00:00","author":{"@id":"https:\/\/kibrisdakik.com\/#\/schema\/person\/9cd9d437bbb44f72b73ba127e06d8e79"},"breadcrumb":{"@id":"https:\/\/kibrisdakik.com\/?p=31197#breadcrumb"},"inLanguage":"tr","potentialAction":[{"@type":"ReadAction","target":["https:\/\/kibrisdakik.com\/?p=31197"]}]},{"@type":"ImageObject","inLanguage":"tr","@id":"https:\/\/kibrisdakik.com\/?p=31197#primaryimage","url":"https:\/\/kibrisdakik.com\/wp-content\/uploads\/2024\/02\/narenciye-ureticilerini-ziyaret-eden-erhurman-ureticiyi-korumak-icin-planlama-sart-1708876008.webp.webp","contentUrl":"https:\/\/kibrisdakik.com\/wp-content\/uploads\/2024\/02\/narenciye-ureticilerini-ziyaret-eden-erhurman-ureticiyi-korumak-icin-planlama-sart-1708876008.webp.webp","width":710,"height":370},{"@type":"BreadcrumbList","@id":"https:\/\/kibrisdakik.com\/?p=31197#breadcrumb","itemListElement":[{"@type":"ListItem","position":1,"name":"Home","item":"https:\/\/kibrisdakik.com\/"},{"@type":"ListItem","position":2,"name":"Narenciye \u00fcreticilerini ziyaret eden Erh\u00fcrman: &quot;\u00dcreticiyi korumak i\u00e7in planlama \u015fart&quot;"}]},{"@type":"WebSite","@id":"https:\/\/kibrisdakik.com\/#website","url":"https:\/\/kibrisdakik.com\/","name":"","description":"Tam vaktinde haber","potentialAction":[{"@type":"SearchAction","target":{"@type":"EntryPoint","urlTemplate":"https:\/\/kibrisdakik.com\/?s={search_term_string}"},"query-input":{"@type":"PropertyValueSpecification","valueRequired":true,"valueName":"search_term_string"}}],"inLanguage":"tr"},{"@type":"Person","@id":"https:\/\/kibrisdakik.com\/#\/schema\/person\/9cd9d437bbb44f72b73ba127e06d8e79","name":"admin","image":{"@type":"ImageObject","inLanguage":"tr","@id":"https:\/\/secure.gravatar.com\/avatar\/ccc17943b9d660506c869530f897617f7cb1c21a4bf30023f252596d83e1f007?s=96&d=mm&r=g","url":"https:\/\/secure.gravatar.com\/avatar\/ccc17943b9d660506c869530f897617f7cb1c21a4bf30023f252596d83e1f007?s=96&d=mm&r=g","contentUrl":"https:\/\/secure.gravatar.com\/avatar\/ccc17943b9d660506c869530f897617f7cb1c21a4bf30023f252596d83e1f007?s=96&d=mm&r=g","caption":"admin"},"sameAs":["https:\/\/kibrisdakik.com"],"url":"https:\/\/kibrisdakik.com\/?author=1"}]}},"_links":{"self":[{"href":"https:\/\/kibrisdakik.com\/index.php?rest_route=\/wp\/v2\/posts\/31197","targetHints":{"allow":["GET"]}}],"collection":[{"href":"https:\/\/kibrisdakik.com\/index.php?rest_route=\/wp\/v2\/posts"}],"about":[{"href":"https:\/\/kibrisdakik.com\/index.php?rest_route=\/wp\/v2\/types\/post"}],"author":[{"embeddable":true,"href":"https:\/\/kibrisdakik.com\/index.php?rest_route=\/wp\/v2\/users\/1"}],"replies":[{"embeddable":true,"href":"https:\/\/kibrisdakik.com\/index.php?rest_route=%2Fwp%2Fv2%2Fcomments&post=31197"}],"version-history":[{"count":0,"href":"https:\/\/kibrisdakik.com\/index.php?rest_route=\/wp\/v2\/posts\/31197\/revisions"}],"wp:featuredmedia":[{"embeddable":true,"href":"https:\/\/kibrisdakik.com\/index.php?rest_route=\/wp\/v2\/media\/31198"}],"wp:attachment":[{"href":"https:\/\/kibrisdakik.com\/index.php?rest_route=%2Fwp%2Fv2%2Fmedia&parent=31197"}],"wp:term":[{"taxonomy":"category","embeddable":true,"href":"https:\/\/kibrisdakik.com\/index.php?rest_route=%2Fwp%2Fv2%2Fcategories&post=31197"},{"taxonomy":"post_tag","embeddable":true,"href":"https:\/\/kibrisdakik.com\/index.php?rest_route=%2Fwp%2Fv2%2Ftags&post=31197"}],"curies":[{"name":"wp","href":"https:\/\/api.w.org\/{rel}","templated":true}]}}