{"id":3120,"date":"2023-03-12T19:29:16","date_gmt":"2023-03-12T19:29:16","guid":{"rendered":"https:\/\/kibrisdakik.com\/index.php\/2023\/03\/12\/kucuk-katil-pedro-lakapli-unlu-seri-katil-sao-pauloda-vurularak-olduruldu\/"},"modified":"2023-03-12T19:29:16","modified_gmt":"2023-03-12T19:29:16","slug":"kucuk-katil-pedro-lakapli-unlu-seri-katil-sao-pauloda-vurularak-olduruldu","status":"publish","type":"post","link":"https:\/\/kibrisdakik.com\/?p=3120","title":{"rendered":"&#8220;K\u00fc\u00e7\u00fck Katil Pedro&#8221; lakapl\u0131 \u00fcnl\u00fc seri katil, Sao Paulo&#8217;da vurularak \u00f6ld\u00fcr\u00fcld\u00fc"},"content":{"rendered":"<p>Metropoles gazetesinin haberine g\u00f6re, \u00fclkenin en k\u00f6t\u00fc \u015f\u00f6hretli seri katillerinden biri oldu\u011funa inan\u0131lan 68 ya\u015f\u0131ndaki Filho d\u00fcn \u00f6ld\u00fcr\u00fcld\u00fc.EV\u0130N\u0130N \u00d6N\u00dcNDE DEFALARCA ATE\u015e ETT\u0130LERSilahl\u0131 iki sald\u0131rgan, Portekizcede &#8220;Pedrinho Matador&#8221; veya &#8220;K\u00fc\u00e7\u00fck Katil Pedro&#8221; olarak bilinen Filho&#8217;ya Sao Paulo eyaletinin Mogi das Cruzes b\u00f6lgesindeki evinin \u00f6n\u00fcnde defalarca ate\u015f etti.71 C\u0130NAYETTEN SU\u00c7LU BULUNDU\u0130lk kez 1973&#8217;te tutuklanan ve 2007&#8217;de hapisten \u00e7\u0131kan Filho, daha sonra iki kez daha hapis cezas\u0131 ald\u0131. Filho, 71 cinayetten su\u00e7lu bulundu ve toplamda 42 y\u0131l hapis yatt\u0131ktan sonra 2017&#8217;de serbest b\u0131rak\u0131ld\u0131.KEND\u0130 BABASINI \u00d6LD\u00dcRD\u00dc\u011e\u00dcN\u00dc \u0130T\u0130RAF ETM\u0130\u015eFilho, hayat\u0131 boyunca kendi babas\u0131 dahil 100&#8217;den fazla ki\u015fiyi \u00f6ld\u00fcrd\u00fc\u011f\u00fcn\u00fc iddia etmesine ra\u011fmen, &#8220;Ben canavar de\u011filim&#8221; ba\u015fl\u0131kl\u0131 bir otobiyografi yay\u0131nlam\u0131\u015ft\u0131. Soru\u015fturmaya devam eden yetkililer, Filho&#8217;nun \u00f6ld\u00fcr\u00fclmesinin intikam cinayeti olabilece\u011finden \u015f\u00fcpheleniyor.Kaynak: AA \/  G\u00fcncel  Sao Paulo  Brezilya  D\u00fcnya  G\u00fcncel  Haberler<\/p>\n","protected":false},"excerpt":{"rendered":"<p>Metropoles gazetesinin haberine g\u00f6re, \u00fclkenin en k\u00f6t\u00fc \u015f\u00f6hretli seri katillerinden biri oldu\u011funa inan\u0131lan 68 ya\u015f\u0131ndaki Filho d\u00fcn \u00f6ld\u00fcr\u00fcld\u00fc.EV\u0130N\u0130N \u00d6N\u00dcNDE DEFALARCA ATE\u015e ETT\u0130LERSilahl\u0131 iki sald\u0131rgan, Portekizcede &#8220;Pedrinho Matador&#8221; veya &#8220;K\u00fc\u00e7\u00fck Katil Pedro&#8221; olarak bilinen Filho&#8217;ya Sao Paulo eyaletinin Mogi das Cruzes b\u00f6lgesindeki evinin \u00f6n\u00fcnde defalarca ate\u015f etti.71 C\u0130NAYETTEN SU\u00c7LU BULUNDU\u0130lk kez 1973&#8217;te tutuklanan ve 2007&#8217;de hapisten<\/p>\n","protected":false},"author":1,"featured_media":3121,"comment_status":"open","ping_status":"open","sticky":false,"template":"","format":"standard","meta":{"footnotes":""},"categories":[1],"tags":[],"class_list":["post-3120","post","type-post","status-publish","format-standard","has-post-thumbnail","hentry","category-gundem"],"yoast_head":"<!-- This site is optimized with the Yoast SEO plugin v27.4 - https:\/\/yoast.com\/product\/yoast-seo-wordpress\/ -->\n<title>&quot;K\u00fc\u00e7\u00fck Katil Pedro&quot; lakapl\u0131 \u00fcnl\u00fc seri katil, Sao Paulo&#039;da vurularak \u00f6ld\u00fcr\u00fcld\u00fc -<\/title>\n<meta name=\"robots\" content=\"index, follow, max-snippet:-1, max-image-preview:large, max-video-preview:-1\" \/>\n<link rel=\"canonical\" href=\"https:\/\/kibrisdakik.com\/?p=3120\" \/>\n<meta property=\"og:locale\" content=\"tr_TR\" \/>\n<meta property=\"og:type\" content=\"article\" \/>\n<meta property=\"og:title\" content=\"&quot;K\u00fc\u00e7\u00fck Katil Pedro&quot; lakapl\u0131 \u00fcnl\u00fc seri katil, Sao Paulo&#039;da vurularak \u00f6ld\u00fcr\u00fcld\u00fc -\" \/>\n<meta property=\"og:description\" content=\"Metropoles gazetesinin haberine g\u00f6re, \u00fclkenin en k\u00f6t\u00fc \u015f\u00f6hretli seri katillerinden biri oldu\u011funa inan\u0131lan 68 ya\u015f\u0131ndaki Filho d\u00fcn \u00f6ld\u00fcr\u00fcld\u00fc.EV\u0130N\u0130N \u00d6N\u00dcNDE DEFALARCA ATE\u015e ETT\u0130LERSilahl\u0131 iki sald\u0131rgan, Portekizcede &#8220;Pedrinho Matador&#8221; veya &#8220;K\u00fc\u00e7\u00fck Katil Pedro&#8221; olarak bilinen Filho&#8217;ya Sao Paulo eyaletinin Mogi das Cruzes b\u00f6lgesindeki evinin \u00f6n\u00fcnde defalarca ate\u015f etti.71 C\u0130NAYETTEN SU\u00c7LU BULUNDU\u0130lk kez 1973&#8217;te tutuklanan ve 2007&#8217;de hapisten\" \/>\n<meta property=\"og:url\" content=\"https:\/\/kibrisdakik.com\/?p=3120\" \/>\n<meta property=\"article:published_time\" content=\"2023-03-12T19:29:16+00:00\" \/>\n<meta property=\"og:image\" content=\"https:\/\/kibrisdakik.com\/wp-content\/uploads\/2023\/03\/kucuk-katil-pedro-lakapli-unlu-seri-katil-sao-pauloda-vurularak-olduruldu-740x420.jpg\" \/>\n\t<meta property=\"og:image:width\" content=\"1202\" \/>\n\t<meta property=\"og:image:height\" content=\"675\" \/>\n\t<meta property=\"og:image:type\" content=\"image\/jpeg\" \/>\n<meta name=\"author\" content=\"admin\" \/>\n<meta name=\"twitter:card\" content=\"summary_large_image\" \/>\n<meta name=\"twitter:label1\" content=\"Yazan:\" \/>\n\t<meta name=\"twitter:data1\" content=\"admin\" \/>\n\t<meta name=\"twitter:label2\" content=\"Tahmini okuma s\u00fcresi\" \/>\n\t<meta name=\"twitter:data2\" content=\"1 dakika\" \/>\n<script type=\"application\/ld+json\" class=\"yoast-schema-graph\">{\"@context\":\"https:\\\/\\\/schema.org\",\"@graph\":[{\"@type\":\"Article\",\"@id\":\"https:\\\/\\\/kibrisdakik.com\\\/?p=3120#article\",\"isPartOf\":{\"@id\":\"https:\\\/\\\/kibrisdakik.com\\\/?p=3120\"},\"author\":{\"name\":\"admin\",\"@id\":\"https:\\\/\\\/kibrisdakik.com\\\/#\\\/schema\\\/person\\\/9cd9d437bbb44f72b73ba127e06d8e79\"},\"headline\":\"&#8220;K\u00fc\u00e7\u00fck Katil Pedro&#8221; lakapl\u0131 \u00fcnl\u00fc seri katil, Sao Paulo&#8217;da vurularak \u00f6ld\u00fcr\u00fcld\u00fc\",\"datePublished\":\"2023-03-12T19:29:16+00:00\",\"mainEntityOfPage\":{\"@id\":\"https:\\\/\\\/kibrisdakik.com\\\/?p=3120\"},\"wordCount\":179,\"commentCount\":0,\"image\":{\"@id\":\"https:\\\/\\\/kibrisdakik.com\\\/?p=3120#primaryimage\"},\"thumbnailUrl\":\"https:\\\/\\\/kibrisdakik.com\\\/wp-content\\\/uploads\\\/2023\\\/03\\\/kucuk-katil-pedro-lakapli-unlu-seri-katil-sao-pauloda-vurularak-olduruldu-740x420.jpg\",\"articleSection\":[\"G\u00fcndem\"],\"inLanguage\":\"tr\",\"potentialAction\":[{\"@type\":\"CommentAction\",\"name\":\"Comment\",\"target\":[\"https:\\\/\\\/kibrisdakik.com\\\/?p=3120#respond\"]}]},{\"@type\":\"WebPage\",\"@id\":\"https:\\\/\\\/kibrisdakik.com\\\/?p=3120\",\"url\":\"https:\\\/\\\/kibrisdakik.com\\\/?p=3120\",\"name\":\"\\\"K\u00fc\u00e7\u00fck Katil Pedro\\\" lakapl\u0131 \u00fcnl\u00fc seri katil, Sao Paulo'da vurularak \u00f6ld\u00fcr\u00fcld\u00fc -\",\"isPartOf\":{\"@id\":\"https:\\\/\\\/kibrisdakik.com\\\/#website\"},\"primaryImageOfPage\":{\"@id\":\"https:\\\/\\\/kibrisdakik.com\\\/?p=3120#primaryimage\"},\"image\":{\"@id\":\"https:\\\/\\\/kibrisdakik.com\\\/?p=3120#primaryimage\"},\"thumbnailUrl\":\"https:\\\/\\\/kibrisdakik.com\\\/wp-content\\\/uploads\\\/2023\\\/03\\\/kucuk-katil-pedro-lakapli-unlu-seri-katil-sao-pauloda-vurularak-olduruldu-740x420.jpg\",\"datePublished\":\"2023-03-12T19:29:16+00:00\",\"author\":{\"@id\":\"https:\\\/\\\/kibrisdakik.com\\\/#\\\/schema\\\/person\\\/9cd9d437bbb44f72b73ba127e06d8e79\"},\"breadcrumb\":{\"@id\":\"https:\\\/\\\/kibrisdakik.com\\\/?p=3120#breadcrumb\"},\"inLanguage\":\"tr\",\"potentialAction\":[{\"@type\":\"ReadAction\",\"target\":[\"https:\\\/\\\/kibrisdakik.com\\\/?p=3120\"]}]},{\"@type\":\"ImageObject\",\"inLanguage\":\"tr\",\"@id\":\"https:\\\/\\\/kibrisdakik.com\\\/?p=3120#primaryimage\",\"url\":\"https:\\\/\\\/kibrisdakik.com\\\/wp-content\\\/uploads\\\/2023\\\/03\\\/kucuk-katil-pedro-lakapli-unlu-seri-katil-sao-pauloda-vurularak-olduruldu-740x420.jpg\",\"contentUrl\":\"https:\\\/\\\/kibrisdakik.com\\\/wp-content\\\/uploads\\\/2023\\\/03\\\/kucuk-katil-pedro-lakapli-unlu-seri-katil-sao-pauloda-vurularak-olduruldu-740x420.jpg\",\"width\":1202,\"height\":675},{\"@type\":\"BreadcrumbList\",\"@id\":\"https:\\\/\\\/kibrisdakik.com\\\/?p=3120#breadcrumb\",\"itemListElement\":[{\"@type\":\"ListItem\",\"position\":1,\"name\":\"Home\",\"item\":\"https:\\\/\\\/kibrisdakik.com\\\/\"},{\"@type\":\"ListItem\",\"position\":2,\"name\":\"&#8220;K\u00fc\u00e7\u00fck Katil Pedro&#8221; lakapl\u0131 \u00fcnl\u00fc seri katil, Sao Paulo&#8217;da vurularak \u00f6ld\u00fcr\u00fcld\u00fc\"}]},{\"@type\":\"WebSite\",\"@id\":\"https:\\\/\\\/kibrisdakik.com\\\/#website\",\"url\":\"https:\\\/\\\/kibrisdakik.com\\\/\",\"name\":\"\",\"description\":\"Tam vaktinde haber\",\"potentialAction\":[{\"@type\":\"SearchAction\",\"target\":{\"@type\":\"EntryPoint\",\"urlTemplate\":\"https:\\\/\\\/kibrisdakik.com\\\/?s={search_term_string}\"},\"query-input\":{\"@type\":\"PropertyValueSpecification\",\"valueRequired\":true,\"valueName\":\"search_term_string\"}}],\"inLanguage\":\"tr\"},{\"@type\":\"Person\",\"@id\":\"https:\\\/\\\/kibrisdakik.com\\\/#\\\/schema\\\/person\\\/9cd9d437bbb44f72b73ba127e06d8e79\",\"name\":\"admin\",\"image\":{\"@type\":\"ImageObject\",\"inLanguage\":\"tr\",\"@id\":\"https:\\\/\\\/secure.gravatar.com\\\/avatar\\\/ccc17943b9d660506c869530f897617f7cb1c21a4bf30023f252596d83e1f007?s=96&d=mm&r=g\",\"url\":\"https:\\\/\\\/secure.gravatar.com\\\/avatar\\\/ccc17943b9d660506c869530f897617f7cb1c21a4bf30023f252596d83e1f007?s=96&d=mm&r=g\",\"contentUrl\":\"https:\\\/\\\/secure.gravatar.com\\\/avatar\\\/ccc17943b9d660506c869530f897617f7cb1c21a4bf30023f252596d83e1f007?s=96&d=mm&r=g\",\"caption\":\"admin\"},\"sameAs\":[\"https:\\\/\\\/kibrisdakik.com\"],\"url\":\"https:\\\/\\\/kibrisdakik.com\\\/?author=1\"}]}<\/script>\n<!-- \/ Yoast SEO plugin. -->","yoast_head_json":{"title":"\"K\u00fc\u00e7\u00fck Katil Pedro\" lakapl\u0131 \u00fcnl\u00fc seri katil, Sao Paulo'da vurularak \u00f6ld\u00fcr\u00fcld\u00fc -","robots":{"index":"index","follow":"follow","max-snippet":"max-snippet:-1","max-image-preview":"max-image-preview:large","max-video-preview":"max-video-preview:-1"},"canonical":"https:\/\/kibrisdakik.com\/?p=3120","og_locale":"tr_TR","og_type":"article","og_title":"\"K\u00fc\u00e7\u00fck Katil Pedro\" lakapl\u0131 \u00fcnl\u00fc seri katil, Sao Paulo'da vurularak \u00f6ld\u00fcr\u00fcld\u00fc -","og_description":"Metropoles gazetesinin haberine g\u00f6re, \u00fclkenin en k\u00f6t\u00fc \u015f\u00f6hretli seri katillerinden biri oldu\u011funa inan\u0131lan 68 ya\u015f\u0131ndaki Filho d\u00fcn \u00f6ld\u00fcr\u00fcld\u00fc.EV\u0130N\u0130N \u00d6N\u00dcNDE DEFALARCA ATE\u015e ETT\u0130LERSilahl\u0131 iki sald\u0131rgan, Portekizcede &#8220;Pedrinho Matador&#8221; veya &#8220;K\u00fc\u00e7\u00fck Katil Pedro&#8221; olarak bilinen Filho&#8217;ya Sao Paulo eyaletinin Mogi das Cruzes b\u00f6lgesindeki evinin \u00f6n\u00fcnde defalarca ate\u015f etti.71 C\u0130NAYETTEN SU\u00c7LU BULUNDU\u0130lk kez 1973&#8217;te tutuklanan ve 2007&#8217;de hapisten","og_url":"https:\/\/kibrisdakik.com\/?p=3120","article_published_time":"2023-03-12T19:29:16+00:00","og_image":[{"width":1202,"height":675,"url":"https:\/\/kibrisdakik.com\/wp-content\/uploads\/2023\/03\/kucuk-katil-pedro-lakapli-unlu-seri-katil-sao-pauloda-vurularak-olduruldu-740x420.jpg","type":"image\/jpeg"}],"author":"admin","twitter_card":"summary_large_image","twitter_misc":{"Yazan:":"admin","Tahmini okuma s\u00fcresi":"1 dakika"},"schema":{"@context":"https:\/\/schema.org","@graph":[{"@type":"Article","@id":"https:\/\/kibrisdakik.com\/?p=3120#article","isPartOf":{"@id":"https:\/\/kibrisdakik.com\/?p=3120"},"author":{"name":"admin","@id":"https:\/\/kibrisdakik.com\/#\/schema\/person\/9cd9d437bbb44f72b73ba127e06d8e79"},"headline":"&#8220;K\u00fc\u00e7\u00fck Katil Pedro&#8221; lakapl\u0131 \u00fcnl\u00fc seri katil, Sao Paulo&#8217;da vurularak \u00f6ld\u00fcr\u00fcld\u00fc","datePublished":"2023-03-12T19:29:16+00:00","mainEntityOfPage":{"@id":"https:\/\/kibrisdakik.com\/?p=3120"},"wordCount":179,"commentCount":0,"image":{"@id":"https:\/\/kibrisdakik.com\/?p=3120#primaryimage"},"thumbnailUrl":"https:\/\/kibrisdakik.com\/wp-content\/uploads\/2023\/03\/kucuk-katil-pedro-lakapli-unlu-seri-katil-sao-pauloda-vurularak-olduruldu-740x420.jpg","articleSection":["G\u00fcndem"],"inLanguage":"tr","potentialAction":[{"@type":"CommentAction","name":"Comment","target":["https:\/\/kibrisdakik.com\/?p=3120#respond"]}]},{"@type":"WebPage","@id":"https:\/\/kibrisdakik.com\/?p=3120","url":"https:\/\/kibrisdakik.com\/?p=3120","name":"\"K\u00fc\u00e7\u00fck Katil Pedro\" lakapl\u0131 \u00fcnl\u00fc seri katil, Sao Paulo'da vurularak \u00f6ld\u00fcr\u00fcld\u00fc -","isPartOf":{"@id":"https:\/\/kibrisdakik.com\/#website"},"primaryImageOfPage":{"@id":"https:\/\/kibrisdakik.com\/?p=3120#primaryimage"},"image":{"@id":"https:\/\/kibrisdakik.com\/?p=3120#primaryimage"},"thumbnailUrl":"https:\/\/kibrisdakik.com\/wp-content\/uploads\/2023\/03\/kucuk-katil-pedro-lakapli-unlu-seri-katil-sao-pauloda-vurularak-olduruldu-740x420.jpg","datePublished":"2023-03-12T19:29:16+00:00","author":{"@id":"https:\/\/kibrisdakik.com\/#\/schema\/person\/9cd9d437bbb44f72b73ba127e06d8e79"},"breadcrumb":{"@id":"https:\/\/kibrisdakik.com\/?p=3120#breadcrumb"},"inLanguage":"tr","potentialAction":[{"@type":"ReadAction","target":["https:\/\/kibrisdakik.com\/?p=3120"]}]},{"@type":"ImageObject","inLanguage":"tr","@id":"https:\/\/kibrisdakik.com\/?p=3120#primaryimage","url":"https:\/\/kibrisdakik.com\/wp-content\/uploads\/2023\/03\/kucuk-katil-pedro-lakapli-unlu-seri-katil-sao-pauloda-vurularak-olduruldu-740x420.jpg","contentUrl":"https:\/\/kibrisdakik.com\/wp-content\/uploads\/2023\/03\/kucuk-katil-pedro-lakapli-unlu-seri-katil-sao-pauloda-vurularak-olduruldu-740x420.jpg","width":1202,"height":675},{"@type":"BreadcrumbList","@id":"https:\/\/kibrisdakik.com\/?p=3120#breadcrumb","itemListElement":[{"@type":"ListItem","position":1,"name":"Home","item":"https:\/\/kibrisdakik.com\/"},{"@type":"ListItem","position":2,"name":"&#8220;K\u00fc\u00e7\u00fck Katil Pedro&#8221; lakapl\u0131 \u00fcnl\u00fc seri katil, Sao Paulo&#8217;da vurularak \u00f6ld\u00fcr\u00fcld\u00fc"}]},{"@type":"WebSite","@id":"https:\/\/kibrisdakik.com\/#website","url":"https:\/\/kibrisdakik.com\/","name":"","description":"Tam vaktinde haber","potentialAction":[{"@type":"SearchAction","target":{"@type":"EntryPoint","urlTemplate":"https:\/\/kibrisdakik.com\/?s={search_term_string}"},"query-input":{"@type":"PropertyValueSpecification","valueRequired":true,"valueName":"search_term_string"}}],"inLanguage":"tr"},{"@type":"Person","@id":"https:\/\/kibrisdakik.com\/#\/schema\/person\/9cd9d437bbb44f72b73ba127e06d8e79","name":"admin","image":{"@type":"ImageObject","inLanguage":"tr","@id":"https:\/\/secure.gravatar.com\/avatar\/ccc17943b9d660506c869530f897617f7cb1c21a4bf30023f252596d83e1f007?s=96&d=mm&r=g","url":"https:\/\/secure.gravatar.com\/avatar\/ccc17943b9d660506c869530f897617f7cb1c21a4bf30023f252596d83e1f007?s=96&d=mm&r=g","contentUrl":"https:\/\/secure.gravatar.com\/avatar\/ccc17943b9d660506c869530f897617f7cb1c21a4bf30023f252596d83e1f007?s=96&d=mm&r=g","caption":"admin"},"sameAs":["https:\/\/kibrisdakik.com"],"url":"https:\/\/kibrisdakik.com\/?author=1"}]}},"_links":{"self":[{"href":"https:\/\/kibrisdakik.com\/index.php?rest_route=\/wp\/v2\/posts\/3120","targetHints":{"allow":["GET"]}}],"collection":[{"href":"https:\/\/kibrisdakik.com\/index.php?rest_route=\/wp\/v2\/posts"}],"about":[{"href":"https:\/\/kibrisdakik.com\/index.php?rest_route=\/wp\/v2\/types\/post"}],"author":[{"embeddable":true,"href":"https:\/\/kibrisdakik.com\/index.php?rest_route=\/wp\/v2\/users\/1"}],"replies":[{"embeddable":true,"href":"https:\/\/kibrisdakik.com\/index.php?rest_route=%2Fwp%2Fv2%2Fcomments&post=3120"}],"version-history":[{"count":1,"href":"https:\/\/kibrisdakik.com\/index.php?rest_route=\/wp\/v2\/posts\/3120\/revisions"}],"predecessor-version":[{"id":3122,"href":"https:\/\/kibrisdakik.com\/index.php?rest_route=\/wp\/v2\/posts\/3120\/revisions\/3122"}],"wp:featuredmedia":[{"embeddable":true,"href":"https:\/\/kibrisdakik.com\/index.php?rest_route=\/wp\/v2\/media\/3121"}],"wp:attachment":[{"href":"https:\/\/kibrisdakik.com\/index.php?rest_route=%2Fwp%2Fv2%2Fmedia&parent=3120"}],"wp:term":[{"taxonomy":"category","embeddable":true,"href":"https:\/\/kibrisdakik.com\/index.php?rest_route=%2Fwp%2Fv2%2Fcategories&post=3120"},{"taxonomy":"post_tag","embeddable":true,"href":"https:\/\/kibrisdakik.com\/index.php?rest_route=%2Fwp%2Fv2%2Ftags&post=3120"}],"curies":[{"name":"wp","href":"https:\/\/api.w.org\/{rel}","templated":true}]}}