{"id":31201,"date":"2024-02-25T17:02:51","date_gmt":"2024-02-25T17:02:51","guid":{"rendered":"https:\/\/kibrisdakik.com\/index.php\/2024\/02\/25\/dunyaca-unlu-ressam-frida-kahlonun-evine-yilda-500-bin-ziyaretci\/"},"modified":"2024-02-25T17:02:51","modified_gmt":"2024-02-25T17:02:51","slug":"dunyaca-unlu-ressam-frida-kahlonun-evine-yilda-500-bin-ziyaretci","status":"publish","type":"post","link":"https:\/\/kibrisdakik.com\/?p=31201","title":{"rendered":"D\u00fcnyaca \u00fcnl\u00fc ressam Frida Kahlo&#039;nun evine y\u0131lda 500 bin ziyaret\u00e7i"},"content":{"rendered":"<p><img decoding=\"async\" src=\"https:\/\/www.kibristurk.com\/images\/haberler\/2024\/02\/dunyaca-unlu-ressam-frida-kahlonun-evine-yilda-500-bin-ziyaretci-1708880025.webp\" \/><\/p>\n<p><span style=\"font-size:12pt\"><span style=\"font-family:Calibri,sans-serif\">Hastal\u0131kla m\u00fccadeleyle dolu \u00f6zel ya\u015fam\u0131 ve politik g\u00f6r\u00fc\u015fleriyle tan\u0131nan, 20. y\u00fczy\u0131l\u0131n \u00f6nde gelen ressamlar\u0131ndan Frida Kahlo, 1954&#8217;te 47 ya\u015f\u0131nda hayata veda etti.<\/span><\/span><\/p>\n<p>&nbsp;<\/p>\n<p><span style=\"font-size:12pt\"><span style=\"font-family:Calibri,sans-serif\">Kahlo, kendisi gibi ressam Diego Rivera ile a\u015fk hayat\u0131, sa\u011fl\u0131k sorunlar\u0131, her \u015feye ra\u011fmen sanat hayat\u0131na devam etmesiyle d\u00fcnyada ikonik bir ressam olarak tan\u0131n\u0131yor.<\/span><\/span><\/p>\n<p>&nbsp;<\/p>\n<p><span style=\"font-size:12pt\"><span style=\"font-family:Calibri,sans-serif\">Frida Kahlo&#8217;nun, mavi duvarlar\u0131 nedeniyle Mavi Ev (La Casa Azul) olarak bilinen evi, bug\u00fcn m\u00fcze olarak misafirlerini a\u011f\u0131rl\u0131yor.<\/span><\/span><\/p>\n<p>&nbsp;<\/p>\n<p><span style=\"font-size:12pt\"><span style=\"font-family:Calibri,sans-serif\">Ba\u015fkent Mexico&#8217;nun Colonia del Carmen semtindeki, iki katl\u0131, avululu mavi ev, d\u00f6rt b\u00f6l\u00fcmden olu\u015fuyor. 1904&#8217;te in\u015fa edilen, sonradan restorasyonu yap\u0131lan evde, yatak odalar\u0131, st\u00fcdyo alan\u0131, geni\u015f bir mutfak ve yemek odas\u0131 bulunuyor.<\/span><\/span><\/p>\n<p>&nbsp;<\/p>\n<p><span style=\"font-size:12pt\"><span style=\"font-family:Calibri,sans-serif\">Kahlo&#8217;nun do\u011fdu\u011fu, b\u00fcy\u00fcd\u00fc\u011f\u00fc, e\u015fi Diego Rivera ile ya\u015fad\u0131\u011f\u0131 evde, Meksika halk sanat\u0131n\u0131 yans\u0131tan \u00fcr\u00fcnler, Kahlo&#8217;nun ki\u015fisel sanat koleksiyonu, foto\u011fraflar, kartpostallar ve mektuplar ile ressamlar Jose Maria Velasco Gomez, Paul Klee ve Kahlo&#8217;nun kocas\u0131 Diego Rivera&#8217;n\u0131n eserleri de yer al\u0131yor.<\/span><\/span><\/p>\n<p>&nbsp;<\/p>\n<p><span style=\"font-size:12pt\"><span style=\"font-family:Calibri,sans-serif\">&#8211; Diego&#8217;nun e\u015fi i\u00e7in yapt\u0131rd\u0131\u011f\u0131 \u015f\u00f6mine<\/span><\/span><\/p>\n<p>&nbsp;<\/p>\n<p><span style=\"font-size:12pt\"><span style=\"font-family:Calibri,sans-serif\">Evin mavi d\u0131\u015f duvar\u0131nda, &#8220;Frida ve Diego bu evde ya\u015fad\u0131, 1929-1954&#8221; yaz\u0131s\u0131 ziyaret\u00e7ileri kar\u015f\u0131l\u0131yor.<\/span><\/span><\/p>\n<p>&nbsp;<\/p>\n<p><span style=\"font-size:12pt\"><span style=\"font-family:Calibri,sans-serif\">Mozaik ta\u015f\u0131yla dekore edilen evin giri\u015findeki vitrinlerde, hat\u0131ra, mektup ve foto\u011fraflar saklan\u0131yor.<\/span><\/span><\/p>\n<p>&nbsp;<\/p>\n<p><span style=\"font-size:12pt\"><span style=\"font-family:Calibri,sans-serif\">Kahlo&#8217;nun e\u015fi Diego Rivera&#8217;n\u0131n kendisine hediye etti\u011fi volkanik ta\u015flardan yap\u0131lm\u0131\u015f ayakl\u0131 \u015f\u00f6mine de m\u00fczenin giri\u015finde yer al\u0131yor. Ayn\u0131 yerde, Kahlo&#8217;nun hasarl\u0131 omurgas\u0131n\u0131 desteklemek i\u00e7in giymek zorunda kald\u0131\u011f\u0131 korseler de bulunuyor.<\/span><\/span><\/p>\n<p>&nbsp;<\/p>\n<p><span style=\"font-size:12pt\"><span style=\"font-family:Calibri,sans-serif\">On odadan olu\u015fan zemin katta, Kahlo&#8217;nun 1934, 1952, 1954 y\u0131llar\u0131nda yapt\u0131\u011f\u0131 ya\u011fl\u0131boya tablolar yer al\u0131yor. Bu b\u00f6l\u00fcm Frida ve Diego&#8217;nun \u00fcnl\u00fc Meksikal\u0131 ve uluslararas\u0131 ziyaret\u00e7ileri, arkada\u015flar\u0131n\u0131 a\u011f\u0131rlad\u0131klar\u0131 oturma odas\u0131 olarak biliniyor.<\/span><\/span><\/p>\n<p>&nbsp;<\/p>\n<p><span style=\"font-size:12pt\"><span style=\"font-family:Calibri,sans-serif\">Kahlo&#8217;nun ki\u015fisel e\u015fyalar\u0131, hat\u0131ralar\u0131, otoportreleri, e\u015fi Rivera&#8217;n\u0131n kendisine adad\u0131\u011f\u0131 resimlerin bulundu\u011fu m\u00fcze, \u00fcnl\u00fc ressam\u0131n hastal\u0131klarla ge\u00e7en hayat\u0131ndan izler ta\u015f\u0131yor.<\/span><\/span><\/p>\n<p>&nbsp;<\/p>\n<p><span style=\"font-size:12pt\"><span style=\"font-family:Calibri,sans-serif\">Evin alt kat\u0131ndaki, karo zeminli mutfak ve yemek odas\u0131nda, mavi ve sar\u0131 \u00e7ini tezgahlar, sar\u0131 bir masa ile t\u00fcm\u00fc el yap\u0131m\u0131 b\u00fcy\u00fck toprak kaplar, tabaklar, mutfak e\u015fyalar\u0131, cam e\u015fyalar yer al\u0131yor.<\/span><\/span><\/p>\n<p>&nbsp;<\/p>\n<p><span style=\"font-size:12pt\"><span style=\"font-family:Calibri,sans-serif\">Avlu alan\u0131ndan \u00fcst kata \u00e7\u0131kan merdiven bo\u015flu\u011funun oldu\u011fu yerde, Frida Kahlo&#8217;nun ailesine ait resim koleksiyonundan \u00f6rnekler bulunuyor.<\/span><\/span><\/p>\n<p>&nbsp;<\/p>\n<p><span style=\"font-size:12pt\"><span style=\"font-family:Calibri,sans-serif\">\u00dcst kat\u0131n halka a\u00e7\u0131k iki odas\u0131 Frida&#8217;n\u0131n son yatak odas\u0131 ve st\u00fcdyo alan\u0131 olarak ziyaret\u00e7ileri a\u011f\u0131rl\u0131yor. \u00c7al\u0131\u015fma b\u00f6l\u00fcm\u00fc, Kahlo&#8217;nun tekerlekli sandalyesi, boyalar\u0131, \u00e7al\u0131\u015fma dosyalar\u0131, nat\u00fcrmort eserleri, masa ve sandalyesi ile ziyaret\u00e7ileri kar\u015f\u0131l\u0131yor.<\/span><\/span><\/p>\n<p>&nbsp;<\/p>\n<p><span style=\"font-size:12pt\"><span style=\"font-family:Calibri,sans-serif\">Dantelli bir \u00f6rt\u00fcn\u00fcn serili oldu\u011fu Kahlo&#8217;nun yata\u011f\u0131nda, sanat\u00e7\u0131n\u0131n mask\u0131, yata\u011f\u0131n ba\u015f\u0131nda ise \u00f6l\u00fc bir \u00e7ocu\u011fun resmi yer al\u0131yor. Bu b\u00f6l\u00fcmde, baz\u0131 ki\u015fisel e\u015fyalar, oyuncaklarla dolu b\u00fcfe ile \u00f6ld\u00fckten sonra yak\u0131lan Kahlo&#8217;nun bir \u00e7\u00f6mle\u011fe koyulan k\u00fclleri sergileniyor.<\/span><\/span><\/p>\n<p>&nbsp;<\/p>\n<p><span style=\"font-size:12pt\"><span style=\"font-family:Calibri,sans-serif\">&#8211; Bah\u00e7e, \u00fclkenin zengin bitki \u00f6rt\u00fcs\u00fcn\u00fc yans\u0131t\u0131yor<\/span><\/span><\/p>\n<p>&nbsp;<\/p>\n<p><span style=\"font-size:12pt\"><span style=\"font-family:Calibri,sans-serif\">Kahlo&#8217;nun e\u015fi Rivera&#8217;n\u0131n 1940&#8217;larda in\u015fa ettirdi\u011fi d\u00f6rd\u00fcnc\u00fc b\u00f6l\u00fcmde, Kahlo&#8217;nun \u00e7ocukluk foto\u011fraflar\u0131, korseleri, de\u011fnekleri, protez baca\u011f\u0131 ile \u00fcnl\u00fc modac\u0131lar\u0131n Kahlo&#8217;nun giyim tarz\u0131n\u0131 yans\u0131tt\u0131\u011f\u0131 ve uluslararas\u0131 defilelerde sergiledi\u011fi k\u0131yafetler yer al\u0131yor.<\/span><\/span><\/p>\n<p>&nbsp;<\/p>\n<p><span style=\"font-size:12pt\"><span style=\"font-family:Calibri,sans-serif\">Ayr\u0131ca volkanik t\u00fcflerden olu\u015fan heykeller bah\u00e7eyi s\u00fcsl\u00fcyor.<\/span><\/span><\/p>\n<p>&nbsp;<\/p>\n<p><span style=\"font-size:12pt\"><span style=\"font-family:Calibri,sans-serif\">Mexico&#8217;nun zengin botanik yap\u0131s\u0131n\u0131 yans\u0131tt\u0131\u011f\u0131 evin bah\u00e7esinde, a\u011fa\u00e7lar, \u00e7i\u00e7ekler ve farkl\u0131 bitki t\u00fcrleri ziyaret\u00e7ilerin m\u00fczede keyifli vakit ge\u00e7irmesini sa\u011fl\u0131yor.<\/span><\/span><\/p>\n<p>&nbsp;<\/p>\n<p><span style=\"font-size:12pt\"><span style=\"font-family:Calibri,sans-serif\">Ziyaret\u00e7ilerin girebilmek i\u00e7in kuyruk olu\u015fturdu\u011fu ve y\u0131lda d\u00fcnyan\u0131n her yerinden yakla\u015f\u0131k 500 bin sanatseverin gezdi\u011fi m\u00fczede, k\u00fc\u00e7\u00fck bir kafe ve hediyelik e\u015fya d\u00fckkan\u0131 bulunuyor.<\/span><\/span><\/p>\n<p>&nbsp;<\/p>\n<p><span style=\"font-size:12pt\"><span style=\"font-family:Calibri,sans-serif\">Ziyaret\u00e7iler bilet i\u00e7in 250 peso \u00f6deyerek m\u00fczeyi gezebiliyor.<\/span><\/span><\/p>\n","protected":false},"excerpt":{"rendered":"<p>Hastal\u0131kla m\u00fccadeleyle dolu \u00f6zel ya\u015fam\u0131 ve politik g\u00f6r\u00fc\u015fleriyle tan\u0131nan, 20. y\u00fczy\u0131l\u0131n \u00f6nde gelen ressamlar\u0131ndan Frida Kahlo, 1954&#8217;te 47 ya\u015f\u0131nda hayata veda etti. &nbsp; Kahlo, kendisi gibi ressam Diego Rivera ile a\u015fk hayat\u0131, sa\u011fl\u0131k sorunlar\u0131, her \u015feye ra\u011fmen sanat hayat\u0131na devam etmesiyle d\u00fcnyada ikonik bir ressam olarak tan\u0131n\u0131yor. &nbsp; Frida Kahlo&#8217;nun, mavi duvarlar\u0131 nedeniyle Mavi Ev<\/p>\n","protected":false},"author":1,"featured_media":31202,"comment_status":"open","ping_status":"open","sticky":false,"template":"","format":"standard","meta":{"footnotes":""},"categories":[1],"tags":[],"class_list":["post-31201","post","type-post","status-publish","format-standard","has-post-thumbnail","hentry","category-gundem"],"yoast_head":"<!-- This site is optimized with the Yoast SEO plugin v27.5 - https:\/\/yoast.com\/product\/yoast-seo-wordpress\/ -->\n<title>D\u00fcnyaca \u00fcnl\u00fc ressam Frida Kahlo&#039;nun evine y\u0131lda 500 bin ziyaret\u00e7i -<\/title>\n<meta name=\"robots\" content=\"index, follow, max-snippet:-1, max-image-preview:large, max-video-preview:-1\" \/>\n<link rel=\"canonical\" href=\"https:\/\/kibrisdakik.com\/?p=31201\" \/>\n<meta property=\"og:locale\" content=\"tr_TR\" \/>\n<meta property=\"og:type\" content=\"article\" \/>\n<meta property=\"og:title\" content=\"D\u00fcnyaca \u00fcnl\u00fc ressam Frida Kahlo&#039;nun evine y\u0131lda 500 bin ziyaret\u00e7i -\" \/>\n<meta property=\"og:description\" content=\"Hastal\u0131kla m\u00fccadeleyle dolu \u00f6zel ya\u015fam\u0131 ve politik g\u00f6r\u00fc\u015fleriyle tan\u0131nan, 20. y\u00fczy\u0131l\u0131n \u00f6nde gelen ressamlar\u0131ndan Frida Kahlo, 1954&#8217;te 47 ya\u015f\u0131nda hayata veda etti. &nbsp; Kahlo, kendisi gibi ressam Diego Rivera ile a\u015fk hayat\u0131, sa\u011fl\u0131k sorunlar\u0131, her \u015feye ra\u011fmen sanat hayat\u0131na devam etmesiyle d\u00fcnyada ikonik bir ressam olarak tan\u0131n\u0131yor. &nbsp; Frida Kahlo&#8217;nun, mavi duvarlar\u0131 nedeniyle Mavi Ev\" \/>\n<meta property=\"og:url\" content=\"https:\/\/kibrisdakik.com\/?p=31201\" \/>\n<meta property=\"article:published_time\" content=\"2024-02-25T17:02:51+00:00\" \/>\n<meta property=\"og:image\" content=\"https:\/\/kibrisdakik.com\/wp-content\/uploads\/2024\/02\/dunyaca-unlu-ressam-frida-kahlonun-evine-yilda-500-bin-ziyaretci-1708880025.webp.webp\" \/>\n\t<meta property=\"og:image:width\" content=\"710\" \/>\n\t<meta property=\"og:image:height\" content=\"370\" \/>\n\t<meta property=\"og:image:type\" content=\"image\/webp\" \/>\n<meta name=\"author\" content=\"admin\" \/>\n<meta name=\"twitter:card\" content=\"summary_large_image\" \/>\n<meta name=\"twitter:label1\" content=\"Yazan:\" \/>\n\t<meta name=\"twitter:data1\" content=\"admin\" \/>\n\t<meta name=\"twitter:label2\" content=\"Tahmini okuma s\u00fcresi\" \/>\n\t<meta name=\"twitter:data2\" content=\"3 dakika\" \/>\n<script type=\"application\/ld+json\" class=\"yoast-schema-graph\">{\"@context\":\"https:\\\/\\\/schema.org\",\"@graph\":[{\"@type\":\"Article\",\"@id\":\"https:\\\/\\\/kibrisdakik.com\\\/?p=31201#article\",\"isPartOf\":{\"@id\":\"https:\\\/\\\/kibrisdakik.com\\\/?p=31201\"},\"author\":{\"name\":\"admin\",\"@id\":\"https:\\\/\\\/kibrisdakik.com\\\/#\\\/schema\\\/person\\\/9cd9d437bbb44f72b73ba127e06d8e79\"},\"headline\":\"D\u00fcnyaca \u00fcnl\u00fc ressam Frida Kahlo&#039;nun evine y\u0131lda 500 bin ziyaret\u00e7i\",\"datePublished\":\"2024-02-25T17:02:51+00:00\",\"mainEntityOfPage\":{\"@id\":\"https:\\\/\\\/kibrisdakik.com\\\/?p=31201\"},\"wordCount\":680,\"commentCount\":0,\"image\":{\"@id\":\"https:\\\/\\\/kibrisdakik.com\\\/?p=31201#primaryimage\"},\"thumbnailUrl\":\"https:\\\/\\\/kibrisdakik.com\\\/wp-content\\\/uploads\\\/2024\\\/02\\\/dunyaca-unlu-ressam-frida-kahlonun-evine-yilda-500-bin-ziyaretci-1708880025.webp.webp\",\"articleSection\":[\"G\u00fcndem\"],\"inLanguage\":\"tr\",\"potentialAction\":[{\"@type\":\"CommentAction\",\"name\":\"Comment\",\"target\":[\"https:\\\/\\\/kibrisdakik.com\\\/?p=31201#respond\"]}]},{\"@type\":\"WebPage\",\"@id\":\"https:\\\/\\\/kibrisdakik.com\\\/?p=31201\",\"url\":\"https:\\\/\\\/kibrisdakik.com\\\/?p=31201\",\"name\":\"D\u00fcnyaca \u00fcnl\u00fc ressam Frida Kahlo&#039;nun evine y\u0131lda 500 bin ziyaret\u00e7i -\",\"isPartOf\":{\"@id\":\"https:\\\/\\\/kibrisdakik.com\\\/#website\"},\"primaryImageOfPage\":{\"@id\":\"https:\\\/\\\/kibrisdakik.com\\\/?p=31201#primaryimage\"},\"image\":{\"@id\":\"https:\\\/\\\/kibrisdakik.com\\\/?p=31201#primaryimage\"},\"thumbnailUrl\":\"https:\\\/\\\/kibrisdakik.com\\\/wp-content\\\/uploads\\\/2024\\\/02\\\/dunyaca-unlu-ressam-frida-kahlonun-evine-yilda-500-bin-ziyaretci-1708880025.webp.webp\",\"datePublished\":\"2024-02-25T17:02:51+00:00\",\"author\":{\"@id\":\"https:\\\/\\\/kibrisdakik.com\\\/#\\\/schema\\\/person\\\/9cd9d437bbb44f72b73ba127e06d8e79\"},\"breadcrumb\":{\"@id\":\"https:\\\/\\\/kibrisdakik.com\\\/?p=31201#breadcrumb\"},\"inLanguage\":\"tr\",\"potentialAction\":[{\"@type\":\"ReadAction\",\"target\":[\"https:\\\/\\\/kibrisdakik.com\\\/?p=31201\"]}]},{\"@type\":\"ImageObject\",\"inLanguage\":\"tr\",\"@id\":\"https:\\\/\\\/kibrisdakik.com\\\/?p=31201#primaryimage\",\"url\":\"https:\\\/\\\/kibrisdakik.com\\\/wp-content\\\/uploads\\\/2024\\\/02\\\/dunyaca-unlu-ressam-frida-kahlonun-evine-yilda-500-bin-ziyaretci-1708880025.webp.webp\",\"contentUrl\":\"https:\\\/\\\/kibrisdakik.com\\\/wp-content\\\/uploads\\\/2024\\\/02\\\/dunyaca-unlu-ressam-frida-kahlonun-evine-yilda-500-bin-ziyaretci-1708880025.webp.webp\",\"width\":710,\"height\":370},{\"@type\":\"BreadcrumbList\",\"@id\":\"https:\\\/\\\/kibrisdakik.com\\\/?p=31201#breadcrumb\",\"itemListElement\":[{\"@type\":\"ListItem\",\"position\":1,\"name\":\"Home\",\"item\":\"https:\\\/\\\/kibrisdakik.com\\\/\"},{\"@type\":\"ListItem\",\"position\":2,\"name\":\"D\u00fcnyaca \u00fcnl\u00fc ressam Frida Kahlo&#039;nun evine y\u0131lda 500 bin ziyaret\u00e7i\"}]},{\"@type\":\"WebSite\",\"@id\":\"https:\\\/\\\/kibrisdakik.com\\\/#website\",\"url\":\"https:\\\/\\\/kibrisdakik.com\\\/\",\"name\":\"\",\"description\":\"Tam vaktinde haber\",\"potentialAction\":[{\"@type\":\"SearchAction\",\"target\":{\"@type\":\"EntryPoint\",\"urlTemplate\":\"https:\\\/\\\/kibrisdakik.com\\\/?s={search_term_string}\"},\"query-input\":{\"@type\":\"PropertyValueSpecification\",\"valueRequired\":true,\"valueName\":\"search_term_string\"}}],\"inLanguage\":\"tr\"},{\"@type\":\"Person\",\"@id\":\"https:\\\/\\\/kibrisdakik.com\\\/#\\\/schema\\\/person\\\/9cd9d437bbb44f72b73ba127e06d8e79\",\"name\":\"admin\",\"image\":{\"@type\":\"ImageObject\",\"inLanguage\":\"tr\",\"@id\":\"https:\\\/\\\/secure.gravatar.com\\\/avatar\\\/ccc17943b9d660506c869530f897617f7cb1c21a4bf30023f252596d83e1f007?s=96&d=mm&r=g\",\"url\":\"https:\\\/\\\/secure.gravatar.com\\\/avatar\\\/ccc17943b9d660506c869530f897617f7cb1c21a4bf30023f252596d83e1f007?s=96&d=mm&r=g\",\"contentUrl\":\"https:\\\/\\\/secure.gravatar.com\\\/avatar\\\/ccc17943b9d660506c869530f897617f7cb1c21a4bf30023f252596d83e1f007?s=96&d=mm&r=g\",\"caption\":\"admin\"},\"sameAs\":[\"https:\\\/\\\/kibrisdakik.com\"],\"url\":\"https:\\\/\\\/kibrisdakik.com\\\/?author=1\"}]}<\/script>\n<!-- \/ Yoast SEO plugin. -->","yoast_head_json":{"title":"D\u00fcnyaca \u00fcnl\u00fc ressam Frida Kahlo&#039;nun evine y\u0131lda 500 bin ziyaret\u00e7i -","robots":{"index":"index","follow":"follow","max-snippet":"max-snippet:-1","max-image-preview":"max-image-preview:large","max-video-preview":"max-video-preview:-1"},"canonical":"https:\/\/kibrisdakik.com\/?p=31201","og_locale":"tr_TR","og_type":"article","og_title":"D\u00fcnyaca \u00fcnl\u00fc ressam Frida Kahlo&#039;nun evine y\u0131lda 500 bin ziyaret\u00e7i -","og_description":"Hastal\u0131kla m\u00fccadeleyle dolu \u00f6zel ya\u015fam\u0131 ve politik g\u00f6r\u00fc\u015fleriyle tan\u0131nan, 20. y\u00fczy\u0131l\u0131n \u00f6nde gelen ressamlar\u0131ndan Frida Kahlo, 1954&#8217;te 47 ya\u015f\u0131nda hayata veda etti. &nbsp; Kahlo, kendisi gibi ressam Diego Rivera ile a\u015fk hayat\u0131, sa\u011fl\u0131k sorunlar\u0131, her \u015feye ra\u011fmen sanat hayat\u0131na devam etmesiyle d\u00fcnyada ikonik bir ressam olarak tan\u0131n\u0131yor. &nbsp; Frida Kahlo&#8217;nun, mavi duvarlar\u0131 nedeniyle Mavi Ev","og_url":"https:\/\/kibrisdakik.com\/?p=31201","article_published_time":"2024-02-25T17:02:51+00:00","og_image":[{"width":710,"height":370,"url":"https:\/\/kibrisdakik.com\/wp-content\/uploads\/2024\/02\/dunyaca-unlu-ressam-frida-kahlonun-evine-yilda-500-bin-ziyaretci-1708880025.webp.webp","type":"image\/webp"}],"author":"admin","twitter_card":"summary_large_image","twitter_misc":{"Yazan:":"admin","Tahmini okuma s\u00fcresi":"3 dakika"},"schema":{"@context":"https:\/\/schema.org","@graph":[{"@type":"Article","@id":"https:\/\/kibrisdakik.com\/?p=31201#article","isPartOf":{"@id":"https:\/\/kibrisdakik.com\/?p=31201"},"author":{"name":"admin","@id":"https:\/\/kibrisdakik.com\/#\/schema\/person\/9cd9d437bbb44f72b73ba127e06d8e79"},"headline":"D\u00fcnyaca \u00fcnl\u00fc ressam Frida Kahlo&#039;nun evine y\u0131lda 500 bin ziyaret\u00e7i","datePublished":"2024-02-25T17:02:51+00:00","mainEntityOfPage":{"@id":"https:\/\/kibrisdakik.com\/?p=31201"},"wordCount":680,"commentCount":0,"image":{"@id":"https:\/\/kibrisdakik.com\/?p=31201#primaryimage"},"thumbnailUrl":"https:\/\/kibrisdakik.com\/wp-content\/uploads\/2024\/02\/dunyaca-unlu-ressam-frida-kahlonun-evine-yilda-500-bin-ziyaretci-1708880025.webp.webp","articleSection":["G\u00fcndem"],"inLanguage":"tr","potentialAction":[{"@type":"CommentAction","name":"Comment","target":["https:\/\/kibrisdakik.com\/?p=31201#respond"]}]},{"@type":"WebPage","@id":"https:\/\/kibrisdakik.com\/?p=31201","url":"https:\/\/kibrisdakik.com\/?p=31201","name":"D\u00fcnyaca \u00fcnl\u00fc ressam Frida Kahlo&#039;nun evine y\u0131lda 500 bin ziyaret\u00e7i -","isPartOf":{"@id":"https:\/\/kibrisdakik.com\/#website"},"primaryImageOfPage":{"@id":"https:\/\/kibrisdakik.com\/?p=31201#primaryimage"},"image":{"@id":"https:\/\/kibrisdakik.com\/?p=31201#primaryimage"},"thumbnailUrl":"https:\/\/kibrisdakik.com\/wp-content\/uploads\/2024\/02\/dunyaca-unlu-ressam-frida-kahlonun-evine-yilda-500-bin-ziyaretci-1708880025.webp.webp","datePublished":"2024-02-25T17:02:51+00:00","author":{"@id":"https:\/\/kibrisdakik.com\/#\/schema\/person\/9cd9d437bbb44f72b73ba127e06d8e79"},"breadcrumb":{"@id":"https:\/\/kibrisdakik.com\/?p=31201#breadcrumb"},"inLanguage":"tr","potentialAction":[{"@type":"ReadAction","target":["https:\/\/kibrisdakik.com\/?p=31201"]}]},{"@type":"ImageObject","inLanguage":"tr","@id":"https:\/\/kibrisdakik.com\/?p=31201#primaryimage","url":"https:\/\/kibrisdakik.com\/wp-content\/uploads\/2024\/02\/dunyaca-unlu-ressam-frida-kahlonun-evine-yilda-500-bin-ziyaretci-1708880025.webp.webp","contentUrl":"https:\/\/kibrisdakik.com\/wp-content\/uploads\/2024\/02\/dunyaca-unlu-ressam-frida-kahlonun-evine-yilda-500-bin-ziyaretci-1708880025.webp.webp","width":710,"height":370},{"@type":"BreadcrumbList","@id":"https:\/\/kibrisdakik.com\/?p=31201#breadcrumb","itemListElement":[{"@type":"ListItem","position":1,"name":"Home","item":"https:\/\/kibrisdakik.com\/"},{"@type":"ListItem","position":2,"name":"D\u00fcnyaca \u00fcnl\u00fc ressam Frida Kahlo&#039;nun evine y\u0131lda 500 bin ziyaret\u00e7i"}]},{"@type":"WebSite","@id":"https:\/\/kibrisdakik.com\/#website","url":"https:\/\/kibrisdakik.com\/","name":"","description":"Tam vaktinde haber","potentialAction":[{"@type":"SearchAction","target":{"@type":"EntryPoint","urlTemplate":"https:\/\/kibrisdakik.com\/?s={search_term_string}"},"query-input":{"@type":"PropertyValueSpecification","valueRequired":true,"valueName":"search_term_string"}}],"inLanguage":"tr"},{"@type":"Person","@id":"https:\/\/kibrisdakik.com\/#\/schema\/person\/9cd9d437bbb44f72b73ba127e06d8e79","name":"admin","image":{"@type":"ImageObject","inLanguage":"tr","@id":"https:\/\/secure.gravatar.com\/avatar\/ccc17943b9d660506c869530f897617f7cb1c21a4bf30023f252596d83e1f007?s=96&d=mm&r=g","url":"https:\/\/secure.gravatar.com\/avatar\/ccc17943b9d660506c869530f897617f7cb1c21a4bf30023f252596d83e1f007?s=96&d=mm&r=g","contentUrl":"https:\/\/secure.gravatar.com\/avatar\/ccc17943b9d660506c869530f897617f7cb1c21a4bf30023f252596d83e1f007?s=96&d=mm&r=g","caption":"admin"},"sameAs":["https:\/\/kibrisdakik.com"],"url":"https:\/\/kibrisdakik.com\/?author=1"}]}},"_links":{"self":[{"href":"https:\/\/kibrisdakik.com\/index.php?rest_route=\/wp\/v2\/posts\/31201","targetHints":{"allow":["GET"]}}],"collection":[{"href":"https:\/\/kibrisdakik.com\/index.php?rest_route=\/wp\/v2\/posts"}],"about":[{"href":"https:\/\/kibrisdakik.com\/index.php?rest_route=\/wp\/v2\/types\/post"}],"author":[{"embeddable":true,"href":"https:\/\/kibrisdakik.com\/index.php?rest_route=\/wp\/v2\/users\/1"}],"replies":[{"embeddable":true,"href":"https:\/\/kibrisdakik.com\/index.php?rest_route=%2Fwp%2Fv2%2Fcomments&post=31201"}],"version-history":[{"count":0,"href":"https:\/\/kibrisdakik.com\/index.php?rest_route=\/wp\/v2\/posts\/31201\/revisions"}],"wp:featuredmedia":[{"embeddable":true,"href":"https:\/\/kibrisdakik.com\/index.php?rest_route=\/wp\/v2\/media\/31202"}],"wp:attachment":[{"href":"https:\/\/kibrisdakik.com\/index.php?rest_route=%2Fwp%2Fv2%2Fmedia&parent=31201"}],"wp:term":[{"taxonomy":"category","embeddable":true,"href":"https:\/\/kibrisdakik.com\/index.php?rest_route=%2Fwp%2Fv2%2Fcategories&post=31201"},{"taxonomy":"post_tag","embeddable":true,"href":"https:\/\/kibrisdakik.com\/index.php?rest_route=%2Fwp%2Fv2%2Ftags&post=31201"}],"curies":[{"name":"wp","href":"https:\/\/api.w.org\/{rel}","templated":true}]}}