{"id":31255,"date":"2024-02-26T10:42:20","date_gmt":"2024-02-26T10:42:20","guid":{"rendered":"https:\/\/kibrisdakik.com\/index.php\/2024\/02\/26\/milli-olimpiyat-komitesi-olagan-mali-genel-kurulu-yapildi\/"},"modified":"2024-02-26T10:42:20","modified_gmt":"2024-02-26T10:42:20","slug":"milli-olimpiyat-komitesi-olagan-mali-genel-kurulu-yapildi","status":"publish","type":"post","link":"https:\/\/kibrisdakik.com\/?p=31255","title":{"rendered":"Milli Olimpiyat Komitesi Ola\u011fan Mali Genel Kurulu yap\u0131ld\u0131"},"content":{"rendered":"<p><img decoding=\"async\" src=\"https:\/\/www.kibristurk.com\/images\/haberler\/2024\/02\/milli-olimpiyat-komitesi-olagan-mali-genel-kurulu-yapildi-1708942216.webp\" \/><\/p>\n<p><span style=\"font-size:12pt\"><span style=\"background-color:white\"><span style=\"font-family:Calibri,sans-serif\"><span style=\"font-size:13.0pt\"><span style=\"color:black\">Genel Kurul, 2023 y\u0131l\u0131na ait \u00fcyelik y\u00fck\u00fcml\u00fcl\u00fcklerini yerine getiren federasyon ve bireysel \u00fcyelerin kat\u0131l\u0131m\u0131yla ger\u00e7ekle\u015ftirildi.<\/span><\/span><\/span><\/span><\/span><\/p>\n<p><span style=\"font-size:12pt\"><span style=\"background-color:white\"><span style=\"font-family:Calibri,sans-serif\"><span style=\"font-size:13.0pt\"><span style=\"color:black\">Sayg\u0131 Duru\u015fu ve \u0130stiklal Mar\u015f\u0131\u2019n\u0131n okunmas\u0131 ile ba\u015flayan genel kurulda \u00f6nerilen isimler aras\u0131ndan divan heyeti olu\u015fturuldu. Divan Ba\u015fkanl\u0131\u011f\u0131na Cafer Levent Karata\u015f, sekreterliklerine ise; Badminton Federasyonu Ba\u015fkan\u0131 F\u0131rat Deniz ve Atletizm Federasyonu Temsilcisi Derya Atamer se\u00e7ildi.<\/span><\/span><\/span><\/span><\/span><\/p>\n<p><span style=\"font-size:12pt\"><span style=\"background-color:white\"><span style=\"font-family:Calibri,sans-serif\"><span style=\"font-size:13.0pt\"><span style=\"color:black\">G\u00fcndemin okunmas\u0131 ve oylanmas\u0131n\u0131n ard\u0131ndan, KKTC Milli Olimpiyat Komitesi Ba\u015fkan\u0131 Dursun Ko\u00e7 yapt\u0131\u011f\u0131 a\u00e7\u0131l\u0131\u015f konu\u015fmas\u0131nda, 2023&#8217;te yap\u0131lan ve 2024&#8217;te yap\u0131lmas\u0131 planlanan faaliyetleri aktard\u0131.<\/span><\/span><\/span><\/span><\/span><\/p>\n<p><span style=\"font-size:12pt\"><span style=\"background-color:white\"><span style=\"font-family:Calibri,sans-serif\"><span style=\"font-size:13.0pt\"><span style=\"color:black\">Daha sonra, 2023 y\u0131l\u0131 Faaliyet Raporu, Genel Sekreter Hasan Saps\u0131zo\u011flu taraf\u0131ndan, Mali Rapor ise Mali Sekreter Hasan Gazio\u011flu taraf\u0131ndan okundu ve raporlar genel kurul \u00fcyeleri taraf\u0131ndan onayland\u0131.<\/span><\/span><\/span><\/span><\/span><\/p>\n<p><span style=\"font-size:12pt\"><span style=\"background-color:white\"><span style=\"font-family:Calibri,sans-serif\"><span style=\"font-size:13.0pt\"><span style=\"color:black\">Dilek ve temenniler k\u0131sm\u0131nda yap\u0131lan konu\u015fmalar\u0131n ard\u0131ndan genel kurul sona erdi.<\/span><\/span><\/span><\/span><\/span><\/p>\n","protected":false},"excerpt":{"rendered":"<p>Genel Kurul, 2023 y\u0131l\u0131na ait \u00fcyelik y\u00fck\u00fcml\u00fcl\u00fcklerini yerine getiren federasyon ve bireysel \u00fcyelerin kat\u0131l\u0131m\u0131yla ger\u00e7ekle\u015ftirildi. Sayg\u0131 Duru\u015fu ve \u0130stiklal Mar\u015f\u0131\u2019n\u0131n okunmas\u0131 ile ba\u015flayan genel kurulda \u00f6nerilen isimler aras\u0131ndan divan heyeti olu\u015fturuldu. Divan Ba\u015fkanl\u0131\u011f\u0131na Cafer Levent Karata\u015f, sekreterliklerine ise; Badminton Federasyonu Ba\u015fkan\u0131 F\u0131rat Deniz ve Atletizm Federasyonu Temsilcisi Derya Atamer se\u00e7ildi. G\u00fcndemin okunmas\u0131 ve oylanmas\u0131n\u0131n ard\u0131ndan,<\/p>\n","protected":false},"author":1,"featured_media":31256,"comment_status":"open","ping_status":"open","sticky":false,"template":"","format":"standard","meta":{"footnotes":""},"categories":[79],"tags":[],"class_list":["post-31255","post","type-post","status-publish","format-standard","has-post-thumbnail","hentry","category-ekonomi"],"yoast_head":"<!-- This site is optimized with the Yoast SEO plugin v27.4 - https:\/\/yoast.com\/product\/yoast-seo-wordpress\/ -->\n<title>Milli Olimpiyat Komitesi Ola\u011fan Mali Genel Kurulu yap\u0131ld\u0131 -<\/title>\n<meta name=\"robots\" content=\"index, follow, max-snippet:-1, max-image-preview:large, max-video-preview:-1\" \/>\n<link rel=\"canonical\" href=\"https:\/\/kibrisdakik.com\/?p=31255\" \/>\n<meta property=\"og:locale\" content=\"tr_TR\" \/>\n<meta property=\"og:type\" content=\"article\" \/>\n<meta property=\"og:title\" content=\"Milli Olimpiyat Komitesi Ola\u011fan Mali Genel Kurulu yap\u0131ld\u0131 -\" \/>\n<meta property=\"og:description\" content=\"Genel Kurul, 2023 y\u0131l\u0131na ait \u00fcyelik y\u00fck\u00fcml\u00fcl\u00fcklerini yerine getiren federasyon ve bireysel \u00fcyelerin kat\u0131l\u0131m\u0131yla ger\u00e7ekle\u015ftirildi. Sayg\u0131 Duru\u015fu ve \u0130stiklal Mar\u015f\u0131\u2019n\u0131n okunmas\u0131 ile ba\u015flayan genel kurulda \u00f6nerilen isimler aras\u0131ndan divan heyeti olu\u015fturuldu. Divan Ba\u015fkanl\u0131\u011f\u0131na Cafer Levent Karata\u015f, sekreterliklerine ise; Badminton Federasyonu Ba\u015fkan\u0131 F\u0131rat Deniz ve Atletizm Federasyonu Temsilcisi Derya Atamer se\u00e7ildi. G\u00fcndemin okunmas\u0131 ve oylanmas\u0131n\u0131n ard\u0131ndan,\" \/>\n<meta property=\"og:url\" content=\"https:\/\/kibrisdakik.com\/?p=31255\" \/>\n<meta property=\"article:published_time\" content=\"2024-02-26T10:42:20+00:00\" \/>\n<meta property=\"og:image\" content=\"https:\/\/kibrisdakik.com\/wp-content\/uploads\/2024\/02\/milli-olimpiyat-komitesi-olagan-mali-genel-kurulu-yapildi-1708942216.webp.webp\" \/>\n\t<meta property=\"og:image:width\" content=\"710\" \/>\n\t<meta property=\"og:image:height\" content=\"370\" \/>\n\t<meta property=\"og:image:type\" content=\"image\/webp\" \/>\n<meta name=\"author\" content=\"admin\" \/>\n<meta name=\"twitter:card\" content=\"summary_large_image\" \/>\n<meta name=\"twitter:label1\" content=\"Yazan:\" \/>\n\t<meta name=\"twitter:data1\" content=\"admin\" \/>\n\t<meta name=\"twitter:label2\" content=\"Tahmini okuma s\u00fcresi\" \/>\n\t<meta name=\"twitter:data2\" content=\"1 dakika\" \/>\n<script type=\"application\/ld+json\" class=\"yoast-schema-graph\">{\"@context\":\"https:\\\/\\\/schema.org\",\"@graph\":[{\"@type\":\"Article\",\"@id\":\"https:\\\/\\\/kibrisdakik.com\\\/?p=31255#article\",\"isPartOf\":{\"@id\":\"https:\\\/\\\/kibrisdakik.com\\\/?p=31255\"},\"author\":{\"name\":\"admin\",\"@id\":\"https:\\\/\\\/kibrisdakik.com\\\/#\\\/schema\\\/person\\\/9cd9d437bbb44f72b73ba127e06d8e79\"},\"headline\":\"Milli Olimpiyat Komitesi Ola\u011fan Mali Genel Kurulu yap\u0131ld\u0131\",\"datePublished\":\"2024-02-26T10:42:20+00:00\",\"mainEntityOfPage\":{\"@id\":\"https:\\\/\\\/kibrisdakik.com\\\/?p=31255\"},\"wordCount\":164,\"commentCount\":0,\"image\":{\"@id\":\"https:\\\/\\\/kibrisdakik.com\\\/?p=31255#primaryimage\"},\"thumbnailUrl\":\"https:\\\/\\\/kibrisdakik.com\\\/wp-content\\\/uploads\\\/2024\\\/02\\\/milli-olimpiyat-komitesi-olagan-mali-genel-kurulu-yapildi-1708942216.webp.webp\",\"articleSection\":[\"Ekonomi\"],\"inLanguage\":\"tr\",\"potentialAction\":[{\"@type\":\"CommentAction\",\"name\":\"Comment\",\"target\":[\"https:\\\/\\\/kibrisdakik.com\\\/?p=31255#respond\"]}]},{\"@type\":\"WebPage\",\"@id\":\"https:\\\/\\\/kibrisdakik.com\\\/?p=31255\",\"url\":\"https:\\\/\\\/kibrisdakik.com\\\/?p=31255\",\"name\":\"Milli Olimpiyat Komitesi Ola\u011fan Mali Genel Kurulu yap\u0131ld\u0131 -\",\"isPartOf\":{\"@id\":\"https:\\\/\\\/kibrisdakik.com\\\/#website\"},\"primaryImageOfPage\":{\"@id\":\"https:\\\/\\\/kibrisdakik.com\\\/?p=31255#primaryimage\"},\"image\":{\"@id\":\"https:\\\/\\\/kibrisdakik.com\\\/?p=31255#primaryimage\"},\"thumbnailUrl\":\"https:\\\/\\\/kibrisdakik.com\\\/wp-content\\\/uploads\\\/2024\\\/02\\\/milli-olimpiyat-komitesi-olagan-mali-genel-kurulu-yapildi-1708942216.webp.webp\",\"datePublished\":\"2024-02-26T10:42:20+00:00\",\"author\":{\"@id\":\"https:\\\/\\\/kibrisdakik.com\\\/#\\\/schema\\\/person\\\/9cd9d437bbb44f72b73ba127e06d8e79\"},\"breadcrumb\":{\"@id\":\"https:\\\/\\\/kibrisdakik.com\\\/?p=31255#breadcrumb\"},\"inLanguage\":\"tr\",\"potentialAction\":[{\"@type\":\"ReadAction\",\"target\":[\"https:\\\/\\\/kibrisdakik.com\\\/?p=31255\"]}]},{\"@type\":\"ImageObject\",\"inLanguage\":\"tr\",\"@id\":\"https:\\\/\\\/kibrisdakik.com\\\/?p=31255#primaryimage\",\"url\":\"https:\\\/\\\/kibrisdakik.com\\\/wp-content\\\/uploads\\\/2024\\\/02\\\/milli-olimpiyat-komitesi-olagan-mali-genel-kurulu-yapildi-1708942216.webp.webp\",\"contentUrl\":\"https:\\\/\\\/kibrisdakik.com\\\/wp-content\\\/uploads\\\/2024\\\/02\\\/milli-olimpiyat-komitesi-olagan-mali-genel-kurulu-yapildi-1708942216.webp.webp\",\"width\":710,\"height\":370},{\"@type\":\"BreadcrumbList\",\"@id\":\"https:\\\/\\\/kibrisdakik.com\\\/?p=31255#breadcrumb\",\"itemListElement\":[{\"@type\":\"ListItem\",\"position\":1,\"name\":\"Home\",\"item\":\"https:\\\/\\\/kibrisdakik.com\\\/\"},{\"@type\":\"ListItem\",\"position\":2,\"name\":\"Milli Olimpiyat Komitesi Ola\u011fan Mali Genel Kurulu yap\u0131ld\u0131\"}]},{\"@type\":\"WebSite\",\"@id\":\"https:\\\/\\\/kibrisdakik.com\\\/#website\",\"url\":\"https:\\\/\\\/kibrisdakik.com\\\/\",\"name\":\"\",\"description\":\"Tam vaktinde haber\",\"potentialAction\":[{\"@type\":\"SearchAction\",\"target\":{\"@type\":\"EntryPoint\",\"urlTemplate\":\"https:\\\/\\\/kibrisdakik.com\\\/?s={search_term_string}\"},\"query-input\":{\"@type\":\"PropertyValueSpecification\",\"valueRequired\":true,\"valueName\":\"search_term_string\"}}],\"inLanguage\":\"tr\"},{\"@type\":\"Person\",\"@id\":\"https:\\\/\\\/kibrisdakik.com\\\/#\\\/schema\\\/person\\\/9cd9d437bbb44f72b73ba127e06d8e79\",\"name\":\"admin\",\"image\":{\"@type\":\"ImageObject\",\"inLanguage\":\"tr\",\"@id\":\"https:\\\/\\\/secure.gravatar.com\\\/avatar\\\/ccc17943b9d660506c869530f897617f7cb1c21a4bf30023f252596d83e1f007?s=96&d=mm&r=g\",\"url\":\"https:\\\/\\\/secure.gravatar.com\\\/avatar\\\/ccc17943b9d660506c869530f897617f7cb1c21a4bf30023f252596d83e1f007?s=96&d=mm&r=g\",\"contentUrl\":\"https:\\\/\\\/secure.gravatar.com\\\/avatar\\\/ccc17943b9d660506c869530f897617f7cb1c21a4bf30023f252596d83e1f007?s=96&d=mm&r=g\",\"caption\":\"admin\"},\"sameAs\":[\"https:\\\/\\\/kibrisdakik.com\"],\"url\":\"https:\\\/\\\/kibrisdakik.com\\\/?author=1\"}]}<\/script>\n<!-- \/ Yoast SEO plugin. -->","yoast_head_json":{"title":"Milli Olimpiyat Komitesi Ola\u011fan Mali Genel Kurulu yap\u0131ld\u0131 -","robots":{"index":"index","follow":"follow","max-snippet":"max-snippet:-1","max-image-preview":"max-image-preview:large","max-video-preview":"max-video-preview:-1"},"canonical":"https:\/\/kibrisdakik.com\/?p=31255","og_locale":"tr_TR","og_type":"article","og_title":"Milli Olimpiyat Komitesi Ola\u011fan Mali Genel Kurulu yap\u0131ld\u0131 -","og_description":"Genel Kurul, 2023 y\u0131l\u0131na ait \u00fcyelik y\u00fck\u00fcml\u00fcl\u00fcklerini yerine getiren federasyon ve bireysel \u00fcyelerin kat\u0131l\u0131m\u0131yla ger\u00e7ekle\u015ftirildi. Sayg\u0131 Duru\u015fu ve \u0130stiklal Mar\u015f\u0131\u2019n\u0131n okunmas\u0131 ile ba\u015flayan genel kurulda \u00f6nerilen isimler aras\u0131ndan divan heyeti olu\u015fturuldu. Divan Ba\u015fkanl\u0131\u011f\u0131na Cafer Levent Karata\u015f, sekreterliklerine ise; Badminton Federasyonu Ba\u015fkan\u0131 F\u0131rat Deniz ve Atletizm Federasyonu Temsilcisi Derya Atamer se\u00e7ildi. G\u00fcndemin okunmas\u0131 ve oylanmas\u0131n\u0131n ard\u0131ndan,","og_url":"https:\/\/kibrisdakik.com\/?p=31255","article_published_time":"2024-02-26T10:42:20+00:00","og_image":[{"width":710,"height":370,"url":"https:\/\/kibrisdakik.com\/wp-content\/uploads\/2024\/02\/milli-olimpiyat-komitesi-olagan-mali-genel-kurulu-yapildi-1708942216.webp.webp","type":"image\/webp"}],"author":"admin","twitter_card":"summary_large_image","twitter_misc":{"Yazan:":"admin","Tahmini okuma s\u00fcresi":"1 dakika"},"schema":{"@context":"https:\/\/schema.org","@graph":[{"@type":"Article","@id":"https:\/\/kibrisdakik.com\/?p=31255#article","isPartOf":{"@id":"https:\/\/kibrisdakik.com\/?p=31255"},"author":{"name":"admin","@id":"https:\/\/kibrisdakik.com\/#\/schema\/person\/9cd9d437bbb44f72b73ba127e06d8e79"},"headline":"Milli Olimpiyat Komitesi Ola\u011fan Mali Genel Kurulu yap\u0131ld\u0131","datePublished":"2024-02-26T10:42:20+00:00","mainEntityOfPage":{"@id":"https:\/\/kibrisdakik.com\/?p=31255"},"wordCount":164,"commentCount":0,"image":{"@id":"https:\/\/kibrisdakik.com\/?p=31255#primaryimage"},"thumbnailUrl":"https:\/\/kibrisdakik.com\/wp-content\/uploads\/2024\/02\/milli-olimpiyat-komitesi-olagan-mali-genel-kurulu-yapildi-1708942216.webp.webp","articleSection":["Ekonomi"],"inLanguage":"tr","potentialAction":[{"@type":"CommentAction","name":"Comment","target":["https:\/\/kibrisdakik.com\/?p=31255#respond"]}]},{"@type":"WebPage","@id":"https:\/\/kibrisdakik.com\/?p=31255","url":"https:\/\/kibrisdakik.com\/?p=31255","name":"Milli Olimpiyat Komitesi Ola\u011fan Mali Genel Kurulu yap\u0131ld\u0131 -","isPartOf":{"@id":"https:\/\/kibrisdakik.com\/#website"},"primaryImageOfPage":{"@id":"https:\/\/kibrisdakik.com\/?p=31255#primaryimage"},"image":{"@id":"https:\/\/kibrisdakik.com\/?p=31255#primaryimage"},"thumbnailUrl":"https:\/\/kibrisdakik.com\/wp-content\/uploads\/2024\/02\/milli-olimpiyat-komitesi-olagan-mali-genel-kurulu-yapildi-1708942216.webp.webp","datePublished":"2024-02-26T10:42:20+00:00","author":{"@id":"https:\/\/kibrisdakik.com\/#\/schema\/person\/9cd9d437bbb44f72b73ba127e06d8e79"},"breadcrumb":{"@id":"https:\/\/kibrisdakik.com\/?p=31255#breadcrumb"},"inLanguage":"tr","potentialAction":[{"@type":"ReadAction","target":["https:\/\/kibrisdakik.com\/?p=31255"]}]},{"@type":"ImageObject","inLanguage":"tr","@id":"https:\/\/kibrisdakik.com\/?p=31255#primaryimage","url":"https:\/\/kibrisdakik.com\/wp-content\/uploads\/2024\/02\/milli-olimpiyat-komitesi-olagan-mali-genel-kurulu-yapildi-1708942216.webp.webp","contentUrl":"https:\/\/kibrisdakik.com\/wp-content\/uploads\/2024\/02\/milli-olimpiyat-komitesi-olagan-mali-genel-kurulu-yapildi-1708942216.webp.webp","width":710,"height":370},{"@type":"BreadcrumbList","@id":"https:\/\/kibrisdakik.com\/?p=31255#breadcrumb","itemListElement":[{"@type":"ListItem","position":1,"name":"Home","item":"https:\/\/kibrisdakik.com\/"},{"@type":"ListItem","position":2,"name":"Milli Olimpiyat Komitesi Ola\u011fan Mali Genel Kurulu yap\u0131ld\u0131"}]},{"@type":"WebSite","@id":"https:\/\/kibrisdakik.com\/#website","url":"https:\/\/kibrisdakik.com\/","name":"","description":"Tam vaktinde haber","potentialAction":[{"@type":"SearchAction","target":{"@type":"EntryPoint","urlTemplate":"https:\/\/kibrisdakik.com\/?s={search_term_string}"},"query-input":{"@type":"PropertyValueSpecification","valueRequired":true,"valueName":"search_term_string"}}],"inLanguage":"tr"},{"@type":"Person","@id":"https:\/\/kibrisdakik.com\/#\/schema\/person\/9cd9d437bbb44f72b73ba127e06d8e79","name":"admin","image":{"@type":"ImageObject","inLanguage":"tr","@id":"https:\/\/secure.gravatar.com\/avatar\/ccc17943b9d660506c869530f897617f7cb1c21a4bf30023f252596d83e1f007?s=96&d=mm&r=g","url":"https:\/\/secure.gravatar.com\/avatar\/ccc17943b9d660506c869530f897617f7cb1c21a4bf30023f252596d83e1f007?s=96&d=mm&r=g","contentUrl":"https:\/\/secure.gravatar.com\/avatar\/ccc17943b9d660506c869530f897617f7cb1c21a4bf30023f252596d83e1f007?s=96&d=mm&r=g","caption":"admin"},"sameAs":["https:\/\/kibrisdakik.com"],"url":"https:\/\/kibrisdakik.com\/?author=1"}]}},"_links":{"self":[{"href":"https:\/\/kibrisdakik.com\/index.php?rest_route=\/wp\/v2\/posts\/31255","targetHints":{"allow":["GET"]}}],"collection":[{"href":"https:\/\/kibrisdakik.com\/index.php?rest_route=\/wp\/v2\/posts"}],"about":[{"href":"https:\/\/kibrisdakik.com\/index.php?rest_route=\/wp\/v2\/types\/post"}],"author":[{"embeddable":true,"href":"https:\/\/kibrisdakik.com\/index.php?rest_route=\/wp\/v2\/users\/1"}],"replies":[{"embeddable":true,"href":"https:\/\/kibrisdakik.com\/index.php?rest_route=%2Fwp%2Fv2%2Fcomments&post=31255"}],"version-history":[{"count":0,"href":"https:\/\/kibrisdakik.com\/index.php?rest_route=\/wp\/v2\/posts\/31255\/revisions"}],"wp:featuredmedia":[{"embeddable":true,"href":"https:\/\/kibrisdakik.com\/index.php?rest_route=\/wp\/v2\/media\/31256"}],"wp:attachment":[{"href":"https:\/\/kibrisdakik.com\/index.php?rest_route=%2Fwp%2Fv2%2Fmedia&parent=31255"}],"wp:term":[{"taxonomy":"category","embeddable":true,"href":"https:\/\/kibrisdakik.com\/index.php?rest_route=%2Fwp%2Fv2%2Fcategories&post=31255"},{"taxonomy":"post_tag","embeddable":true,"href":"https:\/\/kibrisdakik.com\/index.php?rest_route=%2Fwp%2Fv2%2Ftags&post=31255"}],"curies":[{"name":"wp","href":"https:\/\/api.w.org\/{rel}","templated":true}]}}