{"id":31325,"date":"2024-02-26T17:43:52","date_gmt":"2024-02-26T17:43:52","guid":{"rendered":"https:\/\/kibrisdakik.com\/index.php\/2024\/02\/26\/cumhurbaskani-ersin-tatar-prof-dr-necmettin-erbakani-olum-yil-donumunde-andi\/"},"modified":"2024-02-26T17:43:52","modified_gmt":"2024-02-26T17:43:52","slug":"cumhurbaskani-ersin-tatar-prof-dr-necmettin-erbakani-olum-yil-donumunde-andi","status":"publish","type":"post","link":"https:\/\/kibrisdakik.com\/?p=31325","title":{"rendered":"Cumhurba\u015fkan\u0131 Ersin Tatar, Prof. Dr. Necmettin Erbakan\u2019\u0131 \u00f6l\u00fcm y\u0131l d\u00f6n\u00fcm\u00fcnde and\u0131"},"content":{"rendered":"<p><img decoding=\"async\" src=\"https:\/\/www.kibristurk.com\/images\/haberler\/2024\/02\/cumhurbaskani-ersin-tatar-prof-dr-necmettin-erbakani-olum-yil-donumunde-andi-1708968835.webp\" \/><\/p>\n<p style=\"text-align:left\"><span style=\"font-size:16px\"><span style=\"font-family:Merriweather,serif !important\"><span style=\"color:#000000\"><span style=\"background-color:#ffffff\">Cumhurba\u015fkan\u0131 Ersin Tatar yay\u0131mlad\u0131\u011f\u0131 mesaj\u0131nda \u015fu ifadeleri kulland\u0131:<\/span><\/span><\/span><\/span><\/p>\n<p style=\"text-align:left\">&nbsp;<\/p>\n<p style=\"text-align:left\">&nbsp;<\/p>\n<p style=\"text-align:left\"><span style=\"font-size:16px\"><span style=\"font-family:Merriweather,serif !important\"><span style=\"color:#000000\"><span style=\"background-color:#ffffff\">\u201cK\u0131br\u0131s T\u00fcrk halk\u0131n\u0131n ba\u011f\u0131ms\u0131zl\u0131k ve \u00f6zg\u00fcrl\u00fc\u011f\u00fcne kavu\u015fmas\u0131nda b\u00fcy\u00fck rol\u00fc bulunan T\u00fcrk siyasetinin en \u00f6nemli isimlerinden, 20 Temmuz 1974 harekat\u0131 d\u00f6neminin Ba\u015fbakan Yard\u0131mc\u0131s\u0131, \u2018Milli G\u00f6r\u00fc\u015f\u2019 hareketinin kurucu lideri, Prof. Dr. Erbakan\u2019\u0131 vefat\u0131n\u0131n 13. y\u0131l d\u00f6n\u00fcm\u00fcnde rahmet ve minnetle anar\u0131z\u201d<\/span><\/span><\/span><\/span><\/p>\n","protected":false},"excerpt":{"rendered":"<p>Cumhurba\u015fkan\u0131 Ersin Tatar yay\u0131mlad\u0131\u011f\u0131 mesaj\u0131nda \u015fu ifadeleri kulland\u0131: &nbsp; &nbsp; \u201cK\u0131br\u0131s T\u00fcrk halk\u0131n\u0131n ba\u011f\u0131ms\u0131zl\u0131k ve \u00f6zg\u00fcrl\u00fc\u011f\u00fcne kavu\u015fmas\u0131nda b\u00fcy\u00fck rol\u00fc bulunan T\u00fcrk siyasetinin en \u00f6nemli isimlerinden, 20 Temmuz 1974 harekat\u0131 d\u00f6neminin Ba\u015fbakan Yard\u0131mc\u0131s\u0131, \u2018Milli G\u00f6r\u00fc\u015f\u2019 hareketinin kurucu lideri, Prof. Dr. Erbakan\u2019\u0131 vefat\u0131n\u0131n 13. y\u0131l d\u00f6n\u00fcm\u00fcnde rahmet ve minnetle anar\u0131z\u201d<\/p>\n","protected":false},"author":1,"featured_media":31326,"comment_status":"open","ping_status":"open","sticky":false,"template":"","format":"standard","meta":{"footnotes":""},"categories":[85],"tags":[],"class_list":["post-31325","post","type-post","status-publish","format-standard","has-post-thumbnail","hentry","category-spor"],"yoast_head":"<!-- This site is optimized with the Yoast SEO plugin v27.4 - https:\/\/yoast.com\/product\/yoast-seo-wordpress\/ -->\n<title>Cumhurba\u015fkan\u0131 Ersin Tatar, Prof. Dr. Necmettin Erbakan\u2019\u0131 \u00f6l\u00fcm y\u0131l d\u00f6n\u00fcm\u00fcnde and\u0131 -<\/title>\n<meta name=\"robots\" content=\"index, follow, max-snippet:-1, max-image-preview:large, max-video-preview:-1\" \/>\n<link rel=\"canonical\" href=\"https:\/\/kibrisdakik.com\/?p=31325\" \/>\n<meta property=\"og:locale\" content=\"tr_TR\" \/>\n<meta property=\"og:type\" content=\"article\" \/>\n<meta property=\"og:title\" content=\"Cumhurba\u015fkan\u0131 Ersin Tatar, Prof. Dr. Necmettin Erbakan\u2019\u0131 \u00f6l\u00fcm y\u0131l d\u00f6n\u00fcm\u00fcnde and\u0131 -\" \/>\n<meta property=\"og:description\" content=\"Cumhurba\u015fkan\u0131 Ersin Tatar yay\u0131mlad\u0131\u011f\u0131 mesaj\u0131nda \u015fu ifadeleri kulland\u0131: &nbsp; &nbsp; \u201cK\u0131br\u0131s T\u00fcrk halk\u0131n\u0131n ba\u011f\u0131ms\u0131zl\u0131k ve \u00f6zg\u00fcrl\u00fc\u011f\u00fcne kavu\u015fmas\u0131nda b\u00fcy\u00fck rol\u00fc bulunan T\u00fcrk siyasetinin en \u00f6nemli isimlerinden, 20 Temmuz 1974 harekat\u0131 d\u00f6neminin Ba\u015fbakan Yard\u0131mc\u0131s\u0131, \u2018Milli G\u00f6r\u00fc\u015f\u2019 hareketinin kurucu lideri, Prof. Dr. Erbakan\u2019\u0131 vefat\u0131n\u0131n 13. y\u0131l d\u00f6n\u00fcm\u00fcnde rahmet ve minnetle anar\u0131z\u201d\" \/>\n<meta property=\"og:url\" content=\"https:\/\/kibrisdakik.com\/?p=31325\" \/>\n<meta property=\"article:published_time\" content=\"2024-02-26T17:43:52+00:00\" \/>\n<meta property=\"og:image\" content=\"https:\/\/kibrisdakik.com\/wp-content\/uploads\/2024\/02\/cumhurbaskani-ersin-tatar-prof-dr-necmettin-erbakani-olum-yil-donumunde-andi-1708968835.webp.webp\" \/>\n\t<meta property=\"og:image:width\" content=\"710\" \/>\n\t<meta property=\"og:image:height\" content=\"370\" \/>\n\t<meta property=\"og:image:type\" content=\"image\/webp\" \/>\n<meta name=\"author\" content=\"admin\" \/>\n<meta name=\"twitter:card\" content=\"summary_large_image\" \/>\n<meta name=\"twitter:label1\" content=\"Yazan:\" \/>\n\t<meta name=\"twitter:data1\" content=\"admin\" \/>\n<script type=\"application\/ld+json\" class=\"yoast-schema-graph\">{\"@context\":\"https:\\\/\\\/schema.org\",\"@graph\":[{\"@type\":\"Article\",\"@id\":\"https:\\\/\\\/kibrisdakik.com\\\/?p=31325#article\",\"isPartOf\":{\"@id\":\"https:\\\/\\\/kibrisdakik.com\\\/?p=31325\"},\"author\":{\"name\":\"admin\",\"@id\":\"https:\\\/\\\/kibrisdakik.com\\\/#\\\/schema\\\/person\\\/9cd9d437bbb44f72b73ba127e06d8e79\"},\"headline\":\"Cumhurba\u015fkan\u0131 Ersin Tatar, Prof. Dr. Necmettin Erbakan\u2019\u0131 \u00f6l\u00fcm y\u0131l d\u00f6n\u00fcm\u00fcnde and\u0131\",\"datePublished\":\"2024-02-26T17:43:52+00:00\",\"mainEntityOfPage\":{\"@id\":\"https:\\\/\\\/kibrisdakik.com\\\/?p=31325\"},\"wordCount\":92,\"commentCount\":0,\"image\":{\"@id\":\"https:\\\/\\\/kibrisdakik.com\\\/?p=31325#primaryimage\"},\"thumbnailUrl\":\"https:\\\/\\\/kibrisdakik.com\\\/wp-content\\\/uploads\\\/2024\\\/02\\\/cumhurbaskani-ersin-tatar-prof-dr-necmettin-erbakani-olum-yil-donumunde-andi-1708968835.webp.webp\",\"articleSection\":[\"Spor\"],\"inLanguage\":\"tr\",\"potentialAction\":[{\"@type\":\"CommentAction\",\"name\":\"Comment\",\"target\":[\"https:\\\/\\\/kibrisdakik.com\\\/?p=31325#respond\"]}]},{\"@type\":\"WebPage\",\"@id\":\"https:\\\/\\\/kibrisdakik.com\\\/?p=31325\",\"url\":\"https:\\\/\\\/kibrisdakik.com\\\/?p=31325\",\"name\":\"Cumhurba\u015fkan\u0131 Ersin Tatar, Prof. Dr. Necmettin Erbakan\u2019\u0131 \u00f6l\u00fcm y\u0131l d\u00f6n\u00fcm\u00fcnde and\u0131 -\",\"isPartOf\":{\"@id\":\"https:\\\/\\\/kibrisdakik.com\\\/#website\"},\"primaryImageOfPage\":{\"@id\":\"https:\\\/\\\/kibrisdakik.com\\\/?p=31325#primaryimage\"},\"image\":{\"@id\":\"https:\\\/\\\/kibrisdakik.com\\\/?p=31325#primaryimage\"},\"thumbnailUrl\":\"https:\\\/\\\/kibrisdakik.com\\\/wp-content\\\/uploads\\\/2024\\\/02\\\/cumhurbaskani-ersin-tatar-prof-dr-necmettin-erbakani-olum-yil-donumunde-andi-1708968835.webp.webp\",\"datePublished\":\"2024-02-26T17:43:52+00:00\",\"author\":{\"@id\":\"https:\\\/\\\/kibrisdakik.com\\\/#\\\/schema\\\/person\\\/9cd9d437bbb44f72b73ba127e06d8e79\"},\"breadcrumb\":{\"@id\":\"https:\\\/\\\/kibrisdakik.com\\\/?p=31325#breadcrumb\"},\"inLanguage\":\"tr\",\"potentialAction\":[{\"@type\":\"ReadAction\",\"target\":[\"https:\\\/\\\/kibrisdakik.com\\\/?p=31325\"]}]},{\"@type\":\"ImageObject\",\"inLanguage\":\"tr\",\"@id\":\"https:\\\/\\\/kibrisdakik.com\\\/?p=31325#primaryimage\",\"url\":\"https:\\\/\\\/kibrisdakik.com\\\/wp-content\\\/uploads\\\/2024\\\/02\\\/cumhurbaskani-ersin-tatar-prof-dr-necmettin-erbakani-olum-yil-donumunde-andi-1708968835.webp.webp\",\"contentUrl\":\"https:\\\/\\\/kibrisdakik.com\\\/wp-content\\\/uploads\\\/2024\\\/02\\\/cumhurbaskani-ersin-tatar-prof-dr-necmettin-erbakani-olum-yil-donumunde-andi-1708968835.webp.webp\",\"width\":710,\"height\":370},{\"@type\":\"BreadcrumbList\",\"@id\":\"https:\\\/\\\/kibrisdakik.com\\\/?p=31325#breadcrumb\",\"itemListElement\":[{\"@type\":\"ListItem\",\"position\":1,\"name\":\"Home\",\"item\":\"https:\\\/\\\/kibrisdakik.com\\\/\"},{\"@type\":\"ListItem\",\"position\":2,\"name\":\"Cumhurba\u015fkan\u0131 Ersin Tatar, Prof. Dr. Necmettin Erbakan\u2019\u0131 \u00f6l\u00fcm y\u0131l d\u00f6n\u00fcm\u00fcnde and\u0131\"}]},{\"@type\":\"WebSite\",\"@id\":\"https:\\\/\\\/kibrisdakik.com\\\/#website\",\"url\":\"https:\\\/\\\/kibrisdakik.com\\\/\",\"name\":\"\",\"description\":\"Tam vaktinde haber\",\"potentialAction\":[{\"@type\":\"SearchAction\",\"target\":{\"@type\":\"EntryPoint\",\"urlTemplate\":\"https:\\\/\\\/kibrisdakik.com\\\/?s={search_term_string}\"},\"query-input\":{\"@type\":\"PropertyValueSpecification\",\"valueRequired\":true,\"valueName\":\"search_term_string\"}}],\"inLanguage\":\"tr\"},{\"@type\":\"Person\",\"@id\":\"https:\\\/\\\/kibrisdakik.com\\\/#\\\/schema\\\/person\\\/9cd9d437bbb44f72b73ba127e06d8e79\",\"name\":\"admin\",\"image\":{\"@type\":\"ImageObject\",\"inLanguage\":\"tr\",\"@id\":\"https:\\\/\\\/secure.gravatar.com\\\/avatar\\\/ccc17943b9d660506c869530f897617f7cb1c21a4bf30023f252596d83e1f007?s=96&d=mm&r=g\",\"url\":\"https:\\\/\\\/secure.gravatar.com\\\/avatar\\\/ccc17943b9d660506c869530f897617f7cb1c21a4bf30023f252596d83e1f007?s=96&d=mm&r=g\",\"contentUrl\":\"https:\\\/\\\/secure.gravatar.com\\\/avatar\\\/ccc17943b9d660506c869530f897617f7cb1c21a4bf30023f252596d83e1f007?s=96&d=mm&r=g\",\"caption\":\"admin\"},\"sameAs\":[\"https:\\\/\\\/kibrisdakik.com\"],\"url\":\"https:\\\/\\\/kibrisdakik.com\\\/?author=1\"}]}<\/script>\n<!-- \/ Yoast SEO plugin. -->","yoast_head_json":{"title":"Cumhurba\u015fkan\u0131 Ersin Tatar, Prof. Dr. Necmettin Erbakan\u2019\u0131 \u00f6l\u00fcm y\u0131l d\u00f6n\u00fcm\u00fcnde and\u0131 -","robots":{"index":"index","follow":"follow","max-snippet":"max-snippet:-1","max-image-preview":"max-image-preview:large","max-video-preview":"max-video-preview:-1"},"canonical":"https:\/\/kibrisdakik.com\/?p=31325","og_locale":"tr_TR","og_type":"article","og_title":"Cumhurba\u015fkan\u0131 Ersin Tatar, Prof. Dr. Necmettin Erbakan\u2019\u0131 \u00f6l\u00fcm y\u0131l d\u00f6n\u00fcm\u00fcnde and\u0131 -","og_description":"Cumhurba\u015fkan\u0131 Ersin Tatar yay\u0131mlad\u0131\u011f\u0131 mesaj\u0131nda \u015fu ifadeleri kulland\u0131: &nbsp; &nbsp; \u201cK\u0131br\u0131s T\u00fcrk halk\u0131n\u0131n ba\u011f\u0131ms\u0131zl\u0131k ve \u00f6zg\u00fcrl\u00fc\u011f\u00fcne kavu\u015fmas\u0131nda b\u00fcy\u00fck rol\u00fc bulunan T\u00fcrk siyasetinin en \u00f6nemli isimlerinden, 20 Temmuz 1974 harekat\u0131 d\u00f6neminin Ba\u015fbakan Yard\u0131mc\u0131s\u0131, \u2018Milli G\u00f6r\u00fc\u015f\u2019 hareketinin kurucu lideri, Prof. Dr. Erbakan\u2019\u0131 vefat\u0131n\u0131n 13. y\u0131l d\u00f6n\u00fcm\u00fcnde rahmet ve minnetle anar\u0131z\u201d","og_url":"https:\/\/kibrisdakik.com\/?p=31325","article_published_time":"2024-02-26T17:43:52+00:00","og_image":[{"width":710,"height":370,"url":"https:\/\/kibrisdakik.com\/wp-content\/uploads\/2024\/02\/cumhurbaskani-ersin-tatar-prof-dr-necmettin-erbakani-olum-yil-donumunde-andi-1708968835.webp.webp","type":"image\/webp"}],"author":"admin","twitter_card":"summary_large_image","twitter_misc":{"Yazan:":"admin"},"schema":{"@context":"https:\/\/schema.org","@graph":[{"@type":"Article","@id":"https:\/\/kibrisdakik.com\/?p=31325#article","isPartOf":{"@id":"https:\/\/kibrisdakik.com\/?p=31325"},"author":{"name":"admin","@id":"https:\/\/kibrisdakik.com\/#\/schema\/person\/9cd9d437bbb44f72b73ba127e06d8e79"},"headline":"Cumhurba\u015fkan\u0131 Ersin Tatar, Prof. Dr. Necmettin Erbakan\u2019\u0131 \u00f6l\u00fcm y\u0131l d\u00f6n\u00fcm\u00fcnde and\u0131","datePublished":"2024-02-26T17:43:52+00:00","mainEntityOfPage":{"@id":"https:\/\/kibrisdakik.com\/?p=31325"},"wordCount":92,"commentCount":0,"image":{"@id":"https:\/\/kibrisdakik.com\/?p=31325#primaryimage"},"thumbnailUrl":"https:\/\/kibrisdakik.com\/wp-content\/uploads\/2024\/02\/cumhurbaskani-ersin-tatar-prof-dr-necmettin-erbakani-olum-yil-donumunde-andi-1708968835.webp.webp","articleSection":["Spor"],"inLanguage":"tr","potentialAction":[{"@type":"CommentAction","name":"Comment","target":["https:\/\/kibrisdakik.com\/?p=31325#respond"]}]},{"@type":"WebPage","@id":"https:\/\/kibrisdakik.com\/?p=31325","url":"https:\/\/kibrisdakik.com\/?p=31325","name":"Cumhurba\u015fkan\u0131 Ersin Tatar, Prof. Dr. Necmettin Erbakan\u2019\u0131 \u00f6l\u00fcm y\u0131l d\u00f6n\u00fcm\u00fcnde and\u0131 -","isPartOf":{"@id":"https:\/\/kibrisdakik.com\/#website"},"primaryImageOfPage":{"@id":"https:\/\/kibrisdakik.com\/?p=31325#primaryimage"},"image":{"@id":"https:\/\/kibrisdakik.com\/?p=31325#primaryimage"},"thumbnailUrl":"https:\/\/kibrisdakik.com\/wp-content\/uploads\/2024\/02\/cumhurbaskani-ersin-tatar-prof-dr-necmettin-erbakani-olum-yil-donumunde-andi-1708968835.webp.webp","datePublished":"2024-02-26T17:43:52+00:00","author":{"@id":"https:\/\/kibrisdakik.com\/#\/schema\/person\/9cd9d437bbb44f72b73ba127e06d8e79"},"breadcrumb":{"@id":"https:\/\/kibrisdakik.com\/?p=31325#breadcrumb"},"inLanguage":"tr","potentialAction":[{"@type":"ReadAction","target":["https:\/\/kibrisdakik.com\/?p=31325"]}]},{"@type":"ImageObject","inLanguage":"tr","@id":"https:\/\/kibrisdakik.com\/?p=31325#primaryimage","url":"https:\/\/kibrisdakik.com\/wp-content\/uploads\/2024\/02\/cumhurbaskani-ersin-tatar-prof-dr-necmettin-erbakani-olum-yil-donumunde-andi-1708968835.webp.webp","contentUrl":"https:\/\/kibrisdakik.com\/wp-content\/uploads\/2024\/02\/cumhurbaskani-ersin-tatar-prof-dr-necmettin-erbakani-olum-yil-donumunde-andi-1708968835.webp.webp","width":710,"height":370},{"@type":"BreadcrumbList","@id":"https:\/\/kibrisdakik.com\/?p=31325#breadcrumb","itemListElement":[{"@type":"ListItem","position":1,"name":"Home","item":"https:\/\/kibrisdakik.com\/"},{"@type":"ListItem","position":2,"name":"Cumhurba\u015fkan\u0131 Ersin Tatar, Prof. Dr. Necmettin Erbakan\u2019\u0131 \u00f6l\u00fcm y\u0131l d\u00f6n\u00fcm\u00fcnde and\u0131"}]},{"@type":"WebSite","@id":"https:\/\/kibrisdakik.com\/#website","url":"https:\/\/kibrisdakik.com\/","name":"","description":"Tam vaktinde haber","potentialAction":[{"@type":"SearchAction","target":{"@type":"EntryPoint","urlTemplate":"https:\/\/kibrisdakik.com\/?s={search_term_string}"},"query-input":{"@type":"PropertyValueSpecification","valueRequired":true,"valueName":"search_term_string"}}],"inLanguage":"tr"},{"@type":"Person","@id":"https:\/\/kibrisdakik.com\/#\/schema\/person\/9cd9d437bbb44f72b73ba127e06d8e79","name":"admin","image":{"@type":"ImageObject","inLanguage":"tr","@id":"https:\/\/secure.gravatar.com\/avatar\/ccc17943b9d660506c869530f897617f7cb1c21a4bf30023f252596d83e1f007?s=96&d=mm&r=g","url":"https:\/\/secure.gravatar.com\/avatar\/ccc17943b9d660506c869530f897617f7cb1c21a4bf30023f252596d83e1f007?s=96&d=mm&r=g","contentUrl":"https:\/\/secure.gravatar.com\/avatar\/ccc17943b9d660506c869530f897617f7cb1c21a4bf30023f252596d83e1f007?s=96&d=mm&r=g","caption":"admin"},"sameAs":["https:\/\/kibrisdakik.com"],"url":"https:\/\/kibrisdakik.com\/?author=1"}]}},"_links":{"self":[{"href":"https:\/\/kibrisdakik.com\/index.php?rest_route=\/wp\/v2\/posts\/31325","targetHints":{"allow":["GET"]}}],"collection":[{"href":"https:\/\/kibrisdakik.com\/index.php?rest_route=\/wp\/v2\/posts"}],"about":[{"href":"https:\/\/kibrisdakik.com\/index.php?rest_route=\/wp\/v2\/types\/post"}],"author":[{"embeddable":true,"href":"https:\/\/kibrisdakik.com\/index.php?rest_route=\/wp\/v2\/users\/1"}],"replies":[{"embeddable":true,"href":"https:\/\/kibrisdakik.com\/index.php?rest_route=%2Fwp%2Fv2%2Fcomments&post=31325"}],"version-history":[{"count":0,"href":"https:\/\/kibrisdakik.com\/index.php?rest_route=\/wp\/v2\/posts\/31325\/revisions"}],"wp:featuredmedia":[{"embeddable":true,"href":"https:\/\/kibrisdakik.com\/index.php?rest_route=\/wp\/v2\/media\/31326"}],"wp:attachment":[{"href":"https:\/\/kibrisdakik.com\/index.php?rest_route=%2Fwp%2Fv2%2Fmedia&parent=31325"}],"wp:term":[{"taxonomy":"category","embeddable":true,"href":"https:\/\/kibrisdakik.com\/index.php?rest_route=%2Fwp%2Fv2%2Fcategories&post=31325"},{"taxonomy":"post_tag","embeddable":true,"href":"https:\/\/kibrisdakik.com\/index.php?rest_route=%2Fwp%2Fv2%2Ftags&post=31325"}],"curies":[{"name":"wp","href":"https:\/\/api.w.org\/{rel}","templated":true}]}}