{"id":31381,"date":"2024-02-27T09:11:03","date_gmt":"2024-02-27T09:11:03","guid":{"rendered":"https:\/\/kibrisdakik.com\/index.php\/2024\/02\/27\/alaykoyde-ev-kursunlandi\/"},"modified":"2024-02-27T09:11:03","modified_gmt":"2024-02-27T09:11:03","slug":"alaykoyde-ev-kursunlandi","status":"publish","type":"post","link":"https:\/\/kibrisdakik.com\/?p=31381","title":{"rendered":"Alayk\u00f6y&#039;de ev kur\u015funland\u0131!"},"content":{"rendered":"<p><img decoding=\"async\" src=\"https:\/\/www.kibristurk.com\/images\/haberler\/2024\/02\/alaykoyde-ev-kursunlandi-1709021342.webp\" \/><\/p>\n<p>Polis Bas\u0131n Subayl\u0131\u011f\u0131ndan verilen 27 \u015eubat tarihinde saat 04.30 s\u0131ralar\u0131nda, Alayk\u00f6y&#8217;de 20 Temmuz Caddesi \u00fczerinde, Setin \u00dc\u00e7g\u00f6z&#8217;e ait ikametgaha me\u00e7hul \u015fah\u0131s veya \u015fah\u0131slar taraf\u0131ndan av t\u00fcfe\u011fi ile ate\u015f a\u00e7\u0131ld\u0131.<\/p>\n<p>Olayda herhangi bir yaralanma ve can kayb\u0131 ya\u015fanmazken s\u00f6z konusu ikametgah\u0131n s\u00fcrme cam\u0131 ve ikametgah \u00f6n\u00fcnde park halinde bulunan ara\u00e7 hasar g\u00f6rd\u00fc.<\/p>\n<p>Polisin olayla ilgili soru\u015fturmas\u0131 s\u00fcr\u00fcyor.<\/p>\n","protected":false},"excerpt":{"rendered":"<p>Polis Bas\u0131n Subayl\u0131\u011f\u0131ndan verilen 27 \u015eubat tarihinde saat 04.30 s\u0131ralar\u0131nda, Alayk\u00f6y&#8217;de 20 Temmuz Caddesi \u00fczerinde, Setin \u00dc\u00e7g\u00f6z&#8217;e ait ikametgaha me\u00e7hul \u015fah\u0131s veya \u015fah\u0131slar taraf\u0131ndan av t\u00fcfe\u011fi ile ate\u015f a\u00e7\u0131ld\u0131. Olayda herhangi bir yaralanma ve can kayb\u0131 ya\u015fanmazken s\u00f6z konusu ikametgah\u0131n s\u00fcrme cam\u0131 ve ikametgah \u00f6n\u00fcnde park halinde bulunan ara\u00e7 hasar g\u00f6rd\u00fc. Polisin olayla ilgili soru\u015fturmas\u0131<\/p>\n","protected":false},"author":1,"featured_media":31382,"comment_status":"open","ping_status":"open","sticky":false,"template":"","format":"standard","meta":{"footnotes":""},"categories":[86],"tags":[],"class_list":["post-31381","post","type-post","status-publish","format-standard","has-post-thumbnail","hentry","category-turkiye"],"yoast_head":"<!-- This site is optimized with the Yoast SEO plugin v27.4 - https:\/\/yoast.com\/product\/yoast-seo-wordpress\/ -->\n<title>Alayk\u00f6y&#039;de ev kur\u015funland\u0131! -<\/title>\n<meta name=\"robots\" content=\"index, follow, max-snippet:-1, max-image-preview:large, max-video-preview:-1\" \/>\n<link rel=\"canonical\" href=\"https:\/\/kibrisdakik.com\/?p=31381\" \/>\n<meta property=\"og:locale\" content=\"tr_TR\" \/>\n<meta property=\"og:type\" content=\"article\" \/>\n<meta property=\"og:title\" content=\"Alayk\u00f6y&#039;de ev kur\u015funland\u0131! -\" \/>\n<meta property=\"og:description\" content=\"Polis Bas\u0131n Subayl\u0131\u011f\u0131ndan verilen 27 \u015eubat tarihinde saat 04.30 s\u0131ralar\u0131nda, Alayk\u00f6y&#8217;de 20 Temmuz Caddesi \u00fczerinde, Setin \u00dc\u00e7g\u00f6z&#8217;e ait ikametgaha me\u00e7hul \u015fah\u0131s veya \u015fah\u0131slar taraf\u0131ndan av t\u00fcfe\u011fi ile ate\u015f a\u00e7\u0131ld\u0131. Olayda herhangi bir yaralanma ve can kayb\u0131 ya\u015fanmazken s\u00f6z konusu ikametgah\u0131n s\u00fcrme cam\u0131 ve ikametgah \u00f6n\u00fcnde park halinde bulunan ara\u00e7 hasar g\u00f6rd\u00fc. Polisin olayla ilgili soru\u015fturmas\u0131\" \/>\n<meta property=\"og:url\" content=\"https:\/\/kibrisdakik.com\/?p=31381\" \/>\n<meta property=\"article:published_time\" content=\"2024-02-27T09:11:03+00:00\" \/>\n<meta property=\"og:image\" content=\"https:\/\/kibrisdakik.com\/wp-content\/uploads\/2024\/02\/alaykoyde-ev-kursunlandi-1709021342.webp.webp\" \/>\n\t<meta property=\"og:image:width\" content=\"710\" \/>\n\t<meta property=\"og:image:height\" content=\"370\" \/>\n\t<meta property=\"og:image:type\" content=\"image\/webp\" \/>\n<meta name=\"author\" content=\"admin\" \/>\n<meta name=\"twitter:card\" content=\"summary_large_image\" \/>\n<meta name=\"twitter:label1\" content=\"Yazan:\" \/>\n\t<meta name=\"twitter:data1\" content=\"admin\" \/>\n<script type=\"application\/ld+json\" class=\"yoast-schema-graph\">{\"@context\":\"https:\\\/\\\/schema.org\",\"@graph\":[{\"@type\":\"Article\",\"@id\":\"https:\\\/\\\/kibrisdakik.com\\\/?p=31381#article\",\"isPartOf\":{\"@id\":\"https:\\\/\\\/kibrisdakik.com\\\/?p=31381\"},\"author\":{\"name\":\"admin\",\"@id\":\"https:\\\/\\\/kibrisdakik.com\\\/#\\\/schema\\\/person\\\/9cd9d437bbb44f72b73ba127e06d8e79\"},\"headline\":\"Alayk\u00f6y&#039;de ev kur\u015funland\u0131!\",\"datePublished\":\"2024-02-27T09:11:03+00:00\",\"mainEntityOfPage\":{\"@id\":\"https:\\\/\\\/kibrisdakik.com\\\/?p=31381\"},\"wordCount\":81,\"commentCount\":0,\"image\":{\"@id\":\"https:\\\/\\\/kibrisdakik.com\\\/?p=31381#primaryimage\"},\"thumbnailUrl\":\"https:\\\/\\\/kibrisdakik.com\\\/wp-content\\\/uploads\\\/2024\\\/02\\\/alaykoyde-ev-kursunlandi-1709021342.webp.webp\",\"articleSection\":[\"T\u00fcrkiye\"],\"inLanguage\":\"tr\",\"potentialAction\":[{\"@type\":\"CommentAction\",\"name\":\"Comment\",\"target\":[\"https:\\\/\\\/kibrisdakik.com\\\/?p=31381#respond\"]}]},{\"@type\":\"WebPage\",\"@id\":\"https:\\\/\\\/kibrisdakik.com\\\/?p=31381\",\"url\":\"https:\\\/\\\/kibrisdakik.com\\\/?p=31381\",\"name\":\"Alayk\u00f6y&#039;de ev kur\u015funland\u0131! -\",\"isPartOf\":{\"@id\":\"https:\\\/\\\/kibrisdakik.com\\\/#website\"},\"primaryImageOfPage\":{\"@id\":\"https:\\\/\\\/kibrisdakik.com\\\/?p=31381#primaryimage\"},\"image\":{\"@id\":\"https:\\\/\\\/kibrisdakik.com\\\/?p=31381#primaryimage\"},\"thumbnailUrl\":\"https:\\\/\\\/kibrisdakik.com\\\/wp-content\\\/uploads\\\/2024\\\/02\\\/alaykoyde-ev-kursunlandi-1709021342.webp.webp\",\"datePublished\":\"2024-02-27T09:11:03+00:00\",\"author\":{\"@id\":\"https:\\\/\\\/kibrisdakik.com\\\/#\\\/schema\\\/person\\\/9cd9d437bbb44f72b73ba127e06d8e79\"},\"breadcrumb\":{\"@id\":\"https:\\\/\\\/kibrisdakik.com\\\/?p=31381#breadcrumb\"},\"inLanguage\":\"tr\",\"potentialAction\":[{\"@type\":\"ReadAction\",\"target\":[\"https:\\\/\\\/kibrisdakik.com\\\/?p=31381\"]}]},{\"@type\":\"ImageObject\",\"inLanguage\":\"tr\",\"@id\":\"https:\\\/\\\/kibrisdakik.com\\\/?p=31381#primaryimage\",\"url\":\"https:\\\/\\\/kibrisdakik.com\\\/wp-content\\\/uploads\\\/2024\\\/02\\\/alaykoyde-ev-kursunlandi-1709021342.webp.webp\",\"contentUrl\":\"https:\\\/\\\/kibrisdakik.com\\\/wp-content\\\/uploads\\\/2024\\\/02\\\/alaykoyde-ev-kursunlandi-1709021342.webp.webp\",\"width\":710,\"height\":370},{\"@type\":\"BreadcrumbList\",\"@id\":\"https:\\\/\\\/kibrisdakik.com\\\/?p=31381#breadcrumb\",\"itemListElement\":[{\"@type\":\"ListItem\",\"position\":1,\"name\":\"Home\",\"item\":\"https:\\\/\\\/kibrisdakik.com\\\/\"},{\"@type\":\"ListItem\",\"position\":2,\"name\":\"Alayk\u00f6y&#039;de ev kur\u015funland\u0131!\"}]},{\"@type\":\"WebSite\",\"@id\":\"https:\\\/\\\/kibrisdakik.com\\\/#website\",\"url\":\"https:\\\/\\\/kibrisdakik.com\\\/\",\"name\":\"\",\"description\":\"Tam vaktinde haber\",\"potentialAction\":[{\"@type\":\"SearchAction\",\"target\":{\"@type\":\"EntryPoint\",\"urlTemplate\":\"https:\\\/\\\/kibrisdakik.com\\\/?s={search_term_string}\"},\"query-input\":{\"@type\":\"PropertyValueSpecification\",\"valueRequired\":true,\"valueName\":\"search_term_string\"}}],\"inLanguage\":\"tr\"},{\"@type\":\"Person\",\"@id\":\"https:\\\/\\\/kibrisdakik.com\\\/#\\\/schema\\\/person\\\/9cd9d437bbb44f72b73ba127e06d8e79\",\"name\":\"admin\",\"image\":{\"@type\":\"ImageObject\",\"inLanguage\":\"tr\",\"@id\":\"https:\\\/\\\/secure.gravatar.com\\\/avatar\\\/ccc17943b9d660506c869530f897617f7cb1c21a4bf30023f252596d83e1f007?s=96&d=mm&r=g\",\"url\":\"https:\\\/\\\/secure.gravatar.com\\\/avatar\\\/ccc17943b9d660506c869530f897617f7cb1c21a4bf30023f252596d83e1f007?s=96&d=mm&r=g\",\"contentUrl\":\"https:\\\/\\\/secure.gravatar.com\\\/avatar\\\/ccc17943b9d660506c869530f897617f7cb1c21a4bf30023f252596d83e1f007?s=96&d=mm&r=g\",\"caption\":\"admin\"},\"sameAs\":[\"https:\\\/\\\/kibrisdakik.com\"],\"url\":\"https:\\\/\\\/kibrisdakik.com\\\/?author=1\"}]}<\/script>\n<!-- \/ Yoast SEO plugin. -->","yoast_head_json":{"title":"Alayk\u00f6y&#039;de ev kur\u015funland\u0131! -","robots":{"index":"index","follow":"follow","max-snippet":"max-snippet:-1","max-image-preview":"max-image-preview:large","max-video-preview":"max-video-preview:-1"},"canonical":"https:\/\/kibrisdakik.com\/?p=31381","og_locale":"tr_TR","og_type":"article","og_title":"Alayk\u00f6y&#039;de ev kur\u015funland\u0131! -","og_description":"Polis Bas\u0131n Subayl\u0131\u011f\u0131ndan verilen 27 \u015eubat tarihinde saat 04.30 s\u0131ralar\u0131nda, Alayk\u00f6y&#8217;de 20 Temmuz Caddesi \u00fczerinde, Setin \u00dc\u00e7g\u00f6z&#8217;e ait ikametgaha me\u00e7hul \u015fah\u0131s veya \u015fah\u0131slar taraf\u0131ndan av t\u00fcfe\u011fi ile ate\u015f a\u00e7\u0131ld\u0131. Olayda herhangi bir yaralanma ve can kayb\u0131 ya\u015fanmazken s\u00f6z konusu ikametgah\u0131n s\u00fcrme cam\u0131 ve ikametgah \u00f6n\u00fcnde park halinde bulunan ara\u00e7 hasar g\u00f6rd\u00fc. Polisin olayla ilgili soru\u015fturmas\u0131","og_url":"https:\/\/kibrisdakik.com\/?p=31381","article_published_time":"2024-02-27T09:11:03+00:00","og_image":[{"width":710,"height":370,"url":"https:\/\/kibrisdakik.com\/wp-content\/uploads\/2024\/02\/alaykoyde-ev-kursunlandi-1709021342.webp.webp","type":"image\/webp"}],"author":"admin","twitter_card":"summary_large_image","twitter_misc":{"Yazan:":"admin"},"schema":{"@context":"https:\/\/schema.org","@graph":[{"@type":"Article","@id":"https:\/\/kibrisdakik.com\/?p=31381#article","isPartOf":{"@id":"https:\/\/kibrisdakik.com\/?p=31381"},"author":{"name":"admin","@id":"https:\/\/kibrisdakik.com\/#\/schema\/person\/9cd9d437bbb44f72b73ba127e06d8e79"},"headline":"Alayk\u00f6y&#039;de ev kur\u015funland\u0131!","datePublished":"2024-02-27T09:11:03+00:00","mainEntityOfPage":{"@id":"https:\/\/kibrisdakik.com\/?p=31381"},"wordCount":81,"commentCount":0,"image":{"@id":"https:\/\/kibrisdakik.com\/?p=31381#primaryimage"},"thumbnailUrl":"https:\/\/kibrisdakik.com\/wp-content\/uploads\/2024\/02\/alaykoyde-ev-kursunlandi-1709021342.webp.webp","articleSection":["T\u00fcrkiye"],"inLanguage":"tr","potentialAction":[{"@type":"CommentAction","name":"Comment","target":["https:\/\/kibrisdakik.com\/?p=31381#respond"]}]},{"@type":"WebPage","@id":"https:\/\/kibrisdakik.com\/?p=31381","url":"https:\/\/kibrisdakik.com\/?p=31381","name":"Alayk\u00f6y&#039;de ev kur\u015funland\u0131! -","isPartOf":{"@id":"https:\/\/kibrisdakik.com\/#website"},"primaryImageOfPage":{"@id":"https:\/\/kibrisdakik.com\/?p=31381#primaryimage"},"image":{"@id":"https:\/\/kibrisdakik.com\/?p=31381#primaryimage"},"thumbnailUrl":"https:\/\/kibrisdakik.com\/wp-content\/uploads\/2024\/02\/alaykoyde-ev-kursunlandi-1709021342.webp.webp","datePublished":"2024-02-27T09:11:03+00:00","author":{"@id":"https:\/\/kibrisdakik.com\/#\/schema\/person\/9cd9d437bbb44f72b73ba127e06d8e79"},"breadcrumb":{"@id":"https:\/\/kibrisdakik.com\/?p=31381#breadcrumb"},"inLanguage":"tr","potentialAction":[{"@type":"ReadAction","target":["https:\/\/kibrisdakik.com\/?p=31381"]}]},{"@type":"ImageObject","inLanguage":"tr","@id":"https:\/\/kibrisdakik.com\/?p=31381#primaryimage","url":"https:\/\/kibrisdakik.com\/wp-content\/uploads\/2024\/02\/alaykoyde-ev-kursunlandi-1709021342.webp.webp","contentUrl":"https:\/\/kibrisdakik.com\/wp-content\/uploads\/2024\/02\/alaykoyde-ev-kursunlandi-1709021342.webp.webp","width":710,"height":370},{"@type":"BreadcrumbList","@id":"https:\/\/kibrisdakik.com\/?p=31381#breadcrumb","itemListElement":[{"@type":"ListItem","position":1,"name":"Home","item":"https:\/\/kibrisdakik.com\/"},{"@type":"ListItem","position":2,"name":"Alayk\u00f6y&#039;de ev kur\u015funland\u0131!"}]},{"@type":"WebSite","@id":"https:\/\/kibrisdakik.com\/#website","url":"https:\/\/kibrisdakik.com\/","name":"","description":"Tam vaktinde haber","potentialAction":[{"@type":"SearchAction","target":{"@type":"EntryPoint","urlTemplate":"https:\/\/kibrisdakik.com\/?s={search_term_string}"},"query-input":{"@type":"PropertyValueSpecification","valueRequired":true,"valueName":"search_term_string"}}],"inLanguage":"tr"},{"@type":"Person","@id":"https:\/\/kibrisdakik.com\/#\/schema\/person\/9cd9d437bbb44f72b73ba127e06d8e79","name":"admin","image":{"@type":"ImageObject","inLanguage":"tr","@id":"https:\/\/secure.gravatar.com\/avatar\/ccc17943b9d660506c869530f897617f7cb1c21a4bf30023f252596d83e1f007?s=96&d=mm&r=g","url":"https:\/\/secure.gravatar.com\/avatar\/ccc17943b9d660506c869530f897617f7cb1c21a4bf30023f252596d83e1f007?s=96&d=mm&r=g","contentUrl":"https:\/\/secure.gravatar.com\/avatar\/ccc17943b9d660506c869530f897617f7cb1c21a4bf30023f252596d83e1f007?s=96&d=mm&r=g","caption":"admin"},"sameAs":["https:\/\/kibrisdakik.com"],"url":"https:\/\/kibrisdakik.com\/?author=1"}]}},"_links":{"self":[{"href":"https:\/\/kibrisdakik.com\/index.php?rest_route=\/wp\/v2\/posts\/31381","targetHints":{"allow":["GET"]}}],"collection":[{"href":"https:\/\/kibrisdakik.com\/index.php?rest_route=\/wp\/v2\/posts"}],"about":[{"href":"https:\/\/kibrisdakik.com\/index.php?rest_route=\/wp\/v2\/types\/post"}],"author":[{"embeddable":true,"href":"https:\/\/kibrisdakik.com\/index.php?rest_route=\/wp\/v2\/users\/1"}],"replies":[{"embeddable":true,"href":"https:\/\/kibrisdakik.com\/index.php?rest_route=%2Fwp%2Fv2%2Fcomments&post=31381"}],"version-history":[{"count":0,"href":"https:\/\/kibrisdakik.com\/index.php?rest_route=\/wp\/v2\/posts\/31381\/revisions"}],"wp:featuredmedia":[{"embeddable":true,"href":"https:\/\/kibrisdakik.com\/index.php?rest_route=\/wp\/v2\/media\/31382"}],"wp:attachment":[{"href":"https:\/\/kibrisdakik.com\/index.php?rest_route=%2Fwp%2Fv2%2Fmedia&parent=31381"}],"wp:term":[{"taxonomy":"category","embeddable":true,"href":"https:\/\/kibrisdakik.com\/index.php?rest_route=%2Fwp%2Fv2%2Fcategories&post=31381"},{"taxonomy":"post_tag","embeddable":true,"href":"https:\/\/kibrisdakik.com\/index.php?rest_route=%2Fwp%2Fv2%2Ftags&post=31381"}],"curies":[{"name":"wp","href":"https:\/\/api.w.org\/{rel}","templated":true}]}}