{"id":31397,"date":"2024-02-27T11:03:19","date_gmt":"2024-02-27T11:03:19","guid":{"rendered":"https:\/\/kibrisdakik.com\/index.php\/2024\/02\/27\/kurtulus-lisesinde-kan-bagisi-kampanyasi-duzenleniyor\/"},"modified":"2024-02-27T11:03:19","modified_gmt":"2024-02-27T11:03:19","slug":"kurtulus-lisesinde-kan-bagisi-kampanyasi-duzenleniyor","status":"publish","type":"post","link":"https:\/\/kibrisdakik.com\/?p=31397","title":{"rendered":"Kurtulu\u015f Lisesi\u2019nde kan ba\u011f\u0131\u015f\u0131 kampanyas\u0131 d\u00fczenleniyor"},"content":{"rendered":"<p><img decoding=\"async\" src=\"https:\/\/www.kibristurk.com\/images\/haberler\/2024\/02\/kurtulus-lisesinde-kan-bagisi-kampanyasi-duzenleniyor-1709031003.webp\" \/><\/p>\n<p style=\"text-align:left\"><span style=\"font-size:16px\"><span style=\"font-family:Merriweather,serif !important\"><span style=\"color:#000000\"><span style=\"background-color:#ffffff\">K\u0131z\u0131lay kan bankas\u0131 arac\u0131, kampanya kapsam\u0131nda saat 08.00-15.00 saatleri aras\u0131nda okulun avlusunda kurulu olacak.<\/span><\/span><\/span><\/span><\/p>\n<p style=\"text-align:left\"><span style=\"font-size:16px\"><span style=\"font-family:Merriweather,serif !important\"><span style=\"color:#000000\"><span style=\"background-color:#ffffff\">Kurtulu\u015f Lisesi M\u00fcd\u00fcr\u00fc H\u00fclya Altun, konuyla ilgili a\u00e7\u0131klamas\u0131nda, kan ba\u011f\u0131\u015f\u0131n\u0131n \u00f6nemi konusunda etkinlik d\u00fczenleyen \u00f6\u011frencilerin bir s\u00fcre \u00f6nce yine kan ba\u011f\u0131\u015f\u0131 kampanyas\u0131 yapt\u0131\u011f\u0131n\u0131 belirtti. Altun, gerek G\u00fczelyurt b\u00f6lge halk\u0131, gerekse adan\u0131n di\u011fer b\u00f6lgesindeki duyarl\u0131 vatanda\u015flardan destek beklediklerini kaydetti.<\/span><\/span><\/span><\/span><\/p>\n<p style=\"text-align:left\"><span style=\"font-size:16px\"><span style=\"font-family:Merriweather,serif !important\"><span style=\"color:#000000\"><span style=\"background-color:#ffffff\">Altun, kan kampanya s\u0131ras\u0131nda okulun avlusunda Kurtulu\u015f Lisesi Okul Aile Birli\u011fi ile i\u015f birli\u011finde bir de kermes d\u00fczenlenece\u011fini belirtti.<\/span><\/span><\/span><\/span><\/p>\n","protected":false},"excerpt":{"rendered":"<p>K\u0131z\u0131lay kan bankas\u0131 arac\u0131, kampanya kapsam\u0131nda saat 08.00-15.00 saatleri aras\u0131nda okulun avlusunda kurulu olacak. Kurtulu\u015f Lisesi M\u00fcd\u00fcr\u00fc H\u00fclya Altun, konuyla ilgili a\u00e7\u0131klamas\u0131nda, kan ba\u011f\u0131\u015f\u0131n\u0131n \u00f6nemi konusunda etkinlik d\u00fczenleyen \u00f6\u011frencilerin bir s\u00fcre \u00f6nce yine kan ba\u011f\u0131\u015f\u0131 kampanyas\u0131 yapt\u0131\u011f\u0131n\u0131 belirtti. Altun, gerek G\u00fczelyurt b\u00f6lge halk\u0131, gerekse adan\u0131n di\u011fer b\u00f6lgesindeki duyarl\u0131 vatanda\u015flardan destek beklediklerini kaydetti. Altun, kan kampanya<\/p>\n","protected":false},"author":1,"featured_media":31398,"comment_status":"open","ping_status":"open","sticky":false,"template":"","format":"standard","meta":{"footnotes":""},"categories":[85],"tags":[],"class_list":["post-31397","post","type-post","status-publish","format-standard","has-post-thumbnail","hentry","category-spor"],"yoast_head":"<!-- This site is optimized with the Yoast SEO plugin v27.5 - https:\/\/yoast.com\/product\/yoast-seo-wordpress\/ -->\n<title>Kurtulu\u015f Lisesi\u2019nde kan ba\u011f\u0131\u015f\u0131 kampanyas\u0131 d\u00fczenleniyor -<\/title>\n<meta name=\"robots\" content=\"index, follow, max-snippet:-1, max-image-preview:large, max-video-preview:-1\" \/>\n<link rel=\"canonical\" href=\"https:\/\/kibrisdakik.com\/?p=31397\" \/>\n<meta property=\"og:locale\" content=\"tr_TR\" \/>\n<meta property=\"og:type\" content=\"article\" \/>\n<meta property=\"og:title\" content=\"Kurtulu\u015f Lisesi\u2019nde kan ba\u011f\u0131\u015f\u0131 kampanyas\u0131 d\u00fczenleniyor -\" \/>\n<meta property=\"og:description\" content=\"K\u0131z\u0131lay kan bankas\u0131 arac\u0131, kampanya kapsam\u0131nda saat 08.00-15.00 saatleri aras\u0131nda okulun avlusunda kurulu olacak. Kurtulu\u015f Lisesi M\u00fcd\u00fcr\u00fc H\u00fclya Altun, konuyla ilgili a\u00e7\u0131klamas\u0131nda, kan ba\u011f\u0131\u015f\u0131n\u0131n \u00f6nemi konusunda etkinlik d\u00fczenleyen \u00f6\u011frencilerin bir s\u00fcre \u00f6nce yine kan ba\u011f\u0131\u015f\u0131 kampanyas\u0131 yapt\u0131\u011f\u0131n\u0131 belirtti. Altun, gerek G\u00fczelyurt b\u00f6lge halk\u0131, gerekse adan\u0131n di\u011fer b\u00f6lgesindeki duyarl\u0131 vatanda\u015flardan destek beklediklerini kaydetti. Altun, kan kampanya\" \/>\n<meta property=\"og:url\" content=\"https:\/\/kibrisdakik.com\/?p=31397\" \/>\n<meta property=\"article:published_time\" content=\"2024-02-27T11:03:19+00:00\" \/>\n<meta property=\"og:image\" content=\"https:\/\/kibrisdakik.com\/wp-content\/uploads\/2024\/02\/kurtulus-lisesinde-kan-bagisi-kampanyasi-duzenleniyor-1709031003.webp.webp\" \/>\n\t<meta property=\"og:image:width\" content=\"710\" \/>\n\t<meta property=\"og:image:height\" content=\"370\" \/>\n\t<meta property=\"og:image:type\" content=\"image\/webp\" \/>\n<meta name=\"author\" content=\"admin\" \/>\n<meta name=\"twitter:card\" content=\"summary_large_image\" \/>\n<meta name=\"twitter:label1\" content=\"Yazan:\" \/>\n\t<meta name=\"twitter:data1\" content=\"admin\" \/>\n<script type=\"application\/ld+json\" class=\"yoast-schema-graph\">{\"@context\":\"https:\\\/\\\/schema.org\",\"@graph\":[{\"@type\":\"Article\",\"@id\":\"https:\\\/\\\/kibrisdakik.com\\\/?p=31397#article\",\"isPartOf\":{\"@id\":\"https:\\\/\\\/kibrisdakik.com\\\/?p=31397\"},\"author\":{\"name\":\"admin\",\"@id\":\"https:\\\/\\\/kibrisdakik.com\\\/#\\\/schema\\\/person\\\/9cd9d437bbb44f72b73ba127e06d8e79\"},\"headline\":\"Kurtulu\u015f Lisesi\u2019nde kan ba\u011f\u0131\u015f\u0131 kampanyas\u0131 d\u00fczenleniyor\",\"datePublished\":\"2024-02-27T11:03:19+00:00\",\"mainEntityOfPage\":{\"@id\":\"https:\\\/\\\/kibrisdakik.com\\\/?p=31397\"},\"wordCount\":105,\"commentCount\":0,\"image\":{\"@id\":\"https:\\\/\\\/kibrisdakik.com\\\/?p=31397#primaryimage\"},\"thumbnailUrl\":\"https:\\\/\\\/kibrisdakik.com\\\/wp-content\\\/uploads\\\/2024\\\/02\\\/kurtulus-lisesinde-kan-bagisi-kampanyasi-duzenleniyor-1709031003.webp.webp\",\"articleSection\":[\"Spor\"],\"inLanguage\":\"tr\",\"potentialAction\":[{\"@type\":\"CommentAction\",\"name\":\"Comment\",\"target\":[\"https:\\\/\\\/kibrisdakik.com\\\/?p=31397#respond\"]}]},{\"@type\":\"WebPage\",\"@id\":\"https:\\\/\\\/kibrisdakik.com\\\/?p=31397\",\"url\":\"https:\\\/\\\/kibrisdakik.com\\\/?p=31397\",\"name\":\"Kurtulu\u015f Lisesi\u2019nde kan ba\u011f\u0131\u015f\u0131 kampanyas\u0131 d\u00fczenleniyor -\",\"isPartOf\":{\"@id\":\"https:\\\/\\\/kibrisdakik.com\\\/#website\"},\"primaryImageOfPage\":{\"@id\":\"https:\\\/\\\/kibrisdakik.com\\\/?p=31397#primaryimage\"},\"image\":{\"@id\":\"https:\\\/\\\/kibrisdakik.com\\\/?p=31397#primaryimage\"},\"thumbnailUrl\":\"https:\\\/\\\/kibrisdakik.com\\\/wp-content\\\/uploads\\\/2024\\\/02\\\/kurtulus-lisesinde-kan-bagisi-kampanyasi-duzenleniyor-1709031003.webp.webp\",\"datePublished\":\"2024-02-27T11:03:19+00:00\",\"author\":{\"@id\":\"https:\\\/\\\/kibrisdakik.com\\\/#\\\/schema\\\/person\\\/9cd9d437bbb44f72b73ba127e06d8e79\"},\"breadcrumb\":{\"@id\":\"https:\\\/\\\/kibrisdakik.com\\\/?p=31397#breadcrumb\"},\"inLanguage\":\"tr\",\"potentialAction\":[{\"@type\":\"ReadAction\",\"target\":[\"https:\\\/\\\/kibrisdakik.com\\\/?p=31397\"]}]},{\"@type\":\"ImageObject\",\"inLanguage\":\"tr\",\"@id\":\"https:\\\/\\\/kibrisdakik.com\\\/?p=31397#primaryimage\",\"url\":\"https:\\\/\\\/kibrisdakik.com\\\/wp-content\\\/uploads\\\/2024\\\/02\\\/kurtulus-lisesinde-kan-bagisi-kampanyasi-duzenleniyor-1709031003.webp.webp\",\"contentUrl\":\"https:\\\/\\\/kibrisdakik.com\\\/wp-content\\\/uploads\\\/2024\\\/02\\\/kurtulus-lisesinde-kan-bagisi-kampanyasi-duzenleniyor-1709031003.webp.webp\",\"width\":710,\"height\":370},{\"@type\":\"BreadcrumbList\",\"@id\":\"https:\\\/\\\/kibrisdakik.com\\\/?p=31397#breadcrumb\",\"itemListElement\":[{\"@type\":\"ListItem\",\"position\":1,\"name\":\"Home\",\"item\":\"https:\\\/\\\/kibrisdakik.com\\\/\"},{\"@type\":\"ListItem\",\"position\":2,\"name\":\"Kurtulu\u015f Lisesi\u2019nde kan ba\u011f\u0131\u015f\u0131 kampanyas\u0131 d\u00fczenleniyor\"}]},{\"@type\":\"WebSite\",\"@id\":\"https:\\\/\\\/kibrisdakik.com\\\/#website\",\"url\":\"https:\\\/\\\/kibrisdakik.com\\\/\",\"name\":\"\",\"description\":\"Tam vaktinde haber\",\"potentialAction\":[{\"@type\":\"SearchAction\",\"target\":{\"@type\":\"EntryPoint\",\"urlTemplate\":\"https:\\\/\\\/kibrisdakik.com\\\/?s={search_term_string}\"},\"query-input\":{\"@type\":\"PropertyValueSpecification\",\"valueRequired\":true,\"valueName\":\"search_term_string\"}}],\"inLanguage\":\"tr\"},{\"@type\":\"Person\",\"@id\":\"https:\\\/\\\/kibrisdakik.com\\\/#\\\/schema\\\/person\\\/9cd9d437bbb44f72b73ba127e06d8e79\",\"name\":\"admin\",\"image\":{\"@type\":\"ImageObject\",\"inLanguage\":\"tr\",\"@id\":\"https:\\\/\\\/secure.gravatar.com\\\/avatar\\\/ccc17943b9d660506c869530f897617f7cb1c21a4bf30023f252596d83e1f007?s=96&d=mm&r=g\",\"url\":\"https:\\\/\\\/secure.gravatar.com\\\/avatar\\\/ccc17943b9d660506c869530f897617f7cb1c21a4bf30023f252596d83e1f007?s=96&d=mm&r=g\",\"contentUrl\":\"https:\\\/\\\/secure.gravatar.com\\\/avatar\\\/ccc17943b9d660506c869530f897617f7cb1c21a4bf30023f252596d83e1f007?s=96&d=mm&r=g\",\"caption\":\"admin\"},\"sameAs\":[\"https:\\\/\\\/kibrisdakik.com\"],\"url\":\"https:\\\/\\\/kibrisdakik.com\\\/?author=1\"}]}<\/script>\n<!-- \/ Yoast SEO plugin. -->","yoast_head_json":{"title":"Kurtulu\u015f Lisesi\u2019nde kan ba\u011f\u0131\u015f\u0131 kampanyas\u0131 d\u00fczenleniyor -","robots":{"index":"index","follow":"follow","max-snippet":"max-snippet:-1","max-image-preview":"max-image-preview:large","max-video-preview":"max-video-preview:-1"},"canonical":"https:\/\/kibrisdakik.com\/?p=31397","og_locale":"tr_TR","og_type":"article","og_title":"Kurtulu\u015f Lisesi\u2019nde kan ba\u011f\u0131\u015f\u0131 kampanyas\u0131 d\u00fczenleniyor -","og_description":"K\u0131z\u0131lay kan bankas\u0131 arac\u0131, kampanya kapsam\u0131nda saat 08.00-15.00 saatleri aras\u0131nda okulun avlusunda kurulu olacak. Kurtulu\u015f Lisesi M\u00fcd\u00fcr\u00fc H\u00fclya Altun, konuyla ilgili a\u00e7\u0131klamas\u0131nda, kan ba\u011f\u0131\u015f\u0131n\u0131n \u00f6nemi konusunda etkinlik d\u00fczenleyen \u00f6\u011frencilerin bir s\u00fcre \u00f6nce yine kan ba\u011f\u0131\u015f\u0131 kampanyas\u0131 yapt\u0131\u011f\u0131n\u0131 belirtti. Altun, gerek G\u00fczelyurt b\u00f6lge halk\u0131, gerekse adan\u0131n di\u011fer b\u00f6lgesindeki duyarl\u0131 vatanda\u015flardan destek beklediklerini kaydetti. Altun, kan kampanya","og_url":"https:\/\/kibrisdakik.com\/?p=31397","article_published_time":"2024-02-27T11:03:19+00:00","og_image":[{"width":710,"height":370,"url":"https:\/\/kibrisdakik.com\/wp-content\/uploads\/2024\/02\/kurtulus-lisesinde-kan-bagisi-kampanyasi-duzenleniyor-1709031003.webp.webp","type":"image\/webp"}],"author":"admin","twitter_card":"summary_large_image","twitter_misc":{"Yazan:":"admin"},"schema":{"@context":"https:\/\/schema.org","@graph":[{"@type":"Article","@id":"https:\/\/kibrisdakik.com\/?p=31397#article","isPartOf":{"@id":"https:\/\/kibrisdakik.com\/?p=31397"},"author":{"name":"admin","@id":"https:\/\/kibrisdakik.com\/#\/schema\/person\/9cd9d437bbb44f72b73ba127e06d8e79"},"headline":"Kurtulu\u015f Lisesi\u2019nde kan ba\u011f\u0131\u015f\u0131 kampanyas\u0131 d\u00fczenleniyor","datePublished":"2024-02-27T11:03:19+00:00","mainEntityOfPage":{"@id":"https:\/\/kibrisdakik.com\/?p=31397"},"wordCount":105,"commentCount":0,"image":{"@id":"https:\/\/kibrisdakik.com\/?p=31397#primaryimage"},"thumbnailUrl":"https:\/\/kibrisdakik.com\/wp-content\/uploads\/2024\/02\/kurtulus-lisesinde-kan-bagisi-kampanyasi-duzenleniyor-1709031003.webp.webp","articleSection":["Spor"],"inLanguage":"tr","potentialAction":[{"@type":"CommentAction","name":"Comment","target":["https:\/\/kibrisdakik.com\/?p=31397#respond"]}]},{"@type":"WebPage","@id":"https:\/\/kibrisdakik.com\/?p=31397","url":"https:\/\/kibrisdakik.com\/?p=31397","name":"Kurtulu\u015f Lisesi\u2019nde kan ba\u011f\u0131\u015f\u0131 kampanyas\u0131 d\u00fczenleniyor -","isPartOf":{"@id":"https:\/\/kibrisdakik.com\/#website"},"primaryImageOfPage":{"@id":"https:\/\/kibrisdakik.com\/?p=31397#primaryimage"},"image":{"@id":"https:\/\/kibrisdakik.com\/?p=31397#primaryimage"},"thumbnailUrl":"https:\/\/kibrisdakik.com\/wp-content\/uploads\/2024\/02\/kurtulus-lisesinde-kan-bagisi-kampanyasi-duzenleniyor-1709031003.webp.webp","datePublished":"2024-02-27T11:03:19+00:00","author":{"@id":"https:\/\/kibrisdakik.com\/#\/schema\/person\/9cd9d437bbb44f72b73ba127e06d8e79"},"breadcrumb":{"@id":"https:\/\/kibrisdakik.com\/?p=31397#breadcrumb"},"inLanguage":"tr","potentialAction":[{"@type":"ReadAction","target":["https:\/\/kibrisdakik.com\/?p=31397"]}]},{"@type":"ImageObject","inLanguage":"tr","@id":"https:\/\/kibrisdakik.com\/?p=31397#primaryimage","url":"https:\/\/kibrisdakik.com\/wp-content\/uploads\/2024\/02\/kurtulus-lisesinde-kan-bagisi-kampanyasi-duzenleniyor-1709031003.webp.webp","contentUrl":"https:\/\/kibrisdakik.com\/wp-content\/uploads\/2024\/02\/kurtulus-lisesinde-kan-bagisi-kampanyasi-duzenleniyor-1709031003.webp.webp","width":710,"height":370},{"@type":"BreadcrumbList","@id":"https:\/\/kibrisdakik.com\/?p=31397#breadcrumb","itemListElement":[{"@type":"ListItem","position":1,"name":"Home","item":"https:\/\/kibrisdakik.com\/"},{"@type":"ListItem","position":2,"name":"Kurtulu\u015f Lisesi\u2019nde kan ba\u011f\u0131\u015f\u0131 kampanyas\u0131 d\u00fczenleniyor"}]},{"@type":"WebSite","@id":"https:\/\/kibrisdakik.com\/#website","url":"https:\/\/kibrisdakik.com\/","name":"","description":"Tam vaktinde haber","potentialAction":[{"@type":"SearchAction","target":{"@type":"EntryPoint","urlTemplate":"https:\/\/kibrisdakik.com\/?s={search_term_string}"},"query-input":{"@type":"PropertyValueSpecification","valueRequired":true,"valueName":"search_term_string"}}],"inLanguage":"tr"},{"@type":"Person","@id":"https:\/\/kibrisdakik.com\/#\/schema\/person\/9cd9d437bbb44f72b73ba127e06d8e79","name":"admin","image":{"@type":"ImageObject","inLanguage":"tr","@id":"https:\/\/secure.gravatar.com\/avatar\/ccc17943b9d660506c869530f897617f7cb1c21a4bf30023f252596d83e1f007?s=96&d=mm&r=g","url":"https:\/\/secure.gravatar.com\/avatar\/ccc17943b9d660506c869530f897617f7cb1c21a4bf30023f252596d83e1f007?s=96&d=mm&r=g","contentUrl":"https:\/\/secure.gravatar.com\/avatar\/ccc17943b9d660506c869530f897617f7cb1c21a4bf30023f252596d83e1f007?s=96&d=mm&r=g","caption":"admin"},"sameAs":["https:\/\/kibrisdakik.com"],"url":"https:\/\/kibrisdakik.com\/?author=1"}]}},"_links":{"self":[{"href":"https:\/\/kibrisdakik.com\/index.php?rest_route=\/wp\/v2\/posts\/31397","targetHints":{"allow":["GET"]}}],"collection":[{"href":"https:\/\/kibrisdakik.com\/index.php?rest_route=\/wp\/v2\/posts"}],"about":[{"href":"https:\/\/kibrisdakik.com\/index.php?rest_route=\/wp\/v2\/types\/post"}],"author":[{"embeddable":true,"href":"https:\/\/kibrisdakik.com\/index.php?rest_route=\/wp\/v2\/users\/1"}],"replies":[{"embeddable":true,"href":"https:\/\/kibrisdakik.com\/index.php?rest_route=%2Fwp%2Fv2%2Fcomments&post=31397"}],"version-history":[{"count":0,"href":"https:\/\/kibrisdakik.com\/index.php?rest_route=\/wp\/v2\/posts\/31397\/revisions"}],"wp:featuredmedia":[{"embeddable":true,"href":"https:\/\/kibrisdakik.com\/index.php?rest_route=\/wp\/v2\/media\/31398"}],"wp:attachment":[{"href":"https:\/\/kibrisdakik.com\/index.php?rest_route=%2Fwp%2Fv2%2Fmedia&parent=31397"}],"wp:term":[{"taxonomy":"category","embeddable":true,"href":"https:\/\/kibrisdakik.com\/index.php?rest_route=%2Fwp%2Fv2%2Fcategories&post=31397"},{"taxonomy":"post_tag","embeddable":true,"href":"https:\/\/kibrisdakik.com\/index.php?rest_route=%2Fwp%2Fv2%2Ftags&post=31397"}],"curies":[{"name":"wp","href":"https:\/\/api.w.org\/{rel}","templated":true}]}}