{"id":31429,"date":"2024-02-27T14:16:36","date_gmt":"2024-02-27T14:16:36","guid":{"rendered":"https:\/\/kibrisdakik.com\/index.php\/2024\/02\/27\/icisleri-bakani-oguz-tc-tapu-kadastro-mudurlugu-yetkililerini-kabul-etti\/"},"modified":"2024-02-27T14:16:36","modified_gmt":"2024-02-27T14:16:36","slug":"icisleri-bakani-oguz-tc-tapu-kadastro-mudurlugu-yetkililerini-kabul-etti","status":"publish","type":"post","link":"https:\/\/kibrisdakik.com\/?p=31429","title":{"rendered":"\u0130\u00e7i\u015fleri Bakan\u0131 O\u011fuz, TC Tapu Kadastro M\u00fcd\u00fcrl\u00fc\u011f\u00fc yetkililerini kabul etti"},"content":{"rendered":"<p><img decoding=\"async\" src=\"https:\/\/www.kibristurk.com\/images\/haberler\/2024\/02\/icisleri-bakani-oguz-tc-tapu-kadastro-mudurlugu-yetkililerini-kabul-etti-1709041019.webp\" \/><\/p>\n<p style=\"text-align:left\"><span style=\"font-size:16px\"><span style=\"font-family:Merriweather,serif !important\"><span style=\"color:#000000\"><span style=\"background-color:#ffffff\">\u0130\u00e7i\u015fleri Bakanl\u0131\u011f\u0131ndan yap\u0131lan a\u00e7\u0131klamaya g\u00f6re Bakan O\u011fuz, TC Yabanc\u0131 \u0130\u015fler Daire Ba\u015fkan\u0131 Sadettin Tunas, TC Harita Dairesi Ba\u015fkan\u0131 \u0130brahim Cankurt, TC Kadastro Dairesi Ba\u015fkan\u0131 Mustafa Aslan ve beraberindeki heyeti kabul etti.<\/span><\/span><\/span><\/span><\/p>\n<p style=\"text-align:left\"><span style=\"font-size:16px\"><span style=\"font-family:Merriweather,serif !important\"><span style=\"color:#000000\"><span style=\"background-color:#ffffff\">A\u00e7\u0131klamaya g\u00f6re toplant\u0131da, KKTC \u0130\u00e7i\u015fleri Bakanl\u0131\u011f\u0131 talebi do\u011frultusunda TC Tapu ve Kadastro Dairesinin t\u00fcm tapu i\u015flemlerine y\u00f6nelik teknik ekip deste\u011fi vermesi, tapu i\u015flem s\u00fcre\u00e7lerine h\u00e2kim teknik personelin g\u00f6revlendirilmesi i\u00e7in i\u015f birli\u011fi yap\u0131lmas\u0131 karar\u0131na var\u0131ld\u0131.<\/span><\/span><\/span><\/span><\/p>\n","protected":false},"excerpt":{"rendered":"<p>\u0130\u00e7i\u015fleri Bakanl\u0131\u011f\u0131ndan yap\u0131lan a\u00e7\u0131klamaya g\u00f6re Bakan O\u011fuz, TC Yabanc\u0131 \u0130\u015fler Daire Ba\u015fkan\u0131 Sadettin Tunas, TC Harita Dairesi Ba\u015fkan\u0131 \u0130brahim Cankurt, TC Kadastro Dairesi Ba\u015fkan\u0131 Mustafa Aslan ve beraberindeki heyeti kabul etti. A\u00e7\u0131klamaya g\u00f6re toplant\u0131da, KKTC \u0130\u00e7i\u015fleri Bakanl\u0131\u011f\u0131 talebi do\u011frultusunda TC Tapu ve Kadastro Dairesinin t\u00fcm tapu i\u015flemlerine y\u00f6nelik teknik ekip deste\u011fi vermesi, tapu i\u015flem s\u00fcre\u00e7lerine<\/p>\n","protected":false},"author":1,"featured_media":31430,"comment_status":"open","ping_status":"open","sticky":false,"template":"","format":"standard","meta":{"footnotes":""},"categories":[86],"tags":[],"class_list":["post-31429","post","type-post","status-publish","format-standard","has-post-thumbnail","hentry","category-turkiye"],"yoast_head":"<!-- This site is optimized with the Yoast SEO plugin v27.4 - https:\/\/yoast.com\/product\/yoast-seo-wordpress\/ -->\n<title>\u0130\u00e7i\u015fleri Bakan\u0131 O\u011fuz, TC Tapu Kadastro M\u00fcd\u00fcrl\u00fc\u011f\u00fc yetkililerini kabul etti -<\/title>\n<meta name=\"robots\" content=\"index, follow, max-snippet:-1, max-image-preview:large, max-video-preview:-1\" \/>\n<link rel=\"canonical\" href=\"https:\/\/kibrisdakik.com\/?p=31429\" \/>\n<meta property=\"og:locale\" content=\"tr_TR\" \/>\n<meta property=\"og:type\" content=\"article\" \/>\n<meta property=\"og:title\" content=\"\u0130\u00e7i\u015fleri Bakan\u0131 O\u011fuz, TC Tapu Kadastro M\u00fcd\u00fcrl\u00fc\u011f\u00fc yetkililerini kabul etti -\" \/>\n<meta property=\"og:description\" content=\"\u0130\u00e7i\u015fleri Bakanl\u0131\u011f\u0131ndan yap\u0131lan a\u00e7\u0131klamaya g\u00f6re Bakan O\u011fuz, TC Yabanc\u0131 \u0130\u015fler Daire Ba\u015fkan\u0131 Sadettin Tunas, TC Harita Dairesi Ba\u015fkan\u0131 \u0130brahim Cankurt, TC Kadastro Dairesi Ba\u015fkan\u0131 Mustafa Aslan ve beraberindeki heyeti kabul etti. A\u00e7\u0131klamaya g\u00f6re toplant\u0131da, KKTC \u0130\u00e7i\u015fleri Bakanl\u0131\u011f\u0131 talebi do\u011frultusunda TC Tapu ve Kadastro Dairesinin t\u00fcm tapu i\u015flemlerine y\u00f6nelik teknik ekip deste\u011fi vermesi, tapu i\u015flem s\u00fcre\u00e7lerine\" \/>\n<meta property=\"og:url\" content=\"https:\/\/kibrisdakik.com\/?p=31429\" \/>\n<meta property=\"article:published_time\" content=\"2024-02-27T14:16:36+00:00\" \/>\n<meta property=\"og:image\" content=\"https:\/\/kibrisdakik.com\/wp-content\/uploads\/2024\/02\/icisleri-bakani-oguz-tc-tapu-kadastro-mudurlugu-yetkililerini-kabul-etti-1709041019.webp.webp\" \/>\n\t<meta property=\"og:image:width\" content=\"710\" \/>\n\t<meta property=\"og:image:height\" content=\"370\" \/>\n\t<meta property=\"og:image:type\" content=\"image\/webp\" \/>\n<meta name=\"author\" content=\"admin\" \/>\n<meta name=\"twitter:card\" content=\"summary_large_image\" \/>\n<meta name=\"twitter:label1\" content=\"Yazan:\" \/>\n\t<meta name=\"twitter:data1\" content=\"admin\" \/>\n<script type=\"application\/ld+json\" class=\"yoast-schema-graph\">{\"@context\":\"https:\\\/\\\/schema.org\",\"@graph\":[{\"@type\":\"Article\",\"@id\":\"https:\\\/\\\/kibrisdakik.com\\\/?p=31429#article\",\"isPartOf\":{\"@id\":\"https:\\\/\\\/kibrisdakik.com\\\/?p=31429\"},\"author\":{\"name\":\"admin\",\"@id\":\"https:\\\/\\\/kibrisdakik.com\\\/#\\\/schema\\\/person\\\/9cd9d437bbb44f72b73ba127e06d8e79\"},\"headline\":\"\u0130\u00e7i\u015fleri Bakan\u0131 O\u011fuz, TC Tapu Kadastro M\u00fcd\u00fcrl\u00fc\u011f\u00fc yetkililerini kabul etti\",\"datePublished\":\"2024-02-27T14:16:36+00:00\",\"mainEntityOfPage\":{\"@id\":\"https:\\\/\\\/kibrisdakik.com\\\/?p=31429\"},\"wordCount\":107,\"commentCount\":0,\"image\":{\"@id\":\"https:\\\/\\\/kibrisdakik.com\\\/?p=31429#primaryimage\"},\"thumbnailUrl\":\"https:\\\/\\\/kibrisdakik.com\\\/wp-content\\\/uploads\\\/2024\\\/02\\\/icisleri-bakani-oguz-tc-tapu-kadastro-mudurlugu-yetkililerini-kabul-etti-1709041019.webp.webp\",\"articleSection\":[\"T\u00fcrkiye\"],\"inLanguage\":\"tr\",\"potentialAction\":[{\"@type\":\"CommentAction\",\"name\":\"Comment\",\"target\":[\"https:\\\/\\\/kibrisdakik.com\\\/?p=31429#respond\"]}]},{\"@type\":\"WebPage\",\"@id\":\"https:\\\/\\\/kibrisdakik.com\\\/?p=31429\",\"url\":\"https:\\\/\\\/kibrisdakik.com\\\/?p=31429\",\"name\":\"\u0130\u00e7i\u015fleri Bakan\u0131 O\u011fuz, TC Tapu Kadastro M\u00fcd\u00fcrl\u00fc\u011f\u00fc yetkililerini kabul etti -\",\"isPartOf\":{\"@id\":\"https:\\\/\\\/kibrisdakik.com\\\/#website\"},\"primaryImageOfPage\":{\"@id\":\"https:\\\/\\\/kibrisdakik.com\\\/?p=31429#primaryimage\"},\"image\":{\"@id\":\"https:\\\/\\\/kibrisdakik.com\\\/?p=31429#primaryimage\"},\"thumbnailUrl\":\"https:\\\/\\\/kibrisdakik.com\\\/wp-content\\\/uploads\\\/2024\\\/02\\\/icisleri-bakani-oguz-tc-tapu-kadastro-mudurlugu-yetkililerini-kabul-etti-1709041019.webp.webp\",\"datePublished\":\"2024-02-27T14:16:36+00:00\",\"author\":{\"@id\":\"https:\\\/\\\/kibrisdakik.com\\\/#\\\/schema\\\/person\\\/9cd9d437bbb44f72b73ba127e06d8e79\"},\"breadcrumb\":{\"@id\":\"https:\\\/\\\/kibrisdakik.com\\\/?p=31429#breadcrumb\"},\"inLanguage\":\"tr\",\"potentialAction\":[{\"@type\":\"ReadAction\",\"target\":[\"https:\\\/\\\/kibrisdakik.com\\\/?p=31429\"]}]},{\"@type\":\"ImageObject\",\"inLanguage\":\"tr\",\"@id\":\"https:\\\/\\\/kibrisdakik.com\\\/?p=31429#primaryimage\",\"url\":\"https:\\\/\\\/kibrisdakik.com\\\/wp-content\\\/uploads\\\/2024\\\/02\\\/icisleri-bakani-oguz-tc-tapu-kadastro-mudurlugu-yetkililerini-kabul-etti-1709041019.webp.webp\",\"contentUrl\":\"https:\\\/\\\/kibrisdakik.com\\\/wp-content\\\/uploads\\\/2024\\\/02\\\/icisleri-bakani-oguz-tc-tapu-kadastro-mudurlugu-yetkililerini-kabul-etti-1709041019.webp.webp\",\"width\":710,\"height\":370},{\"@type\":\"BreadcrumbList\",\"@id\":\"https:\\\/\\\/kibrisdakik.com\\\/?p=31429#breadcrumb\",\"itemListElement\":[{\"@type\":\"ListItem\",\"position\":1,\"name\":\"Home\",\"item\":\"https:\\\/\\\/kibrisdakik.com\\\/\"},{\"@type\":\"ListItem\",\"position\":2,\"name\":\"\u0130\u00e7i\u015fleri Bakan\u0131 O\u011fuz, TC Tapu Kadastro M\u00fcd\u00fcrl\u00fc\u011f\u00fc yetkililerini kabul etti\"}]},{\"@type\":\"WebSite\",\"@id\":\"https:\\\/\\\/kibrisdakik.com\\\/#website\",\"url\":\"https:\\\/\\\/kibrisdakik.com\\\/\",\"name\":\"\",\"description\":\"Tam vaktinde haber\",\"potentialAction\":[{\"@type\":\"SearchAction\",\"target\":{\"@type\":\"EntryPoint\",\"urlTemplate\":\"https:\\\/\\\/kibrisdakik.com\\\/?s={search_term_string}\"},\"query-input\":{\"@type\":\"PropertyValueSpecification\",\"valueRequired\":true,\"valueName\":\"search_term_string\"}}],\"inLanguage\":\"tr\"},{\"@type\":\"Person\",\"@id\":\"https:\\\/\\\/kibrisdakik.com\\\/#\\\/schema\\\/person\\\/9cd9d437bbb44f72b73ba127e06d8e79\",\"name\":\"admin\",\"image\":{\"@type\":\"ImageObject\",\"inLanguage\":\"tr\",\"@id\":\"https:\\\/\\\/secure.gravatar.com\\\/avatar\\\/ccc17943b9d660506c869530f897617f7cb1c21a4bf30023f252596d83e1f007?s=96&d=mm&r=g\",\"url\":\"https:\\\/\\\/secure.gravatar.com\\\/avatar\\\/ccc17943b9d660506c869530f897617f7cb1c21a4bf30023f252596d83e1f007?s=96&d=mm&r=g\",\"contentUrl\":\"https:\\\/\\\/secure.gravatar.com\\\/avatar\\\/ccc17943b9d660506c869530f897617f7cb1c21a4bf30023f252596d83e1f007?s=96&d=mm&r=g\",\"caption\":\"admin\"},\"sameAs\":[\"https:\\\/\\\/kibrisdakik.com\"],\"url\":\"https:\\\/\\\/kibrisdakik.com\\\/?author=1\"}]}<\/script>\n<!-- \/ Yoast SEO plugin. -->","yoast_head_json":{"title":"\u0130\u00e7i\u015fleri Bakan\u0131 O\u011fuz, TC Tapu Kadastro M\u00fcd\u00fcrl\u00fc\u011f\u00fc yetkililerini kabul etti -","robots":{"index":"index","follow":"follow","max-snippet":"max-snippet:-1","max-image-preview":"max-image-preview:large","max-video-preview":"max-video-preview:-1"},"canonical":"https:\/\/kibrisdakik.com\/?p=31429","og_locale":"tr_TR","og_type":"article","og_title":"\u0130\u00e7i\u015fleri Bakan\u0131 O\u011fuz, TC Tapu Kadastro M\u00fcd\u00fcrl\u00fc\u011f\u00fc yetkililerini kabul etti -","og_description":"\u0130\u00e7i\u015fleri Bakanl\u0131\u011f\u0131ndan yap\u0131lan a\u00e7\u0131klamaya g\u00f6re Bakan O\u011fuz, TC Yabanc\u0131 \u0130\u015fler Daire Ba\u015fkan\u0131 Sadettin Tunas, TC Harita Dairesi Ba\u015fkan\u0131 \u0130brahim Cankurt, TC Kadastro Dairesi Ba\u015fkan\u0131 Mustafa Aslan ve beraberindeki heyeti kabul etti. A\u00e7\u0131klamaya g\u00f6re toplant\u0131da, KKTC \u0130\u00e7i\u015fleri Bakanl\u0131\u011f\u0131 talebi do\u011frultusunda TC Tapu ve Kadastro Dairesinin t\u00fcm tapu i\u015flemlerine y\u00f6nelik teknik ekip deste\u011fi vermesi, tapu i\u015flem s\u00fcre\u00e7lerine","og_url":"https:\/\/kibrisdakik.com\/?p=31429","article_published_time":"2024-02-27T14:16:36+00:00","og_image":[{"width":710,"height":370,"url":"https:\/\/kibrisdakik.com\/wp-content\/uploads\/2024\/02\/icisleri-bakani-oguz-tc-tapu-kadastro-mudurlugu-yetkililerini-kabul-etti-1709041019.webp.webp","type":"image\/webp"}],"author":"admin","twitter_card":"summary_large_image","twitter_misc":{"Yazan:":"admin"},"schema":{"@context":"https:\/\/schema.org","@graph":[{"@type":"Article","@id":"https:\/\/kibrisdakik.com\/?p=31429#article","isPartOf":{"@id":"https:\/\/kibrisdakik.com\/?p=31429"},"author":{"name":"admin","@id":"https:\/\/kibrisdakik.com\/#\/schema\/person\/9cd9d437bbb44f72b73ba127e06d8e79"},"headline":"\u0130\u00e7i\u015fleri Bakan\u0131 O\u011fuz, TC Tapu Kadastro M\u00fcd\u00fcrl\u00fc\u011f\u00fc yetkililerini kabul etti","datePublished":"2024-02-27T14:16:36+00:00","mainEntityOfPage":{"@id":"https:\/\/kibrisdakik.com\/?p=31429"},"wordCount":107,"commentCount":0,"image":{"@id":"https:\/\/kibrisdakik.com\/?p=31429#primaryimage"},"thumbnailUrl":"https:\/\/kibrisdakik.com\/wp-content\/uploads\/2024\/02\/icisleri-bakani-oguz-tc-tapu-kadastro-mudurlugu-yetkililerini-kabul-etti-1709041019.webp.webp","articleSection":["T\u00fcrkiye"],"inLanguage":"tr","potentialAction":[{"@type":"CommentAction","name":"Comment","target":["https:\/\/kibrisdakik.com\/?p=31429#respond"]}]},{"@type":"WebPage","@id":"https:\/\/kibrisdakik.com\/?p=31429","url":"https:\/\/kibrisdakik.com\/?p=31429","name":"\u0130\u00e7i\u015fleri Bakan\u0131 O\u011fuz, TC Tapu Kadastro M\u00fcd\u00fcrl\u00fc\u011f\u00fc yetkililerini kabul etti -","isPartOf":{"@id":"https:\/\/kibrisdakik.com\/#website"},"primaryImageOfPage":{"@id":"https:\/\/kibrisdakik.com\/?p=31429#primaryimage"},"image":{"@id":"https:\/\/kibrisdakik.com\/?p=31429#primaryimage"},"thumbnailUrl":"https:\/\/kibrisdakik.com\/wp-content\/uploads\/2024\/02\/icisleri-bakani-oguz-tc-tapu-kadastro-mudurlugu-yetkililerini-kabul-etti-1709041019.webp.webp","datePublished":"2024-02-27T14:16:36+00:00","author":{"@id":"https:\/\/kibrisdakik.com\/#\/schema\/person\/9cd9d437bbb44f72b73ba127e06d8e79"},"breadcrumb":{"@id":"https:\/\/kibrisdakik.com\/?p=31429#breadcrumb"},"inLanguage":"tr","potentialAction":[{"@type":"ReadAction","target":["https:\/\/kibrisdakik.com\/?p=31429"]}]},{"@type":"ImageObject","inLanguage":"tr","@id":"https:\/\/kibrisdakik.com\/?p=31429#primaryimage","url":"https:\/\/kibrisdakik.com\/wp-content\/uploads\/2024\/02\/icisleri-bakani-oguz-tc-tapu-kadastro-mudurlugu-yetkililerini-kabul-etti-1709041019.webp.webp","contentUrl":"https:\/\/kibrisdakik.com\/wp-content\/uploads\/2024\/02\/icisleri-bakani-oguz-tc-tapu-kadastro-mudurlugu-yetkililerini-kabul-etti-1709041019.webp.webp","width":710,"height":370},{"@type":"BreadcrumbList","@id":"https:\/\/kibrisdakik.com\/?p=31429#breadcrumb","itemListElement":[{"@type":"ListItem","position":1,"name":"Home","item":"https:\/\/kibrisdakik.com\/"},{"@type":"ListItem","position":2,"name":"\u0130\u00e7i\u015fleri Bakan\u0131 O\u011fuz, TC Tapu Kadastro M\u00fcd\u00fcrl\u00fc\u011f\u00fc yetkililerini kabul etti"}]},{"@type":"WebSite","@id":"https:\/\/kibrisdakik.com\/#website","url":"https:\/\/kibrisdakik.com\/","name":"","description":"Tam vaktinde haber","potentialAction":[{"@type":"SearchAction","target":{"@type":"EntryPoint","urlTemplate":"https:\/\/kibrisdakik.com\/?s={search_term_string}"},"query-input":{"@type":"PropertyValueSpecification","valueRequired":true,"valueName":"search_term_string"}}],"inLanguage":"tr"},{"@type":"Person","@id":"https:\/\/kibrisdakik.com\/#\/schema\/person\/9cd9d437bbb44f72b73ba127e06d8e79","name":"admin","image":{"@type":"ImageObject","inLanguage":"tr","@id":"https:\/\/secure.gravatar.com\/avatar\/ccc17943b9d660506c869530f897617f7cb1c21a4bf30023f252596d83e1f007?s=96&d=mm&r=g","url":"https:\/\/secure.gravatar.com\/avatar\/ccc17943b9d660506c869530f897617f7cb1c21a4bf30023f252596d83e1f007?s=96&d=mm&r=g","contentUrl":"https:\/\/secure.gravatar.com\/avatar\/ccc17943b9d660506c869530f897617f7cb1c21a4bf30023f252596d83e1f007?s=96&d=mm&r=g","caption":"admin"},"sameAs":["https:\/\/kibrisdakik.com"],"url":"https:\/\/kibrisdakik.com\/?author=1"}]}},"_links":{"self":[{"href":"https:\/\/kibrisdakik.com\/index.php?rest_route=\/wp\/v2\/posts\/31429","targetHints":{"allow":["GET"]}}],"collection":[{"href":"https:\/\/kibrisdakik.com\/index.php?rest_route=\/wp\/v2\/posts"}],"about":[{"href":"https:\/\/kibrisdakik.com\/index.php?rest_route=\/wp\/v2\/types\/post"}],"author":[{"embeddable":true,"href":"https:\/\/kibrisdakik.com\/index.php?rest_route=\/wp\/v2\/users\/1"}],"replies":[{"embeddable":true,"href":"https:\/\/kibrisdakik.com\/index.php?rest_route=%2Fwp%2Fv2%2Fcomments&post=31429"}],"version-history":[{"count":0,"href":"https:\/\/kibrisdakik.com\/index.php?rest_route=\/wp\/v2\/posts\/31429\/revisions"}],"wp:featuredmedia":[{"embeddable":true,"href":"https:\/\/kibrisdakik.com\/index.php?rest_route=\/wp\/v2\/media\/31430"}],"wp:attachment":[{"href":"https:\/\/kibrisdakik.com\/index.php?rest_route=%2Fwp%2Fv2%2Fmedia&parent=31429"}],"wp:term":[{"taxonomy":"category","embeddable":true,"href":"https:\/\/kibrisdakik.com\/index.php?rest_route=%2Fwp%2Fv2%2Fcategories&post=31429"},{"taxonomy":"post_tag","embeddable":true,"href":"https:\/\/kibrisdakik.com\/index.php?rest_route=%2Fwp%2Fv2%2Ftags&post=31429"}],"curies":[{"name":"wp","href":"https:\/\/api.w.org\/{rel}","templated":true}]}}