{"id":3144,"date":"2023-03-13T00:49:44","date_gmt":"2023-03-13T00:49:44","guid":{"rendered":"https:\/\/kibrisdakik.com\/index.php\/2023\/03\/13\/gkk-afet-yardim-gorev-birligi-deprem-bolgesindeki-yaralarin-sarilmasi-icin-calismalarini-surduruyor\/"},"modified":"2023-03-13T00:49:44","modified_gmt":"2023-03-13T00:49:44","slug":"gkk-afet-yardim-gorev-birligi-deprem-bolgesindeki-yaralarin-sarilmasi-icin-calismalarini-surduruyor","status":"publish","type":"post","link":"https:\/\/kibrisdakik.com\/?p=3144","title":{"rendered":"GKK Afet Yard\u0131m G\u00f6rev Birli\u011fi deprem b\u00f6lgesindeki yaralar\u0131n sar\u0131lmas\u0131 i\u00e7in \u00e7al\u0131\u015fmalar\u0131n\u0131 s\u00fcrd\u00fcr\u00fcyor"},"content":{"rendered":"<p><\/p>\n<div>\n<div class=\"mariselle-image-container center\">\n                <img width=\"768\" height=\"1024\" class=\"lazy-image\" alt=\"\" decoding=\"async\" loading=\"lazy\" sizes=\"auto, (max-width: 768px) 100vw, 768px\" src=\"https:\/\/brtk.net\/wp-content\/uploads\/2023\/03\/12\/gkk-7-.jpg?ver=002559b0bf0899e56467b0bbbe0a9fe5\" srcset=\"https:\/\/brtk.net\/wp-content\/uploads\/2023\/03\/12\/gkk-7-.jpg?ver=002559b0bf0899e56467b0bbbe0a9fe5 768w, https:\/\/brtk.net\/wp-content\/uploads\/2023\/03\/12\/gkk-7--225x300.jpg?ver=002559b0bf0899e56467b0bbbe0a9fe5 225w\"\/>                            <\/div>\n<p>G\u00fcvenlik Kuvvetleri Komutanl\u0131\u011f\u0131 (GKK) Afet Yard\u0131m G\u00f6rev Birli\u011fi taraf\u0131ndan, 9 \u015eubat tarihinden bu yana Antakya \u015fehir merkezi, il\u00e7e ve k\u00f6ylerinde depremin a\u00e7t\u0131\u011f\u0131 yaralar\u0131n iyile\u015ftirilmesi yolunda ad\u0131mlar\u0131n at\u0131ld\u0131\u011f\u0131 kaydedildi. <\/p>\n<div class=\"mariselle-image-container center\">\n                <img width=\"1024\" height=\"768\" class=\"lazy-image\" alt=\"\" decoding=\"async\" loading=\"lazy\" sizes=\"auto, (max-width: 1024px) 100vw, 1024px\" src=\"https:\/\/brtk.net\/wp-content\/uploads\/2023\/03\/12\/gkk-3-.jpg?ver=2813e0aaf3561340ca63581b7c8df7e2\" srcset=\"https:\/\/brtk.net\/wp-content\/uploads\/2023\/03\/12\/gkk-3-.jpg?ver=2813e0aaf3561340ca63581b7c8df7e2 1024w, https:\/\/brtk.net\/wp-content\/uploads\/2023\/03\/12\/gkk-3--300x225.jpg?ver=2813e0aaf3561340ca63581b7c8df7e2 300w, https:\/\/brtk.net\/wp-content\/uploads\/2023\/03\/12\/gkk-3--768x576.jpg?ver=2813e0aaf3561340ca63581b7c8df7e2 768w\"\/>                            <\/div>\n<p>GKK Bas\u0131n B\u00fcrosu\u2019ndan yap\u0131lan yaz\u0131l\u0131 a\u00e7\u0131klamada, m\u00fclki makamlarla koordineli olarak b\u00f6lgedeki depremzedelere ihtiya\u00e7 duyduklar\u0131 yard\u0131mlar\u0131n g\u00f6t\u00fcr\u00fclerek da\u011f\u0131t\u0131ld\u0131\u011f\u0131, Antakya K\u00fc\u00e7\u00fck Sanayi b\u00f6lgesinde hizmet veren sahra mutfa\u011f\u0131nda pi\u015firilen s\u0131cak yemeklerin, sahra f\u0131r\u0131n\u0131nda \u00fcretilen ekmeklerin depremzedeler ve g\u00f6revli personelin istifadesine sunuldu\u011fu belirtildi. <\/p>\n<div class=\"mariselle-image-container center\">\n                <img width=\"768\" height=\"1024\" class=\"lazy-image\" alt=\"\" decoding=\"async\" loading=\"lazy\" sizes=\"auto, (max-width: 768px) 100vw, 768px\" src=\"https:\/\/brtk.net\/wp-content\/uploads\/2023\/03\/12\/gkk-5-.jpg?ver=8a89584e96ccf5599eb592ba748f509e\" srcset=\"https:\/\/brtk.net\/wp-content\/uploads\/2023\/03\/12\/gkk-5-.jpg?ver=8a89584e96ccf5599eb592ba748f509e 768w, https:\/\/brtk.net\/wp-content\/uploads\/2023\/03\/12\/gkk-5--225x300.jpg?ver=8a89584e96ccf5599eb592ba748f509e 225w\"\/>                            <\/div>\n<p>A\u00e7\u0131klamada ayr\u0131ca, \u201cDeprem yard\u0131m \u00e7al\u0131\u015fmalar\u0131m\u0131z, g\u00f6revli personelimizi belirli aral\u0131klarla de\u011fi\u015ftirerek anavatana ayak bast\u0131\u011f\u0131m\u0131z g\u00fcnden bu yana y\u00fcce T\u00fcrk milletinin evlatlar\u0131 olarak ayn\u0131 gayret, heyecan ve \u00fcst\u00fcn disiplin anlay\u0131\u015f\u0131 ile s\u00fcrd\u00fcr\u00fclmektedir.\u201d ifadelerine yer verildi.<\/p>\n<\/p><\/div>\n<p><script async\n                    defer\n                    crossorigin=\"anonymous\"\n                    src=\"https:\/\/connect.facebook.net\/tr_TR\/sdk.js#xfbml=1&#038;version=v3.3\"\n            ><\/script><\/p>\n","protected":false},"excerpt":{"rendered":"<p>G\u00fcvenlik Kuvvetleri Komutanl\u0131\u011f\u0131 (GKK) Afet Yard\u0131m G\u00f6rev Birli\u011fi taraf\u0131ndan, 9 \u015eubat tarihinden bu yana Antakya \u015fehir merkezi, il\u00e7e ve k\u00f6ylerinde depremin a\u00e7t\u0131\u011f\u0131 yaralar\u0131n iyile\u015ftirilmesi yolunda ad\u0131mlar\u0131n at\u0131ld\u0131\u011f\u0131 kaydedildi. GKK Bas\u0131n B\u00fcrosu\u2019ndan yap\u0131lan yaz\u0131l\u0131 a\u00e7\u0131klamada, m\u00fclki makamlarla koordineli olarak b\u00f6lgedeki depremzedelere ihtiya\u00e7 duyduklar\u0131 yard\u0131mlar\u0131n g\u00f6t\u00fcr\u00fclerek da\u011f\u0131t\u0131ld\u0131\u011f\u0131, Antakya K\u00fc\u00e7\u00fck Sanayi b\u00f6lgesinde hizmet veren sahra mutfa\u011f\u0131nda pi\u015firilen s\u0131cak<\/p>\n","protected":false},"author":1,"featured_media":3145,"comment_status":"open","ping_status":"open","sticky":false,"template":"","format":"standard","meta":{"footnotes":""},"categories":[1],"tags":[],"class_list":["post-3144","post","type-post","status-publish","format-standard","has-post-thumbnail","hentry","category-gundem"],"yoast_head":"<!-- This site is optimized with the Yoast SEO plugin v27.5 - https:\/\/yoast.com\/product\/yoast-seo-wordpress\/ -->\n<title>GKK Afet Yard\u0131m G\u00f6rev Birli\u011fi deprem b\u00f6lgesindeki yaralar\u0131n sar\u0131lmas\u0131 i\u00e7in \u00e7al\u0131\u015fmalar\u0131n\u0131 s\u00fcrd\u00fcr\u00fcyor -<\/title>\n<meta name=\"robots\" content=\"index, follow, max-snippet:-1, max-image-preview:large, max-video-preview:-1\" \/>\n<link rel=\"canonical\" href=\"https:\/\/kibrisdakik.com\/?p=3144\" \/>\n<meta property=\"og:locale\" content=\"tr_TR\" \/>\n<meta property=\"og:type\" content=\"article\" \/>\n<meta property=\"og:title\" content=\"GKK Afet Yard\u0131m G\u00f6rev Birli\u011fi deprem b\u00f6lgesindeki yaralar\u0131n sar\u0131lmas\u0131 i\u00e7in \u00e7al\u0131\u015fmalar\u0131n\u0131 s\u00fcrd\u00fcr\u00fcyor -\" \/>\n<meta property=\"og:description\" content=\"G\u00fcvenlik Kuvvetleri Komutanl\u0131\u011f\u0131 (GKK) Afet Yard\u0131m G\u00f6rev Birli\u011fi taraf\u0131ndan, 9 \u015eubat tarihinden bu yana Antakya \u015fehir merkezi, il\u00e7e ve k\u00f6ylerinde depremin a\u00e7t\u0131\u011f\u0131 yaralar\u0131n iyile\u015ftirilmesi yolunda ad\u0131mlar\u0131n at\u0131ld\u0131\u011f\u0131 kaydedildi. GKK Bas\u0131n B\u00fcrosu\u2019ndan yap\u0131lan yaz\u0131l\u0131 a\u00e7\u0131klamada, m\u00fclki makamlarla koordineli olarak b\u00f6lgedeki depremzedelere ihtiya\u00e7 duyduklar\u0131 yard\u0131mlar\u0131n g\u00f6t\u00fcr\u00fclerek da\u011f\u0131t\u0131ld\u0131\u011f\u0131, Antakya K\u00fc\u00e7\u00fck Sanayi b\u00f6lgesinde hizmet veren sahra mutfa\u011f\u0131nda pi\u015firilen s\u0131cak\" \/>\n<meta property=\"og:url\" content=\"https:\/\/kibrisdakik.com\/?p=3144\" \/>\n<meta property=\"article:published_time\" content=\"2023-03-13T00:49:44+00:00\" \/>\n<meta property=\"og:image\" content=\"https:\/\/kibrisdakik.com\/wp-content\/uploads\/2023\/03\/gkk-3--740x420.jpg\" \/>\n\t<meta property=\"og:image:width\" content=\"1024\" \/>\n\t<meta property=\"og:image:height\" content=\"768\" \/>\n\t<meta property=\"og:image:type\" content=\"image\/jpeg\" \/>\n<meta name=\"author\" content=\"admin\" \/>\n<meta name=\"twitter:card\" content=\"summary_large_image\" \/>\n<meta name=\"twitter:label1\" content=\"Yazan:\" \/>\n\t<meta name=\"twitter:data1\" content=\"admin\" \/>\n\t<meta name=\"twitter:label2\" content=\"Tahmini okuma s\u00fcresi\" \/>\n\t<meta name=\"twitter:data2\" content=\"1 dakika\" \/>\n<script type=\"application\/ld+json\" class=\"yoast-schema-graph\">{\"@context\":\"https:\\\/\\\/schema.org\",\"@graph\":[{\"@type\":\"Article\",\"@id\":\"https:\\\/\\\/kibrisdakik.com\\\/?p=3144#article\",\"isPartOf\":{\"@id\":\"https:\\\/\\\/kibrisdakik.com\\\/?p=3144\"},\"author\":{\"name\":\"admin\",\"@id\":\"https:\\\/\\\/kibrisdakik.com\\\/#\\\/schema\\\/person\\\/9cd9d437bbb44f72b73ba127e06d8e79\"},\"headline\":\"GKK Afet Yard\u0131m G\u00f6rev Birli\u011fi deprem b\u00f6lgesindeki yaralar\u0131n sar\u0131lmas\u0131 i\u00e7in \u00e7al\u0131\u015fmalar\u0131n\u0131 s\u00fcrd\u00fcr\u00fcyor\",\"datePublished\":\"2023-03-13T00:49:44+00:00\",\"mainEntityOfPage\":{\"@id\":\"https:\\\/\\\/kibrisdakik.com\\\/?p=3144\"},\"wordCount\":180,\"commentCount\":0,\"image\":{\"@id\":\"https:\\\/\\\/kibrisdakik.com\\\/?p=3144#primaryimage\"},\"thumbnailUrl\":\"https:\\\/\\\/kibrisdakik.com\\\/wp-content\\\/uploads\\\/2023\\\/03\\\/gkk-3--740x420.jpg\",\"articleSection\":[\"G\u00fcndem\"],\"inLanguage\":\"tr\",\"potentialAction\":[{\"@type\":\"CommentAction\",\"name\":\"Comment\",\"target\":[\"https:\\\/\\\/kibrisdakik.com\\\/?p=3144#respond\"]}]},{\"@type\":\"WebPage\",\"@id\":\"https:\\\/\\\/kibrisdakik.com\\\/?p=3144\",\"url\":\"https:\\\/\\\/kibrisdakik.com\\\/?p=3144\",\"name\":\"GKK Afet Yard\u0131m G\u00f6rev Birli\u011fi deprem b\u00f6lgesindeki yaralar\u0131n sar\u0131lmas\u0131 i\u00e7in \u00e7al\u0131\u015fmalar\u0131n\u0131 s\u00fcrd\u00fcr\u00fcyor -\",\"isPartOf\":{\"@id\":\"https:\\\/\\\/kibrisdakik.com\\\/#website\"},\"primaryImageOfPage\":{\"@id\":\"https:\\\/\\\/kibrisdakik.com\\\/?p=3144#primaryimage\"},\"image\":{\"@id\":\"https:\\\/\\\/kibrisdakik.com\\\/?p=3144#primaryimage\"},\"thumbnailUrl\":\"https:\\\/\\\/kibrisdakik.com\\\/wp-content\\\/uploads\\\/2023\\\/03\\\/gkk-3--740x420.jpg\",\"datePublished\":\"2023-03-13T00:49:44+00:00\",\"author\":{\"@id\":\"https:\\\/\\\/kibrisdakik.com\\\/#\\\/schema\\\/person\\\/9cd9d437bbb44f72b73ba127e06d8e79\"},\"breadcrumb\":{\"@id\":\"https:\\\/\\\/kibrisdakik.com\\\/?p=3144#breadcrumb\"},\"inLanguage\":\"tr\",\"potentialAction\":[{\"@type\":\"ReadAction\",\"target\":[\"https:\\\/\\\/kibrisdakik.com\\\/?p=3144\"]}]},{\"@type\":\"ImageObject\",\"inLanguage\":\"tr\",\"@id\":\"https:\\\/\\\/kibrisdakik.com\\\/?p=3144#primaryimage\",\"url\":\"https:\\\/\\\/kibrisdakik.com\\\/wp-content\\\/uploads\\\/2023\\\/03\\\/gkk-3--740x420.jpg\",\"contentUrl\":\"https:\\\/\\\/kibrisdakik.com\\\/wp-content\\\/uploads\\\/2023\\\/03\\\/gkk-3--740x420.jpg\",\"width\":1024,\"height\":768},{\"@type\":\"BreadcrumbList\",\"@id\":\"https:\\\/\\\/kibrisdakik.com\\\/?p=3144#breadcrumb\",\"itemListElement\":[{\"@type\":\"ListItem\",\"position\":1,\"name\":\"Home\",\"item\":\"https:\\\/\\\/kibrisdakik.com\\\/\"},{\"@type\":\"ListItem\",\"position\":2,\"name\":\"GKK Afet Yard\u0131m G\u00f6rev Birli\u011fi deprem b\u00f6lgesindeki yaralar\u0131n sar\u0131lmas\u0131 i\u00e7in \u00e7al\u0131\u015fmalar\u0131n\u0131 s\u00fcrd\u00fcr\u00fcyor\"}]},{\"@type\":\"WebSite\",\"@id\":\"https:\\\/\\\/kibrisdakik.com\\\/#website\",\"url\":\"https:\\\/\\\/kibrisdakik.com\\\/\",\"name\":\"\",\"description\":\"Tam vaktinde haber\",\"potentialAction\":[{\"@type\":\"SearchAction\",\"target\":{\"@type\":\"EntryPoint\",\"urlTemplate\":\"https:\\\/\\\/kibrisdakik.com\\\/?s={search_term_string}\"},\"query-input\":{\"@type\":\"PropertyValueSpecification\",\"valueRequired\":true,\"valueName\":\"search_term_string\"}}],\"inLanguage\":\"tr\"},{\"@type\":\"Person\",\"@id\":\"https:\\\/\\\/kibrisdakik.com\\\/#\\\/schema\\\/person\\\/9cd9d437bbb44f72b73ba127e06d8e79\",\"name\":\"admin\",\"image\":{\"@type\":\"ImageObject\",\"inLanguage\":\"tr\",\"@id\":\"https:\\\/\\\/secure.gravatar.com\\\/avatar\\\/ccc17943b9d660506c869530f897617f7cb1c21a4bf30023f252596d83e1f007?s=96&d=mm&r=g\",\"url\":\"https:\\\/\\\/secure.gravatar.com\\\/avatar\\\/ccc17943b9d660506c869530f897617f7cb1c21a4bf30023f252596d83e1f007?s=96&d=mm&r=g\",\"contentUrl\":\"https:\\\/\\\/secure.gravatar.com\\\/avatar\\\/ccc17943b9d660506c869530f897617f7cb1c21a4bf30023f252596d83e1f007?s=96&d=mm&r=g\",\"caption\":\"admin\"},\"sameAs\":[\"https:\\\/\\\/kibrisdakik.com\"],\"url\":\"https:\\\/\\\/kibrisdakik.com\\\/?author=1\"}]}<\/script>\n<!-- \/ Yoast SEO plugin. -->","yoast_head_json":{"title":"GKK Afet Yard\u0131m G\u00f6rev Birli\u011fi deprem b\u00f6lgesindeki yaralar\u0131n sar\u0131lmas\u0131 i\u00e7in \u00e7al\u0131\u015fmalar\u0131n\u0131 s\u00fcrd\u00fcr\u00fcyor -","robots":{"index":"index","follow":"follow","max-snippet":"max-snippet:-1","max-image-preview":"max-image-preview:large","max-video-preview":"max-video-preview:-1"},"canonical":"https:\/\/kibrisdakik.com\/?p=3144","og_locale":"tr_TR","og_type":"article","og_title":"GKK Afet Yard\u0131m G\u00f6rev Birli\u011fi deprem b\u00f6lgesindeki yaralar\u0131n sar\u0131lmas\u0131 i\u00e7in \u00e7al\u0131\u015fmalar\u0131n\u0131 s\u00fcrd\u00fcr\u00fcyor -","og_description":"G\u00fcvenlik Kuvvetleri Komutanl\u0131\u011f\u0131 (GKK) Afet Yard\u0131m G\u00f6rev Birli\u011fi taraf\u0131ndan, 9 \u015eubat tarihinden bu yana Antakya \u015fehir merkezi, il\u00e7e ve k\u00f6ylerinde depremin a\u00e7t\u0131\u011f\u0131 yaralar\u0131n iyile\u015ftirilmesi yolunda ad\u0131mlar\u0131n at\u0131ld\u0131\u011f\u0131 kaydedildi. GKK Bas\u0131n B\u00fcrosu\u2019ndan yap\u0131lan yaz\u0131l\u0131 a\u00e7\u0131klamada, m\u00fclki makamlarla koordineli olarak b\u00f6lgedeki depremzedelere ihtiya\u00e7 duyduklar\u0131 yard\u0131mlar\u0131n g\u00f6t\u00fcr\u00fclerek da\u011f\u0131t\u0131ld\u0131\u011f\u0131, Antakya K\u00fc\u00e7\u00fck Sanayi b\u00f6lgesinde hizmet veren sahra mutfa\u011f\u0131nda pi\u015firilen s\u0131cak","og_url":"https:\/\/kibrisdakik.com\/?p=3144","article_published_time":"2023-03-13T00:49:44+00:00","og_image":[{"width":1024,"height":768,"url":"https:\/\/kibrisdakik.com\/wp-content\/uploads\/2023\/03\/gkk-3--740x420.jpg","type":"image\/jpeg"}],"author":"admin","twitter_card":"summary_large_image","twitter_misc":{"Yazan:":"admin","Tahmini okuma s\u00fcresi":"1 dakika"},"schema":{"@context":"https:\/\/schema.org","@graph":[{"@type":"Article","@id":"https:\/\/kibrisdakik.com\/?p=3144#article","isPartOf":{"@id":"https:\/\/kibrisdakik.com\/?p=3144"},"author":{"name":"admin","@id":"https:\/\/kibrisdakik.com\/#\/schema\/person\/9cd9d437bbb44f72b73ba127e06d8e79"},"headline":"GKK Afet Yard\u0131m G\u00f6rev Birli\u011fi deprem b\u00f6lgesindeki yaralar\u0131n sar\u0131lmas\u0131 i\u00e7in \u00e7al\u0131\u015fmalar\u0131n\u0131 s\u00fcrd\u00fcr\u00fcyor","datePublished":"2023-03-13T00:49:44+00:00","mainEntityOfPage":{"@id":"https:\/\/kibrisdakik.com\/?p=3144"},"wordCount":180,"commentCount":0,"image":{"@id":"https:\/\/kibrisdakik.com\/?p=3144#primaryimage"},"thumbnailUrl":"https:\/\/kibrisdakik.com\/wp-content\/uploads\/2023\/03\/gkk-3--740x420.jpg","articleSection":["G\u00fcndem"],"inLanguage":"tr","potentialAction":[{"@type":"CommentAction","name":"Comment","target":["https:\/\/kibrisdakik.com\/?p=3144#respond"]}]},{"@type":"WebPage","@id":"https:\/\/kibrisdakik.com\/?p=3144","url":"https:\/\/kibrisdakik.com\/?p=3144","name":"GKK Afet Yard\u0131m G\u00f6rev Birli\u011fi deprem b\u00f6lgesindeki yaralar\u0131n sar\u0131lmas\u0131 i\u00e7in \u00e7al\u0131\u015fmalar\u0131n\u0131 s\u00fcrd\u00fcr\u00fcyor -","isPartOf":{"@id":"https:\/\/kibrisdakik.com\/#website"},"primaryImageOfPage":{"@id":"https:\/\/kibrisdakik.com\/?p=3144#primaryimage"},"image":{"@id":"https:\/\/kibrisdakik.com\/?p=3144#primaryimage"},"thumbnailUrl":"https:\/\/kibrisdakik.com\/wp-content\/uploads\/2023\/03\/gkk-3--740x420.jpg","datePublished":"2023-03-13T00:49:44+00:00","author":{"@id":"https:\/\/kibrisdakik.com\/#\/schema\/person\/9cd9d437bbb44f72b73ba127e06d8e79"},"breadcrumb":{"@id":"https:\/\/kibrisdakik.com\/?p=3144#breadcrumb"},"inLanguage":"tr","potentialAction":[{"@type":"ReadAction","target":["https:\/\/kibrisdakik.com\/?p=3144"]}]},{"@type":"ImageObject","inLanguage":"tr","@id":"https:\/\/kibrisdakik.com\/?p=3144#primaryimage","url":"https:\/\/kibrisdakik.com\/wp-content\/uploads\/2023\/03\/gkk-3--740x420.jpg","contentUrl":"https:\/\/kibrisdakik.com\/wp-content\/uploads\/2023\/03\/gkk-3--740x420.jpg","width":1024,"height":768},{"@type":"BreadcrumbList","@id":"https:\/\/kibrisdakik.com\/?p=3144#breadcrumb","itemListElement":[{"@type":"ListItem","position":1,"name":"Home","item":"https:\/\/kibrisdakik.com\/"},{"@type":"ListItem","position":2,"name":"GKK Afet Yard\u0131m G\u00f6rev Birli\u011fi deprem b\u00f6lgesindeki yaralar\u0131n sar\u0131lmas\u0131 i\u00e7in \u00e7al\u0131\u015fmalar\u0131n\u0131 s\u00fcrd\u00fcr\u00fcyor"}]},{"@type":"WebSite","@id":"https:\/\/kibrisdakik.com\/#website","url":"https:\/\/kibrisdakik.com\/","name":"","description":"Tam vaktinde haber","potentialAction":[{"@type":"SearchAction","target":{"@type":"EntryPoint","urlTemplate":"https:\/\/kibrisdakik.com\/?s={search_term_string}"},"query-input":{"@type":"PropertyValueSpecification","valueRequired":true,"valueName":"search_term_string"}}],"inLanguage":"tr"},{"@type":"Person","@id":"https:\/\/kibrisdakik.com\/#\/schema\/person\/9cd9d437bbb44f72b73ba127e06d8e79","name":"admin","image":{"@type":"ImageObject","inLanguage":"tr","@id":"https:\/\/secure.gravatar.com\/avatar\/ccc17943b9d660506c869530f897617f7cb1c21a4bf30023f252596d83e1f007?s=96&d=mm&r=g","url":"https:\/\/secure.gravatar.com\/avatar\/ccc17943b9d660506c869530f897617f7cb1c21a4bf30023f252596d83e1f007?s=96&d=mm&r=g","contentUrl":"https:\/\/secure.gravatar.com\/avatar\/ccc17943b9d660506c869530f897617f7cb1c21a4bf30023f252596d83e1f007?s=96&d=mm&r=g","caption":"admin"},"sameAs":["https:\/\/kibrisdakik.com"],"url":"https:\/\/kibrisdakik.com\/?author=1"}]}},"_links":{"self":[{"href":"https:\/\/kibrisdakik.com\/index.php?rest_route=\/wp\/v2\/posts\/3144","targetHints":{"allow":["GET"]}}],"collection":[{"href":"https:\/\/kibrisdakik.com\/index.php?rest_route=\/wp\/v2\/posts"}],"about":[{"href":"https:\/\/kibrisdakik.com\/index.php?rest_route=\/wp\/v2\/types\/post"}],"author":[{"embeddable":true,"href":"https:\/\/kibrisdakik.com\/index.php?rest_route=\/wp\/v2\/users\/1"}],"replies":[{"embeddable":true,"href":"https:\/\/kibrisdakik.com\/index.php?rest_route=%2Fwp%2Fv2%2Fcomments&post=3144"}],"version-history":[{"count":0,"href":"https:\/\/kibrisdakik.com\/index.php?rest_route=\/wp\/v2\/posts\/3144\/revisions"}],"wp:featuredmedia":[{"embeddable":true,"href":"https:\/\/kibrisdakik.com\/index.php?rest_route=\/wp\/v2\/media\/3145"}],"wp:attachment":[{"href":"https:\/\/kibrisdakik.com\/index.php?rest_route=%2Fwp%2Fv2%2Fmedia&parent=3144"}],"wp:term":[{"taxonomy":"category","embeddable":true,"href":"https:\/\/kibrisdakik.com\/index.php?rest_route=%2Fwp%2Fv2%2Fcategories&post=3144"},{"taxonomy":"post_tag","embeddable":true,"href":"https:\/\/kibrisdakik.com\/index.php?rest_route=%2Fwp%2Fv2%2Ftags&post=3144"}],"curies":[{"name":"wp","href":"https:\/\/api.w.org\/{rel}","templated":true}]}}