{"id":31465,"date":"2024-02-27T17:11:00","date_gmt":"2024-02-27T17:11:00","guid":{"rendered":"https:\/\/kibrisdakik.com\/index.php\/2024\/02\/27\/misir-bae-ve-urdunle-gazze-seridine-havadan-insani-yardim-ulastirildigini-duyurdu\/"},"modified":"2024-02-27T17:11:00","modified_gmt":"2024-02-27T17:11:00","slug":"misir-bae-ve-urdunle-gazze-seridine-havadan-insani-yardim-ulastirildigini-duyurdu","status":"publish","type":"post","link":"https:\/\/kibrisdakik.com\/?p=31465","title":{"rendered":"M\u0131s\u0131r, BAE ve \u00dcrd\u00fcn\u2019le Gazze \u015eeridi\u2019ne havadan insani yard\u0131m ula\u015ft\u0131r\u0131ld\u0131\u011f\u0131n\u0131 duyurdu"},"content":{"rendered":"<p><img decoding=\"async\" src=\"https:\/\/www.kibristurk.com\/images\/haberler\/2024\/02\/misir-bae-ve-urdunle-gazze-seridine-havadan-insani-yardim-ulastirildigini-duyurdu-1709054004.webp\" \/><\/p>\n<p>M\u0131s\u0131r\u2019\u0131n Al-Qaheera televizyonunun ad\u0131n\u0131 a\u00e7\u0131klamad\u0131\u011f\u0131 resmi makamlar\u0131na dayand\u0131rd\u0131\u011f\u0131 haberinde, M\u0131s\u0131r Hava Kuvvetlerinin BAE ve \u00dcrd\u00fcn\u2019\u00fcn kat\u0131l\u0131m\u0131yla Gazze \u015eeridi\u2019ne insani yard\u0131m ula\u015ft\u0131rd\u0131\u011f\u0131 belirtildi.<\/p>\n<p>&nbsp;<\/p>\n<p>Haberde, M\u0131s\u0131r\u2019\u0131n Gazze \u015eeridi&#8217;nin kuzeyindeki felaket b\u00f6lgelerine karadan ve havadan acil yard\u0131m sa\u011flamak i\u00e7in \u00e7abalar\u0131n\u0131 yo\u011funla\u015ft\u0131rd\u0131\u011f\u0131na dikkati \u00e7ekilerek, M\u0131s\u0131r Hava Kuvvetlerinin Gazze \u015eeridi&#8217;nin kuzeyindeki b\u00f6lgelere 10 ton g\u0131da ve yard\u0131m malzemesi indirmeyi ba\u015fard\u0131\u011f\u0131 kaydedildi.<\/p>\n<p>&nbsp;<\/p>\n<p>BAE ve \u00dcrd\u00fcn\u2019\u00fcn kat\u0131l\u0131m\u0131yla Gazze \u015eeridi\u2019ne ula\u015ft\u0131r\u0131lan insani yard\u0131m\u0131n da 45 ton oldu\u011fu aktar\u0131lan haberde, Gazze \u015eeridi\u2019nin kuzey ve orta kesimlerine ayr\u0131ca 50 ton acil insani yard\u0131m\u0131n indirilmesi i\u00e7in M\u0131s\u0131r\u2019dan hava k\u00f6pr\u00fcs\u00fcn\u00fcn varl\u0131\u011f\u0131na vurgu yap\u0131ld\u0131.<\/p>\n<p>&nbsp;<\/p>\n<p>\u00dcrd\u00fcn de d\u00fcn \u0130srail&#8217;in halk\u0131 zorla a\u00e7 ve susuz b\u0131rakt\u0131\u011f\u0131 Gazze \u015eeridi&#8217;nde k\u0131tl\u0131k uyar\u0131s\u0131nda bulunarak, Gazze&#8217;ye havadan yard\u0131m indirdi\u011fini duyurmu\u015ftu.<\/p>\n<p>&nbsp;<\/p>\n<p>&#8211; \u0130srail&#8217;in Gazze&#8217;yi i\u015fgalinde 7 Ekim sonras\u0131<\/p>\n<p>&nbsp;<\/p>\n<p>Hamas&#8217;\u0131n silahl\u0131 kanad\u0131 \u0130zzeddin el-Kassam Tugaylar\u0131, &#8220;Filistinlilere ve ba\u015fta Mescid-i Aksa olmak \u00fczere kutsal de\u011ferlere y\u00f6nelik s\u00fcrekli ihlallere kar\u015f\u0131l\u0131k verme&#8221; gerek\u00e7esiyle \u0130srail&#8217;e 7 Ekim 2023&#8217;te kapsaml\u0131 sald\u0131r\u0131 d\u00fczenledi.<\/p>\n<p>&nbsp;<\/p>\n<p>\u0130srail, 7 Ekim&#8217;deki sald\u0131r\u0131larda 1200 \u0130sraillinin \u00f6ld\u00fc\u011f\u00fcn\u00fc, 5 bin 132 ki\u015finin de yaraland\u0131\u011f\u0131n\u0131 a\u00e7\u0131klad\u0131.<\/p>\n<p>&nbsp;<\/p>\n<p>\u0130srail&#8217;in 7 Ekim&#8217;den bu yana Gazze \u015eeridi&#8217;ne d\u00fczenledi\u011fi sald\u0131r\u0131larda en az 12 bin 660\u2019\u0131 \u00e7ocuk, 8 bin 570\u2019i kad\u0131n olmak \u00fczere 29 bin 878 Filistinli \u00f6ld\u00fcr\u00fcld\u00fc, 70 bin 215 ki\u015fi yaraland\u0131.<\/p>\n<p>&nbsp;<\/p>\n<p>Enkaz alt\u0131nda halen binlerce \u00f6l\u00fc oldu\u011fu bildirilirken, halk\u0131n s\u0131\u011f\u0131nd\u0131\u011f\u0131 hastane ve e\u011fitim kurumlar\u0131 hedef al\u0131narak sivil altyap\u0131 da tahrip ediliyor.<\/p>\n<p>&nbsp;<\/p>\n<p>\u0130srail ordusu, Gazze \u015eeridi&#8217;ne sald\u0131r\u0131lar\u0131n\u0131n ba\u015flad\u0131\u011f\u0131 7 Ekim&#8217;den bu yana 240&#8217;\u0131 karadan i\u015fgal s\u00fcrecinde olmak \u00fczere 580 askerinin \u00f6ld\u00fcr\u00fcld\u00fc\u011f\u00fcn\u00fc duyurdu.<\/p>\n<p>&nbsp;<\/p>\n<p>\u00c7at\u0131\u015fmalara 24 Kas\u0131m 2023&#8217;te 4 g\u00fcnl\u00fc\u011f\u00fcne verilen ve daha sonra 3 g\u00fcn daha uzat\u0131lan &#8220;insani ara&#8221;da 81 \u0130srailli ve 240 Filistinli esir kar\u015f\u0131l\u0131kl\u0131 serbest b\u0131rak\u0131ld\u0131. \u00d6te yandan \u0130srail, binlerce Filistinliyi al\u0131koyup hapsetmeye devam etti.<\/p>\n<p>&nbsp;<\/p>\n<p>\u0130\u015fgal alt\u0131ndaki Bat\u0131 \u015eeria ve Do\u011fu Kud\u00fcs&#8217;te de 7 Ekim 2023&#8217;ten bu yana \u0130srail g\u00fc\u00e7leri ile yasa d\u0131\u015f\u0131 Yahudi yerle\u015fimcilerin sald\u0131r\u0131lar\u0131nda 406 Filistinli hayat\u0131n\u0131 kaybetti.<\/p>\n","protected":false},"excerpt":{"rendered":"<p>M\u0131s\u0131r\u2019\u0131n Al-Qaheera televizyonunun ad\u0131n\u0131 a\u00e7\u0131klamad\u0131\u011f\u0131 resmi makamlar\u0131na dayand\u0131rd\u0131\u011f\u0131 haberinde, M\u0131s\u0131r Hava Kuvvetlerinin BAE ve \u00dcrd\u00fcn\u2019\u00fcn kat\u0131l\u0131m\u0131yla Gazze \u015eeridi\u2019ne insani yard\u0131m ula\u015ft\u0131rd\u0131\u011f\u0131 belirtildi. &nbsp; Haberde, M\u0131s\u0131r\u2019\u0131n Gazze \u015eeridi&#8217;nin kuzeyindeki felaket b\u00f6lgelerine karadan ve havadan acil yard\u0131m sa\u011flamak i\u00e7in \u00e7abalar\u0131n\u0131 yo\u011funla\u015ft\u0131rd\u0131\u011f\u0131na dikkati \u00e7ekilerek, M\u0131s\u0131r Hava Kuvvetlerinin Gazze \u015eeridi&#8217;nin kuzeyindeki b\u00f6lgelere 10 ton g\u0131da ve yard\u0131m malzemesi indirmeyi<\/p>\n","protected":false},"author":1,"featured_media":31466,"comment_status":"open","ping_status":"open","sticky":false,"template":"","format":"standard","meta":{"footnotes":""},"categories":[1],"tags":[],"class_list":["post-31465","post","type-post","status-publish","format-standard","has-post-thumbnail","hentry","category-gundem"],"yoast_head":"<!-- This site is optimized with the Yoast SEO plugin v27.4 - https:\/\/yoast.com\/product\/yoast-seo-wordpress\/ -->\n<title>M\u0131s\u0131r, BAE ve \u00dcrd\u00fcn\u2019le Gazze \u015eeridi\u2019ne havadan insani yard\u0131m ula\u015ft\u0131r\u0131ld\u0131\u011f\u0131n\u0131 duyurdu -<\/title>\n<meta name=\"robots\" content=\"index, follow, max-snippet:-1, max-image-preview:large, max-video-preview:-1\" \/>\n<link rel=\"canonical\" href=\"https:\/\/kibrisdakik.com\/?p=31465\" \/>\n<meta property=\"og:locale\" content=\"tr_TR\" \/>\n<meta property=\"og:type\" content=\"article\" \/>\n<meta property=\"og:title\" content=\"M\u0131s\u0131r, BAE ve \u00dcrd\u00fcn\u2019le Gazze \u015eeridi\u2019ne havadan insani yard\u0131m ula\u015ft\u0131r\u0131ld\u0131\u011f\u0131n\u0131 duyurdu -\" \/>\n<meta property=\"og:description\" content=\"M\u0131s\u0131r\u2019\u0131n Al-Qaheera televizyonunun ad\u0131n\u0131 a\u00e7\u0131klamad\u0131\u011f\u0131 resmi makamlar\u0131na dayand\u0131rd\u0131\u011f\u0131 haberinde, M\u0131s\u0131r Hava Kuvvetlerinin BAE ve \u00dcrd\u00fcn\u2019\u00fcn kat\u0131l\u0131m\u0131yla Gazze \u015eeridi\u2019ne insani yard\u0131m ula\u015ft\u0131rd\u0131\u011f\u0131 belirtildi. &nbsp; Haberde, M\u0131s\u0131r\u2019\u0131n Gazze \u015eeridi&#8217;nin kuzeyindeki felaket b\u00f6lgelerine karadan ve havadan acil yard\u0131m sa\u011flamak i\u00e7in \u00e7abalar\u0131n\u0131 yo\u011funla\u015ft\u0131rd\u0131\u011f\u0131na dikkati \u00e7ekilerek, M\u0131s\u0131r Hava Kuvvetlerinin Gazze \u015eeridi&#8217;nin kuzeyindeki b\u00f6lgelere 10 ton g\u0131da ve yard\u0131m malzemesi indirmeyi\" \/>\n<meta property=\"og:url\" content=\"https:\/\/kibrisdakik.com\/?p=31465\" \/>\n<meta property=\"article:published_time\" content=\"2024-02-27T17:11:00+00:00\" \/>\n<meta property=\"og:image\" content=\"https:\/\/kibrisdakik.com\/wp-content\/uploads\/2024\/02\/misir-bae-ve-urdunle-gazze-seridine-havadan-insani-yardim-ulastirildigini-duyurdu-1709054004.webp.webp\" \/>\n\t<meta property=\"og:image:width\" content=\"710\" \/>\n\t<meta property=\"og:image:height\" content=\"370\" \/>\n\t<meta property=\"og:image:type\" content=\"image\/webp\" \/>\n<meta name=\"author\" content=\"admin\" \/>\n<meta name=\"twitter:card\" content=\"summary_large_image\" \/>\n<meta name=\"twitter:label1\" content=\"Yazan:\" \/>\n\t<meta name=\"twitter:data1\" content=\"admin\" \/>\n\t<meta name=\"twitter:label2\" content=\"Tahmini okuma s\u00fcresi\" \/>\n\t<meta name=\"twitter:data2\" content=\"2 dakika\" \/>\n<script type=\"application\/ld+json\" class=\"yoast-schema-graph\">{\"@context\":\"https:\\\/\\\/schema.org\",\"@graph\":[{\"@type\":\"Article\",\"@id\":\"https:\\\/\\\/kibrisdakik.com\\\/?p=31465#article\",\"isPartOf\":{\"@id\":\"https:\\\/\\\/kibrisdakik.com\\\/?p=31465\"},\"author\":{\"name\":\"admin\",\"@id\":\"https:\\\/\\\/kibrisdakik.com\\\/#\\\/schema\\\/person\\\/9cd9d437bbb44f72b73ba127e06d8e79\"},\"headline\":\"M\u0131s\u0131r, BAE ve \u00dcrd\u00fcn\u2019le Gazze \u015eeridi\u2019ne havadan insani yard\u0131m ula\u015ft\u0131r\u0131ld\u0131\u011f\u0131n\u0131 duyurdu\",\"datePublished\":\"2024-02-27T17:11:00+00:00\",\"mainEntityOfPage\":{\"@id\":\"https:\\\/\\\/kibrisdakik.com\\\/?p=31465\"},\"wordCount\":431,\"commentCount\":0,\"image\":{\"@id\":\"https:\\\/\\\/kibrisdakik.com\\\/?p=31465#primaryimage\"},\"thumbnailUrl\":\"https:\\\/\\\/kibrisdakik.com\\\/wp-content\\\/uploads\\\/2024\\\/02\\\/misir-bae-ve-urdunle-gazze-seridine-havadan-insani-yardim-ulastirildigini-duyurdu-1709054004.webp.webp\",\"articleSection\":[\"G\u00fcndem\"],\"inLanguage\":\"tr\",\"potentialAction\":[{\"@type\":\"CommentAction\",\"name\":\"Comment\",\"target\":[\"https:\\\/\\\/kibrisdakik.com\\\/?p=31465#respond\"]}]},{\"@type\":\"WebPage\",\"@id\":\"https:\\\/\\\/kibrisdakik.com\\\/?p=31465\",\"url\":\"https:\\\/\\\/kibrisdakik.com\\\/?p=31465\",\"name\":\"M\u0131s\u0131r, BAE ve \u00dcrd\u00fcn\u2019le Gazze \u015eeridi\u2019ne havadan insani yard\u0131m ula\u015ft\u0131r\u0131ld\u0131\u011f\u0131n\u0131 duyurdu -\",\"isPartOf\":{\"@id\":\"https:\\\/\\\/kibrisdakik.com\\\/#website\"},\"primaryImageOfPage\":{\"@id\":\"https:\\\/\\\/kibrisdakik.com\\\/?p=31465#primaryimage\"},\"image\":{\"@id\":\"https:\\\/\\\/kibrisdakik.com\\\/?p=31465#primaryimage\"},\"thumbnailUrl\":\"https:\\\/\\\/kibrisdakik.com\\\/wp-content\\\/uploads\\\/2024\\\/02\\\/misir-bae-ve-urdunle-gazze-seridine-havadan-insani-yardim-ulastirildigini-duyurdu-1709054004.webp.webp\",\"datePublished\":\"2024-02-27T17:11:00+00:00\",\"author\":{\"@id\":\"https:\\\/\\\/kibrisdakik.com\\\/#\\\/schema\\\/person\\\/9cd9d437bbb44f72b73ba127e06d8e79\"},\"breadcrumb\":{\"@id\":\"https:\\\/\\\/kibrisdakik.com\\\/?p=31465#breadcrumb\"},\"inLanguage\":\"tr\",\"potentialAction\":[{\"@type\":\"ReadAction\",\"target\":[\"https:\\\/\\\/kibrisdakik.com\\\/?p=31465\"]}]},{\"@type\":\"ImageObject\",\"inLanguage\":\"tr\",\"@id\":\"https:\\\/\\\/kibrisdakik.com\\\/?p=31465#primaryimage\",\"url\":\"https:\\\/\\\/kibrisdakik.com\\\/wp-content\\\/uploads\\\/2024\\\/02\\\/misir-bae-ve-urdunle-gazze-seridine-havadan-insani-yardim-ulastirildigini-duyurdu-1709054004.webp.webp\",\"contentUrl\":\"https:\\\/\\\/kibrisdakik.com\\\/wp-content\\\/uploads\\\/2024\\\/02\\\/misir-bae-ve-urdunle-gazze-seridine-havadan-insani-yardim-ulastirildigini-duyurdu-1709054004.webp.webp\",\"width\":710,\"height\":370},{\"@type\":\"BreadcrumbList\",\"@id\":\"https:\\\/\\\/kibrisdakik.com\\\/?p=31465#breadcrumb\",\"itemListElement\":[{\"@type\":\"ListItem\",\"position\":1,\"name\":\"Home\",\"item\":\"https:\\\/\\\/kibrisdakik.com\\\/\"},{\"@type\":\"ListItem\",\"position\":2,\"name\":\"M\u0131s\u0131r, BAE ve \u00dcrd\u00fcn\u2019le Gazze \u015eeridi\u2019ne havadan insani yard\u0131m ula\u015ft\u0131r\u0131ld\u0131\u011f\u0131n\u0131 duyurdu\"}]},{\"@type\":\"WebSite\",\"@id\":\"https:\\\/\\\/kibrisdakik.com\\\/#website\",\"url\":\"https:\\\/\\\/kibrisdakik.com\\\/\",\"name\":\"\",\"description\":\"Tam vaktinde haber\",\"potentialAction\":[{\"@type\":\"SearchAction\",\"target\":{\"@type\":\"EntryPoint\",\"urlTemplate\":\"https:\\\/\\\/kibrisdakik.com\\\/?s={search_term_string}\"},\"query-input\":{\"@type\":\"PropertyValueSpecification\",\"valueRequired\":true,\"valueName\":\"search_term_string\"}}],\"inLanguage\":\"tr\"},{\"@type\":\"Person\",\"@id\":\"https:\\\/\\\/kibrisdakik.com\\\/#\\\/schema\\\/person\\\/9cd9d437bbb44f72b73ba127e06d8e79\",\"name\":\"admin\",\"image\":{\"@type\":\"ImageObject\",\"inLanguage\":\"tr\",\"@id\":\"https:\\\/\\\/secure.gravatar.com\\\/avatar\\\/ccc17943b9d660506c869530f897617f7cb1c21a4bf30023f252596d83e1f007?s=96&d=mm&r=g\",\"url\":\"https:\\\/\\\/secure.gravatar.com\\\/avatar\\\/ccc17943b9d660506c869530f897617f7cb1c21a4bf30023f252596d83e1f007?s=96&d=mm&r=g\",\"contentUrl\":\"https:\\\/\\\/secure.gravatar.com\\\/avatar\\\/ccc17943b9d660506c869530f897617f7cb1c21a4bf30023f252596d83e1f007?s=96&d=mm&r=g\",\"caption\":\"admin\"},\"sameAs\":[\"https:\\\/\\\/kibrisdakik.com\"],\"url\":\"https:\\\/\\\/kibrisdakik.com\\\/?author=1\"}]}<\/script>\n<!-- \/ Yoast SEO plugin. -->","yoast_head_json":{"title":"M\u0131s\u0131r, BAE ve \u00dcrd\u00fcn\u2019le Gazze \u015eeridi\u2019ne havadan insani yard\u0131m ula\u015ft\u0131r\u0131ld\u0131\u011f\u0131n\u0131 duyurdu -","robots":{"index":"index","follow":"follow","max-snippet":"max-snippet:-1","max-image-preview":"max-image-preview:large","max-video-preview":"max-video-preview:-1"},"canonical":"https:\/\/kibrisdakik.com\/?p=31465","og_locale":"tr_TR","og_type":"article","og_title":"M\u0131s\u0131r, BAE ve \u00dcrd\u00fcn\u2019le Gazze \u015eeridi\u2019ne havadan insani yard\u0131m ula\u015ft\u0131r\u0131ld\u0131\u011f\u0131n\u0131 duyurdu -","og_description":"M\u0131s\u0131r\u2019\u0131n Al-Qaheera televizyonunun ad\u0131n\u0131 a\u00e7\u0131klamad\u0131\u011f\u0131 resmi makamlar\u0131na dayand\u0131rd\u0131\u011f\u0131 haberinde, M\u0131s\u0131r Hava Kuvvetlerinin BAE ve \u00dcrd\u00fcn\u2019\u00fcn kat\u0131l\u0131m\u0131yla Gazze \u015eeridi\u2019ne insani yard\u0131m ula\u015ft\u0131rd\u0131\u011f\u0131 belirtildi. &nbsp; Haberde, M\u0131s\u0131r\u2019\u0131n Gazze \u015eeridi&#8217;nin kuzeyindeki felaket b\u00f6lgelerine karadan ve havadan acil yard\u0131m sa\u011flamak i\u00e7in \u00e7abalar\u0131n\u0131 yo\u011funla\u015ft\u0131rd\u0131\u011f\u0131na dikkati \u00e7ekilerek, M\u0131s\u0131r Hava Kuvvetlerinin Gazze \u015eeridi&#8217;nin kuzeyindeki b\u00f6lgelere 10 ton g\u0131da ve yard\u0131m malzemesi indirmeyi","og_url":"https:\/\/kibrisdakik.com\/?p=31465","article_published_time":"2024-02-27T17:11:00+00:00","og_image":[{"width":710,"height":370,"url":"https:\/\/kibrisdakik.com\/wp-content\/uploads\/2024\/02\/misir-bae-ve-urdunle-gazze-seridine-havadan-insani-yardim-ulastirildigini-duyurdu-1709054004.webp.webp","type":"image\/webp"}],"author":"admin","twitter_card":"summary_large_image","twitter_misc":{"Yazan:":"admin","Tahmini okuma s\u00fcresi":"2 dakika"},"schema":{"@context":"https:\/\/schema.org","@graph":[{"@type":"Article","@id":"https:\/\/kibrisdakik.com\/?p=31465#article","isPartOf":{"@id":"https:\/\/kibrisdakik.com\/?p=31465"},"author":{"name":"admin","@id":"https:\/\/kibrisdakik.com\/#\/schema\/person\/9cd9d437bbb44f72b73ba127e06d8e79"},"headline":"M\u0131s\u0131r, BAE ve \u00dcrd\u00fcn\u2019le Gazze \u015eeridi\u2019ne havadan insani yard\u0131m ula\u015ft\u0131r\u0131ld\u0131\u011f\u0131n\u0131 duyurdu","datePublished":"2024-02-27T17:11:00+00:00","mainEntityOfPage":{"@id":"https:\/\/kibrisdakik.com\/?p=31465"},"wordCount":431,"commentCount":0,"image":{"@id":"https:\/\/kibrisdakik.com\/?p=31465#primaryimage"},"thumbnailUrl":"https:\/\/kibrisdakik.com\/wp-content\/uploads\/2024\/02\/misir-bae-ve-urdunle-gazze-seridine-havadan-insani-yardim-ulastirildigini-duyurdu-1709054004.webp.webp","articleSection":["G\u00fcndem"],"inLanguage":"tr","potentialAction":[{"@type":"CommentAction","name":"Comment","target":["https:\/\/kibrisdakik.com\/?p=31465#respond"]}]},{"@type":"WebPage","@id":"https:\/\/kibrisdakik.com\/?p=31465","url":"https:\/\/kibrisdakik.com\/?p=31465","name":"M\u0131s\u0131r, BAE ve \u00dcrd\u00fcn\u2019le Gazze \u015eeridi\u2019ne havadan insani yard\u0131m ula\u015ft\u0131r\u0131ld\u0131\u011f\u0131n\u0131 duyurdu -","isPartOf":{"@id":"https:\/\/kibrisdakik.com\/#website"},"primaryImageOfPage":{"@id":"https:\/\/kibrisdakik.com\/?p=31465#primaryimage"},"image":{"@id":"https:\/\/kibrisdakik.com\/?p=31465#primaryimage"},"thumbnailUrl":"https:\/\/kibrisdakik.com\/wp-content\/uploads\/2024\/02\/misir-bae-ve-urdunle-gazze-seridine-havadan-insani-yardim-ulastirildigini-duyurdu-1709054004.webp.webp","datePublished":"2024-02-27T17:11:00+00:00","author":{"@id":"https:\/\/kibrisdakik.com\/#\/schema\/person\/9cd9d437bbb44f72b73ba127e06d8e79"},"breadcrumb":{"@id":"https:\/\/kibrisdakik.com\/?p=31465#breadcrumb"},"inLanguage":"tr","potentialAction":[{"@type":"ReadAction","target":["https:\/\/kibrisdakik.com\/?p=31465"]}]},{"@type":"ImageObject","inLanguage":"tr","@id":"https:\/\/kibrisdakik.com\/?p=31465#primaryimage","url":"https:\/\/kibrisdakik.com\/wp-content\/uploads\/2024\/02\/misir-bae-ve-urdunle-gazze-seridine-havadan-insani-yardim-ulastirildigini-duyurdu-1709054004.webp.webp","contentUrl":"https:\/\/kibrisdakik.com\/wp-content\/uploads\/2024\/02\/misir-bae-ve-urdunle-gazze-seridine-havadan-insani-yardim-ulastirildigini-duyurdu-1709054004.webp.webp","width":710,"height":370},{"@type":"BreadcrumbList","@id":"https:\/\/kibrisdakik.com\/?p=31465#breadcrumb","itemListElement":[{"@type":"ListItem","position":1,"name":"Home","item":"https:\/\/kibrisdakik.com\/"},{"@type":"ListItem","position":2,"name":"M\u0131s\u0131r, BAE ve \u00dcrd\u00fcn\u2019le Gazze \u015eeridi\u2019ne havadan insani yard\u0131m ula\u015ft\u0131r\u0131ld\u0131\u011f\u0131n\u0131 duyurdu"}]},{"@type":"WebSite","@id":"https:\/\/kibrisdakik.com\/#website","url":"https:\/\/kibrisdakik.com\/","name":"","description":"Tam vaktinde haber","potentialAction":[{"@type":"SearchAction","target":{"@type":"EntryPoint","urlTemplate":"https:\/\/kibrisdakik.com\/?s={search_term_string}"},"query-input":{"@type":"PropertyValueSpecification","valueRequired":true,"valueName":"search_term_string"}}],"inLanguage":"tr"},{"@type":"Person","@id":"https:\/\/kibrisdakik.com\/#\/schema\/person\/9cd9d437bbb44f72b73ba127e06d8e79","name":"admin","image":{"@type":"ImageObject","inLanguage":"tr","@id":"https:\/\/secure.gravatar.com\/avatar\/ccc17943b9d660506c869530f897617f7cb1c21a4bf30023f252596d83e1f007?s=96&d=mm&r=g","url":"https:\/\/secure.gravatar.com\/avatar\/ccc17943b9d660506c869530f897617f7cb1c21a4bf30023f252596d83e1f007?s=96&d=mm&r=g","contentUrl":"https:\/\/secure.gravatar.com\/avatar\/ccc17943b9d660506c869530f897617f7cb1c21a4bf30023f252596d83e1f007?s=96&d=mm&r=g","caption":"admin"},"sameAs":["https:\/\/kibrisdakik.com"],"url":"https:\/\/kibrisdakik.com\/?author=1"}]}},"_links":{"self":[{"href":"https:\/\/kibrisdakik.com\/index.php?rest_route=\/wp\/v2\/posts\/31465","targetHints":{"allow":["GET"]}}],"collection":[{"href":"https:\/\/kibrisdakik.com\/index.php?rest_route=\/wp\/v2\/posts"}],"about":[{"href":"https:\/\/kibrisdakik.com\/index.php?rest_route=\/wp\/v2\/types\/post"}],"author":[{"embeddable":true,"href":"https:\/\/kibrisdakik.com\/index.php?rest_route=\/wp\/v2\/users\/1"}],"replies":[{"embeddable":true,"href":"https:\/\/kibrisdakik.com\/index.php?rest_route=%2Fwp%2Fv2%2Fcomments&post=31465"}],"version-history":[{"count":0,"href":"https:\/\/kibrisdakik.com\/index.php?rest_route=\/wp\/v2\/posts\/31465\/revisions"}],"wp:featuredmedia":[{"embeddable":true,"href":"https:\/\/kibrisdakik.com\/index.php?rest_route=\/wp\/v2\/media\/31466"}],"wp:attachment":[{"href":"https:\/\/kibrisdakik.com\/index.php?rest_route=%2Fwp%2Fv2%2Fmedia&parent=31465"}],"wp:term":[{"taxonomy":"category","embeddable":true,"href":"https:\/\/kibrisdakik.com\/index.php?rest_route=%2Fwp%2Fv2%2Fcategories&post=31465"},{"taxonomy":"post_tag","embeddable":true,"href":"https:\/\/kibrisdakik.com\/index.php?rest_route=%2Fwp%2Fv2%2Ftags&post=31465"}],"curies":[{"name":"wp","href":"https:\/\/api.w.org\/{rel}","templated":true}]}}