{"id":3157,"date":"2023-03-13T10:08:03","date_gmt":"2023-03-13T10:08:03","guid":{"rendered":"https:\/\/kibrisdakik.com\/index.php\/2023\/03\/13\/hamitkoyde-arac-yangini\/"},"modified":"2023-03-13T10:08:03","modified_gmt":"2023-03-13T10:08:03","slug":"hamitkoyde-arac-yangini","status":"publish","type":"post","link":"https:\/\/kibrisdakik.com\/?p=3157","title":{"rendered":"Hamitk\u00f6y\u2019de ara\u00e7 yang\u0131n\u0131"},"content":{"rendered":"<p><\/p>\n<div>\n<div class=\"mariselle-image-container center\">\n                <img width=\"811\" height=\"431\" class=\"lazy-image\" alt=\"\" decoding=\"async\" loading=\"lazy\" sizes=\"auto, (max-width: 811px) 100vw, 811px\" src=\"https:\/\/brtk.net\/wp-content\/uploads\/2023\/02\/04\/polisiye-olaylar.jpg?ver=167becc4042362dcae4788bb62751cc0\" srcset=\"https:\/\/brtk.net\/wp-content\/uploads\/2023\/02\/04\/polisiye-olaylar.jpg?ver=167becc4042362dcae4788bb62751cc0 811w, https:\/\/brtk.net\/wp-content\/uploads\/2023\/02\/04\/polisiye-olaylar-300x159.jpg?ver=167becc4042362dcae4788bb62751cc0 300w, https:\/\/brtk.net\/wp-content\/uploads\/2023\/02\/04\/polisiye-olaylar-768x408.jpg?ver=6aa1e5295b5dd521d579774ac1f5d3c5 768w\"\/>                            <\/div>\n<p>Bal\u0131kesir\u2019de satt\u0131\u011f\u0131 at\u0131 arabas\u0131na bindirmeye \u00e7al\u0131\u015fan Erkan Ora\u00e7 (E-57), at\u0131n \u00e7ifte atmas\u0131 sonucu ba\u015f\u0131n\u0131 parke ta\u015f\u0131na \u00e7arp\u0131p a\u011f\u0131r yaraland\u0131.<\/p>\n<p>Polis Bas\u0131n B\u00fclteni\u2019ne g\u00f6re d\u00fcn meydana gelen olayda, Bal\u0131kesir\u2019de bir at \u00e7iftli\u011finde, Erkan Ora\u00e7, satt\u0131\u011f\u0131 at\u0131 at arabas\u0131na bindirmeye \u00e7al\u0131\u015f\u0131rken, at\u0131n \u00e7ifte atmas\u0131yla yere d\u00fc\u015ferek ba\u015f\u0131n\u0131 parke ta\u015flar\u0131na \u00e7arpt\u0131.<\/p>\n<p>Ora\u00e7, kald\u0131r\u0131ld\u0131\u011f\u0131 Lefko\u015fa Dr. Burhan Nalbanto\u011flu Devlet Hastanesi\u2019nde tedavisinin ard\u0131ndan, yo\u011fun bak\u0131m servisinde m\u00fc\u015fahede alt\u0131na al\u0131nd\u0131.<\/p>\n<p><strong>-\u0130thali yasak g\u00fcmr\u00fcks\u00fcz mal tasarrufu<\/strong><\/p>\n<p>Lefko\u015fa\u2019da faaliyet g\u00f6steren bir markette polis taraf\u0131ndan yap\u0131lan kontrolde, ithali yasaklanm\u0131\u015f 19 elektronik sigaran\u0131n g\u00fcmr\u00fcks\u00fcz olarak tasarruf edilip sat\u0131\u015fa sunuldu\u011fu tespit edildi.<\/p>\n<p>Elektronik sigaralar emare al\u0131n\u0131rken, olayda zanl\u0131 g\u00f6r\u00fclen C.D.(E-24) tutukland\u0131.<\/p>\n<p><strong>-Ara\u00e7 yang\u0131n\u0131    <\/strong><\/p>\n<p>Hamitk\u00f6y\u2019de d\u00fcn, park halinde ve \u00e7al\u0131\u015f\u0131r durumda bulunan ER 191 plakal\u0131 salon arac\u0131n muhtemelen motor b\u00f6l\u00fcm\u00fcndeki elektrik aksamlar\u0131n\u0131n k\u0131sa devre yapmas\u0131 sonucu yang\u0131n meydana geldi.<\/p>\n<p>Yang\u0131n \u0130tfaiye ekipleri taraf\u0131ndan s\u00f6nd\u00fcr\u00fcld\u00fc. Yang\u0131n sonucu arac\u0131n motoru ve \u00f6n tamponu tamamen; \u00f6n kaputun boyas\u0131, \u00f6n lastikleri ve \u00f6n g\u00f6\u011fs\u00fcn plastik aksamlar\u0131 k\u0131smen yanarken, \u00e7\u0131kan \u0131s\u0131dan dolay\u0131 \u00f6n cam\u0131 zarar g\u00f6rd\u00fc.<\/p>\n<p>PGM\/<a href=\"https:\/\/brtk.net\/\">BRT<\/a><\/p>\n<\/p><\/div>\n<p><script async\n                    defer\n                    crossorigin=\"anonymous\"\n                    src=\"https:\/\/connect.facebook.net\/tr_TR\/sdk.js#xfbml=1&#038;version=v3.3\"\n            ><\/script><\/p>\n","protected":false},"excerpt":{"rendered":"<p>Bal\u0131kesir\u2019de satt\u0131\u011f\u0131 at\u0131 arabas\u0131na bindirmeye \u00e7al\u0131\u015fan Erkan Ora\u00e7 (E-57), at\u0131n \u00e7ifte atmas\u0131 sonucu ba\u015f\u0131n\u0131 parke ta\u015f\u0131na \u00e7arp\u0131p a\u011f\u0131r yaraland\u0131. Polis Bas\u0131n B\u00fclteni\u2019ne g\u00f6re d\u00fcn meydana gelen olayda, Bal\u0131kesir\u2019de bir at \u00e7iftli\u011finde, Erkan Ora\u00e7, satt\u0131\u011f\u0131 at\u0131 at arabas\u0131na bindirmeye \u00e7al\u0131\u015f\u0131rken, at\u0131n \u00e7ifte atmas\u0131yla yere d\u00fc\u015ferek ba\u015f\u0131n\u0131 parke ta\u015flar\u0131na \u00e7arpt\u0131. Ora\u00e7, kald\u0131r\u0131ld\u0131\u011f\u0131 Lefko\u015fa Dr. Burhan Nalbanto\u011flu Devlet<\/p>\n","protected":false},"author":1,"featured_media":3158,"comment_status":"open","ping_status":"open","sticky":false,"template":"","format":"standard","meta":{"footnotes":""},"categories":[1],"tags":[],"class_list":["post-3157","post","type-post","status-publish","format-standard","has-post-thumbnail","hentry","category-gundem"],"yoast_head":"<!-- This site is optimized with the Yoast SEO plugin v27.4 - https:\/\/yoast.com\/product\/yoast-seo-wordpress\/ -->\n<title>Hamitk\u00f6y\u2019de ara\u00e7 yang\u0131n\u0131 -<\/title>\n<meta name=\"robots\" content=\"index, follow, max-snippet:-1, max-image-preview:large, max-video-preview:-1\" \/>\n<link rel=\"canonical\" href=\"https:\/\/kibrisdakik.com\/?p=3157\" \/>\n<meta property=\"og:locale\" content=\"tr_TR\" \/>\n<meta property=\"og:type\" content=\"article\" \/>\n<meta property=\"og:title\" content=\"Hamitk\u00f6y\u2019de ara\u00e7 yang\u0131n\u0131 -\" \/>\n<meta property=\"og:description\" content=\"Bal\u0131kesir\u2019de satt\u0131\u011f\u0131 at\u0131 arabas\u0131na bindirmeye \u00e7al\u0131\u015fan Erkan Ora\u00e7 (E-57), at\u0131n \u00e7ifte atmas\u0131 sonucu ba\u015f\u0131n\u0131 parke ta\u015f\u0131na \u00e7arp\u0131p a\u011f\u0131r yaraland\u0131. Polis Bas\u0131n B\u00fclteni\u2019ne g\u00f6re d\u00fcn meydana gelen olayda, Bal\u0131kesir\u2019de bir at \u00e7iftli\u011finde, Erkan Ora\u00e7, satt\u0131\u011f\u0131 at\u0131 at arabas\u0131na bindirmeye \u00e7al\u0131\u015f\u0131rken, at\u0131n \u00e7ifte atmas\u0131yla yere d\u00fc\u015ferek ba\u015f\u0131n\u0131 parke ta\u015flar\u0131na \u00e7arpt\u0131. Ora\u00e7, kald\u0131r\u0131ld\u0131\u011f\u0131 Lefko\u015fa Dr. Burhan Nalbanto\u011flu Devlet\" \/>\n<meta property=\"og:url\" content=\"https:\/\/kibrisdakik.com\/?p=3157\" \/>\n<meta property=\"article:published_time\" content=\"2023-03-13T10:08:03+00:00\" \/>\n<meta property=\"og:image\" content=\"https:\/\/kibrisdakik.com\/wp-content\/uploads\/2023\/03\/polisiye-olaylar-740x420.jpg\" \/>\n\t<meta property=\"og:image:width\" content=\"811\" \/>\n\t<meta property=\"og:image:height\" content=\"431\" \/>\n\t<meta property=\"og:image:type\" content=\"image\/jpeg\" \/>\n<meta name=\"author\" content=\"admin\" \/>\n<meta name=\"twitter:card\" content=\"summary_large_image\" \/>\n<meta name=\"twitter:label1\" content=\"Yazan:\" \/>\n\t<meta name=\"twitter:data1\" content=\"admin\" \/>\n\t<meta name=\"twitter:label2\" content=\"Tahmini okuma s\u00fcresi\" \/>\n\t<meta name=\"twitter:data2\" content=\"1 dakika\" \/>\n<script type=\"application\/ld+json\" class=\"yoast-schema-graph\">{\"@context\":\"https:\\\/\\\/schema.org\",\"@graph\":[{\"@type\":\"Article\",\"@id\":\"https:\\\/\\\/kibrisdakik.com\\\/?p=3157#article\",\"isPartOf\":{\"@id\":\"https:\\\/\\\/kibrisdakik.com\\\/?p=3157\"},\"author\":{\"name\":\"admin\",\"@id\":\"https:\\\/\\\/kibrisdakik.com\\\/#\\\/schema\\\/person\\\/9cd9d437bbb44f72b73ba127e06d8e79\"},\"headline\":\"Hamitk\u00f6y\u2019de ara\u00e7 yang\u0131n\u0131\",\"datePublished\":\"2023-03-13T10:08:03+00:00\",\"mainEntityOfPage\":{\"@id\":\"https:\\\/\\\/kibrisdakik.com\\\/?p=3157\"},\"wordCount\":247,\"commentCount\":0,\"image\":{\"@id\":\"https:\\\/\\\/kibrisdakik.com\\\/?p=3157#primaryimage\"},\"thumbnailUrl\":\"https:\\\/\\\/kibrisdakik.com\\\/wp-content\\\/uploads\\\/2023\\\/03\\\/polisiye-olaylar-740x420.jpg\",\"articleSection\":[\"G\u00fcndem\"],\"inLanguage\":\"tr\",\"potentialAction\":[{\"@type\":\"CommentAction\",\"name\":\"Comment\",\"target\":[\"https:\\\/\\\/kibrisdakik.com\\\/?p=3157#respond\"]}]},{\"@type\":\"WebPage\",\"@id\":\"https:\\\/\\\/kibrisdakik.com\\\/?p=3157\",\"url\":\"https:\\\/\\\/kibrisdakik.com\\\/?p=3157\",\"name\":\"Hamitk\u00f6y\u2019de ara\u00e7 yang\u0131n\u0131 -\",\"isPartOf\":{\"@id\":\"https:\\\/\\\/kibrisdakik.com\\\/#website\"},\"primaryImageOfPage\":{\"@id\":\"https:\\\/\\\/kibrisdakik.com\\\/?p=3157#primaryimage\"},\"image\":{\"@id\":\"https:\\\/\\\/kibrisdakik.com\\\/?p=3157#primaryimage\"},\"thumbnailUrl\":\"https:\\\/\\\/kibrisdakik.com\\\/wp-content\\\/uploads\\\/2023\\\/03\\\/polisiye-olaylar-740x420.jpg\",\"datePublished\":\"2023-03-13T10:08:03+00:00\",\"author\":{\"@id\":\"https:\\\/\\\/kibrisdakik.com\\\/#\\\/schema\\\/person\\\/9cd9d437bbb44f72b73ba127e06d8e79\"},\"breadcrumb\":{\"@id\":\"https:\\\/\\\/kibrisdakik.com\\\/?p=3157#breadcrumb\"},\"inLanguage\":\"tr\",\"potentialAction\":[{\"@type\":\"ReadAction\",\"target\":[\"https:\\\/\\\/kibrisdakik.com\\\/?p=3157\"]}]},{\"@type\":\"ImageObject\",\"inLanguage\":\"tr\",\"@id\":\"https:\\\/\\\/kibrisdakik.com\\\/?p=3157#primaryimage\",\"url\":\"https:\\\/\\\/kibrisdakik.com\\\/wp-content\\\/uploads\\\/2023\\\/03\\\/polisiye-olaylar-740x420.jpg\",\"contentUrl\":\"https:\\\/\\\/kibrisdakik.com\\\/wp-content\\\/uploads\\\/2023\\\/03\\\/polisiye-olaylar-740x420.jpg\",\"width\":811,\"height\":431},{\"@type\":\"BreadcrumbList\",\"@id\":\"https:\\\/\\\/kibrisdakik.com\\\/?p=3157#breadcrumb\",\"itemListElement\":[{\"@type\":\"ListItem\",\"position\":1,\"name\":\"Home\",\"item\":\"https:\\\/\\\/kibrisdakik.com\\\/\"},{\"@type\":\"ListItem\",\"position\":2,\"name\":\"Hamitk\u00f6y\u2019de ara\u00e7 yang\u0131n\u0131\"}]},{\"@type\":\"WebSite\",\"@id\":\"https:\\\/\\\/kibrisdakik.com\\\/#website\",\"url\":\"https:\\\/\\\/kibrisdakik.com\\\/\",\"name\":\"\",\"description\":\"Tam vaktinde haber\",\"potentialAction\":[{\"@type\":\"SearchAction\",\"target\":{\"@type\":\"EntryPoint\",\"urlTemplate\":\"https:\\\/\\\/kibrisdakik.com\\\/?s={search_term_string}\"},\"query-input\":{\"@type\":\"PropertyValueSpecification\",\"valueRequired\":true,\"valueName\":\"search_term_string\"}}],\"inLanguage\":\"tr\"},{\"@type\":\"Person\",\"@id\":\"https:\\\/\\\/kibrisdakik.com\\\/#\\\/schema\\\/person\\\/9cd9d437bbb44f72b73ba127e06d8e79\",\"name\":\"admin\",\"image\":{\"@type\":\"ImageObject\",\"inLanguage\":\"tr\",\"@id\":\"https:\\\/\\\/secure.gravatar.com\\\/avatar\\\/ccc17943b9d660506c869530f897617f7cb1c21a4bf30023f252596d83e1f007?s=96&d=mm&r=g\",\"url\":\"https:\\\/\\\/secure.gravatar.com\\\/avatar\\\/ccc17943b9d660506c869530f897617f7cb1c21a4bf30023f252596d83e1f007?s=96&d=mm&r=g\",\"contentUrl\":\"https:\\\/\\\/secure.gravatar.com\\\/avatar\\\/ccc17943b9d660506c869530f897617f7cb1c21a4bf30023f252596d83e1f007?s=96&d=mm&r=g\",\"caption\":\"admin\"},\"sameAs\":[\"https:\\\/\\\/kibrisdakik.com\"],\"url\":\"https:\\\/\\\/kibrisdakik.com\\\/?author=1\"}]}<\/script>\n<!-- \/ Yoast SEO plugin. -->","yoast_head_json":{"title":"Hamitk\u00f6y\u2019de ara\u00e7 yang\u0131n\u0131 -","robots":{"index":"index","follow":"follow","max-snippet":"max-snippet:-1","max-image-preview":"max-image-preview:large","max-video-preview":"max-video-preview:-1"},"canonical":"https:\/\/kibrisdakik.com\/?p=3157","og_locale":"tr_TR","og_type":"article","og_title":"Hamitk\u00f6y\u2019de ara\u00e7 yang\u0131n\u0131 -","og_description":"Bal\u0131kesir\u2019de satt\u0131\u011f\u0131 at\u0131 arabas\u0131na bindirmeye \u00e7al\u0131\u015fan Erkan Ora\u00e7 (E-57), at\u0131n \u00e7ifte atmas\u0131 sonucu ba\u015f\u0131n\u0131 parke ta\u015f\u0131na \u00e7arp\u0131p a\u011f\u0131r yaraland\u0131. Polis Bas\u0131n B\u00fclteni\u2019ne g\u00f6re d\u00fcn meydana gelen olayda, Bal\u0131kesir\u2019de bir at \u00e7iftli\u011finde, Erkan Ora\u00e7, satt\u0131\u011f\u0131 at\u0131 at arabas\u0131na bindirmeye \u00e7al\u0131\u015f\u0131rken, at\u0131n \u00e7ifte atmas\u0131yla yere d\u00fc\u015ferek ba\u015f\u0131n\u0131 parke ta\u015flar\u0131na \u00e7arpt\u0131. Ora\u00e7, kald\u0131r\u0131ld\u0131\u011f\u0131 Lefko\u015fa Dr. Burhan Nalbanto\u011flu Devlet","og_url":"https:\/\/kibrisdakik.com\/?p=3157","article_published_time":"2023-03-13T10:08:03+00:00","og_image":[{"width":811,"height":431,"url":"https:\/\/kibrisdakik.com\/wp-content\/uploads\/2023\/03\/polisiye-olaylar-740x420.jpg","type":"image\/jpeg"}],"author":"admin","twitter_card":"summary_large_image","twitter_misc":{"Yazan:":"admin","Tahmini okuma s\u00fcresi":"1 dakika"},"schema":{"@context":"https:\/\/schema.org","@graph":[{"@type":"Article","@id":"https:\/\/kibrisdakik.com\/?p=3157#article","isPartOf":{"@id":"https:\/\/kibrisdakik.com\/?p=3157"},"author":{"name":"admin","@id":"https:\/\/kibrisdakik.com\/#\/schema\/person\/9cd9d437bbb44f72b73ba127e06d8e79"},"headline":"Hamitk\u00f6y\u2019de ara\u00e7 yang\u0131n\u0131","datePublished":"2023-03-13T10:08:03+00:00","mainEntityOfPage":{"@id":"https:\/\/kibrisdakik.com\/?p=3157"},"wordCount":247,"commentCount":0,"image":{"@id":"https:\/\/kibrisdakik.com\/?p=3157#primaryimage"},"thumbnailUrl":"https:\/\/kibrisdakik.com\/wp-content\/uploads\/2023\/03\/polisiye-olaylar-740x420.jpg","articleSection":["G\u00fcndem"],"inLanguage":"tr","potentialAction":[{"@type":"CommentAction","name":"Comment","target":["https:\/\/kibrisdakik.com\/?p=3157#respond"]}]},{"@type":"WebPage","@id":"https:\/\/kibrisdakik.com\/?p=3157","url":"https:\/\/kibrisdakik.com\/?p=3157","name":"Hamitk\u00f6y\u2019de ara\u00e7 yang\u0131n\u0131 -","isPartOf":{"@id":"https:\/\/kibrisdakik.com\/#website"},"primaryImageOfPage":{"@id":"https:\/\/kibrisdakik.com\/?p=3157#primaryimage"},"image":{"@id":"https:\/\/kibrisdakik.com\/?p=3157#primaryimage"},"thumbnailUrl":"https:\/\/kibrisdakik.com\/wp-content\/uploads\/2023\/03\/polisiye-olaylar-740x420.jpg","datePublished":"2023-03-13T10:08:03+00:00","author":{"@id":"https:\/\/kibrisdakik.com\/#\/schema\/person\/9cd9d437bbb44f72b73ba127e06d8e79"},"breadcrumb":{"@id":"https:\/\/kibrisdakik.com\/?p=3157#breadcrumb"},"inLanguage":"tr","potentialAction":[{"@type":"ReadAction","target":["https:\/\/kibrisdakik.com\/?p=3157"]}]},{"@type":"ImageObject","inLanguage":"tr","@id":"https:\/\/kibrisdakik.com\/?p=3157#primaryimage","url":"https:\/\/kibrisdakik.com\/wp-content\/uploads\/2023\/03\/polisiye-olaylar-740x420.jpg","contentUrl":"https:\/\/kibrisdakik.com\/wp-content\/uploads\/2023\/03\/polisiye-olaylar-740x420.jpg","width":811,"height":431},{"@type":"BreadcrumbList","@id":"https:\/\/kibrisdakik.com\/?p=3157#breadcrumb","itemListElement":[{"@type":"ListItem","position":1,"name":"Home","item":"https:\/\/kibrisdakik.com\/"},{"@type":"ListItem","position":2,"name":"Hamitk\u00f6y\u2019de ara\u00e7 yang\u0131n\u0131"}]},{"@type":"WebSite","@id":"https:\/\/kibrisdakik.com\/#website","url":"https:\/\/kibrisdakik.com\/","name":"","description":"Tam vaktinde haber","potentialAction":[{"@type":"SearchAction","target":{"@type":"EntryPoint","urlTemplate":"https:\/\/kibrisdakik.com\/?s={search_term_string}"},"query-input":{"@type":"PropertyValueSpecification","valueRequired":true,"valueName":"search_term_string"}}],"inLanguage":"tr"},{"@type":"Person","@id":"https:\/\/kibrisdakik.com\/#\/schema\/person\/9cd9d437bbb44f72b73ba127e06d8e79","name":"admin","image":{"@type":"ImageObject","inLanguage":"tr","@id":"https:\/\/secure.gravatar.com\/avatar\/ccc17943b9d660506c869530f897617f7cb1c21a4bf30023f252596d83e1f007?s=96&d=mm&r=g","url":"https:\/\/secure.gravatar.com\/avatar\/ccc17943b9d660506c869530f897617f7cb1c21a4bf30023f252596d83e1f007?s=96&d=mm&r=g","contentUrl":"https:\/\/secure.gravatar.com\/avatar\/ccc17943b9d660506c869530f897617f7cb1c21a4bf30023f252596d83e1f007?s=96&d=mm&r=g","caption":"admin"},"sameAs":["https:\/\/kibrisdakik.com"],"url":"https:\/\/kibrisdakik.com\/?author=1"}]}},"_links":{"self":[{"href":"https:\/\/kibrisdakik.com\/index.php?rest_route=\/wp\/v2\/posts\/3157","targetHints":{"allow":["GET"]}}],"collection":[{"href":"https:\/\/kibrisdakik.com\/index.php?rest_route=\/wp\/v2\/posts"}],"about":[{"href":"https:\/\/kibrisdakik.com\/index.php?rest_route=\/wp\/v2\/types\/post"}],"author":[{"embeddable":true,"href":"https:\/\/kibrisdakik.com\/index.php?rest_route=\/wp\/v2\/users\/1"}],"replies":[{"embeddable":true,"href":"https:\/\/kibrisdakik.com\/index.php?rest_route=%2Fwp%2Fv2%2Fcomments&post=3157"}],"version-history":[{"count":0,"href":"https:\/\/kibrisdakik.com\/index.php?rest_route=\/wp\/v2\/posts\/3157\/revisions"}],"wp:featuredmedia":[{"embeddable":true,"href":"https:\/\/kibrisdakik.com\/index.php?rest_route=\/wp\/v2\/media\/3158"}],"wp:attachment":[{"href":"https:\/\/kibrisdakik.com\/index.php?rest_route=%2Fwp%2Fv2%2Fmedia&parent=3157"}],"wp:term":[{"taxonomy":"category","embeddable":true,"href":"https:\/\/kibrisdakik.com\/index.php?rest_route=%2Fwp%2Fv2%2Fcategories&post=3157"},{"taxonomy":"post_tag","embeddable":true,"href":"https:\/\/kibrisdakik.com\/index.php?rest_route=%2Fwp%2Fv2%2Ftags&post=3157"}],"curies":[{"name":"wp","href":"https:\/\/api.w.org\/{rel}","templated":true}]}}