{"id":3160,"date":"2023-03-13T11:00:15","date_gmt":"2023-03-13T11:00:15","guid":{"rendered":"https:\/\/kibrisdakik.com\/index.php\/2023\/03\/13\/baglikoy-direnisi-ve-direniste-sehit-dusenler-torenle-anildi\/"},"modified":"2023-03-13T11:00:15","modified_gmt":"2023-03-13T11:00:15","slug":"baglikoy-direnisi-ve-direniste-sehit-dusenler-torenle-anildi","status":"publish","type":"post","link":"https:\/\/kibrisdakik.com\/?p=3160","title":{"rendered":"Ba\u011fl\u0131k\u00f6y Direni\u015fi ve direni\u015fte \u015fehit d\u00fc\u015fenler t\u00f6renle an\u0131ld\u0131"},"content":{"rendered":"<p><\/p>\n<div>\n<div class=\"mariselle-image-container center\">\n                <img width=\"2560\" height=\"1438\" class=\"lazy-image\" alt=\"\" decoding=\"async\" loading=\"lazy\" sizes=\"auto, (max-width: 2560px) 100vw, 2560px\" src=\"https:\/\/brtk.net\/wp-content\/uploads\/2023\/03\/13\/bgk-scaled.jpg?ver=b9be21a46f3723482805e68a22e5076b\" srcset=\"https:\/\/brtk.net\/wp-content\/uploads\/2023\/03\/13\/bgk-scaled.jpg?ver=b9be21a46f3723482805e68a22e5076b 2560w, https:\/\/brtk.net\/wp-content\/uploads\/2023\/03\/13\/bgk-300x169.jpg?ver=b9be21a46f3723482805e68a22e5076b 300w, https:\/\/brtk.net\/wp-content\/uploads\/2023\/03\/13\/bgk-1024x575.jpg?ver=74676b2b92ce9f4a9d141993742ca09a 1024w, https:\/\/brtk.net\/wp-content\/uploads\/2023\/03\/13\/bgk-768x431.jpg?ver=74676b2b92ce9f4a9d141993742ca09a 768w, https:\/\/brtk.net\/wp-content\/uploads\/2023\/03\/13\/bgk-1536x863.jpg?ver=8bb6777efa4ba3f05f2882a1ff41d0ac 1536w, https:\/\/brtk.net\/wp-content\/uploads\/2023\/03\/13\/bgk-2048x1150.jpg?ver=9886f3f3254c409d7b670c0d0e14d321 2048w\"\/>                            <\/div>\n<p>Ba\u011fl\u0131k\u00f6y Direni\u015fi\u2019nin 58. Y\u0131ld\u00f6n\u00fcm\u00fc ve direni\u015fte \u015fehit d\u00fc\u015fenler, Ba\u011fl\u0131k\u00f6y \u015eehitli\u011fi\u2019nde d\u00fczenlenen t\u00f6renle an\u0131ld\u0131.<\/p>\n<p> T\u00f6ren, protokol s\u0131ras\u0131na g\u00f6re \u015fehitlik an\u0131t\u0131na \u00e7elenklerin sunulmas\u0131yla ba\u015flad\u0131.<\/p>\n<p>Ard\u0131ndan sayg\u0131 duru\u015fu, sayg\u0131 at\u0131\u015f\u0131 ve \u0130stiklal Mar\u015f\u0131 e\u015fli\u011finde bayraklar g\u00f6ndere \u00e7ekildi.<\/p>\n<p>T\u00f6rende g\u00fcn\u00fcn anlam ve \u00f6nemini belirten konu\u015fma Ba\u011fl\u0131k\u00f6y \u015eehitleri Tertip Komitesi Ba\u015fkan\u0131 Taner Kerimo\u011flu taraf\u0131ndan yap\u0131ld\u0131.<br \/>Kerimo\u011flu, milli m\u00fccadele y\u0131llar\u0131nda Ba\u011fl\u0131k\u00f6y\u2019de \u015fanl\u0131 bir direni\u015f sergilendi\u011fini belirterek, bu adada \u00f6zg\u00fcrce ya\u015fayabilmeyi \u015fehitlere bor\u00e7lu oldu\u011fumuzu ve \u015fehitlerin asla unutulmayaca\u011f\u0131n\u0131 s\u00f6yledi.<\/p>\n<p>Yedidalga \u0130lkokulu \u00d6\u011fretmeni Melek Ergel de d\u00fc\u015fman sald\u0131r\u0131lar\u0131 kar\u015f\u0131s\u0131nda K\u0131br\u0131s T\u00fcrk halk\u0131n\u0131n topra\u011f\u0131n\u0131 ve \u00f6zg\u00fcrl\u00fc\u011f\u00fcn\u00fc can\u0131 pahas\u0131na korudu\u011funu ifade ederek, \u015fehitlerin emaneti devletimizi ve bayra\u011f\u0131m\u0131z\u0131 daha ileriye ta\u015f\u0131man\u0131n vazifemiz oldu\u011funu kaydetti. T\u00f6ren, \u015fiirler okunmas\u0131yla devam etti.<br \/>T\u00f6rende daha sonra Cumhurba\u015fkan Vekili, Cumhuriyet Meclisi Ba\u015fkan\u0131 Zorlu T\u00f6re de bir konu\u015fma yapt\u0131.<\/p>\n<p>T\u00f6re, k\u00fc\u00e7\u00fck bir da\u011f k\u00f6y\u00fc olan Ba\u011fl\u0131k\u00f6y\u2019de 1958 ile 1974 y\u0131llar\u0131 aras\u0131nda 17 \u015fehit verildi\u011fini an\u0131msatarak, bunun bir Rum barbarl\u0131\u011f\u0131 ve soyk\u0131r\u0131m oldu\u011funu s\u00f6yledi.<\/p>\n<p>T\u00f6re, \u015fehitler sayesinde bu topraklar\u0131n vatan yap\u0131ld\u0131\u011f\u0131na vurgu yaparak,  \u2018TMT ve m\u00fccahitlerin direni\u015fi \u00e7ok kutsald\u0131r. Bu direni\u015f sayesinde bug\u00fcn \u00f6zg\u00fcr\u00fcz ve ba\u011f\u0131ms\u0131z <a href=\"https:\/\/brtk.net\/\">KKTC<\/a> vard\u0131r\u2019 dedi.<\/p>\n<p>\u015eehitlerin bize emanet etti\u011fi vatan\u0131n bundan sonraki nesillere sapasa\u011flam teslim edilece\u011fini belirten T\u00f6re, vatan yap\u0131lan bu topraklardan, <a href=\"https:\/\/brtk.net\/\">KKTC<\/a>\u2019den ve anavatan T\u00fcrkiye\u2019den asla vazge\u00e7meyeceklerini ifade etti.<\/p>\n<p>T\u00f6ren, \u015fehitler i\u00e7in dua okunmas\u0131 ve \u015fehit kabirlerine \u00e7i\u00e7ek b\u0131rak\u0131lmas\u0131n\u0131n ard\u0131ndan sona erdi.<\/p>\n<p><a href=\"https:\/\/brtk.net\/\">BRT<\/a><\/p>\n<\/p><\/div>\n<p><script async\n                    defer\n                    crossorigin=\"anonymous\"\n                    src=\"https:\/\/connect.facebook.net\/tr_TR\/sdk.js#xfbml=1&#038;version=v3.3\"\n            ><\/script><\/p>\n","protected":false},"excerpt":{"rendered":"<p>Ba\u011fl\u0131k\u00f6y Direni\u015fi\u2019nin 58. Y\u0131ld\u00f6n\u00fcm\u00fc ve direni\u015fte \u015fehit d\u00fc\u015fenler, Ba\u011fl\u0131k\u00f6y \u015eehitli\u011fi\u2019nde d\u00fczenlenen t\u00f6renle an\u0131ld\u0131. T\u00f6ren, protokol s\u0131ras\u0131na g\u00f6re \u015fehitlik an\u0131t\u0131na \u00e7elenklerin sunulmas\u0131yla ba\u015flad\u0131. Ard\u0131ndan sayg\u0131 duru\u015fu, sayg\u0131 at\u0131\u015f\u0131 ve \u0130stiklal Mar\u015f\u0131 e\u015fli\u011finde bayraklar g\u00f6ndere \u00e7ekildi. T\u00f6rende g\u00fcn\u00fcn anlam ve \u00f6nemini belirten konu\u015fma Ba\u011fl\u0131k\u00f6y \u015eehitleri Tertip Komitesi Ba\u015fkan\u0131 Taner Kerimo\u011flu taraf\u0131ndan yap\u0131ld\u0131.Kerimo\u011flu, milli m\u00fccadele y\u0131llar\u0131nda Ba\u011fl\u0131k\u00f6y\u2019de \u015fanl\u0131<\/p>\n","protected":false},"author":1,"featured_media":3161,"comment_status":"open","ping_status":"open","sticky":false,"template":"","format":"standard","meta":{"footnotes":""},"categories":[1],"tags":[],"class_list":["post-3160","post","type-post","status-publish","format-standard","has-post-thumbnail","hentry","category-gundem"],"yoast_head":"<!-- This site is optimized with the Yoast SEO plugin v27.5 - https:\/\/yoast.com\/product\/yoast-seo-wordpress\/ -->\n<title>Ba\u011fl\u0131k\u00f6y Direni\u015fi ve direni\u015fte \u015fehit d\u00fc\u015fenler t\u00f6renle an\u0131ld\u0131 -<\/title>\n<meta name=\"robots\" content=\"index, follow, max-snippet:-1, max-image-preview:large, max-video-preview:-1\" \/>\n<link rel=\"canonical\" href=\"https:\/\/kibrisdakik.com\/?p=3160\" \/>\n<meta property=\"og:locale\" content=\"tr_TR\" \/>\n<meta property=\"og:type\" content=\"article\" \/>\n<meta property=\"og:title\" content=\"Ba\u011fl\u0131k\u00f6y Direni\u015fi ve direni\u015fte \u015fehit d\u00fc\u015fenler t\u00f6renle an\u0131ld\u0131 -\" \/>\n<meta property=\"og:description\" content=\"Ba\u011fl\u0131k\u00f6y Direni\u015fi\u2019nin 58. Y\u0131ld\u00f6n\u00fcm\u00fc ve direni\u015fte \u015fehit d\u00fc\u015fenler, Ba\u011fl\u0131k\u00f6y \u015eehitli\u011fi\u2019nde d\u00fczenlenen t\u00f6renle an\u0131ld\u0131. T\u00f6ren, protokol s\u0131ras\u0131na g\u00f6re \u015fehitlik an\u0131t\u0131na \u00e7elenklerin sunulmas\u0131yla ba\u015flad\u0131. Ard\u0131ndan sayg\u0131 duru\u015fu, sayg\u0131 at\u0131\u015f\u0131 ve \u0130stiklal Mar\u015f\u0131 e\u015fli\u011finde bayraklar g\u00f6ndere \u00e7ekildi. T\u00f6rende g\u00fcn\u00fcn anlam ve \u00f6nemini belirten konu\u015fma Ba\u011fl\u0131k\u00f6y \u015eehitleri Tertip Komitesi Ba\u015fkan\u0131 Taner Kerimo\u011flu taraf\u0131ndan yap\u0131ld\u0131.Kerimo\u011flu, milli m\u00fccadele y\u0131llar\u0131nda Ba\u011fl\u0131k\u00f6y\u2019de \u015fanl\u0131\" \/>\n<meta property=\"og:url\" content=\"https:\/\/kibrisdakik.com\/?p=3160\" \/>\n<meta property=\"article:published_time\" content=\"2023-03-13T11:00:15+00:00\" \/>\n<meta property=\"og:image\" content=\"https:\/\/kibrisdakik.com\/wp-content\/uploads\/2023\/03\/bgk-scaled-740x420.jpg\" \/>\n\t<meta property=\"og:image:width\" content=\"2560\" \/>\n\t<meta property=\"og:image:height\" content=\"1438\" \/>\n\t<meta property=\"og:image:type\" content=\"image\/jpeg\" \/>\n<meta name=\"author\" content=\"admin\" \/>\n<meta name=\"twitter:card\" content=\"summary_large_image\" \/>\n<meta name=\"twitter:label1\" content=\"Yazan:\" \/>\n\t<meta name=\"twitter:data1\" content=\"admin\" \/>\n\t<meta name=\"twitter:label2\" content=\"Tahmini okuma s\u00fcresi\" \/>\n\t<meta name=\"twitter:data2\" content=\"2 dakika\" \/>\n<script type=\"application\/ld+json\" class=\"yoast-schema-graph\">{\"@context\":\"https:\\\/\\\/schema.org\",\"@graph\":[{\"@type\":\"Article\",\"@id\":\"https:\\\/\\\/kibrisdakik.com\\\/?p=3160#article\",\"isPartOf\":{\"@id\":\"https:\\\/\\\/kibrisdakik.com\\\/?p=3160\"},\"author\":{\"name\":\"admin\",\"@id\":\"https:\\\/\\\/kibrisdakik.com\\\/#\\\/schema\\\/person\\\/9cd9d437bbb44f72b73ba127e06d8e79\"},\"headline\":\"Ba\u011fl\u0131k\u00f6y Direni\u015fi ve direni\u015fte \u015fehit d\u00fc\u015fenler t\u00f6renle an\u0131ld\u0131\",\"datePublished\":\"2023-03-13T11:00:15+00:00\",\"mainEntityOfPage\":{\"@id\":\"https:\\\/\\\/kibrisdakik.com\\\/?p=3160\"},\"wordCount\":352,\"commentCount\":0,\"image\":{\"@id\":\"https:\\\/\\\/kibrisdakik.com\\\/?p=3160#primaryimage\"},\"thumbnailUrl\":\"https:\\\/\\\/kibrisdakik.com\\\/wp-content\\\/uploads\\\/2023\\\/03\\\/bgk-scaled-740x420.jpg\",\"articleSection\":[\"G\u00fcndem\"],\"inLanguage\":\"tr\",\"potentialAction\":[{\"@type\":\"CommentAction\",\"name\":\"Comment\",\"target\":[\"https:\\\/\\\/kibrisdakik.com\\\/?p=3160#respond\"]}]},{\"@type\":\"WebPage\",\"@id\":\"https:\\\/\\\/kibrisdakik.com\\\/?p=3160\",\"url\":\"https:\\\/\\\/kibrisdakik.com\\\/?p=3160\",\"name\":\"Ba\u011fl\u0131k\u00f6y Direni\u015fi ve direni\u015fte \u015fehit d\u00fc\u015fenler t\u00f6renle an\u0131ld\u0131 -\",\"isPartOf\":{\"@id\":\"https:\\\/\\\/kibrisdakik.com\\\/#website\"},\"primaryImageOfPage\":{\"@id\":\"https:\\\/\\\/kibrisdakik.com\\\/?p=3160#primaryimage\"},\"image\":{\"@id\":\"https:\\\/\\\/kibrisdakik.com\\\/?p=3160#primaryimage\"},\"thumbnailUrl\":\"https:\\\/\\\/kibrisdakik.com\\\/wp-content\\\/uploads\\\/2023\\\/03\\\/bgk-scaled-740x420.jpg\",\"datePublished\":\"2023-03-13T11:00:15+00:00\",\"author\":{\"@id\":\"https:\\\/\\\/kibrisdakik.com\\\/#\\\/schema\\\/person\\\/9cd9d437bbb44f72b73ba127e06d8e79\"},\"breadcrumb\":{\"@id\":\"https:\\\/\\\/kibrisdakik.com\\\/?p=3160#breadcrumb\"},\"inLanguage\":\"tr\",\"potentialAction\":[{\"@type\":\"ReadAction\",\"target\":[\"https:\\\/\\\/kibrisdakik.com\\\/?p=3160\"]}]},{\"@type\":\"ImageObject\",\"inLanguage\":\"tr\",\"@id\":\"https:\\\/\\\/kibrisdakik.com\\\/?p=3160#primaryimage\",\"url\":\"https:\\\/\\\/kibrisdakik.com\\\/wp-content\\\/uploads\\\/2023\\\/03\\\/bgk-scaled-740x420.jpg\",\"contentUrl\":\"https:\\\/\\\/kibrisdakik.com\\\/wp-content\\\/uploads\\\/2023\\\/03\\\/bgk-scaled-740x420.jpg\",\"width\":2560,\"height\":1438},{\"@type\":\"BreadcrumbList\",\"@id\":\"https:\\\/\\\/kibrisdakik.com\\\/?p=3160#breadcrumb\",\"itemListElement\":[{\"@type\":\"ListItem\",\"position\":1,\"name\":\"Home\",\"item\":\"https:\\\/\\\/kibrisdakik.com\\\/\"},{\"@type\":\"ListItem\",\"position\":2,\"name\":\"Ba\u011fl\u0131k\u00f6y Direni\u015fi ve direni\u015fte \u015fehit d\u00fc\u015fenler t\u00f6renle an\u0131ld\u0131\"}]},{\"@type\":\"WebSite\",\"@id\":\"https:\\\/\\\/kibrisdakik.com\\\/#website\",\"url\":\"https:\\\/\\\/kibrisdakik.com\\\/\",\"name\":\"\",\"description\":\"Tam vaktinde haber\",\"potentialAction\":[{\"@type\":\"SearchAction\",\"target\":{\"@type\":\"EntryPoint\",\"urlTemplate\":\"https:\\\/\\\/kibrisdakik.com\\\/?s={search_term_string}\"},\"query-input\":{\"@type\":\"PropertyValueSpecification\",\"valueRequired\":true,\"valueName\":\"search_term_string\"}}],\"inLanguage\":\"tr\"},{\"@type\":\"Person\",\"@id\":\"https:\\\/\\\/kibrisdakik.com\\\/#\\\/schema\\\/person\\\/9cd9d437bbb44f72b73ba127e06d8e79\",\"name\":\"admin\",\"image\":{\"@type\":\"ImageObject\",\"inLanguage\":\"tr\",\"@id\":\"https:\\\/\\\/secure.gravatar.com\\\/avatar\\\/ccc17943b9d660506c869530f897617f7cb1c21a4bf30023f252596d83e1f007?s=96&d=mm&r=g\",\"url\":\"https:\\\/\\\/secure.gravatar.com\\\/avatar\\\/ccc17943b9d660506c869530f897617f7cb1c21a4bf30023f252596d83e1f007?s=96&d=mm&r=g\",\"contentUrl\":\"https:\\\/\\\/secure.gravatar.com\\\/avatar\\\/ccc17943b9d660506c869530f897617f7cb1c21a4bf30023f252596d83e1f007?s=96&d=mm&r=g\",\"caption\":\"admin\"},\"sameAs\":[\"https:\\\/\\\/kibrisdakik.com\"],\"url\":\"https:\\\/\\\/kibrisdakik.com\\\/?author=1\"}]}<\/script>\n<!-- \/ Yoast SEO plugin. -->","yoast_head_json":{"title":"Ba\u011fl\u0131k\u00f6y Direni\u015fi ve direni\u015fte \u015fehit d\u00fc\u015fenler t\u00f6renle an\u0131ld\u0131 -","robots":{"index":"index","follow":"follow","max-snippet":"max-snippet:-1","max-image-preview":"max-image-preview:large","max-video-preview":"max-video-preview:-1"},"canonical":"https:\/\/kibrisdakik.com\/?p=3160","og_locale":"tr_TR","og_type":"article","og_title":"Ba\u011fl\u0131k\u00f6y Direni\u015fi ve direni\u015fte \u015fehit d\u00fc\u015fenler t\u00f6renle an\u0131ld\u0131 -","og_description":"Ba\u011fl\u0131k\u00f6y Direni\u015fi\u2019nin 58. Y\u0131ld\u00f6n\u00fcm\u00fc ve direni\u015fte \u015fehit d\u00fc\u015fenler, Ba\u011fl\u0131k\u00f6y \u015eehitli\u011fi\u2019nde d\u00fczenlenen t\u00f6renle an\u0131ld\u0131. T\u00f6ren, protokol s\u0131ras\u0131na g\u00f6re \u015fehitlik an\u0131t\u0131na \u00e7elenklerin sunulmas\u0131yla ba\u015flad\u0131. Ard\u0131ndan sayg\u0131 duru\u015fu, sayg\u0131 at\u0131\u015f\u0131 ve \u0130stiklal Mar\u015f\u0131 e\u015fli\u011finde bayraklar g\u00f6ndere \u00e7ekildi. T\u00f6rende g\u00fcn\u00fcn anlam ve \u00f6nemini belirten konu\u015fma Ba\u011fl\u0131k\u00f6y \u015eehitleri Tertip Komitesi Ba\u015fkan\u0131 Taner Kerimo\u011flu taraf\u0131ndan yap\u0131ld\u0131.Kerimo\u011flu, milli m\u00fccadele y\u0131llar\u0131nda Ba\u011fl\u0131k\u00f6y\u2019de \u015fanl\u0131","og_url":"https:\/\/kibrisdakik.com\/?p=3160","article_published_time":"2023-03-13T11:00:15+00:00","og_image":[{"width":2560,"height":1438,"url":"https:\/\/kibrisdakik.com\/wp-content\/uploads\/2023\/03\/bgk-scaled-740x420.jpg","type":"image\/jpeg"}],"author":"admin","twitter_card":"summary_large_image","twitter_misc":{"Yazan:":"admin","Tahmini okuma s\u00fcresi":"2 dakika"},"schema":{"@context":"https:\/\/schema.org","@graph":[{"@type":"Article","@id":"https:\/\/kibrisdakik.com\/?p=3160#article","isPartOf":{"@id":"https:\/\/kibrisdakik.com\/?p=3160"},"author":{"name":"admin","@id":"https:\/\/kibrisdakik.com\/#\/schema\/person\/9cd9d437bbb44f72b73ba127e06d8e79"},"headline":"Ba\u011fl\u0131k\u00f6y Direni\u015fi ve direni\u015fte \u015fehit d\u00fc\u015fenler t\u00f6renle an\u0131ld\u0131","datePublished":"2023-03-13T11:00:15+00:00","mainEntityOfPage":{"@id":"https:\/\/kibrisdakik.com\/?p=3160"},"wordCount":352,"commentCount":0,"image":{"@id":"https:\/\/kibrisdakik.com\/?p=3160#primaryimage"},"thumbnailUrl":"https:\/\/kibrisdakik.com\/wp-content\/uploads\/2023\/03\/bgk-scaled-740x420.jpg","articleSection":["G\u00fcndem"],"inLanguage":"tr","potentialAction":[{"@type":"CommentAction","name":"Comment","target":["https:\/\/kibrisdakik.com\/?p=3160#respond"]}]},{"@type":"WebPage","@id":"https:\/\/kibrisdakik.com\/?p=3160","url":"https:\/\/kibrisdakik.com\/?p=3160","name":"Ba\u011fl\u0131k\u00f6y Direni\u015fi ve direni\u015fte \u015fehit d\u00fc\u015fenler t\u00f6renle an\u0131ld\u0131 -","isPartOf":{"@id":"https:\/\/kibrisdakik.com\/#website"},"primaryImageOfPage":{"@id":"https:\/\/kibrisdakik.com\/?p=3160#primaryimage"},"image":{"@id":"https:\/\/kibrisdakik.com\/?p=3160#primaryimage"},"thumbnailUrl":"https:\/\/kibrisdakik.com\/wp-content\/uploads\/2023\/03\/bgk-scaled-740x420.jpg","datePublished":"2023-03-13T11:00:15+00:00","author":{"@id":"https:\/\/kibrisdakik.com\/#\/schema\/person\/9cd9d437bbb44f72b73ba127e06d8e79"},"breadcrumb":{"@id":"https:\/\/kibrisdakik.com\/?p=3160#breadcrumb"},"inLanguage":"tr","potentialAction":[{"@type":"ReadAction","target":["https:\/\/kibrisdakik.com\/?p=3160"]}]},{"@type":"ImageObject","inLanguage":"tr","@id":"https:\/\/kibrisdakik.com\/?p=3160#primaryimage","url":"https:\/\/kibrisdakik.com\/wp-content\/uploads\/2023\/03\/bgk-scaled-740x420.jpg","contentUrl":"https:\/\/kibrisdakik.com\/wp-content\/uploads\/2023\/03\/bgk-scaled-740x420.jpg","width":2560,"height":1438},{"@type":"BreadcrumbList","@id":"https:\/\/kibrisdakik.com\/?p=3160#breadcrumb","itemListElement":[{"@type":"ListItem","position":1,"name":"Home","item":"https:\/\/kibrisdakik.com\/"},{"@type":"ListItem","position":2,"name":"Ba\u011fl\u0131k\u00f6y Direni\u015fi ve direni\u015fte \u015fehit d\u00fc\u015fenler t\u00f6renle an\u0131ld\u0131"}]},{"@type":"WebSite","@id":"https:\/\/kibrisdakik.com\/#website","url":"https:\/\/kibrisdakik.com\/","name":"","description":"Tam vaktinde haber","potentialAction":[{"@type":"SearchAction","target":{"@type":"EntryPoint","urlTemplate":"https:\/\/kibrisdakik.com\/?s={search_term_string}"},"query-input":{"@type":"PropertyValueSpecification","valueRequired":true,"valueName":"search_term_string"}}],"inLanguage":"tr"},{"@type":"Person","@id":"https:\/\/kibrisdakik.com\/#\/schema\/person\/9cd9d437bbb44f72b73ba127e06d8e79","name":"admin","image":{"@type":"ImageObject","inLanguage":"tr","@id":"https:\/\/secure.gravatar.com\/avatar\/ccc17943b9d660506c869530f897617f7cb1c21a4bf30023f252596d83e1f007?s=96&d=mm&r=g","url":"https:\/\/secure.gravatar.com\/avatar\/ccc17943b9d660506c869530f897617f7cb1c21a4bf30023f252596d83e1f007?s=96&d=mm&r=g","contentUrl":"https:\/\/secure.gravatar.com\/avatar\/ccc17943b9d660506c869530f897617f7cb1c21a4bf30023f252596d83e1f007?s=96&d=mm&r=g","caption":"admin"},"sameAs":["https:\/\/kibrisdakik.com"],"url":"https:\/\/kibrisdakik.com\/?author=1"}]}},"_links":{"self":[{"href":"https:\/\/kibrisdakik.com\/index.php?rest_route=\/wp\/v2\/posts\/3160","targetHints":{"allow":["GET"]}}],"collection":[{"href":"https:\/\/kibrisdakik.com\/index.php?rest_route=\/wp\/v2\/posts"}],"about":[{"href":"https:\/\/kibrisdakik.com\/index.php?rest_route=\/wp\/v2\/types\/post"}],"author":[{"embeddable":true,"href":"https:\/\/kibrisdakik.com\/index.php?rest_route=\/wp\/v2\/users\/1"}],"replies":[{"embeddable":true,"href":"https:\/\/kibrisdakik.com\/index.php?rest_route=%2Fwp%2Fv2%2Fcomments&post=3160"}],"version-history":[{"count":0,"href":"https:\/\/kibrisdakik.com\/index.php?rest_route=\/wp\/v2\/posts\/3160\/revisions"}],"wp:featuredmedia":[{"embeddable":true,"href":"https:\/\/kibrisdakik.com\/index.php?rest_route=\/wp\/v2\/media\/3161"}],"wp:attachment":[{"href":"https:\/\/kibrisdakik.com\/index.php?rest_route=%2Fwp%2Fv2%2Fmedia&parent=3160"}],"wp:term":[{"taxonomy":"category","embeddable":true,"href":"https:\/\/kibrisdakik.com\/index.php?rest_route=%2Fwp%2Fv2%2Fcategories&post=3160"},{"taxonomy":"post_tag","embeddable":true,"href":"https:\/\/kibrisdakik.com\/index.php?rest_route=%2Fwp%2Fv2%2Ftags&post=3160"}],"curies":[{"name":"wp","href":"https:\/\/api.w.org\/{rel}","templated":true}]}}