{"id":31634,"date":"2024-02-28T06:00:25","date_gmt":"2024-02-28T06:00:25","guid":{"rendered":"https:\/\/kibrisdakik.com\/index.php\/2024\/02\/28\/tatar-tum-bu-universitelerin-izlenmesi-yodak-tarafindan-denetlenmesi-gerekir\/"},"modified":"2024-02-28T06:00:25","modified_gmt":"2024-02-28T06:00:25","slug":"tatar-tum-bu-universitelerin-izlenmesi-yodak-tarafindan-denetlenmesi-gerekir","status":"publish","type":"post","link":"https:\/\/kibrisdakik.com\/?p=31634","title":{"rendered":"Tatar: T\u00fcm bu \u00fcniversitelerin izlenmesi, Y\u00d6DAK taraf\u0131ndan denetlenmesi gerekir"},"content":{"rendered":"<p><\/p>\n<div>\n<div class=\"mariselle-image-container center\">\n                <img loading=\"lazy\" decoding=\"async\" width=\"910\" height=\"430\" class=\"lazy-image\" alt=\"\" sizes=\"auto, (max-width: 910px) 100vw, 910px\" src=\"https:\/\/brtk.net\/wp-content\/uploads\/2024\/02\/27\/tatarrrrr.jpg?ver=f786500885470520b5ad8f1c1368334a\" srcset=\"https:\/\/brtk.net\/wp-content\/uploads\/2024\/02\/27\/tatarrrrr.jpg?ver=f786500885470520b5ad8f1c1368334a 910w, https:\/\/brtk.net\/wp-content\/uploads\/2024\/02\/27\/tatarrrrr-300x142.jpg?ver=b8f563a072bdb3e10c0f1652e0bee6d0 300w, https:\/\/brtk.net\/wp-content\/uploads\/2024\/02\/27\/tatarrrrr-768x363.jpg?ver=b8f563a072bdb3e10c0f1652e0bee6d0 768w\"\/>                            <\/div>\n<p>Bakanlar Kurulu Ba\u015fbakan \u00dcnal \u00dcstel\u2019in daveti \u00fczerine Cumhurba\u015fkan\u0131 <a href=\"https:\/\/brtk.net\/\" target=\"_blank\" rel=\"noopener\"><a href=\"https:\/\/brtk.net\/\" target=\"_blank\" rel=\"noopener\"><a href=\"https:\/\/brtk.net\/\" target=\"_blank\" rel=\"noopener\"><a href=\"https:\/\/brtk.net\/\" target=\"_blank\" rel=\"noopener\">Ersin <\/a><a href=\"https:\/\/brtk.net\/\"\/><a href=\"https:\/\/brtk.net\/\"\/><a href=\"https:\/\/brtk.net\/\"\/><a href=\"https:\/\/brtk.net\/\"\/><a href=\"https:\/\/brtk.net\/\"\/><a href=\"https:\/\/brtk.net\/\"\/><a href=\"https:\/\/brtk.net\/\">Tatar<\/a> ba\u015fkanl\u0131\u011f\u0131nda topland\u0131.<\/p>\n<p>Cumhurba\u015fkan\u0131 <a href=\"https:\/\/brtk.net\/\" target=\"_blank\" rel=\"noopener\"><a href=\"https:\/\/brtk.net\/\" target=\"_blank\" rel=\"noopener\"><a href=\"https:\/\/brtk.net\/\" target=\"_blank\" rel=\"noopener\"><a href=\"https:\/\/brtk.net\/\" target=\"_blank\" rel=\"noopener\">Ersin <\/a><a href=\"https:\/\/brtk.net\/\"\/><a href=\"https:\/\/brtk.net\/\"\/><a href=\"https:\/\/brtk.net\/\"\/><a href=\"https:\/\/brtk.net\/\"\/><a href=\"https:\/\/brtk.net\/\"\/><a href=\"https:\/\/brtk.net\/\"\/><a href=\"https:\/\/brtk.net\/\">Tatar<\/a>, Ba\u015fbakanl\u0131\u011fa gidi\u015finde Ba\u015fbakan \u00dcnal \u00dcstel taraf\u0131ndan kar\u015f\u0131land\u0131\u2026<\/p>\n<p>Cumhurba\u015fkan\u0131 <a href=\"https:\/\/brtk.net\/\"\/><a href=\"https:\/\/brtk.net\/\"\/><a href=\"https:\/\/brtk.net\/\"\/><a href=\"https:\/\/brtk.net\/\"\/><a href=\"https:\/\/brtk.net\/\"\/><a href=\"https:\/\/brtk.net\/\"\/><a href=\"https:\/\/brtk.net\/\">Tatar<\/a> ba\u015fkanl\u0131\u011f\u0131nda toplanan Bakanlar Kurulu, saat 16.00\u2019da ba\u015flad\u0131 ve yakla\u015f\u0131k bir saat s\u00fcrd\u00fc\u2026 <\/p>\n<p>Toplant\u0131 sonras\u0131nda a\u00e7\u0131klama yapan Cumhurba\u015fkan\u0131 <a href=\"https:\/\/brtk.net\/\" target=\"_blank\" rel=\"noopener\"><a href=\"https:\/\/brtk.net\/\" target=\"_blank\" rel=\"noopener\"><a href=\"https:\/\/brtk.net\/\" target=\"_blank\" rel=\"noopener\"><a href=\"https:\/\/brtk.net\/\" target=\"_blank\" rel=\"noopener\">Ersin <\/a><a href=\"https:\/\/brtk.net\/\"\/><a href=\"https:\/\/brtk.net\/\"\/><a href=\"https:\/\/brtk.net\/\"\/><a href=\"https:\/\/brtk.net\/\"\/><a href=\"https:\/\/brtk.net\/\"\/><a href=\"https:\/\/brtk.net\/\"\/><a href=\"https:\/\/brtk.net\/\">Tatar<\/a>, sahte diploma soru\u015fturmas\u0131 ile ilgili h\u00fck\u00fcmet yetkililerinden bilgi ald\u0131\u011f\u0131n\u0131 s\u00f6yled, Milli E\u011fitim Bakan\u0131 Naz\u0131m \u00c7avu\u015fo\u011flu ile konu\u015ftuklar\u0131n\u0131; Y\u00d6DAK ile birlikte bu konuyla ilgili acilen \u00e7al\u0131\u015fma ba\u015flatmalar\u0131n\u0131 istedi\u011fini kaydetti..<\/p>\n<p><a href=\"https:\/\/brtk.net\/\"\/><a href=\"https:\/\/brtk.net\/\"\/><a href=\"https:\/\/brtk.net\/\"\/><a href=\"https:\/\/brtk.net\/\"\/><a href=\"https:\/\/brtk.net\/\"\/><a href=\"https:\/\/brtk.net\/\"\/><a href=\"https:\/\/brtk.net\/\">Tatar<\/a>, \u201c\u00dcniversitelerimiz bu \u00fckenin g\u00f6z bebegi. B\u00f6yle olaylar\u0131nbir daha ya\u015fanmamas\u0131 i\u00e7in ne yap\u0131lmas\u0131 gerekiyorsa bir an \u00f6nce o y\u00f6nde hareket edilmelidir. H\u00fck\u00fcmet de ayn\u0131 g\u00f6r\u00fc\u015fte ben de. Ne yap\u0131lmas\u0131 gerekirse s\u00fcratle yap\u0131lmal\u0131d\u0131r\u201d<\/p>\n<p>Cumhurba\u015fkan\u0131 <a href=\"https:\/\/brtk.net\/\"\/><a href=\"https:\/\/brtk.net\/\"\/><a href=\"https:\/\/brtk.net\/\"\/><a href=\"https:\/\/brtk.net\/\"\/><a href=\"https:\/\/brtk.net\/\"\/><a href=\"https:\/\/brtk.net\/\"\/><a href=\"https:\/\/brtk.net\/\">Tatar<\/a>, kurumsaL olarak t\u00fcm bu \u00fcniversitelerin izlenmesi ve Y\u00d6DAK taraf\u0131ndan denetlenmesi gerekti\u011finin bir kez daha alt\u0131n\u0131 \u00e7izerek, DA\u00dc ile h\u00fck\u00fcmet aras\u0131nda yap\u0131lan toplant\u0131yla da sorunlarla ilgili bir uzla\u015f\u0131ya var\u0131ld\u0131\u011f\u0131n\u0131 \u00f6\u011frenmekten b\u00fcy\u00fck mutluluk duydu\u011funu kaydetti.<\/p>\n<p>Narenciye konusuna da de\u011finen Cumhurba\u015fkan\u0131, k\u00fcresel \u0131s\u0131nma ile birlikte ye\u015fillenme hastal\u0131\u011f\u0131n\u0131n ortaya \u00e7\u0131kt\u0131\u011f\u0131n\u0131 an\u0131msatt\u0131.<\/p>\n<div class=\"mariselle-image-container center\">\n                <img loading=\"lazy\" decoding=\"async\" width=\"910\" height=\"430\" class=\"lazy-image\" alt=\"\" sizes=\"auto, (max-width: 910px) 100vw, 910px\" src=\"https:\/\/brtk.net\/wp-content\/uploads\/2024\/02\/27\/tatarrrrr2.jpg?ver=b64410568f97ada4d013ed287295a3f7\" srcset=\"https:\/\/brtk.net\/wp-content\/uploads\/2024\/02\/27\/tatarrrrr2.jpg?ver=b64410568f97ada4d013ed287295a3f7 910w, https:\/\/brtk.net\/wp-content\/uploads\/2024\/02\/27\/tatarrrrr2-300x142.jpg?ver=b64410568f97ada4d013ed287295a3f7 300w, https:\/\/brtk.net\/wp-content\/uploads\/2024\/02\/27\/tatarrrrr2-768x363.jpg?ver=b64410568f97ada4d013ed287295a3f7 768w\"\/>                            <\/div>\n<p><a href=\"https:\/\/brtk.net\/\"\/><a href=\"https:\/\/brtk.net\/\"\/><a href=\"https:\/\/brtk.net\/\"\/><a href=\"https:\/\/brtk.net\/\"\/><a href=\"https:\/\/brtk.net\/\"\/><a href=\"https:\/\/brtk.net\/\"\/><a href=\"https:\/\/brtk.net\/\">Tatar<\/a>, hastal\u0131kla birlikte narenciye \u00fcretimi ve ihracat\u0131nda bir talk\u0131m s\u0131k\u0131nt\u0131lar ya\u015fand\u0131\u011f\u0131n\u0131 s\u00f6yleyerek, narenciyedeki sorunlar\u0131n ortadan kald\u0131r\u0131lmas\u0131 i\u00e7in yap\u0131lmas\u0131 gerekenleri konu\u015ftuklar\u0131n\u0131 belirtti, \u201cyap\u0131lmas\u0131 gereken her\u015fey yap\u0131lacakt\u0131r\u201d dedi.<\/p>\n<p>Cumhurba\u015fkan\u0131 <a href=\"https:\/\/brtk.net\/\" target=\"_blank\" rel=\"noopener\"><a href=\"https:\/\/brtk.net\/\" target=\"_blank\" rel=\"noopener\"><a href=\"https:\/\/brtk.net\/\" target=\"_blank\" rel=\"noopener\"><a href=\"https:\/\/brtk.net\/\" target=\"_blank\" rel=\"noopener\">Ersin <\/a><a href=\"https:\/\/brtk.net\/\"\/><a href=\"https:\/\/brtk.net\/\"\/><a href=\"https:\/\/brtk.net\/\"\/><a href=\"https:\/\/brtk.net\/\"\/><a href=\"https:\/\/brtk.net\/\"\/><a href=\"https:\/\/brtk.net\/\"\/><a href=\"https:\/\/brtk.net\/\">Tatar<\/a>, Ba\u015fbakan \u00dcnal \u00dcstel\u2019e kendisini toplant\u0131ya davet etti\u011fi i\u00e7in te\u015fekk\u00fcr ederek, \u00fclke sorunlar\u0131yla ilgilenmenin g\u00f6revi oldu\u011funu belirtti.<\/p>\n<p>brt<\/p>\n<\/p><\/div>\n<p><script async\n                    defer\n                    crossorigin=\"anonymous\"\n                    src=\"https:\/\/connect.facebook.net\/tr_TR\/sdk.js#xfbml=1&#038;version=v3.3\"\n            ><\/script><\/p>\n","protected":false},"excerpt":{"rendered":"<p>Bakanlar Kurulu Ba\u015fbakan \u00dcnal \u00dcstel\u2019in daveti \u00fczerine Cumhurba\u015fkan\u0131 Ersin Tatar ba\u015fkanl\u0131\u011f\u0131nda topland\u0131. Cumhurba\u015fkan\u0131 Ersin Tatar, Ba\u015fbakanl\u0131\u011fa gidi\u015finde Ba\u015fbakan \u00dcnal \u00dcstel taraf\u0131ndan kar\u015f\u0131land\u0131\u2026 Cumhurba\u015fkan\u0131 Tatar ba\u015fkanl\u0131\u011f\u0131nda toplanan Bakanlar Kurulu, saat 16.00\u2019da ba\u015flad\u0131 ve yakla\u015f\u0131k bir saat s\u00fcrd\u00fc\u2026 Toplant\u0131 sonras\u0131nda a\u00e7\u0131klama yapan Cumhurba\u015fkan\u0131 Ersin Tatar, sahte diploma soru\u015fturmas\u0131 ile ilgili h\u00fck\u00fcmet yetkililerinden bilgi ald\u0131\u011f\u0131n\u0131 s\u00f6yled, Milli E\u011fitim<\/p>\n","protected":false},"author":1,"featured_media":31635,"comment_status":"open","ping_status":"open","sticky":false,"template":"","format":"standard","meta":{"footnotes":""},"categories":[1],"tags":[],"class_list":["post-31634","post","type-post","status-publish","format-standard","has-post-thumbnail","hentry","category-gundem"],"yoast_head":"<!-- This site is optimized with the Yoast SEO plugin v27.5 - https:\/\/yoast.com\/product\/yoast-seo-wordpress\/ -->\n<title>Tatar: T\u00fcm bu \u00fcniversitelerin izlenmesi, Y\u00d6DAK taraf\u0131ndan denetlenmesi gerekir -<\/title>\n<meta name=\"robots\" content=\"index, follow, max-snippet:-1, max-image-preview:large, max-video-preview:-1\" \/>\n<link rel=\"canonical\" href=\"https:\/\/kibrisdakik.com\/?p=31634\" \/>\n<meta property=\"og:locale\" content=\"tr_TR\" \/>\n<meta property=\"og:type\" content=\"article\" \/>\n<meta property=\"og:title\" content=\"Tatar: T\u00fcm bu \u00fcniversitelerin izlenmesi, Y\u00d6DAK taraf\u0131ndan denetlenmesi gerekir -\" \/>\n<meta property=\"og:description\" content=\"Bakanlar Kurulu Ba\u015fbakan \u00dcnal \u00dcstel\u2019in daveti \u00fczerine Cumhurba\u015fkan\u0131 Ersin Tatar ba\u015fkanl\u0131\u011f\u0131nda topland\u0131. Cumhurba\u015fkan\u0131 Ersin Tatar, Ba\u015fbakanl\u0131\u011fa gidi\u015finde Ba\u015fbakan \u00dcnal \u00dcstel taraf\u0131ndan kar\u015f\u0131land\u0131\u2026 Cumhurba\u015fkan\u0131 Tatar ba\u015fkanl\u0131\u011f\u0131nda toplanan Bakanlar Kurulu, saat 16.00\u2019da ba\u015flad\u0131 ve yakla\u015f\u0131k bir saat s\u00fcrd\u00fc\u2026 Toplant\u0131 sonras\u0131nda a\u00e7\u0131klama yapan Cumhurba\u015fkan\u0131 Ersin Tatar, sahte diploma soru\u015fturmas\u0131 ile ilgili h\u00fck\u00fcmet yetkililerinden bilgi ald\u0131\u011f\u0131n\u0131 s\u00f6yled, Milli E\u011fitim\" \/>\n<meta property=\"og:url\" content=\"https:\/\/kibrisdakik.com\/?p=31634\" \/>\n<meta property=\"article:published_time\" content=\"2024-02-28T06:00:25+00:00\" \/>\n<meta property=\"og:image\" content=\"https:\/\/kibrisdakik.com\/wp-content\/uploads\/2024\/02\/tatarrrrr-740x420.jpg\" \/>\n\t<meta property=\"og:image:width\" content=\"910\" \/>\n\t<meta property=\"og:image:height\" content=\"430\" \/>\n\t<meta property=\"og:image:type\" content=\"image\/jpeg\" \/>\n<meta name=\"author\" content=\"admin\" \/>\n<meta name=\"twitter:card\" content=\"summary_large_image\" \/>\n<meta name=\"twitter:label1\" content=\"Yazan:\" \/>\n\t<meta name=\"twitter:data1\" content=\"admin\" \/>\n\t<meta name=\"twitter:label2\" content=\"Tahmini okuma s\u00fcresi\" \/>\n\t<meta name=\"twitter:data2\" content=\"2 dakika\" \/>\n<script type=\"application\/ld+json\" class=\"yoast-schema-graph\">{\"@context\":\"https:\\\/\\\/schema.org\",\"@graph\":[{\"@type\":\"Article\",\"@id\":\"https:\\\/\\\/kibrisdakik.com\\\/?p=31634#article\",\"isPartOf\":{\"@id\":\"https:\\\/\\\/kibrisdakik.com\\\/?p=31634\"},\"author\":{\"name\":\"admin\",\"@id\":\"https:\\\/\\\/kibrisdakik.com\\\/#\\\/schema\\\/person\\\/9cd9d437bbb44f72b73ba127e06d8e79\"},\"headline\":\"Tatar: T\u00fcm bu \u00fcniversitelerin izlenmesi, Y\u00d6DAK taraf\u0131ndan denetlenmesi gerekir\",\"datePublished\":\"2024-02-28T06:00:25+00:00\",\"mainEntityOfPage\":{\"@id\":\"https:\\\/\\\/kibrisdakik.com\\\/?p=31634\"},\"wordCount\":320,\"commentCount\":0,\"image\":{\"@id\":\"https:\\\/\\\/kibrisdakik.com\\\/?p=31634#primaryimage\"},\"thumbnailUrl\":\"https:\\\/\\\/kibrisdakik.com\\\/wp-content\\\/uploads\\\/2024\\\/02\\\/tatarrrrr-740x420.jpg\",\"articleSection\":[\"G\u00fcndem\"],\"inLanguage\":\"tr\",\"potentialAction\":[{\"@type\":\"CommentAction\",\"name\":\"Comment\",\"target\":[\"https:\\\/\\\/kibrisdakik.com\\\/?p=31634#respond\"]}]},{\"@type\":\"WebPage\",\"@id\":\"https:\\\/\\\/kibrisdakik.com\\\/?p=31634\",\"url\":\"https:\\\/\\\/kibrisdakik.com\\\/?p=31634\",\"name\":\"Tatar: T\u00fcm bu \u00fcniversitelerin izlenmesi, Y\u00d6DAK taraf\u0131ndan denetlenmesi gerekir -\",\"isPartOf\":{\"@id\":\"https:\\\/\\\/kibrisdakik.com\\\/#website\"},\"primaryImageOfPage\":{\"@id\":\"https:\\\/\\\/kibrisdakik.com\\\/?p=31634#primaryimage\"},\"image\":{\"@id\":\"https:\\\/\\\/kibrisdakik.com\\\/?p=31634#primaryimage\"},\"thumbnailUrl\":\"https:\\\/\\\/kibrisdakik.com\\\/wp-content\\\/uploads\\\/2024\\\/02\\\/tatarrrrr-740x420.jpg\",\"datePublished\":\"2024-02-28T06:00:25+00:00\",\"author\":{\"@id\":\"https:\\\/\\\/kibrisdakik.com\\\/#\\\/schema\\\/person\\\/9cd9d437bbb44f72b73ba127e06d8e79\"},\"breadcrumb\":{\"@id\":\"https:\\\/\\\/kibrisdakik.com\\\/?p=31634#breadcrumb\"},\"inLanguage\":\"tr\",\"potentialAction\":[{\"@type\":\"ReadAction\",\"target\":[\"https:\\\/\\\/kibrisdakik.com\\\/?p=31634\"]}]},{\"@type\":\"ImageObject\",\"inLanguage\":\"tr\",\"@id\":\"https:\\\/\\\/kibrisdakik.com\\\/?p=31634#primaryimage\",\"url\":\"https:\\\/\\\/kibrisdakik.com\\\/wp-content\\\/uploads\\\/2024\\\/02\\\/tatarrrrr-740x420.jpg\",\"contentUrl\":\"https:\\\/\\\/kibrisdakik.com\\\/wp-content\\\/uploads\\\/2024\\\/02\\\/tatarrrrr-740x420.jpg\",\"width\":910,\"height\":430},{\"@type\":\"BreadcrumbList\",\"@id\":\"https:\\\/\\\/kibrisdakik.com\\\/?p=31634#breadcrumb\",\"itemListElement\":[{\"@type\":\"ListItem\",\"position\":1,\"name\":\"Home\",\"item\":\"https:\\\/\\\/kibrisdakik.com\\\/\"},{\"@type\":\"ListItem\",\"position\":2,\"name\":\"Tatar: T\u00fcm bu \u00fcniversitelerin izlenmesi, Y\u00d6DAK taraf\u0131ndan denetlenmesi gerekir\"}]},{\"@type\":\"WebSite\",\"@id\":\"https:\\\/\\\/kibrisdakik.com\\\/#website\",\"url\":\"https:\\\/\\\/kibrisdakik.com\\\/\",\"name\":\"\",\"description\":\"Tam vaktinde haber\",\"potentialAction\":[{\"@type\":\"SearchAction\",\"target\":{\"@type\":\"EntryPoint\",\"urlTemplate\":\"https:\\\/\\\/kibrisdakik.com\\\/?s={search_term_string}\"},\"query-input\":{\"@type\":\"PropertyValueSpecification\",\"valueRequired\":true,\"valueName\":\"search_term_string\"}}],\"inLanguage\":\"tr\"},{\"@type\":\"Person\",\"@id\":\"https:\\\/\\\/kibrisdakik.com\\\/#\\\/schema\\\/person\\\/9cd9d437bbb44f72b73ba127e06d8e79\",\"name\":\"admin\",\"image\":{\"@type\":\"ImageObject\",\"inLanguage\":\"tr\",\"@id\":\"https:\\\/\\\/secure.gravatar.com\\\/avatar\\\/ccc17943b9d660506c869530f897617f7cb1c21a4bf30023f252596d83e1f007?s=96&d=mm&r=g\",\"url\":\"https:\\\/\\\/secure.gravatar.com\\\/avatar\\\/ccc17943b9d660506c869530f897617f7cb1c21a4bf30023f252596d83e1f007?s=96&d=mm&r=g\",\"contentUrl\":\"https:\\\/\\\/secure.gravatar.com\\\/avatar\\\/ccc17943b9d660506c869530f897617f7cb1c21a4bf30023f252596d83e1f007?s=96&d=mm&r=g\",\"caption\":\"admin\"},\"sameAs\":[\"https:\\\/\\\/kibrisdakik.com\"],\"url\":\"https:\\\/\\\/kibrisdakik.com\\\/?author=1\"}]}<\/script>\n<!-- \/ Yoast SEO plugin. -->","yoast_head_json":{"title":"Tatar: T\u00fcm bu \u00fcniversitelerin izlenmesi, Y\u00d6DAK taraf\u0131ndan denetlenmesi gerekir -","robots":{"index":"index","follow":"follow","max-snippet":"max-snippet:-1","max-image-preview":"max-image-preview:large","max-video-preview":"max-video-preview:-1"},"canonical":"https:\/\/kibrisdakik.com\/?p=31634","og_locale":"tr_TR","og_type":"article","og_title":"Tatar: T\u00fcm bu \u00fcniversitelerin izlenmesi, Y\u00d6DAK taraf\u0131ndan denetlenmesi gerekir -","og_description":"Bakanlar Kurulu Ba\u015fbakan \u00dcnal \u00dcstel\u2019in daveti \u00fczerine Cumhurba\u015fkan\u0131 Ersin Tatar ba\u015fkanl\u0131\u011f\u0131nda topland\u0131. Cumhurba\u015fkan\u0131 Ersin Tatar, Ba\u015fbakanl\u0131\u011fa gidi\u015finde Ba\u015fbakan \u00dcnal \u00dcstel taraf\u0131ndan kar\u015f\u0131land\u0131\u2026 Cumhurba\u015fkan\u0131 Tatar ba\u015fkanl\u0131\u011f\u0131nda toplanan Bakanlar Kurulu, saat 16.00\u2019da ba\u015flad\u0131 ve yakla\u015f\u0131k bir saat s\u00fcrd\u00fc\u2026 Toplant\u0131 sonras\u0131nda a\u00e7\u0131klama yapan Cumhurba\u015fkan\u0131 Ersin Tatar, sahte diploma soru\u015fturmas\u0131 ile ilgili h\u00fck\u00fcmet yetkililerinden bilgi ald\u0131\u011f\u0131n\u0131 s\u00f6yled, Milli E\u011fitim","og_url":"https:\/\/kibrisdakik.com\/?p=31634","article_published_time":"2024-02-28T06:00:25+00:00","og_image":[{"width":910,"height":430,"url":"https:\/\/kibrisdakik.com\/wp-content\/uploads\/2024\/02\/tatarrrrr-740x420.jpg","type":"image\/jpeg"}],"author":"admin","twitter_card":"summary_large_image","twitter_misc":{"Yazan:":"admin","Tahmini okuma s\u00fcresi":"2 dakika"},"schema":{"@context":"https:\/\/schema.org","@graph":[{"@type":"Article","@id":"https:\/\/kibrisdakik.com\/?p=31634#article","isPartOf":{"@id":"https:\/\/kibrisdakik.com\/?p=31634"},"author":{"name":"admin","@id":"https:\/\/kibrisdakik.com\/#\/schema\/person\/9cd9d437bbb44f72b73ba127e06d8e79"},"headline":"Tatar: T\u00fcm bu \u00fcniversitelerin izlenmesi, Y\u00d6DAK taraf\u0131ndan denetlenmesi gerekir","datePublished":"2024-02-28T06:00:25+00:00","mainEntityOfPage":{"@id":"https:\/\/kibrisdakik.com\/?p=31634"},"wordCount":320,"commentCount":0,"image":{"@id":"https:\/\/kibrisdakik.com\/?p=31634#primaryimage"},"thumbnailUrl":"https:\/\/kibrisdakik.com\/wp-content\/uploads\/2024\/02\/tatarrrrr-740x420.jpg","articleSection":["G\u00fcndem"],"inLanguage":"tr","potentialAction":[{"@type":"CommentAction","name":"Comment","target":["https:\/\/kibrisdakik.com\/?p=31634#respond"]}]},{"@type":"WebPage","@id":"https:\/\/kibrisdakik.com\/?p=31634","url":"https:\/\/kibrisdakik.com\/?p=31634","name":"Tatar: T\u00fcm bu \u00fcniversitelerin izlenmesi, Y\u00d6DAK taraf\u0131ndan denetlenmesi gerekir -","isPartOf":{"@id":"https:\/\/kibrisdakik.com\/#website"},"primaryImageOfPage":{"@id":"https:\/\/kibrisdakik.com\/?p=31634#primaryimage"},"image":{"@id":"https:\/\/kibrisdakik.com\/?p=31634#primaryimage"},"thumbnailUrl":"https:\/\/kibrisdakik.com\/wp-content\/uploads\/2024\/02\/tatarrrrr-740x420.jpg","datePublished":"2024-02-28T06:00:25+00:00","author":{"@id":"https:\/\/kibrisdakik.com\/#\/schema\/person\/9cd9d437bbb44f72b73ba127e06d8e79"},"breadcrumb":{"@id":"https:\/\/kibrisdakik.com\/?p=31634#breadcrumb"},"inLanguage":"tr","potentialAction":[{"@type":"ReadAction","target":["https:\/\/kibrisdakik.com\/?p=31634"]}]},{"@type":"ImageObject","inLanguage":"tr","@id":"https:\/\/kibrisdakik.com\/?p=31634#primaryimage","url":"https:\/\/kibrisdakik.com\/wp-content\/uploads\/2024\/02\/tatarrrrr-740x420.jpg","contentUrl":"https:\/\/kibrisdakik.com\/wp-content\/uploads\/2024\/02\/tatarrrrr-740x420.jpg","width":910,"height":430},{"@type":"BreadcrumbList","@id":"https:\/\/kibrisdakik.com\/?p=31634#breadcrumb","itemListElement":[{"@type":"ListItem","position":1,"name":"Home","item":"https:\/\/kibrisdakik.com\/"},{"@type":"ListItem","position":2,"name":"Tatar: T\u00fcm bu \u00fcniversitelerin izlenmesi, Y\u00d6DAK taraf\u0131ndan denetlenmesi gerekir"}]},{"@type":"WebSite","@id":"https:\/\/kibrisdakik.com\/#website","url":"https:\/\/kibrisdakik.com\/","name":"","description":"Tam vaktinde haber","potentialAction":[{"@type":"SearchAction","target":{"@type":"EntryPoint","urlTemplate":"https:\/\/kibrisdakik.com\/?s={search_term_string}"},"query-input":{"@type":"PropertyValueSpecification","valueRequired":true,"valueName":"search_term_string"}}],"inLanguage":"tr"},{"@type":"Person","@id":"https:\/\/kibrisdakik.com\/#\/schema\/person\/9cd9d437bbb44f72b73ba127e06d8e79","name":"admin","image":{"@type":"ImageObject","inLanguage":"tr","@id":"https:\/\/secure.gravatar.com\/avatar\/ccc17943b9d660506c869530f897617f7cb1c21a4bf30023f252596d83e1f007?s=96&d=mm&r=g","url":"https:\/\/secure.gravatar.com\/avatar\/ccc17943b9d660506c869530f897617f7cb1c21a4bf30023f252596d83e1f007?s=96&d=mm&r=g","contentUrl":"https:\/\/secure.gravatar.com\/avatar\/ccc17943b9d660506c869530f897617f7cb1c21a4bf30023f252596d83e1f007?s=96&d=mm&r=g","caption":"admin"},"sameAs":["https:\/\/kibrisdakik.com"],"url":"https:\/\/kibrisdakik.com\/?author=1"}]}},"_links":{"self":[{"href":"https:\/\/kibrisdakik.com\/index.php?rest_route=\/wp\/v2\/posts\/31634","targetHints":{"allow":["GET"]}}],"collection":[{"href":"https:\/\/kibrisdakik.com\/index.php?rest_route=\/wp\/v2\/posts"}],"about":[{"href":"https:\/\/kibrisdakik.com\/index.php?rest_route=\/wp\/v2\/types\/post"}],"author":[{"embeddable":true,"href":"https:\/\/kibrisdakik.com\/index.php?rest_route=\/wp\/v2\/users\/1"}],"replies":[{"embeddable":true,"href":"https:\/\/kibrisdakik.com\/index.php?rest_route=%2Fwp%2Fv2%2Fcomments&post=31634"}],"version-history":[{"count":0,"href":"https:\/\/kibrisdakik.com\/index.php?rest_route=\/wp\/v2\/posts\/31634\/revisions"}],"wp:featuredmedia":[{"embeddable":true,"href":"https:\/\/kibrisdakik.com\/index.php?rest_route=\/wp\/v2\/media\/31635"}],"wp:attachment":[{"href":"https:\/\/kibrisdakik.com\/index.php?rest_route=%2Fwp%2Fv2%2Fmedia&parent=31634"}],"wp:term":[{"taxonomy":"category","embeddable":true,"href":"https:\/\/kibrisdakik.com\/index.php?rest_route=%2Fwp%2Fv2%2Fcategories&post=31634"},{"taxonomy":"post_tag","embeddable":true,"href":"https:\/\/kibrisdakik.com\/index.php?rest_route=%2Fwp%2Fv2%2Ftags&post=31634"}],"curies":[{"name":"wp","href":"https:\/\/api.w.org\/{rel}","templated":true}]}}