{"id":31642,"date":"2024-02-28T07:01:51","date_gmt":"2024-02-28T07:01:51","guid":{"rendered":"https:\/\/kibrisdakik.com\/index.php\/2024\/02\/28\/toredevletimize-sahip-cikmak-milletimize-olan-borcumuzdur\/"},"modified":"2024-02-28T07:01:51","modified_gmt":"2024-02-28T07:01:51","slug":"toredevletimize-sahip-cikmak-milletimize-olan-borcumuzdur","status":"publish","type":"post","link":"https:\/\/kibrisdakik.com\/?p=31642","title":{"rendered":"T\u00f6re:Devletimize sahip \u00e7\u0131kmak milletimize olan borcumuzdur"},"content":{"rendered":"<p><\/p>\n<div>\n<div class=\"mariselle-image-container center\">\n                <img loading=\"lazy\" decoding=\"async\" width=\"1800\" height=\"1200\" class=\"lazy-image\" alt=\"\" sizes=\"auto, (max-width: 1800px) 100vw, 1800px\" src=\"https:\/\/brtk.net\/wp-content\/uploads\/2024\/02\/27\/thumbs_b_c_1ecb3ddae8051cc92038fca392a47d38-1.jpg?ver=44c8833556129de8416a4973843a6428\" srcset=\"https:\/\/brtk.net\/wp-content\/uploads\/2024\/02\/27\/thumbs_b_c_1ecb3ddae8051cc92038fca392a47d38-1.jpg?ver=44c8833556129de8416a4973843a6428 1800w, https:\/\/brtk.net\/wp-content\/uploads\/2024\/02\/27\/thumbs_b_c_1ecb3ddae8051cc92038fca392a47d38-1-300x200.jpg?ver=7247e512aebc721f4b88cd2c7dc41fe0 300w, https:\/\/brtk.net\/wp-content\/uploads\/2024\/02\/27\/thumbs_b_c_1ecb3ddae8051cc92038fca392a47d38-1-1024x683.jpg?ver=7247e512aebc721f4b88cd2c7dc41fe0 1024w, https:\/\/brtk.net\/wp-content\/uploads\/2024\/02\/27\/thumbs_b_c_1ecb3ddae8051cc92038fca392a47d38-1-768x512.jpg?ver=7247e512aebc721f4b88cd2c7dc41fe0 768w, https:\/\/brtk.net\/wp-content\/uploads\/2024\/02\/27\/thumbs_b_c_1ecb3ddae8051cc92038fca392a47d38-1-1536x1024.jpg?ver=6622509aa7fe34987f93ca15e5b92df7 1536w\"\/>                            <\/div>\n<p>Cumhuriyet Meclisi Ba\u015fkan\u0131 Zorlu T\u00f6re, Ankara \u00dcniversitesi\u2019nde \u201cD\u00fcnden Bug\u00fcne K\u0131br\u0131s T\u00fcrkeri\u2019nin Hakl\u0131 M\u00fccadelesi\u201d ba\u015fl\u0131\u011f\u0131yla konferans verdi.<\/p>\n<p>Konferansa Ankara \u00dcniversitesi Rekt\u00f6r\u00fc Prof. Dr. Necdet \u00dcn\u00fcvar, \u00f6\u011fretim \u00fcyeleri ve \u00f6\u011frenciler kat\u0131ld\u0131.<\/p>\n<p>Cumhuriyet Meclisi\u2019nden yap\u0131lan a\u00e7\u0131klamaya g\u00f6re, Konferans\u0131n a\u00e7\u0131l\u0131\u015f konu\u015fmas\u0131n\u0131 Ankara \u00dcniversitesi Rekt\u00f6r\u00fc Prof. Dr. Necdet \u00dcn\u00fcvar yapt\u0131.<\/p>\n<p>K\u0131br\u0131s ger\u00e7eklerini anlatan video g\u00f6steriminin ard\u0131ndan Cumhuriyet Meclisi Ba\u015fkan\u0131 Zorlu T\u00f6re k\u00fcrs\u00fcye \u00e7\u0131kt\u0131.<\/p>\n<p>Ba\u015fkan T\u00f6re, <a href=\"https:\/\/brtk.net\/\">KKTC<\/a> topraklar\u0131n\u0131n ne Amerika, ne Avrupa ne de Birle\u015fmi\u015f Milletlerin de\u011fil aziz \u015fehitlerin hediyesi oldu\u011funu s\u00f6yledi.<\/p>\n<p>\u015eehitlere ve kendilerinden sonraki nesle olan borcun bu devleti korumakla \u00f6denebilece\u011fini dile getiren T\u00f6re, bunun ayn\u0131 zamanda millete ve tarihe kar\u015f\u0131 olan bir sorumluluk oldu\u011funu vurgulad\u0131.<\/p>\n<p>T\u00f6re, K\u0131br\u0131s adas\u0131n\u0131n kuzeyindeki T\u00fcrk devletinin, T\u00fcrk milletinin en b\u00fcy\u00fck eserlerinden biri oldu\u011funu ifade ederek, Mehmet\u00e7ik ve m\u00fccahidin bu topraklarda birlikte can verdi\u011fini s\u00f6yledi.<\/p>\n<p>K\u0131br\u0131s\u2019\u0131n milli bir dava oldu\u011funa ve sadece K\u0131br\u0131sl\u0131 T\u00fcrklerin de\u011fil T\u00fcrk milletinin davas\u0131 oldu\u011funa i\u015faret eden T\u00f6re, K\u0131br\u0131s\u2019ta oynanmak istenen oyunlara kar\u015f\u0131n uyan\u0131k olmak gerekti\u011fini ifade etti.<\/p>\n<p>Rumlar\u0131n halen K\u0131br\u0131s\u2019\u0131 bir \u201cHelen Devleti\u201d yapma d\u00fc\u015f\u00fcncesinde oldu\u011funa de\u011finen T\u00f6re: \u201cTarihimize, milletimize, ordumuza, \u015fehitlerimize, gazilerimize sahip \u00e7\u0131kaca\u011f\u0131z. Ancak bu \u015fekilde yola devam edebiliriz. En k\u00fc\u00e7\u00fck bir yan\u0131lg\u0131ya d\u00fc\u015ft\u00fc\u011f\u00fcm\u00fcz anda, gelecekte b\u00fcy\u00fck felaketler bizi bekleyebilir\u201d dedi.<\/p>\n<p>Program\u0131n sonunda kar\u015f\u0131l\u0131kl\u0131 hediye teatisinde bulunuldu.<\/p>\n<p>Ba\u015fkan T\u00f6re\u2019nin yar\u0131n K\u0131r\u015fehir\u2019e ge\u00e7erek Ahi Evran \u00dcniversitesi\u2019nde konferans vermesi bekleniyor.<\/p>\n<\/p><\/div>\n<p><script async\n                    defer\n                    crossorigin=\"anonymous\"\n                    src=\"https:\/\/connect.facebook.net\/tr_TR\/sdk.js#xfbml=1&#038;version=v3.3\"\n            ><\/script><\/p>\n","protected":false},"excerpt":{"rendered":"<p>Cumhuriyet Meclisi Ba\u015fkan\u0131 Zorlu T\u00f6re, Ankara \u00dcniversitesi\u2019nde \u201cD\u00fcnden Bug\u00fcne K\u0131br\u0131s T\u00fcrkeri\u2019nin Hakl\u0131 M\u00fccadelesi\u201d ba\u015fl\u0131\u011f\u0131yla konferans verdi. Konferansa Ankara \u00dcniversitesi Rekt\u00f6r\u00fc Prof. Dr. Necdet \u00dcn\u00fcvar, \u00f6\u011fretim \u00fcyeleri ve \u00f6\u011frenciler kat\u0131ld\u0131. Cumhuriyet Meclisi\u2019nden yap\u0131lan a\u00e7\u0131klamaya g\u00f6re, Konferans\u0131n a\u00e7\u0131l\u0131\u015f konu\u015fmas\u0131n\u0131 Ankara \u00dcniversitesi Rekt\u00f6r\u00fc Prof. Dr. Necdet \u00dcn\u00fcvar yapt\u0131. K\u0131br\u0131s ger\u00e7eklerini anlatan video g\u00f6steriminin ard\u0131ndan Cumhuriyet Meclisi Ba\u015fkan\u0131 Zorlu<\/p>\n","protected":false},"author":1,"featured_media":31643,"comment_status":"open","ping_status":"open","sticky":false,"template":"","format":"standard","meta":{"footnotes":""},"categories":[1],"tags":[],"class_list":["post-31642","post","type-post","status-publish","format-standard","has-post-thumbnail","hentry","category-gundem"],"yoast_head":"<!-- This site is optimized with the Yoast SEO plugin v27.5 - https:\/\/yoast.com\/product\/yoast-seo-wordpress\/ -->\n<title>T\u00f6re:Devletimize sahip \u00e7\u0131kmak milletimize olan borcumuzdur -<\/title>\n<meta name=\"robots\" content=\"index, follow, max-snippet:-1, max-image-preview:large, max-video-preview:-1\" \/>\n<link rel=\"canonical\" href=\"https:\/\/kibrisdakik.com\/?p=31642\" \/>\n<meta property=\"og:locale\" content=\"tr_TR\" \/>\n<meta property=\"og:type\" content=\"article\" \/>\n<meta property=\"og:title\" content=\"T\u00f6re:Devletimize sahip \u00e7\u0131kmak milletimize olan borcumuzdur -\" \/>\n<meta property=\"og:description\" content=\"Cumhuriyet Meclisi Ba\u015fkan\u0131 Zorlu T\u00f6re, Ankara \u00dcniversitesi\u2019nde \u201cD\u00fcnden Bug\u00fcne K\u0131br\u0131s T\u00fcrkeri\u2019nin Hakl\u0131 M\u00fccadelesi\u201d ba\u015fl\u0131\u011f\u0131yla konferans verdi. Konferansa Ankara \u00dcniversitesi Rekt\u00f6r\u00fc Prof. Dr. Necdet \u00dcn\u00fcvar, \u00f6\u011fretim \u00fcyeleri ve \u00f6\u011frenciler kat\u0131ld\u0131. Cumhuriyet Meclisi\u2019nden yap\u0131lan a\u00e7\u0131klamaya g\u00f6re, Konferans\u0131n a\u00e7\u0131l\u0131\u015f konu\u015fmas\u0131n\u0131 Ankara \u00dcniversitesi Rekt\u00f6r\u00fc Prof. Dr. Necdet \u00dcn\u00fcvar yapt\u0131. K\u0131br\u0131s ger\u00e7eklerini anlatan video g\u00f6steriminin ard\u0131ndan Cumhuriyet Meclisi Ba\u015fkan\u0131 Zorlu\" \/>\n<meta property=\"og:url\" content=\"https:\/\/kibrisdakik.com\/?p=31642\" \/>\n<meta property=\"article:published_time\" content=\"2024-02-28T07:01:51+00:00\" \/>\n<meta property=\"og:image\" content=\"https:\/\/kibrisdakik.com\/wp-content\/uploads\/2024\/02\/tore-ankara-universitesi-1--740x420.jpg\" \/>\n\t<meta property=\"og:image:width\" content=\"1800\" \/>\n\t<meta property=\"og:image:height\" content=\"1235\" \/>\n\t<meta property=\"og:image:type\" content=\"image\/jpeg\" \/>\n<meta name=\"author\" content=\"admin\" \/>\n<meta name=\"twitter:card\" content=\"summary_large_image\" \/>\n<meta name=\"twitter:label1\" content=\"Yazan:\" \/>\n\t<meta name=\"twitter:data1\" content=\"admin\" \/>\n\t<meta name=\"twitter:label2\" content=\"Tahmini okuma s\u00fcresi\" \/>\n\t<meta name=\"twitter:data2\" content=\"2 dakika\" \/>\n<script type=\"application\/ld+json\" class=\"yoast-schema-graph\">{\"@context\":\"https:\\\/\\\/schema.org\",\"@graph\":[{\"@type\":\"Article\",\"@id\":\"https:\\\/\\\/kibrisdakik.com\\\/?p=31642#article\",\"isPartOf\":{\"@id\":\"https:\\\/\\\/kibrisdakik.com\\\/?p=31642\"},\"author\":{\"name\":\"admin\",\"@id\":\"https:\\\/\\\/kibrisdakik.com\\\/#\\\/schema\\\/person\\\/9cd9d437bbb44f72b73ba127e06d8e79\"},\"headline\":\"T\u00f6re:Devletimize sahip \u00e7\u0131kmak milletimize olan borcumuzdur\",\"datePublished\":\"2024-02-28T07:01:51+00:00\",\"mainEntityOfPage\":{\"@id\":\"https:\\\/\\\/kibrisdakik.com\\\/?p=31642\"},\"wordCount\":319,\"commentCount\":0,\"image\":{\"@id\":\"https:\\\/\\\/kibrisdakik.com\\\/?p=31642#primaryimage\"},\"thumbnailUrl\":\"https:\\\/\\\/kibrisdakik.com\\\/wp-content\\\/uploads\\\/2024\\\/02\\\/tore-ankara-universitesi-1--740x420.jpg\",\"articleSection\":[\"G\u00fcndem\"],\"inLanguage\":\"tr\",\"potentialAction\":[{\"@type\":\"CommentAction\",\"name\":\"Comment\",\"target\":[\"https:\\\/\\\/kibrisdakik.com\\\/?p=31642#respond\"]}]},{\"@type\":\"WebPage\",\"@id\":\"https:\\\/\\\/kibrisdakik.com\\\/?p=31642\",\"url\":\"https:\\\/\\\/kibrisdakik.com\\\/?p=31642\",\"name\":\"T\u00f6re:Devletimize sahip \u00e7\u0131kmak milletimize olan borcumuzdur -\",\"isPartOf\":{\"@id\":\"https:\\\/\\\/kibrisdakik.com\\\/#website\"},\"primaryImageOfPage\":{\"@id\":\"https:\\\/\\\/kibrisdakik.com\\\/?p=31642#primaryimage\"},\"image\":{\"@id\":\"https:\\\/\\\/kibrisdakik.com\\\/?p=31642#primaryimage\"},\"thumbnailUrl\":\"https:\\\/\\\/kibrisdakik.com\\\/wp-content\\\/uploads\\\/2024\\\/02\\\/tore-ankara-universitesi-1--740x420.jpg\",\"datePublished\":\"2024-02-28T07:01:51+00:00\",\"author\":{\"@id\":\"https:\\\/\\\/kibrisdakik.com\\\/#\\\/schema\\\/person\\\/9cd9d437bbb44f72b73ba127e06d8e79\"},\"breadcrumb\":{\"@id\":\"https:\\\/\\\/kibrisdakik.com\\\/?p=31642#breadcrumb\"},\"inLanguage\":\"tr\",\"potentialAction\":[{\"@type\":\"ReadAction\",\"target\":[\"https:\\\/\\\/kibrisdakik.com\\\/?p=31642\"]}]},{\"@type\":\"ImageObject\",\"inLanguage\":\"tr\",\"@id\":\"https:\\\/\\\/kibrisdakik.com\\\/?p=31642#primaryimage\",\"url\":\"https:\\\/\\\/kibrisdakik.com\\\/wp-content\\\/uploads\\\/2024\\\/02\\\/tore-ankara-universitesi-1--740x420.jpg\",\"contentUrl\":\"https:\\\/\\\/kibrisdakik.com\\\/wp-content\\\/uploads\\\/2024\\\/02\\\/tore-ankara-universitesi-1--740x420.jpg\",\"width\":1800,\"height\":1235},{\"@type\":\"BreadcrumbList\",\"@id\":\"https:\\\/\\\/kibrisdakik.com\\\/?p=31642#breadcrumb\",\"itemListElement\":[{\"@type\":\"ListItem\",\"position\":1,\"name\":\"Home\",\"item\":\"https:\\\/\\\/kibrisdakik.com\\\/\"},{\"@type\":\"ListItem\",\"position\":2,\"name\":\"T\u00f6re:Devletimize sahip \u00e7\u0131kmak milletimize olan borcumuzdur\"}]},{\"@type\":\"WebSite\",\"@id\":\"https:\\\/\\\/kibrisdakik.com\\\/#website\",\"url\":\"https:\\\/\\\/kibrisdakik.com\\\/\",\"name\":\"\",\"description\":\"Tam vaktinde haber\",\"potentialAction\":[{\"@type\":\"SearchAction\",\"target\":{\"@type\":\"EntryPoint\",\"urlTemplate\":\"https:\\\/\\\/kibrisdakik.com\\\/?s={search_term_string}\"},\"query-input\":{\"@type\":\"PropertyValueSpecification\",\"valueRequired\":true,\"valueName\":\"search_term_string\"}}],\"inLanguage\":\"tr\"},{\"@type\":\"Person\",\"@id\":\"https:\\\/\\\/kibrisdakik.com\\\/#\\\/schema\\\/person\\\/9cd9d437bbb44f72b73ba127e06d8e79\",\"name\":\"admin\",\"image\":{\"@type\":\"ImageObject\",\"inLanguage\":\"tr\",\"@id\":\"https:\\\/\\\/secure.gravatar.com\\\/avatar\\\/ccc17943b9d660506c869530f897617f7cb1c21a4bf30023f252596d83e1f007?s=96&d=mm&r=g\",\"url\":\"https:\\\/\\\/secure.gravatar.com\\\/avatar\\\/ccc17943b9d660506c869530f897617f7cb1c21a4bf30023f252596d83e1f007?s=96&d=mm&r=g\",\"contentUrl\":\"https:\\\/\\\/secure.gravatar.com\\\/avatar\\\/ccc17943b9d660506c869530f897617f7cb1c21a4bf30023f252596d83e1f007?s=96&d=mm&r=g\",\"caption\":\"admin\"},\"sameAs\":[\"https:\\\/\\\/kibrisdakik.com\"],\"url\":\"https:\\\/\\\/kibrisdakik.com\\\/?author=1\"}]}<\/script>\n<!-- \/ Yoast SEO plugin. -->","yoast_head_json":{"title":"T\u00f6re:Devletimize sahip \u00e7\u0131kmak milletimize olan borcumuzdur -","robots":{"index":"index","follow":"follow","max-snippet":"max-snippet:-1","max-image-preview":"max-image-preview:large","max-video-preview":"max-video-preview:-1"},"canonical":"https:\/\/kibrisdakik.com\/?p=31642","og_locale":"tr_TR","og_type":"article","og_title":"T\u00f6re:Devletimize sahip \u00e7\u0131kmak milletimize olan borcumuzdur -","og_description":"Cumhuriyet Meclisi Ba\u015fkan\u0131 Zorlu T\u00f6re, Ankara \u00dcniversitesi\u2019nde \u201cD\u00fcnden Bug\u00fcne K\u0131br\u0131s T\u00fcrkeri\u2019nin Hakl\u0131 M\u00fccadelesi\u201d ba\u015fl\u0131\u011f\u0131yla konferans verdi. Konferansa Ankara \u00dcniversitesi Rekt\u00f6r\u00fc Prof. Dr. Necdet \u00dcn\u00fcvar, \u00f6\u011fretim \u00fcyeleri ve \u00f6\u011frenciler kat\u0131ld\u0131. Cumhuriyet Meclisi\u2019nden yap\u0131lan a\u00e7\u0131klamaya g\u00f6re, Konferans\u0131n a\u00e7\u0131l\u0131\u015f konu\u015fmas\u0131n\u0131 Ankara \u00dcniversitesi Rekt\u00f6r\u00fc Prof. Dr. Necdet \u00dcn\u00fcvar yapt\u0131. K\u0131br\u0131s ger\u00e7eklerini anlatan video g\u00f6steriminin ard\u0131ndan Cumhuriyet Meclisi Ba\u015fkan\u0131 Zorlu","og_url":"https:\/\/kibrisdakik.com\/?p=31642","article_published_time":"2024-02-28T07:01:51+00:00","og_image":[{"width":1800,"height":1235,"url":"https:\/\/kibrisdakik.com\/wp-content\/uploads\/2024\/02\/tore-ankara-universitesi-1--740x420.jpg","type":"image\/jpeg"}],"author":"admin","twitter_card":"summary_large_image","twitter_misc":{"Yazan:":"admin","Tahmini okuma s\u00fcresi":"2 dakika"},"schema":{"@context":"https:\/\/schema.org","@graph":[{"@type":"Article","@id":"https:\/\/kibrisdakik.com\/?p=31642#article","isPartOf":{"@id":"https:\/\/kibrisdakik.com\/?p=31642"},"author":{"name":"admin","@id":"https:\/\/kibrisdakik.com\/#\/schema\/person\/9cd9d437bbb44f72b73ba127e06d8e79"},"headline":"T\u00f6re:Devletimize sahip \u00e7\u0131kmak milletimize olan borcumuzdur","datePublished":"2024-02-28T07:01:51+00:00","mainEntityOfPage":{"@id":"https:\/\/kibrisdakik.com\/?p=31642"},"wordCount":319,"commentCount":0,"image":{"@id":"https:\/\/kibrisdakik.com\/?p=31642#primaryimage"},"thumbnailUrl":"https:\/\/kibrisdakik.com\/wp-content\/uploads\/2024\/02\/tore-ankara-universitesi-1--740x420.jpg","articleSection":["G\u00fcndem"],"inLanguage":"tr","potentialAction":[{"@type":"CommentAction","name":"Comment","target":["https:\/\/kibrisdakik.com\/?p=31642#respond"]}]},{"@type":"WebPage","@id":"https:\/\/kibrisdakik.com\/?p=31642","url":"https:\/\/kibrisdakik.com\/?p=31642","name":"T\u00f6re:Devletimize sahip \u00e7\u0131kmak milletimize olan borcumuzdur -","isPartOf":{"@id":"https:\/\/kibrisdakik.com\/#website"},"primaryImageOfPage":{"@id":"https:\/\/kibrisdakik.com\/?p=31642#primaryimage"},"image":{"@id":"https:\/\/kibrisdakik.com\/?p=31642#primaryimage"},"thumbnailUrl":"https:\/\/kibrisdakik.com\/wp-content\/uploads\/2024\/02\/tore-ankara-universitesi-1--740x420.jpg","datePublished":"2024-02-28T07:01:51+00:00","author":{"@id":"https:\/\/kibrisdakik.com\/#\/schema\/person\/9cd9d437bbb44f72b73ba127e06d8e79"},"breadcrumb":{"@id":"https:\/\/kibrisdakik.com\/?p=31642#breadcrumb"},"inLanguage":"tr","potentialAction":[{"@type":"ReadAction","target":["https:\/\/kibrisdakik.com\/?p=31642"]}]},{"@type":"ImageObject","inLanguage":"tr","@id":"https:\/\/kibrisdakik.com\/?p=31642#primaryimage","url":"https:\/\/kibrisdakik.com\/wp-content\/uploads\/2024\/02\/tore-ankara-universitesi-1--740x420.jpg","contentUrl":"https:\/\/kibrisdakik.com\/wp-content\/uploads\/2024\/02\/tore-ankara-universitesi-1--740x420.jpg","width":1800,"height":1235},{"@type":"BreadcrumbList","@id":"https:\/\/kibrisdakik.com\/?p=31642#breadcrumb","itemListElement":[{"@type":"ListItem","position":1,"name":"Home","item":"https:\/\/kibrisdakik.com\/"},{"@type":"ListItem","position":2,"name":"T\u00f6re:Devletimize sahip \u00e7\u0131kmak milletimize olan borcumuzdur"}]},{"@type":"WebSite","@id":"https:\/\/kibrisdakik.com\/#website","url":"https:\/\/kibrisdakik.com\/","name":"","description":"Tam vaktinde haber","potentialAction":[{"@type":"SearchAction","target":{"@type":"EntryPoint","urlTemplate":"https:\/\/kibrisdakik.com\/?s={search_term_string}"},"query-input":{"@type":"PropertyValueSpecification","valueRequired":true,"valueName":"search_term_string"}}],"inLanguage":"tr"},{"@type":"Person","@id":"https:\/\/kibrisdakik.com\/#\/schema\/person\/9cd9d437bbb44f72b73ba127e06d8e79","name":"admin","image":{"@type":"ImageObject","inLanguage":"tr","@id":"https:\/\/secure.gravatar.com\/avatar\/ccc17943b9d660506c869530f897617f7cb1c21a4bf30023f252596d83e1f007?s=96&d=mm&r=g","url":"https:\/\/secure.gravatar.com\/avatar\/ccc17943b9d660506c869530f897617f7cb1c21a4bf30023f252596d83e1f007?s=96&d=mm&r=g","contentUrl":"https:\/\/secure.gravatar.com\/avatar\/ccc17943b9d660506c869530f897617f7cb1c21a4bf30023f252596d83e1f007?s=96&d=mm&r=g","caption":"admin"},"sameAs":["https:\/\/kibrisdakik.com"],"url":"https:\/\/kibrisdakik.com\/?author=1"}]}},"_links":{"self":[{"href":"https:\/\/kibrisdakik.com\/index.php?rest_route=\/wp\/v2\/posts\/31642","targetHints":{"allow":["GET"]}}],"collection":[{"href":"https:\/\/kibrisdakik.com\/index.php?rest_route=\/wp\/v2\/posts"}],"about":[{"href":"https:\/\/kibrisdakik.com\/index.php?rest_route=\/wp\/v2\/types\/post"}],"author":[{"embeddable":true,"href":"https:\/\/kibrisdakik.com\/index.php?rest_route=\/wp\/v2\/users\/1"}],"replies":[{"embeddable":true,"href":"https:\/\/kibrisdakik.com\/index.php?rest_route=%2Fwp%2Fv2%2Fcomments&post=31642"}],"version-history":[{"count":0,"href":"https:\/\/kibrisdakik.com\/index.php?rest_route=\/wp\/v2\/posts\/31642\/revisions"}],"wp:featuredmedia":[{"embeddable":true,"href":"https:\/\/kibrisdakik.com\/index.php?rest_route=\/wp\/v2\/media\/31643"}],"wp:attachment":[{"href":"https:\/\/kibrisdakik.com\/index.php?rest_route=%2Fwp%2Fv2%2Fmedia&parent=31642"}],"wp:term":[{"taxonomy":"category","embeddable":true,"href":"https:\/\/kibrisdakik.com\/index.php?rest_route=%2Fwp%2Fv2%2Fcategories&post=31642"},{"taxonomy":"post_tag","embeddable":true,"href":"https:\/\/kibrisdakik.com\/index.php?rest_route=%2Fwp%2Fv2%2Ftags&post=31642"}],"curies":[{"name":"wp","href":"https:\/\/api.w.org\/{rel}","templated":true}]}}