{"id":31743,"date":"2024-02-28T21:39:10","date_gmt":"2024-02-28T21:39:10","guid":{"rendered":"https:\/\/kibrisdakik.com\/index.php\/2024\/02\/28\/erkek-arkadasina-kizdi-yanlislikla-kendini-bicakladi\/"},"modified":"2024-02-28T21:39:10","modified_gmt":"2024-02-28T21:39:10","slug":"erkek-arkadasina-kizdi-yanlislikla-kendini-bicakladi","status":"publish","type":"post","link":"https:\/\/kibrisdakik.com\/?p=31743","title":{"rendered":"Erkek arkada\u015f\u0131na k\u0131zd\u0131: Yanl\u0131\u015fl\u0131kla kendini b\u0131\u00e7aklad\u0131"},"content":{"rendered":"<p><img decoding=\"async\" src=\"https:\/\/www.kibristurk.com\/images\/haberler\/2024\/02\/erkek-arkadasina-kizdi-yanlislikla-kendini-bicakladi-1709155305.webp\" \/><\/p>\n<p>Olay, Yeni\u015fehir Mahallesi Demiralay Sokak\u2019taki 4 katl\u0131 binan\u0131n 2\u2019nci kat\u0131nda meydana geldi.<\/p>\n<p>\u0130ddiaya g\u00f6re, S.T. adl\u0131 kad\u0131n ile erkek arkada\u015f\u0131 V.A. aras\u0131nda bilinmeyen bir sebeple tart\u0131\u015fma \u00e7\u0131kt\u0131. Tart\u0131\u015fman\u0131n devam\u0131nda erkek arkada\u015f\u0131 V.A.\u2019ya sitem eden S.T., elindeki b\u0131\u00e7akla kazara kendini sa\u011f baca\u011f\u0131ndan yaralad\u0131.<\/p>\n<p>112 Acil \u00c7a\u011fr\u0131 Merkezine ihbarda bulunulmas\u0131 \u00fczerine adrese sa\u011fl\u0131k ve polis ekipleri sevk edildi. Sa\u011fl\u0131k ekiplerince ilk m\u00fcdahalesi yap\u0131lan S.T.,&nbsp;Kocaeli&nbsp;\u015eehir Hastanesine g\u00f6t\u00fcr\u00fcld\u00fc.<\/p>\n<p>\u00d6te yandan, S.T.\u2019nin polise verdi\u011fi ifadede de, olay\u0131n kazara meydana geldi\u011fini ifade etti\u011fi \u00f6\u011frenildi.<\/p>\n","protected":false},"excerpt":{"rendered":"<p>Olay, Yeni\u015fehir Mahallesi Demiralay Sokak\u2019taki 4 katl\u0131 binan\u0131n 2\u2019nci kat\u0131nda meydana geldi. \u0130ddiaya g\u00f6re, S.T. adl\u0131 kad\u0131n ile erkek arkada\u015f\u0131 V.A. aras\u0131nda bilinmeyen bir sebeple tart\u0131\u015fma \u00e7\u0131kt\u0131. Tart\u0131\u015fman\u0131n devam\u0131nda erkek arkada\u015f\u0131 V.A.\u2019ya sitem eden S.T., elindeki b\u0131\u00e7akla kazara kendini sa\u011f baca\u011f\u0131ndan yaralad\u0131. 112 Acil \u00c7a\u011fr\u0131 Merkezine ihbarda bulunulmas\u0131 \u00fczerine adrese sa\u011fl\u0131k ve polis ekipleri sevk<\/p>\n","protected":false},"author":1,"featured_media":31744,"comment_status":"open","ping_status":"open","sticky":false,"template":"","format":"standard","meta":{"footnotes":""},"categories":[85],"tags":[],"class_list":["post-31743","post","type-post","status-publish","format-standard","has-post-thumbnail","hentry","category-spor"],"yoast_head":"<!-- This site is optimized with the Yoast SEO plugin v27.5 - https:\/\/yoast.com\/product\/yoast-seo-wordpress\/ -->\n<title>Erkek arkada\u015f\u0131na k\u0131zd\u0131: Yanl\u0131\u015fl\u0131kla kendini b\u0131\u00e7aklad\u0131 -<\/title>\n<meta name=\"robots\" content=\"index, follow, max-snippet:-1, max-image-preview:large, max-video-preview:-1\" \/>\n<link rel=\"canonical\" href=\"https:\/\/kibrisdakik.com\/?p=31743\" \/>\n<meta property=\"og:locale\" content=\"tr_TR\" \/>\n<meta property=\"og:type\" content=\"article\" \/>\n<meta property=\"og:title\" content=\"Erkek arkada\u015f\u0131na k\u0131zd\u0131: Yanl\u0131\u015fl\u0131kla kendini b\u0131\u00e7aklad\u0131 -\" \/>\n<meta property=\"og:description\" content=\"Olay, Yeni\u015fehir Mahallesi Demiralay Sokak\u2019taki 4 katl\u0131 binan\u0131n 2\u2019nci kat\u0131nda meydana geldi. \u0130ddiaya g\u00f6re, S.T. adl\u0131 kad\u0131n ile erkek arkada\u015f\u0131 V.A. aras\u0131nda bilinmeyen bir sebeple tart\u0131\u015fma \u00e7\u0131kt\u0131. Tart\u0131\u015fman\u0131n devam\u0131nda erkek arkada\u015f\u0131 V.A.\u2019ya sitem eden S.T., elindeki b\u0131\u00e7akla kazara kendini sa\u011f baca\u011f\u0131ndan yaralad\u0131. 112 Acil \u00c7a\u011fr\u0131 Merkezine ihbarda bulunulmas\u0131 \u00fczerine adrese sa\u011fl\u0131k ve polis ekipleri sevk\" \/>\n<meta property=\"og:url\" content=\"https:\/\/kibrisdakik.com\/?p=31743\" \/>\n<meta property=\"article:published_time\" content=\"2024-02-28T21:39:10+00:00\" \/>\n<meta property=\"og:image\" content=\"https:\/\/kibrisdakik.com\/wp-content\/uploads\/2024\/02\/erkek-arkadasina-kizdi-yanlislikla-kendini-bicakladi-1709155305.webp.webp\" \/>\n\t<meta property=\"og:image:width\" content=\"710\" \/>\n\t<meta property=\"og:image:height\" content=\"370\" \/>\n\t<meta property=\"og:image:type\" content=\"image\/webp\" \/>\n<meta name=\"author\" content=\"admin\" \/>\n<meta name=\"twitter:card\" content=\"summary_large_image\" \/>\n<meta name=\"twitter:label1\" content=\"Yazan:\" \/>\n\t<meta name=\"twitter:data1\" content=\"admin\" \/>\n\t<meta name=\"twitter:label2\" content=\"Tahmini okuma s\u00fcresi\" \/>\n\t<meta name=\"twitter:data2\" content=\"1 dakika\" \/>\n<script type=\"application\/ld+json\" class=\"yoast-schema-graph\">{\"@context\":\"https:\\\/\\\/schema.org\",\"@graph\":[{\"@type\":\"Article\",\"@id\":\"https:\\\/\\\/kibrisdakik.com\\\/?p=31743#article\",\"isPartOf\":{\"@id\":\"https:\\\/\\\/kibrisdakik.com\\\/?p=31743\"},\"author\":{\"name\":\"admin\",\"@id\":\"https:\\\/\\\/kibrisdakik.com\\\/#\\\/schema\\\/person\\\/9cd9d437bbb44f72b73ba127e06d8e79\"},\"headline\":\"Erkek arkada\u015f\u0131na k\u0131zd\u0131: Yanl\u0131\u015fl\u0131kla kendini b\u0131\u00e7aklad\u0131\",\"datePublished\":\"2024-02-28T21:39:10+00:00\",\"mainEntityOfPage\":{\"@id\":\"https:\\\/\\\/kibrisdakik.com\\\/?p=31743\"},\"wordCount\":126,\"commentCount\":0,\"image\":{\"@id\":\"https:\\\/\\\/kibrisdakik.com\\\/?p=31743#primaryimage\"},\"thumbnailUrl\":\"https:\\\/\\\/kibrisdakik.com\\\/wp-content\\\/uploads\\\/2024\\\/02\\\/erkek-arkadasina-kizdi-yanlislikla-kendini-bicakladi-1709155305.webp.webp\",\"articleSection\":[\"Spor\"],\"inLanguage\":\"tr\",\"potentialAction\":[{\"@type\":\"CommentAction\",\"name\":\"Comment\",\"target\":[\"https:\\\/\\\/kibrisdakik.com\\\/?p=31743#respond\"]}]},{\"@type\":\"WebPage\",\"@id\":\"https:\\\/\\\/kibrisdakik.com\\\/?p=31743\",\"url\":\"https:\\\/\\\/kibrisdakik.com\\\/?p=31743\",\"name\":\"Erkek arkada\u015f\u0131na k\u0131zd\u0131: Yanl\u0131\u015fl\u0131kla kendini b\u0131\u00e7aklad\u0131 -\",\"isPartOf\":{\"@id\":\"https:\\\/\\\/kibrisdakik.com\\\/#website\"},\"primaryImageOfPage\":{\"@id\":\"https:\\\/\\\/kibrisdakik.com\\\/?p=31743#primaryimage\"},\"image\":{\"@id\":\"https:\\\/\\\/kibrisdakik.com\\\/?p=31743#primaryimage\"},\"thumbnailUrl\":\"https:\\\/\\\/kibrisdakik.com\\\/wp-content\\\/uploads\\\/2024\\\/02\\\/erkek-arkadasina-kizdi-yanlislikla-kendini-bicakladi-1709155305.webp.webp\",\"datePublished\":\"2024-02-28T21:39:10+00:00\",\"author\":{\"@id\":\"https:\\\/\\\/kibrisdakik.com\\\/#\\\/schema\\\/person\\\/9cd9d437bbb44f72b73ba127e06d8e79\"},\"breadcrumb\":{\"@id\":\"https:\\\/\\\/kibrisdakik.com\\\/?p=31743#breadcrumb\"},\"inLanguage\":\"tr\",\"potentialAction\":[{\"@type\":\"ReadAction\",\"target\":[\"https:\\\/\\\/kibrisdakik.com\\\/?p=31743\"]}]},{\"@type\":\"ImageObject\",\"inLanguage\":\"tr\",\"@id\":\"https:\\\/\\\/kibrisdakik.com\\\/?p=31743#primaryimage\",\"url\":\"https:\\\/\\\/kibrisdakik.com\\\/wp-content\\\/uploads\\\/2024\\\/02\\\/erkek-arkadasina-kizdi-yanlislikla-kendini-bicakladi-1709155305.webp.webp\",\"contentUrl\":\"https:\\\/\\\/kibrisdakik.com\\\/wp-content\\\/uploads\\\/2024\\\/02\\\/erkek-arkadasina-kizdi-yanlislikla-kendini-bicakladi-1709155305.webp.webp\",\"width\":710,\"height\":370},{\"@type\":\"BreadcrumbList\",\"@id\":\"https:\\\/\\\/kibrisdakik.com\\\/?p=31743#breadcrumb\",\"itemListElement\":[{\"@type\":\"ListItem\",\"position\":1,\"name\":\"Home\",\"item\":\"https:\\\/\\\/kibrisdakik.com\\\/\"},{\"@type\":\"ListItem\",\"position\":2,\"name\":\"Erkek arkada\u015f\u0131na k\u0131zd\u0131: Yanl\u0131\u015fl\u0131kla kendini b\u0131\u00e7aklad\u0131\"}]},{\"@type\":\"WebSite\",\"@id\":\"https:\\\/\\\/kibrisdakik.com\\\/#website\",\"url\":\"https:\\\/\\\/kibrisdakik.com\\\/\",\"name\":\"\",\"description\":\"Tam vaktinde haber\",\"potentialAction\":[{\"@type\":\"SearchAction\",\"target\":{\"@type\":\"EntryPoint\",\"urlTemplate\":\"https:\\\/\\\/kibrisdakik.com\\\/?s={search_term_string}\"},\"query-input\":{\"@type\":\"PropertyValueSpecification\",\"valueRequired\":true,\"valueName\":\"search_term_string\"}}],\"inLanguage\":\"tr\"},{\"@type\":\"Person\",\"@id\":\"https:\\\/\\\/kibrisdakik.com\\\/#\\\/schema\\\/person\\\/9cd9d437bbb44f72b73ba127e06d8e79\",\"name\":\"admin\",\"image\":{\"@type\":\"ImageObject\",\"inLanguage\":\"tr\",\"@id\":\"https:\\\/\\\/secure.gravatar.com\\\/avatar\\\/ccc17943b9d660506c869530f897617f7cb1c21a4bf30023f252596d83e1f007?s=96&d=mm&r=g\",\"url\":\"https:\\\/\\\/secure.gravatar.com\\\/avatar\\\/ccc17943b9d660506c869530f897617f7cb1c21a4bf30023f252596d83e1f007?s=96&d=mm&r=g\",\"contentUrl\":\"https:\\\/\\\/secure.gravatar.com\\\/avatar\\\/ccc17943b9d660506c869530f897617f7cb1c21a4bf30023f252596d83e1f007?s=96&d=mm&r=g\",\"caption\":\"admin\"},\"sameAs\":[\"https:\\\/\\\/kibrisdakik.com\"],\"url\":\"https:\\\/\\\/kibrisdakik.com\\\/?author=1\"}]}<\/script>\n<!-- \/ Yoast SEO plugin. -->","yoast_head_json":{"title":"Erkek arkada\u015f\u0131na k\u0131zd\u0131: Yanl\u0131\u015fl\u0131kla kendini b\u0131\u00e7aklad\u0131 -","robots":{"index":"index","follow":"follow","max-snippet":"max-snippet:-1","max-image-preview":"max-image-preview:large","max-video-preview":"max-video-preview:-1"},"canonical":"https:\/\/kibrisdakik.com\/?p=31743","og_locale":"tr_TR","og_type":"article","og_title":"Erkek arkada\u015f\u0131na k\u0131zd\u0131: Yanl\u0131\u015fl\u0131kla kendini b\u0131\u00e7aklad\u0131 -","og_description":"Olay, Yeni\u015fehir Mahallesi Demiralay Sokak\u2019taki 4 katl\u0131 binan\u0131n 2\u2019nci kat\u0131nda meydana geldi. \u0130ddiaya g\u00f6re, S.T. adl\u0131 kad\u0131n ile erkek arkada\u015f\u0131 V.A. aras\u0131nda bilinmeyen bir sebeple tart\u0131\u015fma \u00e7\u0131kt\u0131. Tart\u0131\u015fman\u0131n devam\u0131nda erkek arkada\u015f\u0131 V.A.\u2019ya sitem eden S.T., elindeki b\u0131\u00e7akla kazara kendini sa\u011f baca\u011f\u0131ndan yaralad\u0131. 112 Acil \u00c7a\u011fr\u0131 Merkezine ihbarda bulunulmas\u0131 \u00fczerine adrese sa\u011fl\u0131k ve polis ekipleri sevk","og_url":"https:\/\/kibrisdakik.com\/?p=31743","article_published_time":"2024-02-28T21:39:10+00:00","og_image":[{"width":710,"height":370,"url":"https:\/\/kibrisdakik.com\/wp-content\/uploads\/2024\/02\/erkek-arkadasina-kizdi-yanlislikla-kendini-bicakladi-1709155305.webp.webp","type":"image\/webp"}],"author":"admin","twitter_card":"summary_large_image","twitter_misc":{"Yazan:":"admin","Tahmini okuma s\u00fcresi":"1 dakika"},"schema":{"@context":"https:\/\/schema.org","@graph":[{"@type":"Article","@id":"https:\/\/kibrisdakik.com\/?p=31743#article","isPartOf":{"@id":"https:\/\/kibrisdakik.com\/?p=31743"},"author":{"name":"admin","@id":"https:\/\/kibrisdakik.com\/#\/schema\/person\/9cd9d437bbb44f72b73ba127e06d8e79"},"headline":"Erkek arkada\u015f\u0131na k\u0131zd\u0131: Yanl\u0131\u015fl\u0131kla kendini b\u0131\u00e7aklad\u0131","datePublished":"2024-02-28T21:39:10+00:00","mainEntityOfPage":{"@id":"https:\/\/kibrisdakik.com\/?p=31743"},"wordCount":126,"commentCount":0,"image":{"@id":"https:\/\/kibrisdakik.com\/?p=31743#primaryimage"},"thumbnailUrl":"https:\/\/kibrisdakik.com\/wp-content\/uploads\/2024\/02\/erkek-arkadasina-kizdi-yanlislikla-kendini-bicakladi-1709155305.webp.webp","articleSection":["Spor"],"inLanguage":"tr","potentialAction":[{"@type":"CommentAction","name":"Comment","target":["https:\/\/kibrisdakik.com\/?p=31743#respond"]}]},{"@type":"WebPage","@id":"https:\/\/kibrisdakik.com\/?p=31743","url":"https:\/\/kibrisdakik.com\/?p=31743","name":"Erkek arkada\u015f\u0131na k\u0131zd\u0131: Yanl\u0131\u015fl\u0131kla kendini b\u0131\u00e7aklad\u0131 -","isPartOf":{"@id":"https:\/\/kibrisdakik.com\/#website"},"primaryImageOfPage":{"@id":"https:\/\/kibrisdakik.com\/?p=31743#primaryimage"},"image":{"@id":"https:\/\/kibrisdakik.com\/?p=31743#primaryimage"},"thumbnailUrl":"https:\/\/kibrisdakik.com\/wp-content\/uploads\/2024\/02\/erkek-arkadasina-kizdi-yanlislikla-kendini-bicakladi-1709155305.webp.webp","datePublished":"2024-02-28T21:39:10+00:00","author":{"@id":"https:\/\/kibrisdakik.com\/#\/schema\/person\/9cd9d437bbb44f72b73ba127e06d8e79"},"breadcrumb":{"@id":"https:\/\/kibrisdakik.com\/?p=31743#breadcrumb"},"inLanguage":"tr","potentialAction":[{"@type":"ReadAction","target":["https:\/\/kibrisdakik.com\/?p=31743"]}]},{"@type":"ImageObject","inLanguage":"tr","@id":"https:\/\/kibrisdakik.com\/?p=31743#primaryimage","url":"https:\/\/kibrisdakik.com\/wp-content\/uploads\/2024\/02\/erkek-arkadasina-kizdi-yanlislikla-kendini-bicakladi-1709155305.webp.webp","contentUrl":"https:\/\/kibrisdakik.com\/wp-content\/uploads\/2024\/02\/erkek-arkadasina-kizdi-yanlislikla-kendini-bicakladi-1709155305.webp.webp","width":710,"height":370},{"@type":"BreadcrumbList","@id":"https:\/\/kibrisdakik.com\/?p=31743#breadcrumb","itemListElement":[{"@type":"ListItem","position":1,"name":"Home","item":"https:\/\/kibrisdakik.com\/"},{"@type":"ListItem","position":2,"name":"Erkek arkada\u015f\u0131na k\u0131zd\u0131: Yanl\u0131\u015fl\u0131kla kendini b\u0131\u00e7aklad\u0131"}]},{"@type":"WebSite","@id":"https:\/\/kibrisdakik.com\/#website","url":"https:\/\/kibrisdakik.com\/","name":"","description":"Tam vaktinde haber","potentialAction":[{"@type":"SearchAction","target":{"@type":"EntryPoint","urlTemplate":"https:\/\/kibrisdakik.com\/?s={search_term_string}"},"query-input":{"@type":"PropertyValueSpecification","valueRequired":true,"valueName":"search_term_string"}}],"inLanguage":"tr"},{"@type":"Person","@id":"https:\/\/kibrisdakik.com\/#\/schema\/person\/9cd9d437bbb44f72b73ba127e06d8e79","name":"admin","image":{"@type":"ImageObject","inLanguage":"tr","@id":"https:\/\/secure.gravatar.com\/avatar\/ccc17943b9d660506c869530f897617f7cb1c21a4bf30023f252596d83e1f007?s=96&d=mm&r=g","url":"https:\/\/secure.gravatar.com\/avatar\/ccc17943b9d660506c869530f897617f7cb1c21a4bf30023f252596d83e1f007?s=96&d=mm&r=g","contentUrl":"https:\/\/secure.gravatar.com\/avatar\/ccc17943b9d660506c869530f897617f7cb1c21a4bf30023f252596d83e1f007?s=96&d=mm&r=g","caption":"admin"},"sameAs":["https:\/\/kibrisdakik.com"],"url":"https:\/\/kibrisdakik.com\/?author=1"}]}},"_links":{"self":[{"href":"https:\/\/kibrisdakik.com\/index.php?rest_route=\/wp\/v2\/posts\/31743","targetHints":{"allow":["GET"]}}],"collection":[{"href":"https:\/\/kibrisdakik.com\/index.php?rest_route=\/wp\/v2\/posts"}],"about":[{"href":"https:\/\/kibrisdakik.com\/index.php?rest_route=\/wp\/v2\/types\/post"}],"author":[{"embeddable":true,"href":"https:\/\/kibrisdakik.com\/index.php?rest_route=\/wp\/v2\/users\/1"}],"replies":[{"embeddable":true,"href":"https:\/\/kibrisdakik.com\/index.php?rest_route=%2Fwp%2Fv2%2Fcomments&post=31743"}],"version-history":[{"count":0,"href":"https:\/\/kibrisdakik.com\/index.php?rest_route=\/wp\/v2\/posts\/31743\/revisions"}],"wp:featuredmedia":[{"embeddable":true,"href":"https:\/\/kibrisdakik.com\/index.php?rest_route=\/wp\/v2\/media\/31744"}],"wp:attachment":[{"href":"https:\/\/kibrisdakik.com\/index.php?rest_route=%2Fwp%2Fv2%2Fmedia&parent=31743"}],"wp:term":[{"taxonomy":"category","embeddable":true,"href":"https:\/\/kibrisdakik.com\/index.php?rest_route=%2Fwp%2Fv2%2Fcategories&post=31743"},{"taxonomy":"post_tag","embeddable":true,"href":"https:\/\/kibrisdakik.com\/index.php?rest_route=%2Fwp%2Fv2%2Ftags&post=31743"}],"curies":[{"name":"wp","href":"https:\/\/api.w.org\/{rel}","templated":true}]}}