{"id":31775,"date":"2024-02-29T02:51:59","date_gmt":"2024-02-29T02:51:59","guid":{"rendered":"https:\/\/kibrisdakik.com\/index.php\/2024\/02\/29\/tc-cumhurbaskanligi-devlet-arsivleri-baskanligi-ile-kktc-milli-arsiv-dairesi-arasinda-is-birligi-protokolu-imzalandi\/"},"modified":"2024-02-29T02:51:59","modified_gmt":"2024-02-29T02:51:59","slug":"tc-cumhurbaskanligi-devlet-arsivleri-baskanligi-ile-kktc-milli-arsiv-dairesi-arasinda-is-birligi-protokolu-imzalandi","status":"publish","type":"post","link":"https:\/\/kibrisdakik.com\/?p=31775","title":{"rendered":"TC Cumhurba\u015fkanl\u0131\u011f\u0131 Devlet Ar\u015fivleri Ba\u015fkanl\u0131\u011f\u0131 ile KKTC Milli Ar\u015fiv Dairesi aras\u0131nda i\u015f birli\u011fi protokol\u00fc imzaland\u0131"},"content":{"rendered":"<p><img decoding=\"async\" src=\"https:\/\/www.kibristurk.com\/images\/haberler\/2024\/02\/tc-cumhurbaskanligi-devlet-arsivleri-baskanligi-ile-kktc-milli-arsiv-dairesi-arasinda-is-birligi-protokolu-imzalandi-1709127280.webp\" \/><\/p>\n<p style=\"text-align:left\"><span style=\"font-size:16px\"><span style=\"font-family:Merriweather,serif !important\"><span style=\"color:#000000\"><span style=\"background-color:#ffffff\">Cumhurba\u015fkanl\u0131\u011f\u0131ndan yap\u0131lan yaz\u0131l\u0131 a\u00e7\u0131klamaya g\u00f6re, protokole, TC Cumhurba\u015fkanl\u0131\u011f\u0131 Devlet Ar\u015fivleri Ba\u015fkan\u0131 Prof. Dr. U\u011fur \u00dcnal ile KKTC Milli Ar\u015fiv Dairesi M\u00fcd\u00fcr\u00fc Ejdan Sadrazam imza koydu.<\/span><\/span><\/span><\/span><\/p>\n<p style=\"text-align:left\"><span style=\"font-size:16px\"><span style=\"font-family:Merriweather,serif !important\"><span style=\"color:#000000\"><span style=\"background-color:#ffffff\">&nbsp;<\/span><\/span><\/span><\/span><\/p>\n<p style=\"text-align:left\"><span style=\"font-size:16px\"><span style=\"font-family:Merriweather,serif !important\"><span style=\"color:#000000\"><span style=\"background-color:#ffffff\">Protokol imza t\u00f6reninden \u00f6nce Cumhurba\u015fkan\u0131 Ersin Tatar, T\u00fcrkiye Cumhuriyeti Cumhurba\u015fkanl\u0131\u011f\u0131 Devlet Ar\u015fivleri Ba\u015fkan\u0131 Prof. Dr. U\u011fur \u00dcnal\u2019\u0131 kabul etti.<\/span><\/span><\/span><\/span><\/p>\n<p style=\"text-align:left\"><span style=\"font-size:16px\"><span style=\"font-family:Merriweather,serif !important\"><span style=\"color:#000000\"><span style=\"background-color:#ffffff\">&nbsp;<\/span><\/span><\/span><\/span><\/p>\n<p style=\"text-align:left\"><span style=\"font-size:16px\"><span style=\"font-family:Merriweather,serif !important\"><span style=\"color:#000000\"><span style=\"background-color:#ffffff\">Kabulde TC Lefko\u015fa B\u00fcy\u00fckel\u00e7isi Metin Feyzio\u011flu, KKTC Milli Ar\u015fiv Dairesi M\u00fcd\u00fcr\u00fc Ejdan Sadrazam ve Cumhurba\u015fkanl\u0131\u011f\u0131 M\u00fcste\u015far\u0131 Okan Donangil yer ald\u0131.<\/span><\/span><\/span><\/span><\/p>\n<p style=\"text-align:left\"><span style=\"font-size:16px\"><span style=\"font-family:Merriweather,serif !important\"><span style=\"color:#000000\"><span style=\"background-color:#ffffff\">&nbsp;<\/span><\/span><\/span><\/span><\/p>\n<p style=\"text-align:left\"><span style=\"font-size:16px\"><span style=\"font-family:Merriweather,serif !important\"><span style=\"color:#000000\"><span style=\"background-color:#ffffff\">Cumhurba\u015fkan\u0131 Ersin Tatar, kabulde yapt\u0131\u011f\u0131 konu\u015fmada, K\u0131br\u0131s\u2019ta kurulan ilk kurumun 1 A\u011fustos 1571 tarihli Vak\u0131flar \u0130daresi oldu\u011funa i\u015faret ederek, ar\u015fivlerde y\u0131llar \u00f6ncesine ait K\u0131br\u0131s T\u00fcrk\u00fc ile ilgili evrak, tapu ve belgelerin bulundu\u011funa dikkat \u00e7ekti.&nbsp;<\/span><\/span><\/span><\/span><\/p>\n<p style=\"text-align:left\"><span style=\"font-size:16px\"><span style=\"font-family:Merriweather,serif !important\"><span style=\"color:#000000\"><span style=\"background-color:#ffffff\">&nbsp;<\/span><\/span><\/span><\/span><\/p>\n<p style=\"text-align:left\"><span style=\"font-size:16px\"><span style=\"font-family:Merriweather,serif !important\"><span style=\"color:#000000\"><span style=\"background-color:#ffffff\">Ya\u015fanan yang\u0131n, sava\u015f ve do\u011fal afet olaylar\u0131na ra\u011fmen ar\u015fivlerin g\u00fcn\u00fcm\u00fcze kadar geldi\u011fini ifade eden Cumhurba\u015fkan\u0131 Tatar, K\u0131br\u0131s T\u00fcrk\u00fc\u2019n\u00fcn \u00f6zden gelen haklar\u0131n\u0131n ar\u015fivlerdeki belgelerde yer ald\u0131\u011f\u0131n\u0131 dile getirdi.<\/span><\/span><\/span><\/span><\/p>\n<p style=\"text-align:left\"><span style=\"font-size:16px\"><span style=\"font-family:Merriweather,serif !important\"><span style=\"color:#000000\"><span style=\"background-color:#ffffff\">&nbsp;<\/span><\/span><\/span><\/span><\/p>\n<p style=\"text-align:left\"><span style=\"font-size:16px\"><span style=\"font-family:Merriweather,serif !important\"><span style=\"color:#000000\"><span style=\"background-color:#ffffff\">Ar\u015fivleri koruyup gelece\u011fe ta\u015f\u0131man\u0131n \u00e7ok \u00f6nemli oldu\u011funu anlatan Cumhurba\u015fkan\u0131 Tatar, T\u00fcrkiye Cumhuriyeti\u2019nin tecr\u00fcbesinden yararlan\u0131lmas\u0131 ve i\u015f birli\u011fi yap\u0131lmas\u0131n\u0131n \u00f6nemine vurgu yapt\u0131.<\/span><\/span><\/span><\/span><\/p>\n<p style=\"text-align:left\"><span style=\"font-size:16px\"><span style=\"font-family:Merriweather,serif !important\"><span style=\"color:#000000\"><span style=\"background-color:#ffffff\">&nbsp;<\/span><\/span><\/span><\/span><\/p>\n<p style=\"text-align:left\"><span style=\"font-size:16px\"><span style=\"font-family:Merriweather,serif !important\"><span style=\"color:#000000\"><span style=\"background-color:#ffffff\">TC Cumhurba\u015fkanl\u0131\u011f\u0131 Devlet Ar\u015fivleri Ba\u015fkan\u0131 Prof. Dr. U\u011fur \u00dcnal ise konu\u015fmas\u0131nda, Cumhurba\u015fkanl\u0131\u011f\u0131 himayelerinde ve TC Lefko\u015fa B\u00fcy\u00fckel\u00e7ili\u011fi destekleriyle KKTC Milli Ar\u015fiv Dairesi ile birlikte ortak faaliyetler yap\u0131ld\u0131\u011f\u0131n\u0131 belirterek, ar\u015fiv uzman de\u011fi\u015fimi, dijitalle\u015fme ve yaz\u0131l\u0131mlar konusunda imzalanacak protokol\u00fcn \u00f6nemine dikkat \u00e7ekti.<\/span><\/span><\/span><\/span><\/p>\n","protected":false},"excerpt":{"rendered":"<p>Cumhurba\u015fkanl\u0131\u011f\u0131ndan yap\u0131lan yaz\u0131l\u0131 a\u00e7\u0131klamaya g\u00f6re, protokole, TC Cumhurba\u015fkanl\u0131\u011f\u0131 Devlet Ar\u015fivleri Ba\u015fkan\u0131 Prof. Dr. U\u011fur \u00dcnal ile KKTC Milli Ar\u015fiv Dairesi M\u00fcd\u00fcr\u00fc Ejdan Sadrazam imza koydu. &nbsp; Protokol imza t\u00f6reninden \u00f6nce Cumhurba\u015fkan\u0131 Ersin Tatar, T\u00fcrkiye Cumhuriyeti Cumhurba\u015fkanl\u0131\u011f\u0131 Devlet Ar\u015fivleri Ba\u015fkan\u0131 Prof. Dr. U\u011fur \u00dcnal\u2019\u0131 kabul etti. &nbsp; Kabulde TC Lefko\u015fa B\u00fcy\u00fckel\u00e7isi Metin Feyzio\u011flu, KKTC Milli Ar\u015fiv<\/p>\n","protected":false},"author":1,"featured_media":31776,"comment_status":"open","ping_status":"open","sticky":false,"template":"","format":"standard","meta":{"footnotes":""},"categories":[79],"tags":[],"class_list":["post-31775","post","type-post","status-publish","format-standard","has-post-thumbnail","hentry","category-ekonomi"],"yoast_head":"<!-- This site is optimized with the Yoast SEO plugin v27.5 - https:\/\/yoast.com\/product\/yoast-seo-wordpress\/ -->\n<title>TC Cumhurba\u015fkanl\u0131\u011f\u0131 Devlet Ar\u015fivleri Ba\u015fkanl\u0131\u011f\u0131 ile KKTC Milli Ar\u015fiv Dairesi aras\u0131nda i\u015f birli\u011fi protokol\u00fc imzaland\u0131 -<\/title>\n<meta name=\"robots\" content=\"index, follow, max-snippet:-1, max-image-preview:large, max-video-preview:-1\" \/>\n<link rel=\"canonical\" href=\"https:\/\/kibrisdakik.com\/?p=31775\" \/>\n<meta property=\"og:locale\" content=\"tr_TR\" \/>\n<meta property=\"og:type\" content=\"article\" \/>\n<meta property=\"og:title\" content=\"TC Cumhurba\u015fkanl\u0131\u011f\u0131 Devlet Ar\u015fivleri Ba\u015fkanl\u0131\u011f\u0131 ile KKTC Milli Ar\u015fiv Dairesi aras\u0131nda i\u015f birli\u011fi protokol\u00fc imzaland\u0131 -\" \/>\n<meta property=\"og:description\" content=\"Cumhurba\u015fkanl\u0131\u011f\u0131ndan yap\u0131lan yaz\u0131l\u0131 a\u00e7\u0131klamaya g\u00f6re, protokole, TC Cumhurba\u015fkanl\u0131\u011f\u0131 Devlet Ar\u015fivleri Ba\u015fkan\u0131 Prof. Dr. U\u011fur \u00dcnal ile KKTC Milli Ar\u015fiv Dairesi M\u00fcd\u00fcr\u00fc Ejdan Sadrazam imza koydu. &nbsp; Protokol imza t\u00f6reninden \u00f6nce Cumhurba\u015fkan\u0131 Ersin Tatar, T\u00fcrkiye Cumhuriyeti Cumhurba\u015fkanl\u0131\u011f\u0131 Devlet Ar\u015fivleri Ba\u015fkan\u0131 Prof. Dr. U\u011fur \u00dcnal\u2019\u0131 kabul etti. &nbsp; Kabulde TC Lefko\u015fa B\u00fcy\u00fckel\u00e7isi Metin Feyzio\u011flu, KKTC Milli Ar\u015fiv\" \/>\n<meta property=\"og:url\" content=\"https:\/\/kibrisdakik.com\/?p=31775\" \/>\n<meta property=\"article:published_time\" content=\"2024-02-29T02:51:59+00:00\" \/>\n<meta property=\"og:image\" content=\"https:\/\/kibrisdakik.com\/wp-content\/uploads\/2024\/02\/tc-cumhurbaskanligi-devlet-arsivleri-baskanligi-ile-kktc-milli-arsiv-dairesi-arasinda-is-birligi-protokolu-imzalandi-1709127280.webp.webp\" \/>\n\t<meta property=\"og:image:width\" content=\"710\" \/>\n\t<meta property=\"og:image:height\" content=\"370\" \/>\n\t<meta property=\"og:image:type\" content=\"image\/webp\" \/>\n<meta name=\"author\" content=\"admin\" \/>\n<meta name=\"twitter:card\" content=\"summary_large_image\" \/>\n<meta name=\"twitter:label1\" content=\"Yazan:\" \/>\n\t<meta name=\"twitter:data1\" content=\"admin\" \/>\n\t<meta name=\"twitter:label2\" content=\"Tahmini okuma s\u00fcresi\" \/>\n\t<meta name=\"twitter:data2\" content=\"1 dakika\" \/>\n<script type=\"application\/ld+json\" class=\"yoast-schema-graph\">{\"@context\":\"https:\\\/\\\/schema.org\",\"@graph\":[{\"@type\":\"Article\",\"@id\":\"https:\\\/\\\/kibrisdakik.com\\\/?p=31775#article\",\"isPartOf\":{\"@id\":\"https:\\\/\\\/kibrisdakik.com\\\/?p=31775\"},\"author\":{\"name\":\"admin\",\"@id\":\"https:\\\/\\\/kibrisdakik.com\\\/#\\\/schema\\\/person\\\/9cd9d437bbb44f72b73ba127e06d8e79\"},\"headline\":\"TC Cumhurba\u015fkanl\u0131\u011f\u0131 Devlet Ar\u015fivleri Ba\u015fkanl\u0131\u011f\u0131 ile KKTC Milli Ar\u015fiv Dairesi aras\u0131nda i\u015f birli\u011fi protokol\u00fc imzaland\u0131\",\"datePublished\":\"2024-02-29T02:51:59+00:00\",\"mainEntityOfPage\":{\"@id\":\"https:\\\/\\\/kibrisdakik.com\\\/?p=31775\"},\"wordCount\":314,\"commentCount\":0,\"image\":{\"@id\":\"https:\\\/\\\/kibrisdakik.com\\\/?p=31775#primaryimage\"},\"thumbnailUrl\":\"https:\\\/\\\/kibrisdakik.com\\\/wp-content\\\/uploads\\\/2024\\\/02\\\/tc-cumhurbaskanligi-devlet-arsivleri-baskanligi-ile-kktc-milli-arsiv-dairesi-arasinda-is-birligi-protokolu-imzalandi-1709127280.webp.webp\",\"articleSection\":[\"Ekonomi\"],\"inLanguage\":\"tr\",\"potentialAction\":[{\"@type\":\"CommentAction\",\"name\":\"Comment\",\"target\":[\"https:\\\/\\\/kibrisdakik.com\\\/?p=31775#respond\"]}]},{\"@type\":\"WebPage\",\"@id\":\"https:\\\/\\\/kibrisdakik.com\\\/?p=31775\",\"url\":\"https:\\\/\\\/kibrisdakik.com\\\/?p=31775\",\"name\":\"TC Cumhurba\u015fkanl\u0131\u011f\u0131 Devlet Ar\u015fivleri Ba\u015fkanl\u0131\u011f\u0131 ile KKTC Milli Ar\u015fiv Dairesi aras\u0131nda i\u015f birli\u011fi protokol\u00fc imzaland\u0131 -\",\"isPartOf\":{\"@id\":\"https:\\\/\\\/kibrisdakik.com\\\/#website\"},\"primaryImageOfPage\":{\"@id\":\"https:\\\/\\\/kibrisdakik.com\\\/?p=31775#primaryimage\"},\"image\":{\"@id\":\"https:\\\/\\\/kibrisdakik.com\\\/?p=31775#primaryimage\"},\"thumbnailUrl\":\"https:\\\/\\\/kibrisdakik.com\\\/wp-content\\\/uploads\\\/2024\\\/02\\\/tc-cumhurbaskanligi-devlet-arsivleri-baskanligi-ile-kktc-milli-arsiv-dairesi-arasinda-is-birligi-protokolu-imzalandi-1709127280.webp.webp\",\"datePublished\":\"2024-02-29T02:51:59+00:00\",\"author\":{\"@id\":\"https:\\\/\\\/kibrisdakik.com\\\/#\\\/schema\\\/person\\\/9cd9d437bbb44f72b73ba127e06d8e79\"},\"breadcrumb\":{\"@id\":\"https:\\\/\\\/kibrisdakik.com\\\/?p=31775#breadcrumb\"},\"inLanguage\":\"tr\",\"potentialAction\":[{\"@type\":\"ReadAction\",\"target\":[\"https:\\\/\\\/kibrisdakik.com\\\/?p=31775\"]}]},{\"@type\":\"ImageObject\",\"inLanguage\":\"tr\",\"@id\":\"https:\\\/\\\/kibrisdakik.com\\\/?p=31775#primaryimage\",\"url\":\"https:\\\/\\\/kibrisdakik.com\\\/wp-content\\\/uploads\\\/2024\\\/02\\\/tc-cumhurbaskanligi-devlet-arsivleri-baskanligi-ile-kktc-milli-arsiv-dairesi-arasinda-is-birligi-protokolu-imzalandi-1709127280.webp.webp\",\"contentUrl\":\"https:\\\/\\\/kibrisdakik.com\\\/wp-content\\\/uploads\\\/2024\\\/02\\\/tc-cumhurbaskanligi-devlet-arsivleri-baskanligi-ile-kktc-milli-arsiv-dairesi-arasinda-is-birligi-protokolu-imzalandi-1709127280.webp.webp\",\"width\":710,\"height\":370},{\"@type\":\"BreadcrumbList\",\"@id\":\"https:\\\/\\\/kibrisdakik.com\\\/?p=31775#breadcrumb\",\"itemListElement\":[{\"@type\":\"ListItem\",\"position\":1,\"name\":\"Home\",\"item\":\"https:\\\/\\\/kibrisdakik.com\\\/\"},{\"@type\":\"ListItem\",\"position\":2,\"name\":\"TC Cumhurba\u015fkanl\u0131\u011f\u0131 Devlet Ar\u015fivleri Ba\u015fkanl\u0131\u011f\u0131 ile KKTC Milli Ar\u015fiv Dairesi aras\u0131nda i\u015f birli\u011fi protokol\u00fc imzaland\u0131\"}]},{\"@type\":\"WebSite\",\"@id\":\"https:\\\/\\\/kibrisdakik.com\\\/#website\",\"url\":\"https:\\\/\\\/kibrisdakik.com\\\/\",\"name\":\"\",\"description\":\"Tam vaktinde haber\",\"potentialAction\":[{\"@type\":\"SearchAction\",\"target\":{\"@type\":\"EntryPoint\",\"urlTemplate\":\"https:\\\/\\\/kibrisdakik.com\\\/?s={search_term_string}\"},\"query-input\":{\"@type\":\"PropertyValueSpecification\",\"valueRequired\":true,\"valueName\":\"search_term_string\"}}],\"inLanguage\":\"tr\"},{\"@type\":\"Person\",\"@id\":\"https:\\\/\\\/kibrisdakik.com\\\/#\\\/schema\\\/person\\\/9cd9d437bbb44f72b73ba127e06d8e79\",\"name\":\"admin\",\"image\":{\"@type\":\"ImageObject\",\"inLanguage\":\"tr\",\"@id\":\"https:\\\/\\\/secure.gravatar.com\\\/avatar\\\/ccc17943b9d660506c869530f897617f7cb1c21a4bf30023f252596d83e1f007?s=96&d=mm&r=g\",\"url\":\"https:\\\/\\\/secure.gravatar.com\\\/avatar\\\/ccc17943b9d660506c869530f897617f7cb1c21a4bf30023f252596d83e1f007?s=96&d=mm&r=g\",\"contentUrl\":\"https:\\\/\\\/secure.gravatar.com\\\/avatar\\\/ccc17943b9d660506c869530f897617f7cb1c21a4bf30023f252596d83e1f007?s=96&d=mm&r=g\",\"caption\":\"admin\"},\"sameAs\":[\"https:\\\/\\\/kibrisdakik.com\"],\"url\":\"https:\\\/\\\/kibrisdakik.com\\\/?author=1\"}]}<\/script>\n<!-- \/ Yoast SEO plugin. -->","yoast_head_json":{"title":"TC Cumhurba\u015fkanl\u0131\u011f\u0131 Devlet Ar\u015fivleri Ba\u015fkanl\u0131\u011f\u0131 ile KKTC Milli Ar\u015fiv Dairesi aras\u0131nda i\u015f birli\u011fi protokol\u00fc imzaland\u0131 -","robots":{"index":"index","follow":"follow","max-snippet":"max-snippet:-1","max-image-preview":"max-image-preview:large","max-video-preview":"max-video-preview:-1"},"canonical":"https:\/\/kibrisdakik.com\/?p=31775","og_locale":"tr_TR","og_type":"article","og_title":"TC Cumhurba\u015fkanl\u0131\u011f\u0131 Devlet Ar\u015fivleri Ba\u015fkanl\u0131\u011f\u0131 ile KKTC Milli Ar\u015fiv Dairesi aras\u0131nda i\u015f birli\u011fi protokol\u00fc imzaland\u0131 -","og_description":"Cumhurba\u015fkanl\u0131\u011f\u0131ndan yap\u0131lan yaz\u0131l\u0131 a\u00e7\u0131klamaya g\u00f6re, protokole, TC Cumhurba\u015fkanl\u0131\u011f\u0131 Devlet Ar\u015fivleri Ba\u015fkan\u0131 Prof. Dr. U\u011fur \u00dcnal ile KKTC Milli Ar\u015fiv Dairesi M\u00fcd\u00fcr\u00fc Ejdan Sadrazam imza koydu. &nbsp; Protokol imza t\u00f6reninden \u00f6nce Cumhurba\u015fkan\u0131 Ersin Tatar, T\u00fcrkiye Cumhuriyeti Cumhurba\u015fkanl\u0131\u011f\u0131 Devlet Ar\u015fivleri Ba\u015fkan\u0131 Prof. Dr. U\u011fur \u00dcnal\u2019\u0131 kabul etti. &nbsp; Kabulde TC Lefko\u015fa B\u00fcy\u00fckel\u00e7isi Metin Feyzio\u011flu, KKTC Milli Ar\u015fiv","og_url":"https:\/\/kibrisdakik.com\/?p=31775","article_published_time":"2024-02-29T02:51:59+00:00","og_image":[{"width":710,"height":370,"url":"https:\/\/kibrisdakik.com\/wp-content\/uploads\/2024\/02\/tc-cumhurbaskanligi-devlet-arsivleri-baskanligi-ile-kktc-milli-arsiv-dairesi-arasinda-is-birligi-protokolu-imzalandi-1709127280.webp.webp","type":"image\/webp"}],"author":"admin","twitter_card":"summary_large_image","twitter_misc":{"Yazan:":"admin","Tahmini okuma s\u00fcresi":"1 dakika"},"schema":{"@context":"https:\/\/schema.org","@graph":[{"@type":"Article","@id":"https:\/\/kibrisdakik.com\/?p=31775#article","isPartOf":{"@id":"https:\/\/kibrisdakik.com\/?p=31775"},"author":{"name":"admin","@id":"https:\/\/kibrisdakik.com\/#\/schema\/person\/9cd9d437bbb44f72b73ba127e06d8e79"},"headline":"TC Cumhurba\u015fkanl\u0131\u011f\u0131 Devlet Ar\u015fivleri Ba\u015fkanl\u0131\u011f\u0131 ile KKTC Milli Ar\u015fiv Dairesi aras\u0131nda i\u015f birli\u011fi protokol\u00fc imzaland\u0131","datePublished":"2024-02-29T02:51:59+00:00","mainEntityOfPage":{"@id":"https:\/\/kibrisdakik.com\/?p=31775"},"wordCount":314,"commentCount":0,"image":{"@id":"https:\/\/kibrisdakik.com\/?p=31775#primaryimage"},"thumbnailUrl":"https:\/\/kibrisdakik.com\/wp-content\/uploads\/2024\/02\/tc-cumhurbaskanligi-devlet-arsivleri-baskanligi-ile-kktc-milli-arsiv-dairesi-arasinda-is-birligi-protokolu-imzalandi-1709127280.webp.webp","articleSection":["Ekonomi"],"inLanguage":"tr","potentialAction":[{"@type":"CommentAction","name":"Comment","target":["https:\/\/kibrisdakik.com\/?p=31775#respond"]}]},{"@type":"WebPage","@id":"https:\/\/kibrisdakik.com\/?p=31775","url":"https:\/\/kibrisdakik.com\/?p=31775","name":"TC Cumhurba\u015fkanl\u0131\u011f\u0131 Devlet Ar\u015fivleri Ba\u015fkanl\u0131\u011f\u0131 ile KKTC Milli Ar\u015fiv Dairesi aras\u0131nda i\u015f birli\u011fi protokol\u00fc imzaland\u0131 -","isPartOf":{"@id":"https:\/\/kibrisdakik.com\/#website"},"primaryImageOfPage":{"@id":"https:\/\/kibrisdakik.com\/?p=31775#primaryimage"},"image":{"@id":"https:\/\/kibrisdakik.com\/?p=31775#primaryimage"},"thumbnailUrl":"https:\/\/kibrisdakik.com\/wp-content\/uploads\/2024\/02\/tc-cumhurbaskanligi-devlet-arsivleri-baskanligi-ile-kktc-milli-arsiv-dairesi-arasinda-is-birligi-protokolu-imzalandi-1709127280.webp.webp","datePublished":"2024-02-29T02:51:59+00:00","author":{"@id":"https:\/\/kibrisdakik.com\/#\/schema\/person\/9cd9d437bbb44f72b73ba127e06d8e79"},"breadcrumb":{"@id":"https:\/\/kibrisdakik.com\/?p=31775#breadcrumb"},"inLanguage":"tr","potentialAction":[{"@type":"ReadAction","target":["https:\/\/kibrisdakik.com\/?p=31775"]}]},{"@type":"ImageObject","inLanguage":"tr","@id":"https:\/\/kibrisdakik.com\/?p=31775#primaryimage","url":"https:\/\/kibrisdakik.com\/wp-content\/uploads\/2024\/02\/tc-cumhurbaskanligi-devlet-arsivleri-baskanligi-ile-kktc-milli-arsiv-dairesi-arasinda-is-birligi-protokolu-imzalandi-1709127280.webp.webp","contentUrl":"https:\/\/kibrisdakik.com\/wp-content\/uploads\/2024\/02\/tc-cumhurbaskanligi-devlet-arsivleri-baskanligi-ile-kktc-milli-arsiv-dairesi-arasinda-is-birligi-protokolu-imzalandi-1709127280.webp.webp","width":710,"height":370},{"@type":"BreadcrumbList","@id":"https:\/\/kibrisdakik.com\/?p=31775#breadcrumb","itemListElement":[{"@type":"ListItem","position":1,"name":"Home","item":"https:\/\/kibrisdakik.com\/"},{"@type":"ListItem","position":2,"name":"TC Cumhurba\u015fkanl\u0131\u011f\u0131 Devlet Ar\u015fivleri Ba\u015fkanl\u0131\u011f\u0131 ile KKTC Milli Ar\u015fiv Dairesi aras\u0131nda i\u015f birli\u011fi protokol\u00fc imzaland\u0131"}]},{"@type":"WebSite","@id":"https:\/\/kibrisdakik.com\/#website","url":"https:\/\/kibrisdakik.com\/","name":"","description":"Tam vaktinde haber","potentialAction":[{"@type":"SearchAction","target":{"@type":"EntryPoint","urlTemplate":"https:\/\/kibrisdakik.com\/?s={search_term_string}"},"query-input":{"@type":"PropertyValueSpecification","valueRequired":true,"valueName":"search_term_string"}}],"inLanguage":"tr"},{"@type":"Person","@id":"https:\/\/kibrisdakik.com\/#\/schema\/person\/9cd9d437bbb44f72b73ba127e06d8e79","name":"admin","image":{"@type":"ImageObject","inLanguage":"tr","@id":"https:\/\/secure.gravatar.com\/avatar\/ccc17943b9d660506c869530f897617f7cb1c21a4bf30023f252596d83e1f007?s=96&d=mm&r=g","url":"https:\/\/secure.gravatar.com\/avatar\/ccc17943b9d660506c869530f897617f7cb1c21a4bf30023f252596d83e1f007?s=96&d=mm&r=g","contentUrl":"https:\/\/secure.gravatar.com\/avatar\/ccc17943b9d660506c869530f897617f7cb1c21a4bf30023f252596d83e1f007?s=96&d=mm&r=g","caption":"admin"},"sameAs":["https:\/\/kibrisdakik.com"],"url":"https:\/\/kibrisdakik.com\/?author=1"}]}},"_links":{"self":[{"href":"https:\/\/kibrisdakik.com\/index.php?rest_route=\/wp\/v2\/posts\/31775","targetHints":{"allow":["GET"]}}],"collection":[{"href":"https:\/\/kibrisdakik.com\/index.php?rest_route=\/wp\/v2\/posts"}],"about":[{"href":"https:\/\/kibrisdakik.com\/index.php?rest_route=\/wp\/v2\/types\/post"}],"author":[{"embeddable":true,"href":"https:\/\/kibrisdakik.com\/index.php?rest_route=\/wp\/v2\/users\/1"}],"replies":[{"embeddable":true,"href":"https:\/\/kibrisdakik.com\/index.php?rest_route=%2Fwp%2Fv2%2Fcomments&post=31775"}],"version-history":[{"count":0,"href":"https:\/\/kibrisdakik.com\/index.php?rest_route=\/wp\/v2\/posts\/31775\/revisions"}],"wp:featuredmedia":[{"embeddable":true,"href":"https:\/\/kibrisdakik.com\/index.php?rest_route=\/wp\/v2\/media\/31776"}],"wp:attachment":[{"href":"https:\/\/kibrisdakik.com\/index.php?rest_route=%2Fwp%2Fv2%2Fmedia&parent=31775"}],"wp:term":[{"taxonomy":"category","embeddable":true,"href":"https:\/\/kibrisdakik.com\/index.php?rest_route=%2Fwp%2Fv2%2Fcategories&post=31775"},{"taxonomy":"post_tag","embeddable":true,"href":"https:\/\/kibrisdakik.com\/index.php?rest_route=%2Fwp%2Fv2%2Ftags&post=31775"}],"curies":[{"name":"wp","href":"https:\/\/api.w.org\/{rel}","templated":true}]}}